{"id":101,"date":"2012-01-26T10:34:52","date_gmt":"2012-01-26T12:34:52","guid":{"rendered":"http:\/\/www.encontracentroriodejaneiro.com.br\/noticias\/?p=101"},"modified":"2013-08-15T14:18:32","modified_gmt":"2013-08-15T16:18:32","slug":"jornalistas-deixam-redacao-as-pressas-apos-tremor-causado-por-desabamento-no-centro-do-rj","status":"publish","type":"post","link":"https:\/\/www.encontracentroriodejaneiro.com.br\/noticias\/jornalistas-deixam-redacao-as-pressas-apos-tremor-causado-por-desabamento-no-centro-do-rj\/","title":{"rendered":"Jornalistas deixam reda\u00e7\u00e3o \u00e0s pressas ap\u00f3s tremor causado por desabamento no Centro do RJ"},"content":{"rendered":"<p>Por volta das 20h30 da \u00faltima quarta-feira (25), uma suposta explos\u00e3o teria ocasionado o desabamento de tr\u00eas pr\u00e9dios localizados na Avenida Treze de Maio, no bairro centro do Rio de Janeiro (RJ).<\/p>\n<p>Ap\u00f3s tremor causado pela queda, um grupo de jornalistas do di\u00e1rio gratuito O Terminal teve que deixar o pr\u00e9dio da reda\u00e7\u00e3o do jornal, que ficava em frente ao local do desabamento. \u201cFoi horr\u00edvel parecia um terremoto. Achei que pudesse acontecer o pior. Foi um tremor muito forte seguido de uma nuvem enorme de poeira\u201d, conta a jornalista Daniela da Cruz Safadi, em entrevista ao Jornal do Brasil.<\/p>\n<p>Pelo Facebook, a jornalista deixou uma mensagem para tranquilizar amigos e parentes. \u201cAmigos queridos agora sim estamos bem! Seguros, em casa! Que dia, que susto! Obrigada pela preocupa\u00e7\u00e3o de todos!! Foi muito ruim, est\u00e1vamos na reda\u00e7\u00e3o, de repente ouvimos um bummmm. Fomos no corredor ver e so vimos poeira! De repente, o pr\u00e9dio come\u00e7ou a balan\u00e7ar! Saimos correndo&#8221;, escreveu na rede social.<\/p>\n<p>Ainda segundo informa\u00e7\u00f5es do Jornal do Brasil, no sagu\u00e3o de um dos pr\u00e9dios que desabaram funcionavam uma ag\u00eancia do banco Ita\u00fa e uma padaria.<\/p>\n<p>A Defesa Civil municipal e o Corpo de Bombeiros buscam v\u00edtimas do desastre. Notici\u00e1rios informam que at\u00e9 o momento tr\u00eas pessoas morreram, seis est\u00e3o feridas e 18 desaparecidas.<\/p>\n<p><em>Fonte: Portal Imprensa UOL<\/em><\/p>\n","protected":false},"excerpt":{"rendered":"<p>Por volta das 20h30 da \u00faltima quarta-feira (25), uma suposta explos\u00e3o teria ocasionado o desabamento de tr\u00eas pr\u00e9dios localizados na Avenida Treze de Maio, no bairro centro do Rio de Janeiro (RJ). Ap\u00f3s tremor causado pela queda, um grupo de jornalistas do di\u00e1rio gratuito O Terminal teve que deixar o pr\u00e9dio da reda\u00e7\u00e3o do jornal, [&hellip;]<\/p>\n","protected":false},"author":1,"featured_media":0,"comment_status":"open","ping_status":"open","sticky":false,"template":"","format":"standard","meta":{"footnotes":""},"categories":[6],"tags":[],"class_list":["post-101","post","type-post","status-publish","format-standard","hentry","category-noticias"],"yoast_head":"<!-- This site is optimized with the Yoast SEO plugin v25.9 - https:\/\/yoast.com\/wordpress\/plugins\/seo\/ -->\n<title>Jornalistas deixam reda\u00e7\u00e3o \u00e0s pressas ap\u00f3s tremor causado por desabamento no Centro do RJ - Not\u00edcias do Bairro Centro RJ<\/title>\n<meta name=\"robots\" content=\"index, follow, max-snippet:-1, max-image-preview:large, max-video-preview:-1\" \/>\n<link rel=\"canonical\" href=\"https:\/\/www.encontracentroriodejaneiro.com.br\/noticias\/jornalistas-deixam-redacao-as-pressas-apos-tremor-causado-por-desabamento-no-centro-do-rj\/\" \/>\n<meta property=\"og:locale\" content=\"pt_BR\" \/>\n<meta property=\"og:type\" content=\"article\" \/>\n<meta property=\"og:title\" content=\"Jornalistas deixam reda\u00e7\u00e3o \u00e0s pressas ap\u00f3s tremor causado por desabamento no Centro do RJ - Not\u00edcias do Bairro Centro RJ\" \/>\n<meta property=\"og:description\" content=\"Por volta das 20h30 da \u00faltima quarta-feira (25), uma suposta explos\u00e3o teria ocasionado o desabamento de tr\u00eas pr\u00e9dios localizados na Avenida Treze de Maio, no bairro centro do Rio de Janeiro (RJ). Ap\u00f3s tremor causado pela queda, um grupo de jornalistas do di\u00e1rio gratuito O Terminal teve que deixar o pr\u00e9dio da reda\u00e7\u00e3o do jornal, [&hellip;]\" \/>\n<meta property=\"og:url\" content=\"https:\/\/www.encontracentroriodejaneiro.com.br\/noticias\/jornalistas-deixam-redacao-as-pressas-apos-tremor-causado-por-desabamento-no-centro-do-rj\/\" \/>\n<meta property=\"og:site_name\" content=\"Not\u00edcias do Bairro Centro RJ\" \/>\n<meta property=\"article:published_time\" content=\"2012-01-26T12:34:52+00:00\" \/>\n<meta property=\"article:modified_time\" content=\"2013-08-15T16:18:32+00:00\" \/>\n<meta name=\"author\" content=\"Encontra Centro RJ\" \/>\n<meta name=\"twitter:card\" content=\"summary_large_image\" \/>\n<meta name=\"twitter:label1\" content=\"Escrito por\" \/>\n\t<meta name=\"twitter:data1\" content=\"Encontra Centro RJ\" \/>\n\t<meta name=\"twitter:label2\" content=\"Est. tempo de leitura\" \/>\n\t<meta name=\"twitter:data2\" content=\"1 minuto\" \/>\n<script type=\"application\/ld+json\" class=\"yoast-schema-graph\">{\"@context\":\"https:\/\/schema.org\",\"@graph\":[{\"@type\":\"WebPage\",\"@id\":\"https:\/\/www.encontracentroriodejaneiro.com.br\/noticias\/jornalistas-deixam-redacao-as-pressas-apos-tremor-causado-por-desabamento-no-centro-do-rj\/\",\"url\":\"https:\/\/www.encontracentroriodejaneiro.com.br\/noticias\/jornalistas-deixam-redacao-as-pressas-apos-tremor-causado-por-desabamento-no-centro-do-rj\/\",\"name\":\"Jornalistas deixam reda\u00e7\u00e3o \u00e0s pressas ap\u00f3s tremor causado por desabamento no Centro do RJ - Not\u00edcias do Bairro Centro RJ\",\"isPartOf\":{\"@id\":\"https:\/\/www.encontracentroriodejaneiro.com.br\/noticias\/#website\"},\"datePublished\":\"2012-01-26T12:34:52+00:00\",\"dateModified\":\"2013-08-15T16:18:32+00:00\",\"author\":{\"@id\":\"https:\/\/www.encontracentroriodejaneiro.com.br\/noticias\/#\/schema\/person\/d3a6c0305ffb5ffec8e9c6aefa0cbbce\"},\"breadcrumb\":{\"@id\":\"https:\/\/www.encontracentroriodejaneiro.com.br\/noticias\/jornalistas-deixam-redacao-as-pressas-apos-tremor-causado-por-desabamento-no-centro-do-rj\/#breadcrumb\"},\"inLanguage\":\"pt-BR\",\"potentialAction\":[{\"@type\":\"ReadAction\",\"target\":[\"https:\/\/www.encontracentroriodejaneiro.com.br\/noticias\/jornalistas-deixam-redacao-as-pressas-apos-tremor-causado-por-desabamento-no-centro-do-rj\/\"]}]},{\"@type\":\"BreadcrumbList\",\"@id\":\"https:\/\/www.encontracentroriodejaneiro.com.br\/noticias\/jornalistas-deixam-redacao-as-pressas-apos-tremor-causado-por-desabamento-no-centro-do-rj\/#breadcrumb\",\"itemListElement\":[{\"@type\":\"ListItem\",\"position\":1,\"name\":\"In\u00edcio\",\"item\":\"https:\/\/www.encontracentroriodejaneiro.com.br\/noticias\/\"},{\"@type\":\"ListItem\",\"position\":2,\"name\":\"Jornalistas deixam reda\u00e7\u00e3o \u00e0s pressas ap\u00f3s tremor causado por desabamento no Centro do RJ\"}]},{\"@type\":\"WebSite\",\"@id\":\"https:\/\/www.encontracentroriodejaneiro.com.br\/noticias\/#website\",\"url\":\"https:\/\/www.encontracentroriodejaneiro.com.br\/noticias\/\",\"name\":\"Not\u00edcias do Bairro Centro RJ\",\"description\":\"Not\u00edcias, eventos, informa\u00e7\u00f5es e dicas no Bairro Centro RJ e regi\u00e3o\",\"potentialAction\":[{\"@type\":\"SearchAction\",\"target\":{\"@type\":\"EntryPoint\",\"urlTemplate\":\"https:\/\/www.encontracentroriodejaneiro.com.br\/noticias\/?s={search_term_string}\"},\"query-input\":{\"@type\":\"PropertyValueSpecification\",\"valueRequired\":true,\"valueName\":\"search_term_string\"}}],\"inLanguage\":\"pt-BR\"},{\"@type\":\"Person\",\"@id\":\"https:\/\/www.encontracentroriodejaneiro.com.br\/noticias\/#\/schema\/person\/d3a6c0305ffb5ffec8e9c6aefa0cbbce\",\"name\":\"Encontra Centro RJ\",\"image\":{\"@type\":\"ImageObject\",\"inLanguage\":\"pt-BR\",\"@id\":\"https:\/\/www.encontracentroriodejaneiro.com.br\/noticias\/#\/schema\/person\/image\/\",\"url\":\"https:\/\/secure.gravatar.com\/avatar\/507340682b8270222e1f208e23198b6ae7e2c6a1033ae84e99bc6bce4f82a387?s=96&d=mm&r=g\",\"contentUrl\":\"https:\/\/secure.gravatar.com\/avatar\/507340682b8270222e1f208e23198b6ae7e2c6a1033ae84e99bc6bce4f82a387?s=96&d=mm&r=g\",\"caption\":\"Encontra Centro RJ\"},\"sameAs\":[\"http:\/\/www.encontracentroriodejaneiro.com.br\"],\"url\":\"https:\/\/www.encontracentroriodejaneiro.com.br\/noticias\/author\/ecentroriodejaneiro\/\"}]}<\/script>\n<!-- \/ Yoast SEO plugin. -->","yoast_head_json":{"title":"Jornalistas deixam reda\u00e7\u00e3o \u00e0s pressas ap\u00f3s tremor causado por desabamento no Centro do RJ - Not\u00edcias do Bairro Centro RJ","robots":{"index":"index","follow":"follow","max-snippet":"max-snippet:-1","max-image-preview":"max-image-preview:large","max-video-preview":"max-video-preview:-1"},"canonical":"https:\/\/www.encontracentroriodejaneiro.com.br\/noticias\/jornalistas-deixam-redacao-as-pressas-apos-tremor-causado-por-desabamento-no-centro-do-rj\/","og_locale":"pt_BR","og_type":"article","og_title":"Jornalistas deixam reda\u00e7\u00e3o \u00e0s pressas ap\u00f3s tremor causado por desabamento no Centro do RJ - Not\u00edcias do Bairro Centro RJ","og_description":"Por volta das 20h30 da \u00faltima quarta-feira (25), uma suposta explos\u00e3o teria ocasionado o desabamento de tr\u00eas pr\u00e9dios localizados na Avenida Treze de Maio, no bairro centro do Rio de Janeiro (RJ). Ap\u00f3s tremor causado pela queda, um grupo de jornalistas do di\u00e1rio gratuito O Terminal teve que deixar o pr\u00e9dio da reda\u00e7\u00e3o do jornal, [&hellip;]","og_url":"https:\/\/www.encontracentroriodejaneiro.com.br\/noticias\/jornalistas-deixam-redacao-as-pressas-apos-tremor-causado-por-desabamento-no-centro-do-rj\/","og_site_name":"Not\u00edcias do Bairro Centro RJ","article_published_time":"2012-01-26T12:34:52+00:00","article_modified_time":"2013-08-15T16:18:32+00:00","author":"Encontra Centro RJ","twitter_card":"summary_large_image","twitter_misc":{"Escrito por":"Encontra Centro RJ","Est. tempo de leitura":"1 minuto"},"schema":{"@context":"https:\/\/schema.org","@graph":[{"@type":"WebPage","@id":"https:\/\/www.encontracentroriodejaneiro.com.br\/noticias\/jornalistas-deixam-redacao-as-pressas-apos-tremor-causado-por-desabamento-no-centro-do-rj\/","url":"https:\/\/www.encontracentroriodejaneiro.com.br\/noticias\/jornalistas-deixam-redacao-as-pressas-apos-tremor-causado-por-desabamento-no-centro-do-rj\/","name":"Jornalistas deixam reda\u00e7\u00e3o \u00e0s pressas ap\u00f3s tremor causado por desabamento no Centro do RJ - Not\u00edcias do Bairro Centro RJ","isPartOf":{"@id":"https:\/\/www.encontracentroriodejaneiro.com.br\/noticias\/#website"},"datePublished":"2012-01-26T12:34:52+00:00","dateModified":"2013-08-15T16:18:32+00:00","author":{"@id":"https:\/\/www.encontracentroriodejaneiro.com.br\/noticias\/#\/schema\/person\/d3a6c0305ffb5ffec8e9c6aefa0cbbce"},"breadcrumb":{"@id":"https:\/\/www.encontracentroriodejaneiro.com.br\/noticias\/jornalistas-deixam-redacao-as-pressas-apos-tremor-causado-por-desabamento-no-centro-do-rj\/#breadcrumb"},"inLanguage":"pt-BR","potentialAction":[{"@type":"ReadAction","target":["https:\/\/www.encontracentroriodejaneiro.com.br\/noticias\/jornalistas-deixam-redacao-as-pressas-apos-tremor-causado-por-desabamento-no-centro-do-rj\/"]}]},{"@type":"BreadcrumbList","@id":"https:\/\/www.encontracentroriodejaneiro.com.br\/noticias\/jornalistas-deixam-redacao-as-pressas-apos-tremor-causado-por-desabamento-no-centro-do-rj\/#breadcrumb","itemListElement":[{"@type":"ListItem","position":1,"name":"In\u00edcio","item":"https:\/\/www.encontracentroriodejaneiro.com.br\/noticias\/"},{"@type":"ListItem","position":2,"name":"Jornalistas deixam reda\u00e7\u00e3o \u00e0s pressas ap\u00f3s tremor causado por desabamento no Centro do RJ"}]},{"@type":"WebSite","@id":"https:\/\/www.encontracentroriodejaneiro.com.br\/noticias\/#website","url":"https:\/\/www.encontracentroriodejaneiro.com.br\/noticias\/","name":"Not\u00edcias do Bairro Centro RJ","description":"Not\u00edcias, eventos, informa\u00e7\u00f5es e dicas no Bairro Centro RJ e regi\u00e3o","potentialAction":[{"@type":"SearchAction","target":{"@type":"EntryPoint","urlTemplate":"https:\/\/www.encontracentroriodejaneiro.com.br\/noticias\/?s={search_term_string}"},"query-input":{"@type":"PropertyValueSpecification","valueRequired":true,"valueName":"search_term_string"}}],"inLanguage":"pt-BR"},{"@type":"Person","@id":"https:\/\/www.encontracentroriodejaneiro.com.br\/noticias\/#\/schema\/person\/d3a6c0305ffb5ffec8e9c6aefa0cbbce","name":"Encontra Centro RJ","image":{"@type":"ImageObject","inLanguage":"pt-BR","@id":"https:\/\/www.encontracentroriodejaneiro.com.br\/noticias\/#\/schema\/person\/image\/","url":"https:\/\/secure.gravatar.com\/avatar\/507340682b8270222e1f208e23198b6ae7e2c6a1033ae84e99bc6bce4f82a387?s=96&d=mm&r=g","contentUrl":"https:\/\/secure.gravatar.com\/avatar\/507340682b8270222e1f208e23198b6ae7e2c6a1033ae84e99bc6bce4f82a387?s=96&d=mm&r=g","caption":"Encontra Centro RJ"},"sameAs":["http:\/\/www.encontracentroriodejaneiro.com.br"],"url":"https:\/\/www.encontracentroriodejaneiro.com.br\/noticias\/author\/ecentroriodejaneiro\/"}]}},"_links":{"self":[{"href":"https:\/\/www.encontracentroriodejaneiro.com.br\/noticias\/wp-json\/wp\/v2\/posts\/101","targetHints":{"allow":["GET"]}}],"collection":[{"href":"https:\/\/www.encontracentroriodejaneiro.com.br\/noticias\/wp-json\/wp\/v2\/posts"}],"about":[{"href":"https:\/\/www.encontracentroriodejaneiro.com.br\/noticias\/wp-json\/wp\/v2\/types\/post"}],"author":[{"embeddable":true,"href":"https:\/\/www.encontracentroriodejaneiro.com.br\/noticias\/wp-json\/wp\/v2\/users\/1"}],"replies":[{"embeddable":true,"href":"https:\/\/www.encontracentroriodejaneiro.com.br\/noticias\/wp-json\/wp\/v2\/comments?post=101"}],"version-history":[{"count":3,"href":"https:\/\/www.encontracentroriodejaneiro.com.br\/noticias\/wp-json\/wp\/v2\/posts\/101\/revisions"}],"predecessor-version":[{"id":857,"href":"https:\/\/www.encontracentroriodejaneiro.com.br\/noticias\/wp-json\/wp\/v2\/posts\/101\/revisions\/857"}],"wp:attachment":[{"href":"https:\/\/www.encontracentroriodejaneiro.com.br\/noticias\/wp-json\/wp\/v2\/media?parent=101"}],"wp:term":[{"taxonomy":"category","embeddable":true,"href":"https:\/\/www.encontracentroriodejaneiro.com.br\/noticias\/wp-json\/wp\/v2\/categories?post=101"},{"taxonomy":"post_tag","embeddable":true,"href":"https:\/\/www.encontracentroriodejaneiro.com.br\/noticias\/wp-json\/wp\/v2\/tags?post=101"}],"curies":[{"name":"wp","href":"https:\/\/api.w.org\/{rel}","templated":true}]}}