{"id":108,"date":"2012-01-26T10:43:21","date_gmt":"2012-01-26T12:43:21","guid":{"rendered":"http:\/\/www.encontracentroriodejaneiro.com.br\/noticias\/?p=108"},"modified":"2013-08-15T14:18:32","modified_gmt":"2013-08-15T16:18:32","slug":"prefeitura-interdita-vias-do-centro-do-rj","status":"publish","type":"post","link":"https:\/\/www.encontracentroriodejaneiro.com.br\/noticias\/prefeitura-interdita-vias-do-centro-do-rj\/","title":{"rendered":"Prefeitura interdita vias do centro do RJ"},"content":{"rendered":"<p>A Prefeitura anunciou  altera\u00e7\u00f5es no tr\u00e2nsito de vias no guia centro do Rj, por causa do  desabamento de tr\u00eas im\u00f3veis que desabaram na noite de ontem. Haver\u00e1  interdi\u00e7\u00f5es e mudan\u00e7as de m\u00e3o em v\u00e1rias ruas e avenidas.<\/p>\n<p>Para  esta opera\u00e7\u00e3o, agentes de tr\u00e2nsito trabalhar\u00e3o nos bloqueios com apoio  de dez pain\u00e9is informativos. A avenida Almirante Barroso &#8211; entre as  avenidas Rio Branco e Senador Dantas \u2013 estar\u00e3o interditadas para  ve\u00edculos.<\/p>\n<p>Na avenida Treze de Maio, tamb\u00e9m haver\u00e1 bloqueio,  inclusive para pedestres. A CET-Rio tamb\u00e9m posicionou dez reboques na  regi\u00e3o e dez pain\u00e9is em diferentes pontos da cidade.<\/p>\n<p>Os carros  vindos da Cruz Vermelha e da avenida Rep\u00fablica do Chile dever\u00e3o seguir  pela rua Senador Dantas, que vai funcionar com m\u00e3o invertida entre as  avenidas Almirante Barroso e Evaristo da Veiga.<\/p>\n<p>Os carros vindos da Cruz Vermelha e da avenida Rep\u00fablica do Chile dever\u00e3o seguir pela rua Senador Dantas, que vai funcionar com m\u00e3o invertida entre as avenidas Almirante Barroso e Evaristo da Veiga.<\/p>\n<p>Quatro esta\u00e7\u00f5es do metr\u00f4 chegaram a ser interditadas na noite de ontem. Por\u00e9m, na madrugada de hoje, t\u00e9cnicos e engenheiros da Metr\u00f4 Rio decidiram liberar o funcionamento.<\/p>\n<p>Desaparecidos<\/p>\n<p>Cerca de 40 bombeiros continuam vasculhando os escombros dos dois pr\u00e9dios e um sobrado que desabaram na noite de ontem no centro do Rio de Janeiro. A expectativa das equipes de resgate \u00e9 que os escombros tenham formado bols\u00f5es de ar, o que aumentaria as chances de sobreviv\u00eancia das v\u00edtimas.<\/p>\n<p>Segundo informa\u00e7\u00f5es preliminares, 11 pessoas est\u00e3o desaparecidas. O n\u00famero, no entanto, pode ser maior. Testemunhas afirmaram que existiam entre 20 e 30 pessoas s\u00f3 em um curso de uma empresa de tecnologia que estava sendo realizado no momento.<\/p>\n<p>As equipes de resgate utilizaram c\u00e3es farejadores para tentar encontrar sobreviventes. Os trabalhos, por\u00e9m, est\u00e3o sendo realizados com cautela, uma vez que o pr\u00e9dio vizinho pode ter sido afetado pelo desmoronamento.<\/p>\n<p>A Secretaria de Sa\u00fade colocou em alerta todos os hospitais da rede p\u00fablica estadual as Unidades de Pronto Atendimento da Tijuca e Botafogo, que s\u00e3o as mais pr\u00f3ximas do local do desabamento no centro do Rio. As equipes de resgate ampliaram a \u00e1rea de isolamento ao redor dos im\u00f3veis.<\/p>\n<p>O acidente<\/p>\n<p>O desabamento ocorreu por volta das 20h30 desta quarta-feira na Rua Treze de Maio, pr\u00f3ximo ao Theatro Municipal \u2013 veja a imagem do local antes da queda. Um dos edif\u00edcios tinha 18 andares e teria sido o primeiro a desabar. O outro pr\u00e9dio que desabou tinha 10 andares.<\/p>\n<p>O prefeito do Rio de Janeiro, Eduardo Paes, esteve no local e afirmou que pelo menos quatro pessoas foram resgadas e levadas para o Hospital Souza Aguiar. O prefeito tamb\u00e9m disse que uma falha de estrutura pode ter provocado o acidente, mas tamb\u00e9m n\u00e3o descartou a possibilidade de um vazamento de g\u00e1s ter causado o desabamento.<\/p>\n<p>Testemunhas afirmaram que ouviram uma grande explos\u00e3o e que parte do reboco do edif\u00edcio de 18 andares come\u00e7ou a se desprender antes do desabamento.<\/p>\n<p><em>Fonte: Portal BandNews<\/em><\/p>\n","protected":false},"excerpt":{"rendered":"<p>A Prefeitura anunciou altera\u00e7\u00f5es no tr\u00e2nsito de vias no guia centro do Rj, por causa do desabamento de tr\u00eas im\u00f3veis que desabaram na noite de ontem. Haver\u00e1 interdi\u00e7\u00f5es e mudan\u00e7as de m\u00e3o em v\u00e1rias ruas e avenidas. Para esta opera\u00e7\u00e3o, agentes de tr\u00e2nsito trabalhar\u00e3o nos bloqueios com apoio de dez pain\u00e9is informativos. A avenida Almirante [&hellip;]<\/p>\n","protected":false},"author":1,"featured_media":0,"comment_status":"open","ping_status":"open","sticky":false,"template":"","format":"standard","meta":{"footnotes":""},"categories":[6],"tags":[],"class_list":["post-108","post","type-post","status-publish","format-standard","hentry","category-noticias"],"yoast_head":"<!-- This site is optimized with the Yoast SEO plugin v25.9 - https:\/\/yoast.com\/wordpress\/plugins\/seo\/ -->\n<title>Prefeitura interdita vias do centro do RJ - Not\u00edcias do Bairro Centro RJ<\/title>\n<meta name=\"robots\" content=\"index, follow, max-snippet:-1, max-image-preview:large, max-video-preview:-1\" \/>\n<link rel=\"canonical\" href=\"https:\/\/www.encontracentroriodejaneiro.com.br\/noticias\/prefeitura-interdita-vias-do-centro-do-rj\/\" \/>\n<meta property=\"og:locale\" content=\"pt_BR\" \/>\n<meta property=\"og:type\" content=\"article\" \/>\n<meta property=\"og:title\" content=\"Prefeitura interdita vias do centro do RJ - Not\u00edcias do Bairro Centro RJ\" \/>\n<meta property=\"og:description\" content=\"A Prefeitura anunciou altera\u00e7\u00f5es no tr\u00e2nsito de vias no guia centro do Rj, por causa do desabamento de tr\u00eas im\u00f3veis que desabaram na noite de ontem. Haver\u00e1 interdi\u00e7\u00f5es e mudan\u00e7as de m\u00e3o em v\u00e1rias ruas e avenidas. Para esta opera\u00e7\u00e3o, agentes de tr\u00e2nsito trabalhar\u00e3o nos bloqueios com apoio de dez pain\u00e9is informativos. A avenida Almirante [&hellip;]\" \/>\n<meta property=\"og:url\" content=\"https:\/\/www.encontracentroriodejaneiro.com.br\/noticias\/prefeitura-interdita-vias-do-centro-do-rj\/\" \/>\n<meta property=\"og:site_name\" content=\"Not\u00edcias do Bairro Centro RJ\" \/>\n<meta property=\"article:published_time\" content=\"2012-01-26T12:43:21+00:00\" \/>\n<meta property=\"article:modified_time\" content=\"2013-08-15T16:18:32+00:00\" \/>\n<meta name=\"author\" content=\"Encontra Centro RJ\" \/>\n<meta name=\"twitter:card\" content=\"summary_large_image\" \/>\n<meta name=\"twitter:label1\" content=\"Escrito por\" \/>\n\t<meta name=\"twitter:data1\" content=\"Encontra Centro RJ\" \/>\n\t<meta name=\"twitter:label2\" content=\"Est. tempo de leitura\" \/>\n\t<meta name=\"twitter:data2\" content=\"3 minutos\" \/>\n<script type=\"application\/ld+json\" class=\"yoast-schema-graph\">{\"@context\":\"https:\/\/schema.org\",\"@graph\":[{\"@type\":\"WebPage\",\"@id\":\"https:\/\/www.encontracentroriodejaneiro.com.br\/noticias\/prefeitura-interdita-vias-do-centro-do-rj\/\",\"url\":\"https:\/\/www.encontracentroriodejaneiro.com.br\/noticias\/prefeitura-interdita-vias-do-centro-do-rj\/\",\"name\":\"Prefeitura interdita vias do centro do RJ - Not\u00edcias do Bairro Centro RJ\",\"isPartOf\":{\"@id\":\"https:\/\/www.encontracentroriodejaneiro.com.br\/noticias\/#website\"},\"datePublished\":\"2012-01-26T12:43:21+00:00\",\"dateModified\":\"2013-08-15T16:18:32+00:00\",\"author\":{\"@id\":\"https:\/\/www.encontracentroriodejaneiro.com.br\/noticias\/#\/schema\/person\/d3a6c0305ffb5ffec8e9c6aefa0cbbce\"},\"breadcrumb\":{\"@id\":\"https:\/\/www.encontracentroriodejaneiro.com.br\/noticias\/prefeitura-interdita-vias-do-centro-do-rj\/#breadcrumb\"},\"inLanguage\":\"pt-BR\",\"potentialAction\":[{\"@type\":\"ReadAction\",\"target\":[\"https:\/\/www.encontracentroriodejaneiro.com.br\/noticias\/prefeitura-interdita-vias-do-centro-do-rj\/\"]}]},{\"@type\":\"BreadcrumbList\",\"@id\":\"https:\/\/www.encontracentroriodejaneiro.com.br\/noticias\/prefeitura-interdita-vias-do-centro-do-rj\/#breadcrumb\",\"itemListElement\":[{\"@type\":\"ListItem\",\"position\":1,\"name\":\"In\u00edcio\",\"item\":\"https:\/\/www.encontracentroriodejaneiro.com.br\/noticias\/\"},{\"@type\":\"ListItem\",\"position\":2,\"name\":\"Prefeitura interdita vias do centro do RJ\"}]},{\"@type\":\"WebSite\",\"@id\":\"https:\/\/www.encontracentroriodejaneiro.com.br\/noticias\/#website\",\"url\":\"https:\/\/www.encontracentroriodejaneiro.com.br\/noticias\/\",\"name\":\"Not\u00edcias do Bairro Centro RJ\",\"description\":\"Not\u00edcias, eventos, informa\u00e7\u00f5es e dicas no Bairro Centro RJ e regi\u00e3o\",\"potentialAction\":[{\"@type\":\"SearchAction\",\"target\":{\"@type\":\"EntryPoint\",\"urlTemplate\":\"https:\/\/www.encontracentroriodejaneiro.com.br\/noticias\/?s={search_term_string}\"},\"query-input\":{\"@type\":\"PropertyValueSpecification\",\"valueRequired\":true,\"valueName\":\"search_term_string\"}}],\"inLanguage\":\"pt-BR\"},{\"@type\":\"Person\",\"@id\":\"https:\/\/www.encontracentroriodejaneiro.com.br\/noticias\/#\/schema\/person\/d3a6c0305ffb5ffec8e9c6aefa0cbbce\",\"name\":\"Encontra Centro RJ\",\"image\":{\"@type\":\"ImageObject\",\"inLanguage\":\"pt-BR\",\"@id\":\"https:\/\/www.encontracentroriodejaneiro.com.br\/noticias\/#\/schema\/person\/image\/\",\"url\":\"https:\/\/secure.gravatar.com\/avatar\/507340682b8270222e1f208e23198b6ae7e2c6a1033ae84e99bc6bce4f82a387?s=96&d=mm&r=g\",\"contentUrl\":\"https:\/\/secure.gravatar.com\/avatar\/507340682b8270222e1f208e23198b6ae7e2c6a1033ae84e99bc6bce4f82a387?s=96&d=mm&r=g\",\"caption\":\"Encontra Centro RJ\"},\"sameAs\":[\"http:\/\/www.encontracentroriodejaneiro.com.br\"],\"url\":\"https:\/\/www.encontracentroriodejaneiro.com.br\/noticias\/author\/ecentroriodejaneiro\/\"}]}<\/script>\n<!-- \/ Yoast SEO plugin. -->","yoast_head_json":{"title":"Prefeitura interdita vias do centro do RJ - Not\u00edcias do Bairro Centro RJ","robots":{"index":"index","follow":"follow","max-snippet":"max-snippet:-1","max-image-preview":"max-image-preview:large","max-video-preview":"max-video-preview:-1"},"canonical":"https:\/\/www.encontracentroriodejaneiro.com.br\/noticias\/prefeitura-interdita-vias-do-centro-do-rj\/","og_locale":"pt_BR","og_type":"article","og_title":"Prefeitura interdita vias do centro do RJ - Not\u00edcias do Bairro Centro RJ","og_description":"A Prefeitura anunciou altera\u00e7\u00f5es no tr\u00e2nsito de vias no guia centro do Rj, por causa do desabamento de tr\u00eas im\u00f3veis que desabaram na noite de ontem. Haver\u00e1 interdi\u00e7\u00f5es e mudan\u00e7as de m\u00e3o em v\u00e1rias ruas e avenidas. Para esta opera\u00e7\u00e3o, agentes de tr\u00e2nsito trabalhar\u00e3o nos bloqueios com apoio de dez pain\u00e9is informativos. A avenida Almirante [&hellip;]","og_url":"https:\/\/www.encontracentroriodejaneiro.com.br\/noticias\/prefeitura-interdita-vias-do-centro-do-rj\/","og_site_name":"Not\u00edcias do Bairro Centro RJ","article_published_time":"2012-01-26T12:43:21+00:00","article_modified_time":"2013-08-15T16:18:32+00:00","author":"Encontra Centro RJ","twitter_card":"summary_large_image","twitter_misc":{"Escrito por":"Encontra Centro RJ","Est. tempo de leitura":"3 minutos"},"schema":{"@context":"https:\/\/schema.org","@graph":[{"@type":"WebPage","@id":"https:\/\/www.encontracentroriodejaneiro.com.br\/noticias\/prefeitura-interdita-vias-do-centro-do-rj\/","url":"https:\/\/www.encontracentroriodejaneiro.com.br\/noticias\/prefeitura-interdita-vias-do-centro-do-rj\/","name":"Prefeitura interdita vias do centro do RJ - Not\u00edcias do Bairro Centro RJ","isPartOf":{"@id":"https:\/\/www.encontracentroriodejaneiro.com.br\/noticias\/#website"},"datePublished":"2012-01-26T12:43:21+00:00","dateModified":"2013-08-15T16:18:32+00:00","author":{"@id":"https:\/\/www.encontracentroriodejaneiro.com.br\/noticias\/#\/schema\/person\/d3a6c0305ffb5ffec8e9c6aefa0cbbce"},"breadcrumb":{"@id":"https:\/\/www.encontracentroriodejaneiro.com.br\/noticias\/prefeitura-interdita-vias-do-centro-do-rj\/#breadcrumb"},"inLanguage":"pt-BR","potentialAction":[{"@type":"ReadAction","target":["https:\/\/www.encontracentroriodejaneiro.com.br\/noticias\/prefeitura-interdita-vias-do-centro-do-rj\/"]}]},{"@type":"BreadcrumbList","@id":"https:\/\/www.encontracentroriodejaneiro.com.br\/noticias\/prefeitura-interdita-vias-do-centro-do-rj\/#breadcrumb","itemListElement":[{"@type":"ListItem","position":1,"name":"In\u00edcio","item":"https:\/\/www.encontracentroriodejaneiro.com.br\/noticias\/"},{"@type":"ListItem","position":2,"name":"Prefeitura interdita vias do centro do RJ"}]},{"@type":"WebSite","@id":"https:\/\/www.encontracentroriodejaneiro.com.br\/noticias\/#website","url":"https:\/\/www.encontracentroriodejaneiro.com.br\/noticias\/","name":"Not\u00edcias do Bairro Centro RJ","description":"Not\u00edcias, eventos, informa\u00e7\u00f5es e dicas no Bairro Centro RJ e regi\u00e3o","potentialAction":[{"@type":"SearchAction","target":{"@type":"EntryPoint","urlTemplate":"https:\/\/www.encontracentroriodejaneiro.com.br\/noticias\/?s={search_term_string}"},"query-input":{"@type":"PropertyValueSpecification","valueRequired":true,"valueName":"search_term_string"}}],"inLanguage":"pt-BR"},{"@type":"Person","@id":"https:\/\/www.encontracentroriodejaneiro.com.br\/noticias\/#\/schema\/person\/d3a6c0305ffb5ffec8e9c6aefa0cbbce","name":"Encontra Centro RJ","image":{"@type":"ImageObject","inLanguage":"pt-BR","@id":"https:\/\/www.encontracentroriodejaneiro.com.br\/noticias\/#\/schema\/person\/image\/","url":"https:\/\/secure.gravatar.com\/avatar\/507340682b8270222e1f208e23198b6ae7e2c6a1033ae84e99bc6bce4f82a387?s=96&d=mm&r=g","contentUrl":"https:\/\/secure.gravatar.com\/avatar\/507340682b8270222e1f208e23198b6ae7e2c6a1033ae84e99bc6bce4f82a387?s=96&d=mm&r=g","caption":"Encontra Centro RJ"},"sameAs":["http:\/\/www.encontracentroriodejaneiro.com.br"],"url":"https:\/\/www.encontracentroriodejaneiro.com.br\/noticias\/author\/ecentroriodejaneiro\/"}]}},"_links":{"self":[{"href":"https:\/\/www.encontracentroriodejaneiro.com.br\/noticias\/wp-json\/wp\/v2\/posts\/108","targetHints":{"allow":["GET"]}}],"collection":[{"href":"https:\/\/www.encontracentroriodejaneiro.com.br\/noticias\/wp-json\/wp\/v2\/posts"}],"about":[{"href":"https:\/\/www.encontracentroriodejaneiro.com.br\/noticias\/wp-json\/wp\/v2\/types\/post"}],"author":[{"embeddable":true,"href":"https:\/\/www.encontracentroriodejaneiro.com.br\/noticias\/wp-json\/wp\/v2\/users\/1"}],"replies":[{"embeddable":true,"href":"https:\/\/www.encontracentroriodejaneiro.com.br\/noticias\/wp-json\/wp\/v2\/comments?post=108"}],"version-history":[{"count":4,"href":"https:\/\/www.encontracentroriodejaneiro.com.br\/noticias\/wp-json\/wp\/v2\/posts\/108\/revisions"}],"predecessor-version":[{"id":860,"href":"https:\/\/www.encontracentroriodejaneiro.com.br\/noticias\/wp-json\/wp\/v2\/posts\/108\/revisions\/860"}],"wp:attachment":[{"href":"https:\/\/www.encontracentroriodejaneiro.com.br\/noticias\/wp-json\/wp\/v2\/media?parent=108"}],"wp:term":[{"taxonomy":"category","embeddable":true,"href":"https:\/\/www.encontracentroriodejaneiro.com.br\/noticias\/wp-json\/wp\/v2\/categories?post=108"},{"taxonomy":"post_tag","embeddable":true,"href":"https:\/\/www.encontracentroriodejaneiro.com.br\/noticias\/wp-json\/wp\/v2\/tags?post=108"}],"curies":[{"name":"wp","href":"https:\/\/api.w.org\/{rel}","templated":true}]}}