{"id":110,"date":"2012-01-26T10:46:27","date_gmt":"2012-01-26T12:46:27","guid":{"rendered":"http:\/\/www.encontracentroriodejaneiro.com.br\/noticias\/?p=110"},"modified":"2013-08-15T14:18:32","modified_gmt":"2013-08-15T16:18:32","slug":"predios-como-os-que-desabaram-no-centro-do-rj-tem-estrutura-boa-diz-crea-rj","status":"publish","type":"post","link":"https:\/\/www.encontracentroriodejaneiro.com.br\/noticias\/predios-como-os-que-desabaram-no-centro-do-rj-tem-estrutura-boa-diz-crea-rj\/","title":{"rendered":"Pr\u00e9dios como os que desabaram no Centro do RJ &#8220;t\u00eam estrutura boa&#8221;, diz Crea-RJ"},"content":{"rendered":"<p>O Conselho Regional de Engenharia e Agronomia do Rio de Janeiro (Crea-RJ) enviou dois fiscais ao local onde dois pr\u00e9dios desabaram nesta quarta-feira, no centro do Rio de Janeiro, para investigar as causas do incidente. Segundo presidente da Comiss\u00e3o de An\u00e1lise e Preven\u00e7\u00e3o de Acidentes (Capa), Luiz Antonio Cosenza, constru\u00e7\u00f5es antigas como as que desmoronaram &#8220;normalmente t\u00eam uma estrutura boa&#8221;. O desabamento deixou pelo menos cinco pessoas feridas.<\/p>\n<p>De acordo com os fiscais do Crea-RJ, havia obras em dois dos 20 andares de um dos pr\u00e9dios que ca\u00edram no bairro do Centro RJ. &#8220;Ainda n\u00e3o sabemos quais andares estavam em reformas&#8221;, disse Cosenza. Os fiscais procuram pelos respons\u00e1veis pelas obras. O outro edif\u00edcio que caiu tinha 10 andares.<\/p>\n<p>O seguran\u00e7a Vanderlei dos Anjos, que trabalha em um pr\u00e9dio ao lado do local do desmoronamento, na esquina da avenida Almirante Barroso, disse que &#8220;havia muita obra durante a noite, sempre muito barulho de m\u00e1quinas na madrugada&#8221;. O funcion\u00e1rio relatou que ouviu um estrondo muito forte por volta das 20h45. Segundo Vanderlei dos Anjos, as &#8220;escadas deste edif\u00edcio est\u00e3o todas interditadas&#8221;. Bombeiros afirmaram que a estrutura do pr\u00e9dio onde o seguran\u00e7a trabalha est\u00e1 abalada, mas seguem avaliando.<\/p>\n<p><em>Fonte: Portal Terra<\/em><\/p>\n","protected":false},"excerpt":{"rendered":"<p>O Conselho Regional de Engenharia e Agronomia do Rio de Janeiro (Crea-RJ) enviou dois fiscais ao local onde dois pr\u00e9dios desabaram nesta quarta-feira, no centro do Rio de Janeiro, para investigar as causas do incidente. Segundo presidente da Comiss\u00e3o de An\u00e1lise e Preven\u00e7\u00e3o de Acidentes (Capa), Luiz Antonio Cosenza, constru\u00e7\u00f5es antigas como as que desmoronaram [&hellip;]<\/p>\n","protected":false},"author":1,"featured_media":0,"comment_status":"open","ping_status":"open","sticky":false,"template":"","format":"standard","meta":{"footnotes":""},"categories":[6],"tags":[],"class_list":["post-110","post","type-post","status-publish","format-standard","hentry","category-noticias"],"yoast_head":"<!-- This site is optimized with the Yoast SEO plugin v25.9 - https:\/\/yoast.com\/wordpress\/plugins\/seo\/ -->\n<title>Pr\u00e9dios como os que desabaram no Centro do RJ &quot;t\u00eam estrutura boa&quot;, diz Crea-RJ - Not\u00edcias do Bairro Centro RJ<\/title>\n<meta name=\"robots\" content=\"index, follow, max-snippet:-1, max-image-preview:large, max-video-preview:-1\" \/>\n<link rel=\"canonical\" href=\"https:\/\/www.encontracentroriodejaneiro.com.br\/noticias\/predios-como-os-que-desabaram-no-centro-do-rj-tem-estrutura-boa-diz-crea-rj\/\" \/>\n<meta property=\"og:locale\" content=\"pt_BR\" \/>\n<meta property=\"og:type\" content=\"article\" \/>\n<meta property=\"og:title\" content=\"Pr\u00e9dios como os que desabaram no Centro do RJ &quot;t\u00eam estrutura boa&quot;, diz Crea-RJ - Not\u00edcias do Bairro Centro RJ\" \/>\n<meta property=\"og:description\" content=\"O Conselho Regional de Engenharia e Agronomia do Rio de Janeiro (Crea-RJ) enviou dois fiscais ao local onde dois pr\u00e9dios desabaram nesta quarta-feira, no centro do Rio de Janeiro, para investigar as causas do incidente. Segundo presidente da Comiss\u00e3o de An\u00e1lise e Preven\u00e7\u00e3o de Acidentes (Capa), Luiz Antonio Cosenza, constru\u00e7\u00f5es antigas como as que desmoronaram [&hellip;]\" \/>\n<meta property=\"og:url\" content=\"https:\/\/www.encontracentroriodejaneiro.com.br\/noticias\/predios-como-os-que-desabaram-no-centro-do-rj-tem-estrutura-boa-diz-crea-rj\/\" \/>\n<meta property=\"og:site_name\" content=\"Not\u00edcias do Bairro Centro RJ\" \/>\n<meta property=\"article:published_time\" content=\"2012-01-26T12:46:27+00:00\" \/>\n<meta property=\"article:modified_time\" content=\"2013-08-15T16:18:32+00:00\" \/>\n<meta name=\"author\" content=\"Encontra Centro RJ\" \/>\n<meta name=\"twitter:card\" content=\"summary_large_image\" \/>\n<meta name=\"twitter:label1\" content=\"Escrito por\" \/>\n\t<meta name=\"twitter:data1\" content=\"Encontra Centro RJ\" \/>\n\t<meta name=\"twitter:label2\" content=\"Est. tempo de leitura\" \/>\n\t<meta name=\"twitter:data2\" content=\"1 minuto\" \/>\n<script type=\"application\/ld+json\" class=\"yoast-schema-graph\">{\"@context\":\"https:\/\/schema.org\",\"@graph\":[{\"@type\":\"WebPage\",\"@id\":\"https:\/\/www.encontracentroriodejaneiro.com.br\/noticias\/predios-como-os-que-desabaram-no-centro-do-rj-tem-estrutura-boa-diz-crea-rj\/\",\"url\":\"https:\/\/www.encontracentroriodejaneiro.com.br\/noticias\/predios-como-os-que-desabaram-no-centro-do-rj-tem-estrutura-boa-diz-crea-rj\/\",\"name\":\"Pr\u00e9dios como os que desabaram no Centro do RJ \\\"t\u00eam estrutura boa\\\", diz Crea-RJ - Not\u00edcias do Bairro Centro RJ\",\"isPartOf\":{\"@id\":\"https:\/\/www.encontracentroriodejaneiro.com.br\/noticias\/#website\"},\"datePublished\":\"2012-01-26T12:46:27+00:00\",\"dateModified\":\"2013-08-15T16:18:32+00:00\",\"author\":{\"@id\":\"https:\/\/www.encontracentroriodejaneiro.com.br\/noticias\/#\/schema\/person\/d3a6c0305ffb5ffec8e9c6aefa0cbbce\"},\"breadcrumb\":{\"@id\":\"https:\/\/www.encontracentroriodejaneiro.com.br\/noticias\/predios-como-os-que-desabaram-no-centro-do-rj-tem-estrutura-boa-diz-crea-rj\/#breadcrumb\"},\"inLanguage\":\"pt-BR\",\"potentialAction\":[{\"@type\":\"ReadAction\",\"target\":[\"https:\/\/www.encontracentroriodejaneiro.com.br\/noticias\/predios-como-os-que-desabaram-no-centro-do-rj-tem-estrutura-boa-diz-crea-rj\/\"]}]},{\"@type\":\"BreadcrumbList\",\"@id\":\"https:\/\/www.encontracentroriodejaneiro.com.br\/noticias\/predios-como-os-que-desabaram-no-centro-do-rj-tem-estrutura-boa-diz-crea-rj\/#breadcrumb\",\"itemListElement\":[{\"@type\":\"ListItem\",\"position\":1,\"name\":\"In\u00edcio\",\"item\":\"https:\/\/www.encontracentroriodejaneiro.com.br\/noticias\/\"},{\"@type\":\"ListItem\",\"position\":2,\"name\":\"Pr\u00e9dios como os que desabaram no Centro do RJ &#8220;t\u00eam estrutura boa&#8221;, diz Crea-RJ\"}]},{\"@type\":\"WebSite\",\"@id\":\"https:\/\/www.encontracentroriodejaneiro.com.br\/noticias\/#website\",\"url\":\"https:\/\/www.encontracentroriodejaneiro.com.br\/noticias\/\",\"name\":\"Not\u00edcias do Bairro Centro RJ\",\"description\":\"Not\u00edcias, eventos, informa\u00e7\u00f5es e dicas no Bairro Centro RJ e regi\u00e3o\",\"potentialAction\":[{\"@type\":\"SearchAction\",\"target\":{\"@type\":\"EntryPoint\",\"urlTemplate\":\"https:\/\/www.encontracentroriodejaneiro.com.br\/noticias\/?s={search_term_string}\"},\"query-input\":{\"@type\":\"PropertyValueSpecification\",\"valueRequired\":true,\"valueName\":\"search_term_string\"}}],\"inLanguage\":\"pt-BR\"},{\"@type\":\"Person\",\"@id\":\"https:\/\/www.encontracentroriodejaneiro.com.br\/noticias\/#\/schema\/person\/d3a6c0305ffb5ffec8e9c6aefa0cbbce\",\"name\":\"Encontra Centro RJ\",\"image\":{\"@type\":\"ImageObject\",\"inLanguage\":\"pt-BR\",\"@id\":\"https:\/\/www.encontracentroriodejaneiro.com.br\/noticias\/#\/schema\/person\/image\/\",\"url\":\"https:\/\/secure.gravatar.com\/avatar\/507340682b8270222e1f208e23198b6ae7e2c6a1033ae84e99bc6bce4f82a387?s=96&d=mm&r=g\",\"contentUrl\":\"https:\/\/secure.gravatar.com\/avatar\/507340682b8270222e1f208e23198b6ae7e2c6a1033ae84e99bc6bce4f82a387?s=96&d=mm&r=g\",\"caption\":\"Encontra Centro RJ\"},\"sameAs\":[\"http:\/\/www.encontracentroriodejaneiro.com.br\"],\"url\":\"https:\/\/www.encontracentroriodejaneiro.com.br\/noticias\/author\/ecentroriodejaneiro\/\"}]}<\/script>\n<!-- \/ Yoast SEO plugin. -->","yoast_head_json":{"title":"Pr\u00e9dios como os que desabaram no Centro do RJ \"t\u00eam estrutura boa\", diz Crea-RJ - Not\u00edcias do Bairro Centro RJ","robots":{"index":"index","follow":"follow","max-snippet":"max-snippet:-1","max-image-preview":"max-image-preview:large","max-video-preview":"max-video-preview:-1"},"canonical":"https:\/\/www.encontracentroriodejaneiro.com.br\/noticias\/predios-como-os-que-desabaram-no-centro-do-rj-tem-estrutura-boa-diz-crea-rj\/","og_locale":"pt_BR","og_type":"article","og_title":"Pr\u00e9dios como os que desabaram no Centro do RJ \"t\u00eam estrutura boa\", diz Crea-RJ - Not\u00edcias do Bairro Centro RJ","og_description":"O Conselho Regional de Engenharia e Agronomia do Rio de Janeiro (Crea-RJ) enviou dois fiscais ao local onde dois pr\u00e9dios desabaram nesta quarta-feira, no centro do Rio de Janeiro, para investigar as causas do incidente. Segundo presidente da Comiss\u00e3o de An\u00e1lise e Preven\u00e7\u00e3o de Acidentes (Capa), Luiz Antonio Cosenza, constru\u00e7\u00f5es antigas como as que desmoronaram [&hellip;]","og_url":"https:\/\/www.encontracentroriodejaneiro.com.br\/noticias\/predios-como-os-que-desabaram-no-centro-do-rj-tem-estrutura-boa-diz-crea-rj\/","og_site_name":"Not\u00edcias do Bairro Centro RJ","article_published_time":"2012-01-26T12:46:27+00:00","article_modified_time":"2013-08-15T16:18:32+00:00","author":"Encontra Centro RJ","twitter_card":"summary_large_image","twitter_misc":{"Escrito por":"Encontra Centro RJ","Est. tempo de leitura":"1 minuto"},"schema":{"@context":"https:\/\/schema.org","@graph":[{"@type":"WebPage","@id":"https:\/\/www.encontracentroriodejaneiro.com.br\/noticias\/predios-como-os-que-desabaram-no-centro-do-rj-tem-estrutura-boa-diz-crea-rj\/","url":"https:\/\/www.encontracentroriodejaneiro.com.br\/noticias\/predios-como-os-que-desabaram-no-centro-do-rj-tem-estrutura-boa-diz-crea-rj\/","name":"Pr\u00e9dios como os que desabaram no Centro do RJ \"t\u00eam estrutura boa\", diz Crea-RJ - Not\u00edcias do Bairro Centro RJ","isPartOf":{"@id":"https:\/\/www.encontracentroriodejaneiro.com.br\/noticias\/#website"},"datePublished":"2012-01-26T12:46:27+00:00","dateModified":"2013-08-15T16:18:32+00:00","author":{"@id":"https:\/\/www.encontracentroriodejaneiro.com.br\/noticias\/#\/schema\/person\/d3a6c0305ffb5ffec8e9c6aefa0cbbce"},"breadcrumb":{"@id":"https:\/\/www.encontracentroriodejaneiro.com.br\/noticias\/predios-como-os-que-desabaram-no-centro-do-rj-tem-estrutura-boa-diz-crea-rj\/#breadcrumb"},"inLanguage":"pt-BR","potentialAction":[{"@type":"ReadAction","target":["https:\/\/www.encontracentroriodejaneiro.com.br\/noticias\/predios-como-os-que-desabaram-no-centro-do-rj-tem-estrutura-boa-diz-crea-rj\/"]}]},{"@type":"BreadcrumbList","@id":"https:\/\/www.encontracentroriodejaneiro.com.br\/noticias\/predios-como-os-que-desabaram-no-centro-do-rj-tem-estrutura-boa-diz-crea-rj\/#breadcrumb","itemListElement":[{"@type":"ListItem","position":1,"name":"In\u00edcio","item":"https:\/\/www.encontracentroriodejaneiro.com.br\/noticias\/"},{"@type":"ListItem","position":2,"name":"Pr\u00e9dios como os que desabaram no Centro do RJ &#8220;t\u00eam estrutura boa&#8221;, diz Crea-RJ"}]},{"@type":"WebSite","@id":"https:\/\/www.encontracentroriodejaneiro.com.br\/noticias\/#website","url":"https:\/\/www.encontracentroriodejaneiro.com.br\/noticias\/","name":"Not\u00edcias do Bairro Centro RJ","description":"Not\u00edcias, eventos, informa\u00e7\u00f5es e dicas no Bairro Centro RJ e regi\u00e3o","potentialAction":[{"@type":"SearchAction","target":{"@type":"EntryPoint","urlTemplate":"https:\/\/www.encontracentroriodejaneiro.com.br\/noticias\/?s={search_term_string}"},"query-input":{"@type":"PropertyValueSpecification","valueRequired":true,"valueName":"search_term_string"}}],"inLanguage":"pt-BR"},{"@type":"Person","@id":"https:\/\/www.encontracentroriodejaneiro.com.br\/noticias\/#\/schema\/person\/d3a6c0305ffb5ffec8e9c6aefa0cbbce","name":"Encontra Centro RJ","image":{"@type":"ImageObject","inLanguage":"pt-BR","@id":"https:\/\/www.encontracentroriodejaneiro.com.br\/noticias\/#\/schema\/person\/image\/","url":"https:\/\/secure.gravatar.com\/avatar\/507340682b8270222e1f208e23198b6ae7e2c6a1033ae84e99bc6bce4f82a387?s=96&d=mm&r=g","contentUrl":"https:\/\/secure.gravatar.com\/avatar\/507340682b8270222e1f208e23198b6ae7e2c6a1033ae84e99bc6bce4f82a387?s=96&d=mm&r=g","caption":"Encontra Centro RJ"},"sameAs":["http:\/\/www.encontracentroriodejaneiro.com.br"],"url":"https:\/\/www.encontracentroriodejaneiro.com.br\/noticias\/author\/ecentroriodejaneiro\/"}]}},"_links":{"self":[{"href":"https:\/\/www.encontracentroriodejaneiro.com.br\/noticias\/wp-json\/wp\/v2\/posts\/110","targetHints":{"allow":["GET"]}}],"collection":[{"href":"https:\/\/www.encontracentroriodejaneiro.com.br\/noticias\/wp-json\/wp\/v2\/posts"}],"about":[{"href":"https:\/\/www.encontracentroriodejaneiro.com.br\/noticias\/wp-json\/wp\/v2\/types\/post"}],"author":[{"embeddable":true,"href":"https:\/\/www.encontracentroriodejaneiro.com.br\/noticias\/wp-json\/wp\/v2\/users\/1"}],"replies":[{"embeddable":true,"href":"https:\/\/www.encontracentroriodejaneiro.com.br\/noticias\/wp-json\/wp\/v2\/comments?post=110"}],"version-history":[{"count":5,"href":"https:\/\/www.encontracentroriodejaneiro.com.br\/noticias\/wp-json\/wp\/v2\/posts\/110\/revisions"}],"predecessor-version":[{"id":861,"href":"https:\/\/www.encontracentroriodejaneiro.com.br\/noticias\/wp-json\/wp\/v2\/posts\/110\/revisions\/861"}],"wp:attachment":[{"href":"https:\/\/www.encontracentroriodejaneiro.com.br\/noticias\/wp-json\/wp\/v2\/media?parent=110"}],"wp:term":[{"taxonomy":"category","embeddable":true,"href":"https:\/\/www.encontracentroriodejaneiro.com.br\/noticias\/wp-json\/wp\/v2\/categories?post=110"},{"taxonomy":"post_tag","embeddable":true,"href":"https:\/\/www.encontracentroriodejaneiro.com.br\/noticias\/wp-json\/wp\/v2\/tags?post=110"}],"curies":[{"name":"wp","href":"https:\/\/api.w.org\/{rel}","templated":true}]}}