{"id":115,"date":"2012-01-30T12:06:00","date_gmt":"2012-01-30T14:06:00","guid":{"rendered":"http:\/\/www.encontracentroriodejaneiro.com.br\/noticias\/?p=115"},"modified":"2013-08-15T14:18:30","modified_gmt":"2013-08-15T16:18:30","slug":"zelador-se-encontra-com-bombeiro-que-o-salvou-dos-escombros-de-predio-desabado-no-centro-do-rj","status":"publish","type":"post","link":"https:\/\/www.encontracentroriodejaneiro.com.br\/noticias\/zelador-se-encontra-com-bombeiro-que-o-salvou-dos-escombros-de-predio-desabado-no-centro-do-rj\/","title":{"rendered":"Zelador se encontra com bombeiro que o salvou dos escombros de pr\u00e9dio desabado no Centro do RJ"},"content":{"rendered":"<p>Com ferimentos no rosto, bra\u00e7os e pernas, o zelador  do edif\u00edcio Liberdade, um dos tr\u00eas que desabou no bairro centro do RJ na \u00faltima quarta-feira (25), Marcelo Antunes Moreira encontrou o  homem que salvou sua vida, o cabo Daniel Pinho.<\/p>\n<p>O zelador teve um dos salvamentos mais emocionantes: debaixo dos  escombros ele alcan\u00e7ou a perna do bombeiro, que o tirou dali. O encontro  foi cheio de abra\u00e7os e muita emo\u00e7\u00e3o.<\/p>\n<p>Moreira ficou sob uma viga de concreto e com duas pernas esmagadas por  uma laje, o rosto tamb\u00e9m estava sob uma laje. Ele contou como foi seu  resgate. Pinho ouviu a voz e sentiu quando o zelador bateu em sua perna.<\/p>\n<p>Esse bra\u00e7o tava preso, as pernas presas. E as pernas dormentes, sem  movimento. N\u00e3o tinha no\u00e7\u00e3o do que tinha acontecido. A minha preocupa\u00e7\u00e3o  era manter a calma.<\/p>\n<p>Pinho elogiou a for\u00e7a do zelador.<\/p>\n<p>&#8211; O que esse cara suportou de peso em cima dele \u00e9 incr\u00edvel. Com certeza ele \u00e9 um super homem.<\/p>\n<p>O bombeiro recebeu o carinho da fam\u00edlia do zelador. A m\u00e3e de Moreira  agradeceu especialmente o cabo Pinho e o zelador diz que ganhou mais um  integrante na fam\u00edlia.<\/p>\n<p>&#8211; Agora ele j\u00e1 faz parte da minha fam\u00edlia. \u00c9 mais um irm\u00e3o que eu  tenho (se abra\u00e7am) (cabo) com certeza. \u00c9 isso a\u00ed. S\u00f3 quem viveu que  sabe.<\/p>\n<p><em>Fonte: R7<\/em><\/p>\n","protected":false},"excerpt":{"rendered":"<p>Com ferimentos no rosto, bra\u00e7os e pernas, o zelador do edif\u00edcio Liberdade, um dos tr\u00eas que desabou no bairro centro do RJ na \u00faltima quarta-feira (25), Marcelo Antunes Moreira encontrou o homem que salvou sua vida, o cabo Daniel Pinho. O zelador teve um dos salvamentos mais emocionantes: debaixo dos escombros ele alcan\u00e7ou a perna [&hellip;]<\/p>\n","protected":false},"author":1,"featured_media":0,"comment_status":"open","ping_status":"open","sticky":false,"template":"","format":"standard","meta":{"footnotes":""},"categories":[6],"tags":[],"class_list":["post-115","post","type-post","status-publish","format-standard","hentry","category-noticias"],"yoast_head":"<!-- This site is optimized with the Yoast SEO plugin v25.9 - https:\/\/yoast.com\/wordpress\/plugins\/seo\/ -->\n<title>Zelador se encontra com bombeiro que o salvou dos escombros de pr\u00e9dio desabado no Centro do RJ - Not\u00edcias do Bairro Centro RJ<\/title>\n<meta name=\"robots\" content=\"index, follow, max-snippet:-1, max-image-preview:large, max-video-preview:-1\" \/>\n<link rel=\"canonical\" href=\"https:\/\/www.encontracentroriodejaneiro.com.br\/noticias\/zelador-se-encontra-com-bombeiro-que-o-salvou-dos-escombros-de-predio-desabado-no-centro-do-rj\/\" \/>\n<meta property=\"og:locale\" content=\"pt_BR\" \/>\n<meta property=\"og:type\" content=\"article\" \/>\n<meta property=\"og:title\" content=\"Zelador se encontra com bombeiro que o salvou dos escombros de pr\u00e9dio desabado no Centro do RJ - Not\u00edcias do Bairro Centro RJ\" \/>\n<meta property=\"og:description\" content=\"Com ferimentos no rosto, bra\u00e7os e pernas, o zelador do edif\u00edcio Liberdade, um dos tr\u00eas que desabou no bairro centro do RJ na \u00faltima quarta-feira (25), Marcelo Antunes Moreira encontrou o homem que salvou sua vida, o cabo Daniel Pinho. O zelador teve um dos salvamentos mais emocionantes: debaixo dos escombros ele alcan\u00e7ou a perna [&hellip;]\" \/>\n<meta property=\"og:url\" content=\"https:\/\/www.encontracentroriodejaneiro.com.br\/noticias\/zelador-se-encontra-com-bombeiro-que-o-salvou-dos-escombros-de-predio-desabado-no-centro-do-rj\/\" \/>\n<meta property=\"og:site_name\" content=\"Not\u00edcias do Bairro Centro RJ\" \/>\n<meta property=\"article:published_time\" content=\"2012-01-30T14:06:00+00:00\" \/>\n<meta property=\"article:modified_time\" content=\"2013-08-15T16:18:30+00:00\" \/>\n<meta name=\"author\" content=\"Encontra Centro RJ\" \/>\n<meta name=\"twitter:card\" content=\"summary_large_image\" \/>\n<meta name=\"twitter:label1\" content=\"Escrito por\" \/>\n\t<meta name=\"twitter:data1\" content=\"Encontra Centro RJ\" \/>\n\t<meta name=\"twitter:label2\" content=\"Est. tempo de leitura\" \/>\n\t<meta name=\"twitter:data2\" content=\"1 minuto\" \/>\n<script type=\"application\/ld+json\" class=\"yoast-schema-graph\">{\"@context\":\"https:\/\/schema.org\",\"@graph\":[{\"@type\":\"WebPage\",\"@id\":\"https:\/\/www.encontracentroriodejaneiro.com.br\/noticias\/zelador-se-encontra-com-bombeiro-que-o-salvou-dos-escombros-de-predio-desabado-no-centro-do-rj\/\",\"url\":\"https:\/\/www.encontracentroriodejaneiro.com.br\/noticias\/zelador-se-encontra-com-bombeiro-que-o-salvou-dos-escombros-de-predio-desabado-no-centro-do-rj\/\",\"name\":\"Zelador se encontra com bombeiro que o salvou dos escombros de pr\u00e9dio desabado no Centro do RJ - Not\u00edcias do Bairro Centro RJ\",\"isPartOf\":{\"@id\":\"https:\/\/www.encontracentroriodejaneiro.com.br\/noticias\/#website\"},\"datePublished\":\"2012-01-30T14:06:00+00:00\",\"dateModified\":\"2013-08-15T16:18:30+00:00\",\"author\":{\"@id\":\"https:\/\/www.encontracentroriodejaneiro.com.br\/noticias\/#\/schema\/person\/d3a6c0305ffb5ffec8e9c6aefa0cbbce\"},\"breadcrumb\":{\"@id\":\"https:\/\/www.encontracentroriodejaneiro.com.br\/noticias\/zelador-se-encontra-com-bombeiro-que-o-salvou-dos-escombros-de-predio-desabado-no-centro-do-rj\/#breadcrumb\"},\"inLanguage\":\"pt-BR\",\"potentialAction\":[{\"@type\":\"ReadAction\",\"target\":[\"https:\/\/www.encontracentroriodejaneiro.com.br\/noticias\/zelador-se-encontra-com-bombeiro-que-o-salvou-dos-escombros-de-predio-desabado-no-centro-do-rj\/\"]}]},{\"@type\":\"BreadcrumbList\",\"@id\":\"https:\/\/www.encontracentroriodejaneiro.com.br\/noticias\/zelador-se-encontra-com-bombeiro-que-o-salvou-dos-escombros-de-predio-desabado-no-centro-do-rj\/#breadcrumb\",\"itemListElement\":[{\"@type\":\"ListItem\",\"position\":1,\"name\":\"In\u00edcio\",\"item\":\"https:\/\/www.encontracentroriodejaneiro.com.br\/noticias\/\"},{\"@type\":\"ListItem\",\"position\":2,\"name\":\"Zelador se encontra com bombeiro que o salvou dos escombros de pr\u00e9dio desabado no Centro do RJ\"}]},{\"@type\":\"WebSite\",\"@id\":\"https:\/\/www.encontracentroriodejaneiro.com.br\/noticias\/#website\",\"url\":\"https:\/\/www.encontracentroriodejaneiro.com.br\/noticias\/\",\"name\":\"Not\u00edcias do Bairro Centro RJ\",\"description\":\"Not\u00edcias, eventos, informa\u00e7\u00f5es e dicas no Bairro Centro RJ e regi\u00e3o\",\"potentialAction\":[{\"@type\":\"SearchAction\",\"target\":{\"@type\":\"EntryPoint\",\"urlTemplate\":\"https:\/\/www.encontracentroriodejaneiro.com.br\/noticias\/?s={search_term_string}\"},\"query-input\":{\"@type\":\"PropertyValueSpecification\",\"valueRequired\":true,\"valueName\":\"search_term_string\"}}],\"inLanguage\":\"pt-BR\"},{\"@type\":\"Person\",\"@id\":\"https:\/\/www.encontracentroriodejaneiro.com.br\/noticias\/#\/schema\/person\/d3a6c0305ffb5ffec8e9c6aefa0cbbce\",\"name\":\"Encontra Centro RJ\",\"image\":{\"@type\":\"ImageObject\",\"inLanguage\":\"pt-BR\",\"@id\":\"https:\/\/www.encontracentroriodejaneiro.com.br\/noticias\/#\/schema\/person\/image\/\",\"url\":\"https:\/\/secure.gravatar.com\/avatar\/507340682b8270222e1f208e23198b6ae7e2c6a1033ae84e99bc6bce4f82a387?s=96&d=mm&r=g\",\"contentUrl\":\"https:\/\/secure.gravatar.com\/avatar\/507340682b8270222e1f208e23198b6ae7e2c6a1033ae84e99bc6bce4f82a387?s=96&d=mm&r=g\",\"caption\":\"Encontra Centro RJ\"},\"sameAs\":[\"http:\/\/www.encontracentroriodejaneiro.com.br\"],\"url\":\"https:\/\/www.encontracentroriodejaneiro.com.br\/noticias\/author\/ecentroriodejaneiro\/\"}]}<\/script>\n<!-- \/ Yoast SEO plugin. -->","yoast_head_json":{"title":"Zelador se encontra com bombeiro que o salvou dos escombros de pr\u00e9dio desabado no Centro do RJ - Not\u00edcias do Bairro Centro RJ","robots":{"index":"index","follow":"follow","max-snippet":"max-snippet:-1","max-image-preview":"max-image-preview:large","max-video-preview":"max-video-preview:-1"},"canonical":"https:\/\/www.encontracentroriodejaneiro.com.br\/noticias\/zelador-se-encontra-com-bombeiro-que-o-salvou-dos-escombros-de-predio-desabado-no-centro-do-rj\/","og_locale":"pt_BR","og_type":"article","og_title":"Zelador se encontra com bombeiro que o salvou dos escombros de pr\u00e9dio desabado no Centro do RJ - Not\u00edcias do Bairro Centro RJ","og_description":"Com ferimentos no rosto, bra\u00e7os e pernas, o zelador do edif\u00edcio Liberdade, um dos tr\u00eas que desabou no bairro centro do RJ na \u00faltima quarta-feira (25), Marcelo Antunes Moreira encontrou o homem que salvou sua vida, o cabo Daniel Pinho. O zelador teve um dos salvamentos mais emocionantes: debaixo dos escombros ele alcan\u00e7ou a perna [&hellip;]","og_url":"https:\/\/www.encontracentroriodejaneiro.com.br\/noticias\/zelador-se-encontra-com-bombeiro-que-o-salvou-dos-escombros-de-predio-desabado-no-centro-do-rj\/","og_site_name":"Not\u00edcias do Bairro Centro RJ","article_published_time":"2012-01-30T14:06:00+00:00","article_modified_time":"2013-08-15T16:18:30+00:00","author":"Encontra Centro RJ","twitter_card":"summary_large_image","twitter_misc":{"Escrito por":"Encontra Centro RJ","Est. tempo de leitura":"1 minuto"},"schema":{"@context":"https:\/\/schema.org","@graph":[{"@type":"WebPage","@id":"https:\/\/www.encontracentroriodejaneiro.com.br\/noticias\/zelador-se-encontra-com-bombeiro-que-o-salvou-dos-escombros-de-predio-desabado-no-centro-do-rj\/","url":"https:\/\/www.encontracentroriodejaneiro.com.br\/noticias\/zelador-se-encontra-com-bombeiro-que-o-salvou-dos-escombros-de-predio-desabado-no-centro-do-rj\/","name":"Zelador se encontra com bombeiro que o salvou dos escombros de pr\u00e9dio desabado no Centro do RJ - Not\u00edcias do Bairro Centro RJ","isPartOf":{"@id":"https:\/\/www.encontracentroriodejaneiro.com.br\/noticias\/#website"},"datePublished":"2012-01-30T14:06:00+00:00","dateModified":"2013-08-15T16:18:30+00:00","author":{"@id":"https:\/\/www.encontracentroriodejaneiro.com.br\/noticias\/#\/schema\/person\/d3a6c0305ffb5ffec8e9c6aefa0cbbce"},"breadcrumb":{"@id":"https:\/\/www.encontracentroriodejaneiro.com.br\/noticias\/zelador-se-encontra-com-bombeiro-que-o-salvou-dos-escombros-de-predio-desabado-no-centro-do-rj\/#breadcrumb"},"inLanguage":"pt-BR","potentialAction":[{"@type":"ReadAction","target":["https:\/\/www.encontracentroriodejaneiro.com.br\/noticias\/zelador-se-encontra-com-bombeiro-que-o-salvou-dos-escombros-de-predio-desabado-no-centro-do-rj\/"]}]},{"@type":"BreadcrumbList","@id":"https:\/\/www.encontracentroriodejaneiro.com.br\/noticias\/zelador-se-encontra-com-bombeiro-que-o-salvou-dos-escombros-de-predio-desabado-no-centro-do-rj\/#breadcrumb","itemListElement":[{"@type":"ListItem","position":1,"name":"In\u00edcio","item":"https:\/\/www.encontracentroriodejaneiro.com.br\/noticias\/"},{"@type":"ListItem","position":2,"name":"Zelador se encontra com bombeiro que o salvou dos escombros de pr\u00e9dio desabado no Centro do RJ"}]},{"@type":"WebSite","@id":"https:\/\/www.encontracentroriodejaneiro.com.br\/noticias\/#website","url":"https:\/\/www.encontracentroriodejaneiro.com.br\/noticias\/","name":"Not\u00edcias do Bairro Centro RJ","description":"Not\u00edcias, eventos, informa\u00e7\u00f5es e dicas no Bairro Centro RJ e regi\u00e3o","potentialAction":[{"@type":"SearchAction","target":{"@type":"EntryPoint","urlTemplate":"https:\/\/www.encontracentroriodejaneiro.com.br\/noticias\/?s={search_term_string}"},"query-input":{"@type":"PropertyValueSpecification","valueRequired":true,"valueName":"search_term_string"}}],"inLanguage":"pt-BR"},{"@type":"Person","@id":"https:\/\/www.encontracentroriodejaneiro.com.br\/noticias\/#\/schema\/person\/d3a6c0305ffb5ffec8e9c6aefa0cbbce","name":"Encontra Centro RJ","image":{"@type":"ImageObject","inLanguage":"pt-BR","@id":"https:\/\/www.encontracentroriodejaneiro.com.br\/noticias\/#\/schema\/person\/image\/","url":"https:\/\/secure.gravatar.com\/avatar\/507340682b8270222e1f208e23198b6ae7e2c6a1033ae84e99bc6bce4f82a387?s=96&d=mm&r=g","contentUrl":"https:\/\/secure.gravatar.com\/avatar\/507340682b8270222e1f208e23198b6ae7e2c6a1033ae84e99bc6bce4f82a387?s=96&d=mm&r=g","caption":"Encontra Centro RJ"},"sameAs":["http:\/\/www.encontracentroriodejaneiro.com.br"],"url":"https:\/\/www.encontracentroriodejaneiro.com.br\/noticias\/author\/ecentroriodejaneiro\/"}]}},"_links":{"self":[{"href":"https:\/\/www.encontracentroriodejaneiro.com.br\/noticias\/wp-json\/wp\/v2\/posts\/115","targetHints":{"allow":["GET"]}}],"collection":[{"href":"https:\/\/www.encontracentroriodejaneiro.com.br\/noticias\/wp-json\/wp\/v2\/posts"}],"about":[{"href":"https:\/\/www.encontracentroriodejaneiro.com.br\/noticias\/wp-json\/wp\/v2\/types\/post"}],"author":[{"embeddable":true,"href":"https:\/\/www.encontracentroriodejaneiro.com.br\/noticias\/wp-json\/wp\/v2\/users\/1"}],"replies":[{"embeddable":true,"href":"https:\/\/www.encontracentroriodejaneiro.com.br\/noticias\/wp-json\/wp\/v2\/comments?post=115"}],"version-history":[{"count":2,"href":"https:\/\/www.encontracentroriodejaneiro.com.br\/noticias\/wp-json\/wp\/v2\/posts\/115\/revisions"}],"predecessor-version":[{"id":768,"href":"https:\/\/www.encontracentroriodejaneiro.com.br\/noticias\/wp-json\/wp\/v2\/posts\/115\/revisions\/768"}],"wp:attachment":[{"href":"https:\/\/www.encontracentroriodejaneiro.com.br\/noticias\/wp-json\/wp\/v2\/media?parent=115"}],"wp:term":[{"taxonomy":"category","embeddable":true,"href":"https:\/\/www.encontracentroriodejaneiro.com.br\/noticias\/wp-json\/wp\/v2\/categories?post=115"},{"taxonomy":"post_tag","embeddable":true,"href":"https:\/\/www.encontracentroriodejaneiro.com.br\/noticias\/wp-json\/wp\/v2\/tags?post=115"}],"curies":[{"name":"wp","href":"https:\/\/api.w.org\/{rel}","templated":true}]}}