{"id":120,"date":"2012-01-30T12:12:38","date_gmt":"2012-01-30T14:12:38","guid":{"rendered":"http:\/\/www.encontracentroriodejaneiro.com.br\/noticias\/?p=120"},"modified":"2013-08-15T14:18:32","modified_gmt":"2013-08-15T16:18:32","slug":"centro-rj-indenizacoes-so-serao-pagas-apos-definicao-de-responsaveis","status":"publish","type":"post","link":"https:\/\/www.encontracentroriodejaneiro.com.br\/noticias\/centro-rj-indenizacoes-so-serao-pagas-apos-definicao-de-responsaveis\/","title":{"rendered":"Centro RJ: Indeniza\u00e7\u00f5es s\u00f3 ser\u00e3o pagas ap\u00f3s defini\u00e7\u00e3o de respons\u00e1veis"},"content":{"rendered":"<p>O pagamento das indeniza\u00e7\u00f5es referente ao desabamento dos tr\u00eas  pr\u00e9dios em guia do centro RJ (\u00faltima quarta-feira), deve ser  feito ap\u00f3s levantamento do poder p\u00fablico que apontar\u00e1 os respons\u00e1veis  pelo dano. A informa\u00e7\u00e3o parte do procurador-geral da Ordem dos Advogados Brasil, se\u00e7\u00e3o Rio de Janeiro (OAB-RJ), Ronaldo Cramer.<\/p>\n<p>De  acordo com ele, parentes de pessoas que morreram no desabamento podem  exigir indeniza\u00e7\u00f5es por danos morais. \u201cE quem perdeu patrim\u00f4nio tem  direito a entrar com uma a\u00e7\u00e3o pedindo repara\u00e7\u00e3o material\u201d, explica  Cramer. Mas, ele completa, as a\u00e7\u00f5es s\u00f3 podem existir a partir do momento  em que houver um r\u00e9u.<\/p>\n<p>Segundo Ronaldo Cramer, no caso da  perda de parentes, as indeniza\u00e7\u00f5es costumam ser de R$ 200 mil,  aproximadamente. Se houver perda patrimonial, o valor pago depende de  quanto o autor da a\u00e7\u00e3o consegue documentar os investimentos feitos.<\/p>\n<p>Segundo  Ronaldo Cramer, no caso da perda de parentes, as indeniza\u00e7\u00f5es costumam  ser de R$ 200 mil, aproximadamente. Se houver perda patrimonial, o valor  pago depende de quanto o autor da a\u00e7\u00e3o consegue documentar os  investimentos feitos.<\/p>\n<p><strong>Limpeza<\/strong><\/p>\n<p>Uma opera\u00e7\u00e3o limpeza foi iniciada ontem nas avenidas Treze de Maio e Avenida Almirante Barroso, na regi\u00e3o onde houve o desabamento.<\/p>\n<p>A  Secretaria de Conserva\u00e7\u00e3o e Servi\u00e7os P\u00fablicos afirma que a opera\u00e7\u00e3o de  recupera\u00e7\u00e3o do entorno inclui a pavimenta\u00e7\u00e3o das cal\u00e7adas em pedras  portuguesas, reposi\u00e7\u00e3o de fradinhos, tamp\u00f5es de bueiros e desobstru\u00e7\u00e3o  do sistema de drenagem.<\/p>\n<p>Al\u00e9m disso, ser\u00e1 feita manuten\u00e7\u00e3o dos  pontos de ilumina\u00e7\u00e3o p\u00fablica, retirada da lama, lavagem das pistas,  cal\u00e7adas, fachadas e placas de sinaliza\u00e7\u00e3o.<\/p>\n<p>O trabalho, que  conta com 50 homens da Coordenadoria de Opera\u00e7\u00f5es Especiais,  Coordenadoria Geral de Conserva\u00e7\u00e3o, Rioluz (Companhia Municipal de  Energia e Ilumina\u00e7\u00e3o) e Comlurb, apoiados por caminh\u00f5es pipa, caminh\u00f5es  cesto e retroescavadeiras, teve in\u00edcio na noite do \u00faltimo s\u00e1bado.<\/p>\n<p><strong>\u201cDelinquentes\u201d<\/strong><\/p>\n<p>J\u00e1  o prefeito do Rio, Eduardo Paes (PMDB), classificou como \u201cdelinquentes\u201d  os quatro funcion\u00e1rios da concession\u00e1ria Porto Novo, respons\u00e1vel pelos  servi\u00e7os p\u00fablicos na zona portu\u00e1ria, suspeitos de furtar pertences das  v\u00edtimas do desabamento de tr\u00eas pr\u00e9dios no centro da cidade.<\/p>\n<p>\u201c\u00c9  inacredit\u00e1vel que algu\u00e9m numa situa\u00e7\u00e3o como essa v\u00e1 roubar (aquilo \u00e9  roubo) de um entulho vindo de uma trag\u00e9dia como aquela. Eu vejo com  muita tristeza, com uma certa raiva\u201d, comenta Paes. Os nomes dos  suspeitos j\u00e1 foram passados para a pol\u00edcia e eles ser\u00e3o demitidos da  concession\u00e1ria l\u00e1 do Porto\u201d, disse o prefeito.<\/p>\n<p>Foi enterrado  na tarde de ontem no Cemit\u00e9rio de Inha\u00fama, no sub\u00farbio do Rio, Amaro  Tavares, de 40 anos, professor que ministrava o curso de TI em um dos  pr\u00e9dios. A fam\u00edlia n\u00e3o permitiu que imprensa acompanhasse do cortejo.  Amaro deixou esposa e dois filhos. O caix\u00e3o foi envolvido com uma  bandeira do Vasco. Pela manh\u00e3, o corpo do analista de sistema Gustavo da  Costa Cunha, de 34 anos,  foi sepultado no Cemit\u00e9rio Jardim da Saudade,  em Sulacap, na Zona Oeste.<\/p>\n<p><strong>Saiba mais<\/strong><\/p>\n<p>Parentes  das v\u00edtimas est\u00e3o recebendo  orienta\u00e7\u00f5es de como retirar documentos,  como certid\u00f5es de \u00f3bito, por  exemplo, segundo informa\u00e7\u00e3o do secret\u00e1rio  de Assist\u00eancia Social do  munic\u00edpio, Rodrigo Bethlem.<\/p>\n<p>\u201cEstamos   orientando como fazer a retirada de documentos. Eles tamb\u00e9m contam com   assist\u00eancia de m\u00e9dicos e psic\u00f3logos o tempo todo\u201d, disse Bethlem.<\/p>\n<p>Desde   ontem, a avenida Treze de Maio, endere\u00e7o dos tr\u00eas pr\u00e9dios que   desabaram, \u00e9 reaberta para circula\u00e7\u00e3o apenas de pedestres, no entanto   permanece fechada para fluxo de ve\u00edculos.<\/p>\n<p>Para  evitar a  concentra\u00e7\u00e3o de curiosos, o local da trag\u00e9dia foi cercado por  tapumes.  J\u00e1 a avenida Almirante Barroso e a rua Senador Dantas, ser\u00e3o  reabertas.  Antes estavam fechadas para  ve\u00edculos.<\/p>\n<p><em>Fonte: O Povo<\/em><\/p>\n","protected":false},"excerpt":{"rendered":"<p>O pagamento das indeniza\u00e7\u00f5es referente ao desabamento dos tr\u00eas pr\u00e9dios em guia do centro RJ (\u00faltima quarta-feira), deve ser feito ap\u00f3s levantamento do poder p\u00fablico que apontar\u00e1 os respons\u00e1veis pelo dano. A informa\u00e7\u00e3o parte do procurador-geral da Ordem dos Advogados Brasil, se\u00e7\u00e3o Rio de Janeiro (OAB-RJ), Ronaldo Cramer. De acordo com ele, parentes de pessoas [&hellip;]<\/p>\n","protected":false},"author":1,"featured_media":0,"comment_status":"open","ping_status":"open","sticky":false,"template":"","format":"standard","meta":{"footnotes":""},"categories":[6],"tags":[],"class_list":["post-120","post","type-post","status-publish","format-standard","hentry","category-noticias"],"yoast_head":"<!-- This site is optimized with the Yoast SEO plugin v25.9 - https:\/\/yoast.com\/wordpress\/plugins\/seo\/ -->\n<title>Centro RJ: Indeniza\u00e7\u00f5es s\u00f3 ser\u00e3o pagas ap\u00f3s defini\u00e7\u00e3o de respons\u00e1veis - Not\u00edcias do Bairro Centro RJ<\/title>\n<meta name=\"robots\" content=\"index, follow, max-snippet:-1, max-image-preview:large, max-video-preview:-1\" \/>\n<link rel=\"canonical\" href=\"https:\/\/www.encontracentroriodejaneiro.com.br\/noticias\/centro-rj-indenizacoes-so-serao-pagas-apos-definicao-de-responsaveis\/\" \/>\n<meta property=\"og:locale\" content=\"pt_BR\" \/>\n<meta property=\"og:type\" content=\"article\" \/>\n<meta property=\"og:title\" content=\"Centro RJ: Indeniza\u00e7\u00f5es s\u00f3 ser\u00e3o pagas ap\u00f3s defini\u00e7\u00e3o de respons\u00e1veis - Not\u00edcias do Bairro Centro RJ\" \/>\n<meta property=\"og:description\" content=\"O pagamento das indeniza\u00e7\u00f5es referente ao desabamento dos tr\u00eas pr\u00e9dios em guia do centro RJ (\u00faltima quarta-feira), deve ser feito ap\u00f3s levantamento do poder p\u00fablico que apontar\u00e1 os respons\u00e1veis pelo dano. A informa\u00e7\u00e3o parte do procurador-geral da Ordem dos Advogados Brasil, se\u00e7\u00e3o Rio de Janeiro (OAB-RJ), Ronaldo Cramer. De acordo com ele, parentes de pessoas [&hellip;]\" \/>\n<meta property=\"og:url\" content=\"https:\/\/www.encontracentroriodejaneiro.com.br\/noticias\/centro-rj-indenizacoes-so-serao-pagas-apos-definicao-de-responsaveis\/\" \/>\n<meta property=\"og:site_name\" content=\"Not\u00edcias do Bairro Centro RJ\" \/>\n<meta property=\"article:published_time\" content=\"2012-01-30T14:12:38+00:00\" \/>\n<meta property=\"article:modified_time\" content=\"2013-08-15T16:18:32+00:00\" \/>\n<meta name=\"author\" content=\"Encontra Centro RJ\" \/>\n<meta name=\"twitter:card\" content=\"summary_large_image\" \/>\n<meta name=\"twitter:label1\" content=\"Escrito por\" \/>\n\t<meta name=\"twitter:data1\" content=\"Encontra Centro RJ\" \/>\n\t<meta name=\"twitter:label2\" content=\"Est. tempo de leitura\" \/>\n\t<meta name=\"twitter:data2\" content=\"3 minutos\" \/>\n<script type=\"application\/ld+json\" class=\"yoast-schema-graph\">{\"@context\":\"https:\/\/schema.org\",\"@graph\":[{\"@type\":\"WebPage\",\"@id\":\"https:\/\/www.encontracentroriodejaneiro.com.br\/noticias\/centro-rj-indenizacoes-so-serao-pagas-apos-definicao-de-responsaveis\/\",\"url\":\"https:\/\/www.encontracentroriodejaneiro.com.br\/noticias\/centro-rj-indenizacoes-so-serao-pagas-apos-definicao-de-responsaveis\/\",\"name\":\"Centro RJ: Indeniza\u00e7\u00f5es s\u00f3 ser\u00e3o pagas ap\u00f3s defini\u00e7\u00e3o de respons\u00e1veis - Not\u00edcias do Bairro Centro RJ\",\"isPartOf\":{\"@id\":\"https:\/\/www.encontracentroriodejaneiro.com.br\/noticias\/#website\"},\"datePublished\":\"2012-01-30T14:12:38+00:00\",\"dateModified\":\"2013-08-15T16:18:32+00:00\",\"author\":{\"@id\":\"https:\/\/www.encontracentroriodejaneiro.com.br\/noticias\/#\/schema\/person\/d3a6c0305ffb5ffec8e9c6aefa0cbbce\"},\"breadcrumb\":{\"@id\":\"https:\/\/www.encontracentroriodejaneiro.com.br\/noticias\/centro-rj-indenizacoes-so-serao-pagas-apos-definicao-de-responsaveis\/#breadcrumb\"},\"inLanguage\":\"pt-BR\",\"potentialAction\":[{\"@type\":\"ReadAction\",\"target\":[\"https:\/\/www.encontracentroriodejaneiro.com.br\/noticias\/centro-rj-indenizacoes-so-serao-pagas-apos-definicao-de-responsaveis\/\"]}]},{\"@type\":\"BreadcrumbList\",\"@id\":\"https:\/\/www.encontracentroriodejaneiro.com.br\/noticias\/centro-rj-indenizacoes-so-serao-pagas-apos-definicao-de-responsaveis\/#breadcrumb\",\"itemListElement\":[{\"@type\":\"ListItem\",\"position\":1,\"name\":\"In\u00edcio\",\"item\":\"https:\/\/www.encontracentroriodejaneiro.com.br\/noticias\/\"},{\"@type\":\"ListItem\",\"position\":2,\"name\":\"Centro RJ: Indeniza\u00e7\u00f5es s\u00f3 ser\u00e3o pagas ap\u00f3s defini\u00e7\u00e3o de respons\u00e1veis\"}]},{\"@type\":\"WebSite\",\"@id\":\"https:\/\/www.encontracentroriodejaneiro.com.br\/noticias\/#website\",\"url\":\"https:\/\/www.encontracentroriodejaneiro.com.br\/noticias\/\",\"name\":\"Not\u00edcias do Bairro Centro RJ\",\"description\":\"Not\u00edcias, eventos, informa\u00e7\u00f5es e dicas no Bairro Centro RJ e regi\u00e3o\",\"potentialAction\":[{\"@type\":\"SearchAction\",\"target\":{\"@type\":\"EntryPoint\",\"urlTemplate\":\"https:\/\/www.encontracentroriodejaneiro.com.br\/noticias\/?s={search_term_string}\"},\"query-input\":{\"@type\":\"PropertyValueSpecification\",\"valueRequired\":true,\"valueName\":\"search_term_string\"}}],\"inLanguage\":\"pt-BR\"},{\"@type\":\"Person\",\"@id\":\"https:\/\/www.encontracentroriodejaneiro.com.br\/noticias\/#\/schema\/person\/d3a6c0305ffb5ffec8e9c6aefa0cbbce\",\"name\":\"Encontra Centro RJ\",\"image\":{\"@type\":\"ImageObject\",\"inLanguage\":\"pt-BR\",\"@id\":\"https:\/\/www.encontracentroriodejaneiro.com.br\/noticias\/#\/schema\/person\/image\/\",\"url\":\"https:\/\/secure.gravatar.com\/avatar\/507340682b8270222e1f208e23198b6ae7e2c6a1033ae84e99bc6bce4f82a387?s=96&d=mm&r=g\",\"contentUrl\":\"https:\/\/secure.gravatar.com\/avatar\/507340682b8270222e1f208e23198b6ae7e2c6a1033ae84e99bc6bce4f82a387?s=96&d=mm&r=g\",\"caption\":\"Encontra Centro RJ\"},\"sameAs\":[\"http:\/\/www.encontracentroriodejaneiro.com.br\"],\"url\":\"https:\/\/www.encontracentroriodejaneiro.com.br\/noticias\/author\/ecentroriodejaneiro\/\"}]}<\/script>\n<!-- \/ Yoast SEO plugin. -->","yoast_head_json":{"title":"Centro RJ: Indeniza\u00e7\u00f5es s\u00f3 ser\u00e3o pagas ap\u00f3s defini\u00e7\u00e3o de respons\u00e1veis - Not\u00edcias do Bairro Centro RJ","robots":{"index":"index","follow":"follow","max-snippet":"max-snippet:-1","max-image-preview":"max-image-preview:large","max-video-preview":"max-video-preview:-1"},"canonical":"https:\/\/www.encontracentroriodejaneiro.com.br\/noticias\/centro-rj-indenizacoes-so-serao-pagas-apos-definicao-de-responsaveis\/","og_locale":"pt_BR","og_type":"article","og_title":"Centro RJ: Indeniza\u00e7\u00f5es s\u00f3 ser\u00e3o pagas ap\u00f3s defini\u00e7\u00e3o de respons\u00e1veis - Not\u00edcias do Bairro Centro RJ","og_description":"O pagamento das indeniza\u00e7\u00f5es referente ao desabamento dos tr\u00eas pr\u00e9dios em guia do centro RJ (\u00faltima quarta-feira), deve ser feito ap\u00f3s levantamento do poder p\u00fablico que apontar\u00e1 os respons\u00e1veis pelo dano. A informa\u00e7\u00e3o parte do procurador-geral da Ordem dos Advogados Brasil, se\u00e7\u00e3o Rio de Janeiro (OAB-RJ), Ronaldo Cramer. De acordo com ele, parentes de pessoas [&hellip;]","og_url":"https:\/\/www.encontracentroriodejaneiro.com.br\/noticias\/centro-rj-indenizacoes-so-serao-pagas-apos-definicao-de-responsaveis\/","og_site_name":"Not\u00edcias do Bairro Centro RJ","article_published_time":"2012-01-30T14:12:38+00:00","article_modified_time":"2013-08-15T16:18:32+00:00","author":"Encontra Centro RJ","twitter_card":"summary_large_image","twitter_misc":{"Escrito por":"Encontra Centro RJ","Est. tempo de leitura":"3 minutos"},"schema":{"@context":"https:\/\/schema.org","@graph":[{"@type":"WebPage","@id":"https:\/\/www.encontracentroriodejaneiro.com.br\/noticias\/centro-rj-indenizacoes-so-serao-pagas-apos-definicao-de-responsaveis\/","url":"https:\/\/www.encontracentroriodejaneiro.com.br\/noticias\/centro-rj-indenizacoes-so-serao-pagas-apos-definicao-de-responsaveis\/","name":"Centro RJ: Indeniza\u00e7\u00f5es s\u00f3 ser\u00e3o pagas ap\u00f3s defini\u00e7\u00e3o de respons\u00e1veis - Not\u00edcias do Bairro Centro RJ","isPartOf":{"@id":"https:\/\/www.encontracentroriodejaneiro.com.br\/noticias\/#website"},"datePublished":"2012-01-30T14:12:38+00:00","dateModified":"2013-08-15T16:18:32+00:00","author":{"@id":"https:\/\/www.encontracentroriodejaneiro.com.br\/noticias\/#\/schema\/person\/d3a6c0305ffb5ffec8e9c6aefa0cbbce"},"breadcrumb":{"@id":"https:\/\/www.encontracentroriodejaneiro.com.br\/noticias\/centro-rj-indenizacoes-so-serao-pagas-apos-definicao-de-responsaveis\/#breadcrumb"},"inLanguage":"pt-BR","potentialAction":[{"@type":"ReadAction","target":["https:\/\/www.encontracentroriodejaneiro.com.br\/noticias\/centro-rj-indenizacoes-so-serao-pagas-apos-definicao-de-responsaveis\/"]}]},{"@type":"BreadcrumbList","@id":"https:\/\/www.encontracentroriodejaneiro.com.br\/noticias\/centro-rj-indenizacoes-so-serao-pagas-apos-definicao-de-responsaveis\/#breadcrumb","itemListElement":[{"@type":"ListItem","position":1,"name":"In\u00edcio","item":"https:\/\/www.encontracentroriodejaneiro.com.br\/noticias\/"},{"@type":"ListItem","position":2,"name":"Centro RJ: Indeniza\u00e7\u00f5es s\u00f3 ser\u00e3o pagas ap\u00f3s defini\u00e7\u00e3o de respons\u00e1veis"}]},{"@type":"WebSite","@id":"https:\/\/www.encontracentroriodejaneiro.com.br\/noticias\/#website","url":"https:\/\/www.encontracentroriodejaneiro.com.br\/noticias\/","name":"Not\u00edcias do Bairro Centro RJ","description":"Not\u00edcias, eventos, informa\u00e7\u00f5es e dicas no Bairro Centro RJ e regi\u00e3o","potentialAction":[{"@type":"SearchAction","target":{"@type":"EntryPoint","urlTemplate":"https:\/\/www.encontracentroriodejaneiro.com.br\/noticias\/?s={search_term_string}"},"query-input":{"@type":"PropertyValueSpecification","valueRequired":true,"valueName":"search_term_string"}}],"inLanguage":"pt-BR"},{"@type":"Person","@id":"https:\/\/www.encontracentroriodejaneiro.com.br\/noticias\/#\/schema\/person\/d3a6c0305ffb5ffec8e9c6aefa0cbbce","name":"Encontra Centro RJ","image":{"@type":"ImageObject","inLanguage":"pt-BR","@id":"https:\/\/www.encontracentroriodejaneiro.com.br\/noticias\/#\/schema\/person\/image\/","url":"https:\/\/secure.gravatar.com\/avatar\/507340682b8270222e1f208e23198b6ae7e2c6a1033ae84e99bc6bce4f82a387?s=96&d=mm&r=g","contentUrl":"https:\/\/secure.gravatar.com\/avatar\/507340682b8270222e1f208e23198b6ae7e2c6a1033ae84e99bc6bce4f82a387?s=96&d=mm&r=g","caption":"Encontra Centro RJ"},"sameAs":["http:\/\/www.encontracentroriodejaneiro.com.br"],"url":"https:\/\/www.encontracentroriodejaneiro.com.br\/noticias\/author\/ecentroriodejaneiro\/"}]}},"_links":{"self":[{"href":"https:\/\/www.encontracentroriodejaneiro.com.br\/noticias\/wp-json\/wp\/v2\/posts\/120","targetHints":{"allow":["GET"]}}],"collection":[{"href":"https:\/\/www.encontracentroriodejaneiro.com.br\/noticias\/wp-json\/wp\/v2\/posts"}],"about":[{"href":"https:\/\/www.encontracentroriodejaneiro.com.br\/noticias\/wp-json\/wp\/v2\/types\/post"}],"author":[{"embeddable":true,"href":"https:\/\/www.encontracentroriodejaneiro.com.br\/noticias\/wp-json\/wp\/v2\/users\/1"}],"replies":[{"embeddable":true,"href":"https:\/\/www.encontracentroriodejaneiro.com.br\/noticias\/wp-json\/wp\/v2\/comments?post=120"}],"version-history":[{"count":5,"href":"https:\/\/www.encontracentroriodejaneiro.com.br\/noticias\/wp-json\/wp\/v2\/posts\/120\/revisions"}],"predecessor-version":[{"id":851,"href":"https:\/\/www.encontracentroriodejaneiro.com.br\/noticias\/wp-json\/wp\/v2\/posts\/120\/revisions\/851"}],"wp:attachment":[{"href":"https:\/\/www.encontracentroriodejaneiro.com.br\/noticias\/wp-json\/wp\/v2\/media?parent=120"}],"wp:term":[{"taxonomy":"category","embeddable":true,"href":"https:\/\/www.encontracentroriodejaneiro.com.br\/noticias\/wp-json\/wp\/v2\/categories?post=120"},{"taxonomy":"post_tag","embeddable":true,"href":"https:\/\/www.encontracentroriodejaneiro.com.br\/noticias\/wp-json\/wp\/v2\/tags?post=120"}],"curies":[{"name":"wp","href":"https:\/\/api.w.org\/{rel}","templated":true}]}}