{"id":1248,"date":"2013-09-13T15:47:35","date_gmt":"2013-09-13T17:47:35","guid":{"rendered":"http:\/\/www.encontracentroriodejaneiro.com.br\/noticias\/?p=1248"},"modified":"2013-09-13T02:54:16","modified_gmt":"2013-09-13T04:54:16","slug":"diversos-onibus-para-a-cidade-do-rock-sairao-do-centro-do-rj","status":"publish","type":"post","link":"https:\/\/www.encontracentroriodejaneiro.com.br\/noticias\/diversos-onibus-para-a-cidade-do-rock-sairao-do-centro-do-rj\/","title":{"rendered":"Diversos \u00f4nibus para a Cidade do Rock sair\u00e3o do Centro do RJ"},"content":{"rendered":"<p>Para a realiza\u00e7\u00e3o do Rock in Rio ser\u00e3o fechadas as principais vias do entorno da Cidade do Rock: Avenida Salvador Allende, Avenida Embaixador Abelardo Bueno, Avenida Olof Palme, Rua Abrah\u00e3o Jabour e Rua Pedro Calmon a partir do dia 13 de setembro. As interdi\u00e7\u00f5es come\u00e7am \u00e0s 11h, uma hora antes do hor\u00e1rio de 2011, e v\u00e3o at\u00e9 5h do dia 16 de setembro. E depois das 11h do dia 19 de setembro \u00e0s 5h do dia 20 e das 11h do dia 20 \u00e0s 5h do dia 23 de setembro.<\/p>\n<p>A grande novidade para os usu\u00e1rios do transporte p\u00fablico regular da cidade nesta edi\u00e7\u00e3o do Rock in Rio ser\u00e1 a instala\u00e7\u00e3o de uma plataforma de pr\u00e9-bilhetagem eletr\u00f4nica no Terminal do Aut\u00f3dromo. Ou seja, o usu\u00e1rio passar\u00e1 por catracas antes de entrar nos \u00f4nibus, na volta do festival. Segundo o secret\u00e1rio municipal de Transportes, Carlos Roberto Os\u00f3rio, isso vai agilizar a sa\u00edda da Cidade do Rock e proporcionar mais conforto para o usu\u00e1rio.<\/p>\n<p>O esquema de tr\u00e2nsito de para o Rock in Rio prev\u00ea para este ano o fechamento das principais avenida do entorno da Cidade do Rock, as avenida Abelardo Bueno e Salvador Allende vai come\u00e7ar uma hora mais cedo, em rela\u00e7\u00e3o ao festival de 2011, \u00e0s 11h de sexta-feira, dia 13 de setembro.<\/p>\n<p>Os bloqueios v\u00e3o ser mantidos para carros particulares e s\u00f3 \u00f4nibus especiais e moradores credenciados poder\u00e3o circular pelo entorno da Cidade do Rock. Por isso, \u00e9 importante que o p\u00fablico utilize o transporte p\u00fablico.<\/p>\n<p><strong>\u00d4nibus ter\u00e3o bilhetes de ida e volta<\/strong><\/p>\n<p>Os \u00f4nibus chamados de 1\u00aa Classe, do tipo fresc\u00e3o, que est\u00e3o sendo contratados pela organiza\u00e7\u00e3o do evento, v\u00e3o ter bilhete de ida e volta com data e hor\u00e1rios marcados e v\u00e3o parar no estacionamento do Riocentro.<\/p>\n<p>Esse bilhete,\u00a0 que custa R$ 50 s\u00f3 vai ser vendido antecipadamente no site do evento.<\/p>\n<p>O \u00f4nibus v\u00e3o fazer o transporte ponto a ponto e v\u00e3o partir de 14 pontos diversos da cidade, entre eles, Rodovi\u00e1ria Novo Rio e aeroportos Internacional Tom Jobim e Santos Dumont.<\/p>\n<p>Carros particulares, t\u00e1xis e vans tamb\u00e9m n\u00e3o chegar\u00e3o \u00e0 Cidade do Rock.\u00a0 Segundo o secret\u00e1rio, o ponto de bloqueio e de embarque e desembarque do p\u00fablico que optar por esse tipo de transporte ficar\u00e1 a cerca de quatro quil\u00f4metros de dist\u00e2ncia. A secretaria vai montar um ponto de t\u00e1xi no Terminal Alvorada.<\/p>\n<p><strong><em>Confira os pontos de embarque nos \u00f4nibus:<\/em><\/strong><\/p>\n<p>Shopping Rio Sul<br \/>\nDuas baias em frente \u00e0 entrada principal do shopping Rio Sul<\/p>\n<p>Ipanema<br \/>\nPra\u00e7a General Os\u00f3rio<\/p>\n<p><strong>Aeroporto Santos Dumont<\/strong><br \/>\n<strong> Terminal de embarque &#8211; duas baias na pista direita, junto ao estacionamento da INFRAERO<\/strong><\/p>\n<p>Copacabana<br \/>\nEm frente \u00e0 esta\u00e7\u00e3o Siqueira Campos do metr\u00f4<\/p>\n<p>Lagoa<br \/>\nParque dos Patins\u00a0 &#8211; Sa\u00edda do estacionamento, em frente ao campo de futebol.<\/p>\n<p>Aeroporto do Gale\u00e3o<br \/>\nEmbarque do Terminal 1<\/p>\n<p><strong>Rodovi\u00e1ria Novo Rio<\/strong><br \/>\n<strong> Plataforma da Via\u00e7\u00e3o Tijuca.<\/strong><\/p>\n<p>Tijuca\/ Saens Pe\u00f1a<br \/>\nPonto de \u00f4nibus na rua Conde de Bonfim, altura do n\u00b0 316 ( Em frente \u00e0 loja Stylus)<\/p>\n<p>Castelo<br \/>\nAv. Gra\u00e7a Aranha, altura do n\u00b0 143 (Em frente ao restaurante Itahy)<\/p>\n<p>Barra Shopping<br \/>\nPonto do \u00f4nibus na Av, das Am\u00e9ricas, em frente ao Barra Shopping.<\/p>\n<p>Norte Shopping<br \/>\nAo lado do Norte Shopping, na rua Gandavo<\/p>\n<p>M\u00e9ier<br \/>\nDuas baias na rua Dias da Cruz, na pra\u00e7a Agripino Grieco<\/p>\n<p>Campo Grande<br \/>\nTerminal Rodovi\u00e1rio de Campo Grande<\/p>\n<p>Recreio<br \/>\nAv. das Am\u00e9ricas, em frente ao Recreio Shopping<\/p>\n","protected":false},"excerpt":{"rendered":"<p>Para a realiza\u00e7\u00e3o do Rock in Rio ser\u00e3o fechadas as principais vias do entorno da Cidade do Rock: Avenida Salvador Allende, Avenida Embaixador Abelardo Bueno, Avenida Olof Palme, Rua Abrah\u00e3o Jabour e Rua Pedro Calmon a partir do dia 13 de setembro. As interdi\u00e7\u00f5es come\u00e7am \u00e0s 11h, uma hora antes do hor\u00e1rio de 2011, e [&hellip;]<\/p>\n","protected":false},"author":1,"featured_media":0,"comment_status":"open","ping_status":"open","sticky":false,"template":"","format":"standard","meta":{"footnotes":""},"categories":[6],"tags":[],"class_list":["post-1248","post","type-post","status-publish","format-standard","hentry","category-noticias"],"yoast_head":"<!-- This site is optimized with the Yoast SEO plugin v25.9 - https:\/\/yoast.com\/wordpress\/plugins\/seo\/ -->\n<title>Diversos \u00f4nibus para a Cidade do Rock sair\u00e3o do Centro do RJ - Not\u00edcias do Bairro Centro RJ<\/title>\n<meta name=\"robots\" content=\"index, follow, max-snippet:-1, max-image-preview:large, max-video-preview:-1\" \/>\n<link rel=\"canonical\" href=\"https:\/\/www.encontracentroriodejaneiro.com.br\/noticias\/diversos-onibus-para-a-cidade-do-rock-sairao-do-centro-do-rj\/\" \/>\n<meta property=\"og:locale\" content=\"pt_BR\" \/>\n<meta property=\"og:type\" content=\"article\" \/>\n<meta property=\"og:title\" content=\"Diversos \u00f4nibus para a Cidade do Rock sair\u00e3o do Centro do RJ - Not\u00edcias do Bairro Centro RJ\" \/>\n<meta property=\"og:description\" content=\"Para a realiza\u00e7\u00e3o do Rock in Rio ser\u00e3o fechadas as principais vias do entorno da Cidade do Rock: Avenida Salvador Allende, Avenida Embaixador Abelardo Bueno, Avenida Olof Palme, Rua Abrah\u00e3o Jabour e Rua Pedro Calmon a partir do dia 13 de setembro. As interdi\u00e7\u00f5es come\u00e7am \u00e0s 11h, uma hora antes do hor\u00e1rio de 2011, e [&hellip;]\" \/>\n<meta property=\"og:url\" content=\"https:\/\/www.encontracentroriodejaneiro.com.br\/noticias\/diversos-onibus-para-a-cidade-do-rock-sairao-do-centro-do-rj\/\" \/>\n<meta property=\"og:site_name\" content=\"Not\u00edcias do Bairro Centro RJ\" \/>\n<meta property=\"article:published_time\" content=\"2013-09-13T17:47:35+00:00\" \/>\n<meta name=\"author\" content=\"Encontra Centro RJ\" \/>\n<meta name=\"twitter:card\" content=\"summary_large_image\" \/>\n<meta name=\"twitter:label1\" content=\"Escrito por\" \/>\n\t<meta name=\"twitter:data1\" content=\"Encontra Centro RJ\" \/>\n\t<meta name=\"twitter:label2\" content=\"Est. tempo de leitura\" \/>\n\t<meta name=\"twitter:data2\" content=\"3 minutos\" \/>\n<script type=\"application\/ld+json\" class=\"yoast-schema-graph\">{\"@context\":\"https:\/\/schema.org\",\"@graph\":[{\"@type\":\"WebPage\",\"@id\":\"https:\/\/www.encontracentroriodejaneiro.com.br\/noticias\/diversos-onibus-para-a-cidade-do-rock-sairao-do-centro-do-rj\/\",\"url\":\"https:\/\/www.encontracentroriodejaneiro.com.br\/noticias\/diversos-onibus-para-a-cidade-do-rock-sairao-do-centro-do-rj\/\",\"name\":\"Diversos \u00f4nibus para a Cidade do Rock sair\u00e3o do Centro do RJ - Not\u00edcias do Bairro Centro RJ\",\"isPartOf\":{\"@id\":\"https:\/\/www.encontracentroriodejaneiro.com.br\/noticias\/#website\"},\"datePublished\":\"2013-09-13T17:47:35+00:00\",\"author\":{\"@id\":\"https:\/\/www.encontracentroriodejaneiro.com.br\/noticias\/#\/schema\/person\/d3a6c0305ffb5ffec8e9c6aefa0cbbce\"},\"breadcrumb\":{\"@id\":\"https:\/\/www.encontracentroriodejaneiro.com.br\/noticias\/diversos-onibus-para-a-cidade-do-rock-sairao-do-centro-do-rj\/#breadcrumb\"},\"inLanguage\":\"pt-BR\",\"potentialAction\":[{\"@type\":\"ReadAction\",\"target\":[\"https:\/\/www.encontracentroriodejaneiro.com.br\/noticias\/diversos-onibus-para-a-cidade-do-rock-sairao-do-centro-do-rj\/\"]}]},{\"@type\":\"BreadcrumbList\",\"@id\":\"https:\/\/www.encontracentroriodejaneiro.com.br\/noticias\/diversos-onibus-para-a-cidade-do-rock-sairao-do-centro-do-rj\/#breadcrumb\",\"itemListElement\":[{\"@type\":\"ListItem\",\"position\":1,\"name\":\"In\u00edcio\",\"item\":\"https:\/\/www.encontracentroriodejaneiro.com.br\/noticias\/\"},{\"@type\":\"ListItem\",\"position\":2,\"name\":\"Diversos \u00f4nibus para a Cidade do Rock sair\u00e3o do Centro do RJ\"}]},{\"@type\":\"WebSite\",\"@id\":\"https:\/\/www.encontracentroriodejaneiro.com.br\/noticias\/#website\",\"url\":\"https:\/\/www.encontracentroriodejaneiro.com.br\/noticias\/\",\"name\":\"Not\u00edcias do Bairro Centro RJ\",\"description\":\"Not\u00edcias, eventos, informa\u00e7\u00f5es e dicas no Bairro Centro RJ e regi\u00e3o\",\"potentialAction\":[{\"@type\":\"SearchAction\",\"target\":{\"@type\":\"EntryPoint\",\"urlTemplate\":\"https:\/\/www.encontracentroriodejaneiro.com.br\/noticias\/?s={search_term_string}\"},\"query-input\":{\"@type\":\"PropertyValueSpecification\",\"valueRequired\":true,\"valueName\":\"search_term_string\"}}],\"inLanguage\":\"pt-BR\"},{\"@type\":\"Person\",\"@id\":\"https:\/\/www.encontracentroriodejaneiro.com.br\/noticias\/#\/schema\/person\/d3a6c0305ffb5ffec8e9c6aefa0cbbce\",\"name\":\"Encontra Centro RJ\",\"image\":{\"@type\":\"ImageObject\",\"inLanguage\":\"pt-BR\",\"@id\":\"https:\/\/www.encontracentroriodejaneiro.com.br\/noticias\/#\/schema\/person\/image\/\",\"url\":\"https:\/\/secure.gravatar.com\/avatar\/507340682b8270222e1f208e23198b6ae7e2c6a1033ae84e99bc6bce4f82a387?s=96&d=mm&r=g\",\"contentUrl\":\"https:\/\/secure.gravatar.com\/avatar\/507340682b8270222e1f208e23198b6ae7e2c6a1033ae84e99bc6bce4f82a387?s=96&d=mm&r=g\",\"caption\":\"Encontra Centro RJ\"},\"sameAs\":[\"http:\/\/www.encontracentroriodejaneiro.com.br\"],\"url\":\"https:\/\/www.encontracentroriodejaneiro.com.br\/noticias\/author\/ecentroriodejaneiro\/\"}]}<\/script>\n<!-- \/ Yoast SEO plugin. -->","yoast_head_json":{"title":"Diversos \u00f4nibus para a Cidade do Rock sair\u00e3o do Centro do RJ - Not\u00edcias do Bairro Centro RJ","robots":{"index":"index","follow":"follow","max-snippet":"max-snippet:-1","max-image-preview":"max-image-preview:large","max-video-preview":"max-video-preview:-1"},"canonical":"https:\/\/www.encontracentroriodejaneiro.com.br\/noticias\/diversos-onibus-para-a-cidade-do-rock-sairao-do-centro-do-rj\/","og_locale":"pt_BR","og_type":"article","og_title":"Diversos \u00f4nibus para a Cidade do Rock sair\u00e3o do Centro do RJ - Not\u00edcias do Bairro Centro RJ","og_description":"Para a realiza\u00e7\u00e3o do Rock in Rio ser\u00e3o fechadas as principais vias do entorno da Cidade do Rock: Avenida Salvador Allende, Avenida Embaixador Abelardo Bueno, Avenida Olof Palme, Rua Abrah\u00e3o Jabour e Rua Pedro Calmon a partir do dia 13 de setembro. As interdi\u00e7\u00f5es come\u00e7am \u00e0s 11h, uma hora antes do hor\u00e1rio de 2011, e [&hellip;]","og_url":"https:\/\/www.encontracentroriodejaneiro.com.br\/noticias\/diversos-onibus-para-a-cidade-do-rock-sairao-do-centro-do-rj\/","og_site_name":"Not\u00edcias do Bairro Centro RJ","article_published_time":"2013-09-13T17:47:35+00:00","author":"Encontra Centro RJ","twitter_card":"summary_large_image","twitter_misc":{"Escrito por":"Encontra Centro RJ","Est. tempo de leitura":"3 minutos"},"schema":{"@context":"https:\/\/schema.org","@graph":[{"@type":"WebPage","@id":"https:\/\/www.encontracentroriodejaneiro.com.br\/noticias\/diversos-onibus-para-a-cidade-do-rock-sairao-do-centro-do-rj\/","url":"https:\/\/www.encontracentroriodejaneiro.com.br\/noticias\/diversos-onibus-para-a-cidade-do-rock-sairao-do-centro-do-rj\/","name":"Diversos \u00f4nibus para a Cidade do Rock sair\u00e3o do Centro do RJ - Not\u00edcias do Bairro Centro RJ","isPartOf":{"@id":"https:\/\/www.encontracentroriodejaneiro.com.br\/noticias\/#website"},"datePublished":"2013-09-13T17:47:35+00:00","author":{"@id":"https:\/\/www.encontracentroriodejaneiro.com.br\/noticias\/#\/schema\/person\/d3a6c0305ffb5ffec8e9c6aefa0cbbce"},"breadcrumb":{"@id":"https:\/\/www.encontracentroriodejaneiro.com.br\/noticias\/diversos-onibus-para-a-cidade-do-rock-sairao-do-centro-do-rj\/#breadcrumb"},"inLanguage":"pt-BR","potentialAction":[{"@type":"ReadAction","target":["https:\/\/www.encontracentroriodejaneiro.com.br\/noticias\/diversos-onibus-para-a-cidade-do-rock-sairao-do-centro-do-rj\/"]}]},{"@type":"BreadcrumbList","@id":"https:\/\/www.encontracentroriodejaneiro.com.br\/noticias\/diversos-onibus-para-a-cidade-do-rock-sairao-do-centro-do-rj\/#breadcrumb","itemListElement":[{"@type":"ListItem","position":1,"name":"In\u00edcio","item":"https:\/\/www.encontracentroriodejaneiro.com.br\/noticias\/"},{"@type":"ListItem","position":2,"name":"Diversos \u00f4nibus para a Cidade do Rock sair\u00e3o do Centro do RJ"}]},{"@type":"WebSite","@id":"https:\/\/www.encontracentroriodejaneiro.com.br\/noticias\/#website","url":"https:\/\/www.encontracentroriodejaneiro.com.br\/noticias\/","name":"Not\u00edcias do Bairro Centro RJ","description":"Not\u00edcias, eventos, informa\u00e7\u00f5es e dicas no Bairro Centro RJ e regi\u00e3o","potentialAction":[{"@type":"SearchAction","target":{"@type":"EntryPoint","urlTemplate":"https:\/\/www.encontracentroriodejaneiro.com.br\/noticias\/?s={search_term_string}"},"query-input":{"@type":"PropertyValueSpecification","valueRequired":true,"valueName":"search_term_string"}}],"inLanguage":"pt-BR"},{"@type":"Person","@id":"https:\/\/www.encontracentroriodejaneiro.com.br\/noticias\/#\/schema\/person\/d3a6c0305ffb5ffec8e9c6aefa0cbbce","name":"Encontra Centro RJ","image":{"@type":"ImageObject","inLanguage":"pt-BR","@id":"https:\/\/www.encontracentroriodejaneiro.com.br\/noticias\/#\/schema\/person\/image\/","url":"https:\/\/secure.gravatar.com\/avatar\/507340682b8270222e1f208e23198b6ae7e2c6a1033ae84e99bc6bce4f82a387?s=96&d=mm&r=g","contentUrl":"https:\/\/secure.gravatar.com\/avatar\/507340682b8270222e1f208e23198b6ae7e2c6a1033ae84e99bc6bce4f82a387?s=96&d=mm&r=g","caption":"Encontra Centro RJ"},"sameAs":["http:\/\/www.encontracentroriodejaneiro.com.br"],"url":"https:\/\/www.encontracentroriodejaneiro.com.br\/noticias\/author\/ecentroriodejaneiro\/"}]}},"_links":{"self":[{"href":"https:\/\/www.encontracentroriodejaneiro.com.br\/noticias\/wp-json\/wp\/v2\/posts\/1248","targetHints":{"allow":["GET"]}}],"collection":[{"href":"https:\/\/www.encontracentroriodejaneiro.com.br\/noticias\/wp-json\/wp\/v2\/posts"}],"about":[{"href":"https:\/\/www.encontracentroriodejaneiro.com.br\/noticias\/wp-json\/wp\/v2\/types\/post"}],"author":[{"embeddable":true,"href":"https:\/\/www.encontracentroriodejaneiro.com.br\/noticias\/wp-json\/wp\/v2\/users\/1"}],"replies":[{"embeddable":true,"href":"https:\/\/www.encontracentroriodejaneiro.com.br\/noticias\/wp-json\/wp\/v2\/comments?post=1248"}],"version-history":[{"count":1,"href":"https:\/\/www.encontracentroriodejaneiro.com.br\/noticias\/wp-json\/wp\/v2\/posts\/1248\/revisions"}],"predecessor-version":[{"id":1249,"href":"https:\/\/www.encontracentroriodejaneiro.com.br\/noticias\/wp-json\/wp\/v2\/posts\/1248\/revisions\/1249"}],"wp:attachment":[{"href":"https:\/\/www.encontracentroriodejaneiro.com.br\/noticias\/wp-json\/wp\/v2\/media?parent=1248"}],"wp:term":[{"taxonomy":"category","embeddable":true,"href":"https:\/\/www.encontracentroriodejaneiro.com.br\/noticias\/wp-json\/wp\/v2\/categories?post=1248"},{"taxonomy":"post_tag","embeddable":true,"href":"https:\/\/www.encontracentroriodejaneiro.com.br\/noticias\/wp-json\/wp\/v2\/tags?post=1248"}],"curies":[{"name":"wp","href":"https:\/\/api.w.org\/{rel}","templated":true}]}}