{"id":1262,"date":"2013-10-21T10:05:55","date_gmt":"2013-10-21T12:05:55","guid":{"rendered":"http:\/\/www.encontracentroriodejaneiro.com.br\/noticias\/?p=1262"},"modified":"2013-10-21T10:06:15","modified_gmt":"2013-10-21T12:06:15","slug":"cantora-martnalia-se-apresenta-no-centro-do-rio","status":"publish","type":"post","link":"https:\/\/www.encontracentroriodejaneiro.com.br\/noticias\/cantora-martnalia-se-apresenta-no-centro-do-rio\/","title":{"rendered":"Cantora Mart&#8217;n\u00e1lia se apresenta no Centro do Rio"},"content":{"rendered":"<p>A cantora\u00a0Mart&#8217;n\u00e1lia\u00a0apresenta-se na quinta e sexta-feira, 24 e 25 de outubro, no Teatro Rival.<\/p>\n<p>O show faz parte da turn\u00ea &#8220;N\u00e3o tente compreender&#8221;.<\/p>\n<p>No CD a artista experimentou uma nova instrumenta\u00e7\u00e3o com o aux\u00edlio precioso da dire\u00e7\u00e3o e produ\u00e7\u00e3o musical de Djavan, que arregimentou novos m\u00fasicos e emprestou um pouco do seu groove ao estilo caracter\u00edstico da artista, que transita pelo samba, o pop e a MPB.<\/p>\n<p><strong>INFORMA\u00c7\u00d5ES DO EVENTO<\/strong><\/p>\n<p>Data(s): 24 e 25 de outubro de 2013.<br \/>\nHor\u00e1rio(s): Quinta e Sexta, 19:30<br \/>\nPre\u00e7o(s): R$ 40 a R$ 80<br \/>\nOnde: Teatro Rival Petrobras<br \/>\nRua \u00c1lvaro Alvim, 33 \/ 37, Pr\u00f3ximo \u00e0 C\u00e2mara dos Vereadores &#8211; Centro<\/p>\n","protected":false},"excerpt":{"rendered":"<p>A cantora\u00a0Mart&#8217;n\u00e1lia\u00a0apresenta-se na quinta e sexta-feira, 24 e 25 de outubro, no Teatro Rival. O show faz parte da turn\u00ea &#8220;N\u00e3o tente compreender&#8221;. No CD a artista experimentou uma nova instrumenta\u00e7\u00e3o com o aux\u00edlio precioso da dire\u00e7\u00e3o e produ\u00e7\u00e3o musical de Djavan, que arregimentou novos m\u00fasicos e emprestou um pouco do seu groove ao estilo [&hellip;]<\/p>\n","protected":false},"author":1,"featured_media":0,"comment_status":"open","ping_status":"open","sticky":false,"template":"","format":"standard","meta":{"footnotes":""},"categories":[6],"tags":[],"class_list":["post-1262","post","type-post","status-publish","format-standard","hentry","category-noticias"],"yoast_head":"<!-- This site is optimized with the Yoast SEO plugin v25.9 - https:\/\/yoast.com\/wordpress\/plugins\/seo\/ -->\n<title>Cantora Mart&#039;n\u00e1lia se apresenta no Centro do Rio - Not\u00edcias do Bairro Centro RJ<\/title>\n<meta name=\"robots\" content=\"index, follow, max-snippet:-1, max-image-preview:large, max-video-preview:-1\" \/>\n<link rel=\"canonical\" href=\"https:\/\/www.encontracentroriodejaneiro.com.br\/noticias\/cantora-martnalia-se-apresenta-no-centro-do-rio\/\" \/>\n<meta property=\"og:locale\" content=\"pt_BR\" \/>\n<meta property=\"og:type\" content=\"article\" \/>\n<meta property=\"og:title\" content=\"Cantora Mart&#039;n\u00e1lia se apresenta no Centro do Rio - Not\u00edcias do Bairro Centro RJ\" \/>\n<meta property=\"og:description\" content=\"A cantora\u00a0Mart&#8217;n\u00e1lia\u00a0apresenta-se na quinta e sexta-feira, 24 e 25 de outubro, no Teatro Rival. O show faz parte da turn\u00ea &#8220;N\u00e3o tente compreender&#8221;. No CD a artista experimentou uma nova instrumenta\u00e7\u00e3o com o aux\u00edlio precioso da dire\u00e7\u00e3o e produ\u00e7\u00e3o musical de Djavan, que arregimentou novos m\u00fasicos e emprestou um pouco do seu groove ao estilo [&hellip;]\" \/>\n<meta property=\"og:url\" content=\"https:\/\/www.encontracentroriodejaneiro.com.br\/noticias\/cantora-martnalia-se-apresenta-no-centro-do-rio\/\" \/>\n<meta property=\"og:site_name\" content=\"Not\u00edcias do Bairro Centro RJ\" \/>\n<meta property=\"article:published_time\" content=\"2013-10-21T12:05:55+00:00\" \/>\n<meta property=\"article:modified_time\" content=\"2013-10-21T12:06:15+00:00\" \/>\n<meta name=\"author\" content=\"Encontra Centro RJ\" \/>\n<meta name=\"twitter:card\" content=\"summary_large_image\" \/>\n<meta name=\"twitter:label1\" content=\"Escrito por\" \/>\n\t<meta name=\"twitter:data1\" content=\"Encontra Centro RJ\" \/>\n\t<meta name=\"twitter:label2\" content=\"Est. tempo de leitura\" \/>\n\t<meta name=\"twitter:data2\" content=\"1 minuto\" \/>\n<script type=\"application\/ld+json\" class=\"yoast-schema-graph\">{\"@context\":\"https:\/\/schema.org\",\"@graph\":[{\"@type\":\"WebPage\",\"@id\":\"https:\/\/www.encontracentroriodejaneiro.com.br\/noticias\/cantora-martnalia-se-apresenta-no-centro-do-rio\/\",\"url\":\"https:\/\/www.encontracentroriodejaneiro.com.br\/noticias\/cantora-martnalia-se-apresenta-no-centro-do-rio\/\",\"name\":\"Cantora Mart'n\u00e1lia se apresenta no Centro do Rio - Not\u00edcias do Bairro Centro RJ\",\"isPartOf\":{\"@id\":\"https:\/\/www.encontracentroriodejaneiro.com.br\/noticias\/#website\"},\"datePublished\":\"2013-10-21T12:05:55+00:00\",\"dateModified\":\"2013-10-21T12:06:15+00:00\",\"author\":{\"@id\":\"https:\/\/www.encontracentroriodejaneiro.com.br\/noticias\/#\/schema\/person\/d3a6c0305ffb5ffec8e9c6aefa0cbbce\"},\"breadcrumb\":{\"@id\":\"https:\/\/www.encontracentroriodejaneiro.com.br\/noticias\/cantora-martnalia-se-apresenta-no-centro-do-rio\/#breadcrumb\"},\"inLanguage\":\"pt-BR\",\"potentialAction\":[{\"@type\":\"ReadAction\",\"target\":[\"https:\/\/www.encontracentroriodejaneiro.com.br\/noticias\/cantora-martnalia-se-apresenta-no-centro-do-rio\/\"]}]},{\"@type\":\"BreadcrumbList\",\"@id\":\"https:\/\/www.encontracentroriodejaneiro.com.br\/noticias\/cantora-martnalia-se-apresenta-no-centro-do-rio\/#breadcrumb\",\"itemListElement\":[{\"@type\":\"ListItem\",\"position\":1,\"name\":\"In\u00edcio\",\"item\":\"https:\/\/www.encontracentroriodejaneiro.com.br\/noticias\/\"},{\"@type\":\"ListItem\",\"position\":2,\"name\":\"Cantora Mart&#8217;n\u00e1lia se apresenta no Centro do Rio\"}]},{\"@type\":\"WebSite\",\"@id\":\"https:\/\/www.encontracentroriodejaneiro.com.br\/noticias\/#website\",\"url\":\"https:\/\/www.encontracentroriodejaneiro.com.br\/noticias\/\",\"name\":\"Not\u00edcias do Bairro Centro RJ\",\"description\":\"Not\u00edcias, eventos, informa\u00e7\u00f5es e dicas no Bairro Centro RJ e regi\u00e3o\",\"potentialAction\":[{\"@type\":\"SearchAction\",\"target\":{\"@type\":\"EntryPoint\",\"urlTemplate\":\"https:\/\/www.encontracentroriodejaneiro.com.br\/noticias\/?s={search_term_string}\"},\"query-input\":{\"@type\":\"PropertyValueSpecification\",\"valueRequired\":true,\"valueName\":\"search_term_string\"}}],\"inLanguage\":\"pt-BR\"},{\"@type\":\"Person\",\"@id\":\"https:\/\/www.encontracentroriodejaneiro.com.br\/noticias\/#\/schema\/person\/d3a6c0305ffb5ffec8e9c6aefa0cbbce\",\"name\":\"Encontra Centro RJ\",\"image\":{\"@type\":\"ImageObject\",\"inLanguage\":\"pt-BR\",\"@id\":\"https:\/\/www.encontracentroriodejaneiro.com.br\/noticias\/#\/schema\/person\/image\/\",\"url\":\"https:\/\/secure.gravatar.com\/avatar\/507340682b8270222e1f208e23198b6ae7e2c6a1033ae84e99bc6bce4f82a387?s=96&d=mm&r=g\",\"contentUrl\":\"https:\/\/secure.gravatar.com\/avatar\/507340682b8270222e1f208e23198b6ae7e2c6a1033ae84e99bc6bce4f82a387?s=96&d=mm&r=g\",\"caption\":\"Encontra Centro RJ\"},\"sameAs\":[\"http:\/\/www.encontracentroriodejaneiro.com.br\"],\"url\":\"https:\/\/www.encontracentroriodejaneiro.com.br\/noticias\/author\/ecentroriodejaneiro\/\"}]}<\/script>\n<!-- \/ Yoast SEO plugin. -->","yoast_head_json":{"title":"Cantora Mart'n\u00e1lia se apresenta no Centro do Rio - Not\u00edcias do Bairro Centro RJ","robots":{"index":"index","follow":"follow","max-snippet":"max-snippet:-1","max-image-preview":"max-image-preview:large","max-video-preview":"max-video-preview:-1"},"canonical":"https:\/\/www.encontracentroriodejaneiro.com.br\/noticias\/cantora-martnalia-se-apresenta-no-centro-do-rio\/","og_locale":"pt_BR","og_type":"article","og_title":"Cantora Mart'n\u00e1lia se apresenta no Centro do Rio - Not\u00edcias do Bairro Centro RJ","og_description":"A cantora\u00a0Mart&#8217;n\u00e1lia\u00a0apresenta-se na quinta e sexta-feira, 24 e 25 de outubro, no Teatro Rival. O show faz parte da turn\u00ea &#8220;N\u00e3o tente compreender&#8221;. No CD a artista experimentou uma nova instrumenta\u00e7\u00e3o com o aux\u00edlio precioso da dire\u00e7\u00e3o e produ\u00e7\u00e3o musical de Djavan, que arregimentou novos m\u00fasicos e emprestou um pouco do seu groove ao estilo [&hellip;]","og_url":"https:\/\/www.encontracentroriodejaneiro.com.br\/noticias\/cantora-martnalia-se-apresenta-no-centro-do-rio\/","og_site_name":"Not\u00edcias do Bairro Centro RJ","article_published_time":"2013-10-21T12:05:55+00:00","article_modified_time":"2013-10-21T12:06:15+00:00","author":"Encontra Centro RJ","twitter_card":"summary_large_image","twitter_misc":{"Escrito por":"Encontra Centro RJ","Est. tempo de leitura":"1 minuto"},"schema":{"@context":"https:\/\/schema.org","@graph":[{"@type":"WebPage","@id":"https:\/\/www.encontracentroriodejaneiro.com.br\/noticias\/cantora-martnalia-se-apresenta-no-centro-do-rio\/","url":"https:\/\/www.encontracentroriodejaneiro.com.br\/noticias\/cantora-martnalia-se-apresenta-no-centro-do-rio\/","name":"Cantora Mart'n\u00e1lia se apresenta no Centro do Rio - Not\u00edcias do Bairro Centro RJ","isPartOf":{"@id":"https:\/\/www.encontracentroriodejaneiro.com.br\/noticias\/#website"},"datePublished":"2013-10-21T12:05:55+00:00","dateModified":"2013-10-21T12:06:15+00:00","author":{"@id":"https:\/\/www.encontracentroriodejaneiro.com.br\/noticias\/#\/schema\/person\/d3a6c0305ffb5ffec8e9c6aefa0cbbce"},"breadcrumb":{"@id":"https:\/\/www.encontracentroriodejaneiro.com.br\/noticias\/cantora-martnalia-se-apresenta-no-centro-do-rio\/#breadcrumb"},"inLanguage":"pt-BR","potentialAction":[{"@type":"ReadAction","target":["https:\/\/www.encontracentroriodejaneiro.com.br\/noticias\/cantora-martnalia-se-apresenta-no-centro-do-rio\/"]}]},{"@type":"BreadcrumbList","@id":"https:\/\/www.encontracentroriodejaneiro.com.br\/noticias\/cantora-martnalia-se-apresenta-no-centro-do-rio\/#breadcrumb","itemListElement":[{"@type":"ListItem","position":1,"name":"In\u00edcio","item":"https:\/\/www.encontracentroriodejaneiro.com.br\/noticias\/"},{"@type":"ListItem","position":2,"name":"Cantora Mart&#8217;n\u00e1lia se apresenta no Centro do Rio"}]},{"@type":"WebSite","@id":"https:\/\/www.encontracentroriodejaneiro.com.br\/noticias\/#website","url":"https:\/\/www.encontracentroriodejaneiro.com.br\/noticias\/","name":"Not\u00edcias do Bairro Centro RJ","description":"Not\u00edcias, eventos, informa\u00e7\u00f5es e dicas no Bairro Centro RJ e regi\u00e3o","potentialAction":[{"@type":"SearchAction","target":{"@type":"EntryPoint","urlTemplate":"https:\/\/www.encontracentroriodejaneiro.com.br\/noticias\/?s={search_term_string}"},"query-input":{"@type":"PropertyValueSpecification","valueRequired":true,"valueName":"search_term_string"}}],"inLanguage":"pt-BR"},{"@type":"Person","@id":"https:\/\/www.encontracentroriodejaneiro.com.br\/noticias\/#\/schema\/person\/d3a6c0305ffb5ffec8e9c6aefa0cbbce","name":"Encontra Centro RJ","image":{"@type":"ImageObject","inLanguage":"pt-BR","@id":"https:\/\/www.encontracentroriodejaneiro.com.br\/noticias\/#\/schema\/person\/image\/","url":"https:\/\/secure.gravatar.com\/avatar\/507340682b8270222e1f208e23198b6ae7e2c6a1033ae84e99bc6bce4f82a387?s=96&d=mm&r=g","contentUrl":"https:\/\/secure.gravatar.com\/avatar\/507340682b8270222e1f208e23198b6ae7e2c6a1033ae84e99bc6bce4f82a387?s=96&d=mm&r=g","caption":"Encontra Centro RJ"},"sameAs":["http:\/\/www.encontracentroriodejaneiro.com.br"],"url":"https:\/\/www.encontracentroriodejaneiro.com.br\/noticias\/author\/ecentroriodejaneiro\/"}]}},"_links":{"self":[{"href":"https:\/\/www.encontracentroriodejaneiro.com.br\/noticias\/wp-json\/wp\/v2\/posts\/1262","targetHints":{"allow":["GET"]}}],"collection":[{"href":"https:\/\/www.encontracentroriodejaneiro.com.br\/noticias\/wp-json\/wp\/v2\/posts"}],"about":[{"href":"https:\/\/www.encontracentroriodejaneiro.com.br\/noticias\/wp-json\/wp\/v2\/types\/post"}],"author":[{"embeddable":true,"href":"https:\/\/www.encontracentroriodejaneiro.com.br\/noticias\/wp-json\/wp\/v2\/users\/1"}],"replies":[{"embeddable":true,"href":"https:\/\/www.encontracentroriodejaneiro.com.br\/noticias\/wp-json\/wp\/v2\/comments?post=1262"}],"version-history":[{"count":2,"href":"https:\/\/www.encontracentroriodejaneiro.com.br\/noticias\/wp-json\/wp\/v2\/posts\/1262\/revisions"}],"predecessor-version":[{"id":1264,"href":"https:\/\/www.encontracentroriodejaneiro.com.br\/noticias\/wp-json\/wp\/v2\/posts\/1262\/revisions\/1264"}],"wp:attachment":[{"href":"https:\/\/www.encontracentroriodejaneiro.com.br\/noticias\/wp-json\/wp\/v2\/media?parent=1262"}],"wp:term":[{"taxonomy":"category","embeddable":true,"href":"https:\/\/www.encontracentroriodejaneiro.com.br\/noticias\/wp-json\/wp\/v2\/categories?post=1262"},{"taxonomy":"post_tag","embeddable":true,"href":"https:\/\/www.encontracentroriodejaneiro.com.br\/noticias\/wp-json\/wp\/v2\/tags?post=1262"}],"curies":[{"name":"wp","href":"https:\/\/api.w.org\/{rel}","templated":true}]}}