{"id":1268,"date":"2013-11-04T10:27:19","date_gmt":"2013-11-04T12:27:19","guid":{"rendered":"http:\/\/www.encontracentroriodejaneiro.com.br\/noticias\/?p=1268"},"modified":"2013-11-04T10:27:19","modified_gmt":"2013-11-04T12:27:19","slug":"centro-do-rio-recebe-exposicao-john-graz-viajante","status":"publish","type":"post","link":"https:\/\/www.encontracentroriodejaneiro.com.br\/noticias\/centro-do-rio-recebe-exposicao-john-graz-viajante\/","title":{"rendered":"Centro do Rio recebe exposi\u00e7\u00e3o John Graz, Viajante"},"content":{"rendered":"<div>\n<p>O Instituto John Graz, em parceria com o Centro Cultural Correios\u00a0apresenta a exposi\u00e7\u00e3o John Graz, Viajante, com obras in\u00e9ditas de um dos mais importantes pintores modernistas do Brasil.<\/p>\n<p>Nascido em Genebra em 1891, desde a d\u00e9cada de 1920, John Louis Graz \u00e9 radicado no Brasil, quando se casou com a artista pl\u00e1stica e decoradora Regina Gomide, e se estabeleceu em S\u00e3o Paulo, onde viveu a maior parte da vida, at\u00e9 falecer em 1980.<\/p>\n<p>Exp\u00f4s sete quadros na Semana de Arte Moderna de 1922, ao lado de Di Cavalcanti, Anita Malfatti, entre outros, tornando-se um dos principais representantes do modernismo brasileiro e contribuindo decisivamente para a renova\u00e7\u00e3o da pintura brasileira, a partir dos conhecimentos vivenciados da vanguarda europ\u00e9ia.<\/p>\n<p>Na exposi\u00e7\u00e3o, s\u00e3o ao todo 150 pe\u00e7as, selecionadas do acervo do Instituto John Graz.\u00a0Com entrada franca, a mostra John Graz, Viajante apresenta uma sele\u00e7\u00e3o de desenhos \u00e0 guache, estudos em grafite, pinturas e outras pe\u00e7as desse artista su\u00ed\u00e7o, encantado com o universo de luzes e cores brasileira.<\/p>\n<p><strong>INFORMA\u00c7\u00d5ES DO EVENTO<\/strong><\/p>\n<p>Data(s): at\u00e9 24 de novembro de 2013<br \/>\nHor\u00e1rio(s): Ter\u00e7a-feira a Domingo, 12h \u00e0s 19h<br \/>\nPre\u00e7o(s): Gr\u00e1tis<br \/>\nOnde: Centro Cultural Correios<br \/>\nEndere\u00e7o: Rua Visconde de Itabora\u00ed, 20 &#8211; Centro do Rio de Janeiro<\/p>\n<\/div>\n","protected":false},"excerpt":{"rendered":"<p>O Instituto John Graz, em parceria com o Centro Cultural Correios\u00a0apresenta a exposi\u00e7\u00e3o John Graz, Viajante, com obras in\u00e9ditas de um dos mais importantes pintores modernistas do Brasil. Nascido em Genebra em 1891, desde a d\u00e9cada de 1920, John Louis Graz \u00e9 radicado no Brasil, quando se casou com a artista pl\u00e1stica e decoradora Regina [&hellip;]<\/p>\n","protected":false},"author":1,"featured_media":0,"comment_status":"open","ping_status":"open","sticky":false,"template":"","format":"standard","meta":{"footnotes":""},"categories":[6],"tags":[],"class_list":["post-1268","post","type-post","status-publish","format-standard","hentry","category-noticias"],"yoast_head":"<!-- This site is optimized with the Yoast SEO plugin v25.9 - https:\/\/yoast.com\/wordpress\/plugins\/seo\/ -->\n<title>Centro do Rio recebe exposi\u00e7\u00e3o John Graz, Viajante - Not\u00edcias do Bairro Centro RJ<\/title>\n<meta name=\"robots\" content=\"index, follow, max-snippet:-1, max-image-preview:large, max-video-preview:-1\" \/>\n<link rel=\"canonical\" href=\"https:\/\/www.encontracentroriodejaneiro.com.br\/noticias\/centro-do-rio-recebe-exposicao-john-graz-viajante\/\" \/>\n<meta property=\"og:locale\" content=\"pt_BR\" \/>\n<meta property=\"og:type\" content=\"article\" \/>\n<meta property=\"og:title\" content=\"Centro do Rio recebe exposi\u00e7\u00e3o John Graz, Viajante - Not\u00edcias do Bairro Centro RJ\" \/>\n<meta property=\"og:description\" content=\"O Instituto John Graz, em parceria com o Centro Cultural Correios\u00a0apresenta a exposi\u00e7\u00e3o John Graz, Viajante, com obras in\u00e9ditas de um dos mais importantes pintores modernistas do Brasil. Nascido em Genebra em 1891, desde a d\u00e9cada de 1920, John Louis Graz \u00e9 radicado no Brasil, quando se casou com a artista pl\u00e1stica e decoradora Regina [&hellip;]\" \/>\n<meta property=\"og:url\" content=\"https:\/\/www.encontracentroriodejaneiro.com.br\/noticias\/centro-do-rio-recebe-exposicao-john-graz-viajante\/\" \/>\n<meta property=\"og:site_name\" content=\"Not\u00edcias do Bairro Centro RJ\" \/>\n<meta property=\"article:published_time\" content=\"2013-11-04T12:27:19+00:00\" \/>\n<meta name=\"author\" content=\"Encontra Centro RJ\" \/>\n<meta name=\"twitter:card\" content=\"summary_large_image\" \/>\n<meta name=\"twitter:label1\" content=\"Escrito por\" \/>\n\t<meta name=\"twitter:data1\" content=\"Encontra Centro RJ\" \/>\n\t<meta name=\"twitter:label2\" content=\"Est. tempo de leitura\" \/>\n\t<meta name=\"twitter:data2\" content=\"1 minuto\" \/>\n<script type=\"application\/ld+json\" class=\"yoast-schema-graph\">{\"@context\":\"https:\/\/schema.org\",\"@graph\":[{\"@type\":\"WebPage\",\"@id\":\"https:\/\/www.encontracentroriodejaneiro.com.br\/noticias\/centro-do-rio-recebe-exposicao-john-graz-viajante\/\",\"url\":\"https:\/\/www.encontracentroriodejaneiro.com.br\/noticias\/centro-do-rio-recebe-exposicao-john-graz-viajante\/\",\"name\":\"Centro do Rio recebe exposi\u00e7\u00e3o John Graz, Viajante - Not\u00edcias do Bairro Centro RJ\",\"isPartOf\":{\"@id\":\"https:\/\/www.encontracentroriodejaneiro.com.br\/noticias\/#website\"},\"datePublished\":\"2013-11-04T12:27:19+00:00\",\"author\":{\"@id\":\"https:\/\/www.encontracentroriodejaneiro.com.br\/noticias\/#\/schema\/person\/d3a6c0305ffb5ffec8e9c6aefa0cbbce\"},\"breadcrumb\":{\"@id\":\"https:\/\/www.encontracentroriodejaneiro.com.br\/noticias\/centro-do-rio-recebe-exposicao-john-graz-viajante\/#breadcrumb\"},\"inLanguage\":\"pt-BR\",\"potentialAction\":[{\"@type\":\"ReadAction\",\"target\":[\"https:\/\/www.encontracentroriodejaneiro.com.br\/noticias\/centro-do-rio-recebe-exposicao-john-graz-viajante\/\"]}]},{\"@type\":\"BreadcrumbList\",\"@id\":\"https:\/\/www.encontracentroriodejaneiro.com.br\/noticias\/centro-do-rio-recebe-exposicao-john-graz-viajante\/#breadcrumb\",\"itemListElement\":[{\"@type\":\"ListItem\",\"position\":1,\"name\":\"In\u00edcio\",\"item\":\"https:\/\/www.encontracentroriodejaneiro.com.br\/noticias\/\"},{\"@type\":\"ListItem\",\"position\":2,\"name\":\"Centro do Rio recebe exposi\u00e7\u00e3o John Graz, Viajante\"}]},{\"@type\":\"WebSite\",\"@id\":\"https:\/\/www.encontracentroriodejaneiro.com.br\/noticias\/#website\",\"url\":\"https:\/\/www.encontracentroriodejaneiro.com.br\/noticias\/\",\"name\":\"Not\u00edcias do Bairro Centro RJ\",\"description\":\"Not\u00edcias, eventos, informa\u00e7\u00f5es e dicas no Bairro Centro RJ e regi\u00e3o\",\"potentialAction\":[{\"@type\":\"SearchAction\",\"target\":{\"@type\":\"EntryPoint\",\"urlTemplate\":\"https:\/\/www.encontracentroriodejaneiro.com.br\/noticias\/?s={search_term_string}\"},\"query-input\":{\"@type\":\"PropertyValueSpecification\",\"valueRequired\":true,\"valueName\":\"search_term_string\"}}],\"inLanguage\":\"pt-BR\"},{\"@type\":\"Person\",\"@id\":\"https:\/\/www.encontracentroriodejaneiro.com.br\/noticias\/#\/schema\/person\/d3a6c0305ffb5ffec8e9c6aefa0cbbce\",\"name\":\"Encontra Centro RJ\",\"image\":{\"@type\":\"ImageObject\",\"inLanguage\":\"pt-BR\",\"@id\":\"https:\/\/www.encontracentroriodejaneiro.com.br\/noticias\/#\/schema\/person\/image\/\",\"url\":\"https:\/\/secure.gravatar.com\/avatar\/507340682b8270222e1f208e23198b6ae7e2c6a1033ae84e99bc6bce4f82a387?s=96&d=mm&r=g\",\"contentUrl\":\"https:\/\/secure.gravatar.com\/avatar\/507340682b8270222e1f208e23198b6ae7e2c6a1033ae84e99bc6bce4f82a387?s=96&d=mm&r=g\",\"caption\":\"Encontra Centro RJ\"},\"sameAs\":[\"http:\/\/www.encontracentroriodejaneiro.com.br\"],\"url\":\"https:\/\/www.encontracentroriodejaneiro.com.br\/noticias\/author\/ecentroriodejaneiro\/\"}]}<\/script>\n<!-- \/ Yoast SEO plugin. -->","yoast_head_json":{"title":"Centro do Rio recebe exposi\u00e7\u00e3o John Graz, Viajante - Not\u00edcias do Bairro Centro RJ","robots":{"index":"index","follow":"follow","max-snippet":"max-snippet:-1","max-image-preview":"max-image-preview:large","max-video-preview":"max-video-preview:-1"},"canonical":"https:\/\/www.encontracentroriodejaneiro.com.br\/noticias\/centro-do-rio-recebe-exposicao-john-graz-viajante\/","og_locale":"pt_BR","og_type":"article","og_title":"Centro do Rio recebe exposi\u00e7\u00e3o John Graz, Viajante - Not\u00edcias do Bairro Centro RJ","og_description":"O Instituto John Graz, em parceria com o Centro Cultural Correios\u00a0apresenta a exposi\u00e7\u00e3o John Graz, Viajante, com obras in\u00e9ditas de um dos mais importantes pintores modernistas do Brasil. Nascido em Genebra em 1891, desde a d\u00e9cada de 1920, John Louis Graz \u00e9 radicado no Brasil, quando se casou com a artista pl\u00e1stica e decoradora Regina [&hellip;]","og_url":"https:\/\/www.encontracentroriodejaneiro.com.br\/noticias\/centro-do-rio-recebe-exposicao-john-graz-viajante\/","og_site_name":"Not\u00edcias do Bairro Centro RJ","article_published_time":"2013-11-04T12:27:19+00:00","author":"Encontra Centro RJ","twitter_card":"summary_large_image","twitter_misc":{"Escrito por":"Encontra Centro RJ","Est. tempo de leitura":"1 minuto"},"schema":{"@context":"https:\/\/schema.org","@graph":[{"@type":"WebPage","@id":"https:\/\/www.encontracentroriodejaneiro.com.br\/noticias\/centro-do-rio-recebe-exposicao-john-graz-viajante\/","url":"https:\/\/www.encontracentroriodejaneiro.com.br\/noticias\/centro-do-rio-recebe-exposicao-john-graz-viajante\/","name":"Centro do Rio recebe exposi\u00e7\u00e3o John Graz, Viajante - Not\u00edcias do Bairro Centro RJ","isPartOf":{"@id":"https:\/\/www.encontracentroriodejaneiro.com.br\/noticias\/#website"},"datePublished":"2013-11-04T12:27:19+00:00","author":{"@id":"https:\/\/www.encontracentroriodejaneiro.com.br\/noticias\/#\/schema\/person\/d3a6c0305ffb5ffec8e9c6aefa0cbbce"},"breadcrumb":{"@id":"https:\/\/www.encontracentroriodejaneiro.com.br\/noticias\/centro-do-rio-recebe-exposicao-john-graz-viajante\/#breadcrumb"},"inLanguage":"pt-BR","potentialAction":[{"@type":"ReadAction","target":["https:\/\/www.encontracentroriodejaneiro.com.br\/noticias\/centro-do-rio-recebe-exposicao-john-graz-viajante\/"]}]},{"@type":"BreadcrumbList","@id":"https:\/\/www.encontracentroriodejaneiro.com.br\/noticias\/centro-do-rio-recebe-exposicao-john-graz-viajante\/#breadcrumb","itemListElement":[{"@type":"ListItem","position":1,"name":"In\u00edcio","item":"https:\/\/www.encontracentroriodejaneiro.com.br\/noticias\/"},{"@type":"ListItem","position":2,"name":"Centro do Rio recebe exposi\u00e7\u00e3o John Graz, Viajante"}]},{"@type":"WebSite","@id":"https:\/\/www.encontracentroriodejaneiro.com.br\/noticias\/#website","url":"https:\/\/www.encontracentroriodejaneiro.com.br\/noticias\/","name":"Not\u00edcias do Bairro Centro RJ","description":"Not\u00edcias, eventos, informa\u00e7\u00f5es e dicas no Bairro Centro RJ e regi\u00e3o","potentialAction":[{"@type":"SearchAction","target":{"@type":"EntryPoint","urlTemplate":"https:\/\/www.encontracentroriodejaneiro.com.br\/noticias\/?s={search_term_string}"},"query-input":{"@type":"PropertyValueSpecification","valueRequired":true,"valueName":"search_term_string"}}],"inLanguage":"pt-BR"},{"@type":"Person","@id":"https:\/\/www.encontracentroriodejaneiro.com.br\/noticias\/#\/schema\/person\/d3a6c0305ffb5ffec8e9c6aefa0cbbce","name":"Encontra Centro RJ","image":{"@type":"ImageObject","inLanguage":"pt-BR","@id":"https:\/\/www.encontracentroriodejaneiro.com.br\/noticias\/#\/schema\/person\/image\/","url":"https:\/\/secure.gravatar.com\/avatar\/507340682b8270222e1f208e23198b6ae7e2c6a1033ae84e99bc6bce4f82a387?s=96&d=mm&r=g","contentUrl":"https:\/\/secure.gravatar.com\/avatar\/507340682b8270222e1f208e23198b6ae7e2c6a1033ae84e99bc6bce4f82a387?s=96&d=mm&r=g","caption":"Encontra Centro RJ"},"sameAs":["http:\/\/www.encontracentroriodejaneiro.com.br"],"url":"https:\/\/www.encontracentroriodejaneiro.com.br\/noticias\/author\/ecentroriodejaneiro\/"}]}},"_links":{"self":[{"href":"https:\/\/www.encontracentroriodejaneiro.com.br\/noticias\/wp-json\/wp\/v2\/posts\/1268","targetHints":{"allow":["GET"]}}],"collection":[{"href":"https:\/\/www.encontracentroriodejaneiro.com.br\/noticias\/wp-json\/wp\/v2\/posts"}],"about":[{"href":"https:\/\/www.encontracentroriodejaneiro.com.br\/noticias\/wp-json\/wp\/v2\/types\/post"}],"author":[{"embeddable":true,"href":"https:\/\/www.encontracentroriodejaneiro.com.br\/noticias\/wp-json\/wp\/v2\/users\/1"}],"replies":[{"embeddable":true,"href":"https:\/\/www.encontracentroriodejaneiro.com.br\/noticias\/wp-json\/wp\/v2\/comments?post=1268"}],"version-history":[{"count":1,"href":"https:\/\/www.encontracentroriodejaneiro.com.br\/noticias\/wp-json\/wp\/v2\/posts\/1268\/revisions"}],"predecessor-version":[{"id":1269,"href":"https:\/\/www.encontracentroriodejaneiro.com.br\/noticias\/wp-json\/wp\/v2\/posts\/1268\/revisions\/1269"}],"wp:attachment":[{"href":"https:\/\/www.encontracentroriodejaneiro.com.br\/noticias\/wp-json\/wp\/v2\/media?parent=1268"}],"wp:term":[{"taxonomy":"category","embeddable":true,"href":"https:\/\/www.encontracentroriodejaneiro.com.br\/noticias\/wp-json\/wp\/v2\/categories?post=1268"},{"taxonomy":"post_tag","embeddable":true,"href":"https:\/\/www.encontracentroriodejaneiro.com.br\/noticias\/wp-json\/wp\/v2\/tags?post=1268"}],"curies":[{"name":"wp","href":"https:\/\/api.w.org\/{rel}","templated":true}]}}