{"id":1270,"date":"2013-11-13T09:50:22","date_gmt":"2013-11-13T11:50:22","guid":{"rendered":"http:\/\/www.encontracentroriodejaneiro.com.br\/noticias\/?p=1270"},"modified":"2013-11-13T09:50:22","modified_gmt":"2013-11-13T11:50:22","slug":"centro-do-rio-recebe-festival-internacional-tango-brasil","status":"publish","type":"post","link":"https:\/\/www.encontracentroriodejaneiro.com.br\/noticias\/centro-do-rio-recebe-festival-internacional-tango-brasil\/","title":{"rendered":"Centro do Rio recebe Festival Internacional Tango Brasil"},"content":{"rendered":"<p>A Tenda do CCBB recebe at\u00e9 15 de dezembro o Festival Internacional Tango Brasil, com ingressos a R$ 10.<\/p>\n<p>A mostra in\u00e9dita de produ\u00e7\u00f5es de tango da Argentina e do Brasil trar\u00e1 um panorama atual e in\u00e9dito no Rio de Janeiro do ritmo portenho que conquistou o mundo \u2013 do tradicional ao contempor\u00e2neo \u2013 reacendendo, assim, a alma latina carioca, um dos tra\u00e7os do cosmopolitismo da cidade.<\/p>\n<p>O Festival ter\u00e1 cantoras consagradas, como as argentinas Soledad Villamil e Cecilia Stanzione e a brasileiraSoraya Ravenle, al\u00e9m de novos e surpreendentes talentos, como as irm\u00e3s ga\u00fachas Grazie Wirtti e Nina Wirtti.<\/p>\n<p><strong>Confira alguns detalhes da programa\u00e7\u00e3o:<\/strong><\/p>\n<p><strong>15 de novembro<\/strong><br \/>\n21hs \u2013 Noites Dan\u00e7antes com m\u00fasica ao vivo \u2013 Buenos Aires en Rio:\u00a0<i>De Gardel a Piazzolla<\/i><\/p>\n<p><strong>16 e 17 de novembro<\/strong><br \/>\n21hs \u2013 Victor Biglione<\/p>\n<p><strong>22 de novembro<\/strong><br \/>\n18hs &#8211; Palestra musical: o tango, o piano e o bandoneon<\/p>\n<p>21hs \u2013 Noites Dan\u00e7antes com m\u00fasica ao vivo \u2013 Buenos Aires en Rio: Tango Jazz<\/p>\n<p><strong>23 de novembro<\/strong><br \/>\n21hs- Diego Schissi Quinteto<\/p>\n<p><strong>Servi\u00e7o<\/strong><br \/>\nO que: Festival Internacional Tango Brasil<br \/>\nQuando: At\u00e9 15\/12 &#8211; Quintas, Sextas, S\u00e1bados e Domingos das 18:00 \u00e0s 21:00<br \/>\nQuanto: *R$ 10<br \/>\nOnde: Tenda <a title=\"CCBB \" href=\"http:\/\/www.encontracentroriodejaneiro.com.br\/centro-rj\/centro-cultural-banco-do-brasil-no-centro-rj.shtml\" target=\"_blank\">CCBB <\/a><br \/>\nEndere\u00e7o: Rua Visconde de Itabora\u00ed. , s\/n &#8211; Centro &#8211; Centro<\/p>\n","protected":false},"excerpt":{"rendered":"<p>A Tenda do CCBB recebe at\u00e9 15 de dezembro o Festival Internacional Tango Brasil, com ingressos a R$ 10. A mostra in\u00e9dita de produ\u00e7\u00f5es de tango da Argentina e do Brasil trar\u00e1 um panorama atual e in\u00e9dito no Rio de Janeiro do ritmo portenho que conquistou o mundo \u2013 do tradicional ao contempor\u00e2neo \u2013 reacendendo, [&hellip;]<\/p>\n","protected":false},"author":1,"featured_media":0,"comment_status":"open","ping_status":"open","sticky":false,"template":"","format":"standard","meta":{"footnotes":""},"categories":[6],"tags":[],"class_list":["post-1270","post","type-post","status-publish","format-standard","hentry","category-noticias"],"yoast_head":"<!-- This site is optimized with the Yoast SEO plugin v25.9 - https:\/\/yoast.com\/wordpress\/plugins\/seo\/ -->\n<title>Centro do Rio recebe Festival Internacional Tango Brasil - Not\u00edcias do Bairro Centro RJ<\/title>\n<meta name=\"robots\" content=\"index, follow, max-snippet:-1, max-image-preview:large, max-video-preview:-1\" \/>\n<link rel=\"canonical\" href=\"https:\/\/www.encontracentroriodejaneiro.com.br\/noticias\/centro-do-rio-recebe-festival-internacional-tango-brasil\/\" \/>\n<meta property=\"og:locale\" content=\"pt_BR\" \/>\n<meta property=\"og:type\" content=\"article\" \/>\n<meta property=\"og:title\" content=\"Centro do Rio recebe Festival Internacional Tango Brasil - Not\u00edcias do Bairro Centro RJ\" \/>\n<meta property=\"og:description\" content=\"A Tenda do CCBB recebe at\u00e9 15 de dezembro o Festival Internacional Tango Brasil, com ingressos a R$ 10. A mostra in\u00e9dita de produ\u00e7\u00f5es de tango da Argentina e do Brasil trar\u00e1 um panorama atual e in\u00e9dito no Rio de Janeiro do ritmo portenho que conquistou o mundo \u2013 do tradicional ao contempor\u00e2neo \u2013 reacendendo, [&hellip;]\" \/>\n<meta property=\"og:url\" content=\"https:\/\/www.encontracentroriodejaneiro.com.br\/noticias\/centro-do-rio-recebe-festival-internacional-tango-brasil\/\" \/>\n<meta property=\"og:site_name\" content=\"Not\u00edcias do Bairro Centro RJ\" \/>\n<meta property=\"article:published_time\" content=\"2013-11-13T11:50:22+00:00\" \/>\n<meta name=\"author\" content=\"Encontra Centro RJ\" \/>\n<meta name=\"twitter:card\" content=\"summary_large_image\" \/>\n<meta name=\"twitter:label1\" content=\"Escrito por\" \/>\n\t<meta name=\"twitter:data1\" content=\"Encontra Centro RJ\" \/>\n\t<meta name=\"twitter:label2\" content=\"Est. tempo de leitura\" \/>\n\t<meta name=\"twitter:data2\" content=\"1 minuto\" \/>\n<script type=\"application\/ld+json\" class=\"yoast-schema-graph\">{\"@context\":\"https:\/\/schema.org\",\"@graph\":[{\"@type\":\"WebPage\",\"@id\":\"https:\/\/www.encontracentroriodejaneiro.com.br\/noticias\/centro-do-rio-recebe-festival-internacional-tango-brasil\/\",\"url\":\"https:\/\/www.encontracentroriodejaneiro.com.br\/noticias\/centro-do-rio-recebe-festival-internacional-tango-brasil\/\",\"name\":\"Centro do Rio recebe Festival Internacional Tango Brasil - Not\u00edcias do Bairro Centro RJ\",\"isPartOf\":{\"@id\":\"https:\/\/www.encontracentroriodejaneiro.com.br\/noticias\/#website\"},\"datePublished\":\"2013-11-13T11:50:22+00:00\",\"author\":{\"@id\":\"https:\/\/www.encontracentroriodejaneiro.com.br\/noticias\/#\/schema\/person\/d3a6c0305ffb5ffec8e9c6aefa0cbbce\"},\"breadcrumb\":{\"@id\":\"https:\/\/www.encontracentroriodejaneiro.com.br\/noticias\/centro-do-rio-recebe-festival-internacional-tango-brasil\/#breadcrumb\"},\"inLanguage\":\"pt-BR\",\"potentialAction\":[{\"@type\":\"ReadAction\",\"target\":[\"https:\/\/www.encontracentroriodejaneiro.com.br\/noticias\/centro-do-rio-recebe-festival-internacional-tango-brasil\/\"]}]},{\"@type\":\"BreadcrumbList\",\"@id\":\"https:\/\/www.encontracentroriodejaneiro.com.br\/noticias\/centro-do-rio-recebe-festival-internacional-tango-brasil\/#breadcrumb\",\"itemListElement\":[{\"@type\":\"ListItem\",\"position\":1,\"name\":\"In\u00edcio\",\"item\":\"https:\/\/www.encontracentroriodejaneiro.com.br\/noticias\/\"},{\"@type\":\"ListItem\",\"position\":2,\"name\":\"Centro do Rio recebe Festival Internacional Tango Brasil\"}]},{\"@type\":\"WebSite\",\"@id\":\"https:\/\/www.encontracentroriodejaneiro.com.br\/noticias\/#website\",\"url\":\"https:\/\/www.encontracentroriodejaneiro.com.br\/noticias\/\",\"name\":\"Not\u00edcias do Bairro Centro RJ\",\"description\":\"Not\u00edcias, eventos, informa\u00e7\u00f5es e dicas no Bairro Centro RJ e regi\u00e3o\",\"potentialAction\":[{\"@type\":\"SearchAction\",\"target\":{\"@type\":\"EntryPoint\",\"urlTemplate\":\"https:\/\/www.encontracentroriodejaneiro.com.br\/noticias\/?s={search_term_string}\"},\"query-input\":{\"@type\":\"PropertyValueSpecification\",\"valueRequired\":true,\"valueName\":\"search_term_string\"}}],\"inLanguage\":\"pt-BR\"},{\"@type\":\"Person\",\"@id\":\"https:\/\/www.encontracentroriodejaneiro.com.br\/noticias\/#\/schema\/person\/d3a6c0305ffb5ffec8e9c6aefa0cbbce\",\"name\":\"Encontra Centro RJ\",\"image\":{\"@type\":\"ImageObject\",\"inLanguage\":\"pt-BR\",\"@id\":\"https:\/\/www.encontracentroriodejaneiro.com.br\/noticias\/#\/schema\/person\/image\/\",\"url\":\"https:\/\/secure.gravatar.com\/avatar\/507340682b8270222e1f208e23198b6ae7e2c6a1033ae84e99bc6bce4f82a387?s=96&d=mm&r=g\",\"contentUrl\":\"https:\/\/secure.gravatar.com\/avatar\/507340682b8270222e1f208e23198b6ae7e2c6a1033ae84e99bc6bce4f82a387?s=96&d=mm&r=g\",\"caption\":\"Encontra Centro RJ\"},\"sameAs\":[\"http:\/\/www.encontracentroriodejaneiro.com.br\"],\"url\":\"https:\/\/www.encontracentroriodejaneiro.com.br\/noticias\/author\/ecentroriodejaneiro\/\"}]}<\/script>\n<!-- \/ Yoast SEO plugin. -->","yoast_head_json":{"title":"Centro do Rio recebe Festival Internacional Tango Brasil - Not\u00edcias do Bairro Centro RJ","robots":{"index":"index","follow":"follow","max-snippet":"max-snippet:-1","max-image-preview":"max-image-preview:large","max-video-preview":"max-video-preview:-1"},"canonical":"https:\/\/www.encontracentroriodejaneiro.com.br\/noticias\/centro-do-rio-recebe-festival-internacional-tango-brasil\/","og_locale":"pt_BR","og_type":"article","og_title":"Centro do Rio recebe Festival Internacional Tango Brasil - Not\u00edcias do Bairro Centro RJ","og_description":"A Tenda do CCBB recebe at\u00e9 15 de dezembro o Festival Internacional Tango Brasil, com ingressos a R$ 10. A mostra in\u00e9dita de produ\u00e7\u00f5es de tango da Argentina e do Brasil trar\u00e1 um panorama atual e in\u00e9dito no Rio de Janeiro do ritmo portenho que conquistou o mundo \u2013 do tradicional ao contempor\u00e2neo \u2013 reacendendo, [&hellip;]","og_url":"https:\/\/www.encontracentroriodejaneiro.com.br\/noticias\/centro-do-rio-recebe-festival-internacional-tango-brasil\/","og_site_name":"Not\u00edcias do Bairro Centro RJ","article_published_time":"2013-11-13T11:50:22+00:00","author":"Encontra Centro RJ","twitter_card":"summary_large_image","twitter_misc":{"Escrito por":"Encontra Centro RJ","Est. tempo de leitura":"1 minuto"},"schema":{"@context":"https:\/\/schema.org","@graph":[{"@type":"WebPage","@id":"https:\/\/www.encontracentroriodejaneiro.com.br\/noticias\/centro-do-rio-recebe-festival-internacional-tango-brasil\/","url":"https:\/\/www.encontracentroriodejaneiro.com.br\/noticias\/centro-do-rio-recebe-festival-internacional-tango-brasil\/","name":"Centro do Rio recebe Festival Internacional Tango Brasil - Not\u00edcias do Bairro Centro RJ","isPartOf":{"@id":"https:\/\/www.encontracentroriodejaneiro.com.br\/noticias\/#website"},"datePublished":"2013-11-13T11:50:22+00:00","author":{"@id":"https:\/\/www.encontracentroriodejaneiro.com.br\/noticias\/#\/schema\/person\/d3a6c0305ffb5ffec8e9c6aefa0cbbce"},"breadcrumb":{"@id":"https:\/\/www.encontracentroriodejaneiro.com.br\/noticias\/centro-do-rio-recebe-festival-internacional-tango-brasil\/#breadcrumb"},"inLanguage":"pt-BR","potentialAction":[{"@type":"ReadAction","target":["https:\/\/www.encontracentroriodejaneiro.com.br\/noticias\/centro-do-rio-recebe-festival-internacional-tango-brasil\/"]}]},{"@type":"BreadcrumbList","@id":"https:\/\/www.encontracentroriodejaneiro.com.br\/noticias\/centro-do-rio-recebe-festival-internacional-tango-brasil\/#breadcrumb","itemListElement":[{"@type":"ListItem","position":1,"name":"In\u00edcio","item":"https:\/\/www.encontracentroriodejaneiro.com.br\/noticias\/"},{"@type":"ListItem","position":2,"name":"Centro do Rio recebe Festival Internacional Tango Brasil"}]},{"@type":"WebSite","@id":"https:\/\/www.encontracentroriodejaneiro.com.br\/noticias\/#website","url":"https:\/\/www.encontracentroriodejaneiro.com.br\/noticias\/","name":"Not\u00edcias do Bairro Centro RJ","description":"Not\u00edcias, eventos, informa\u00e7\u00f5es e dicas no Bairro Centro RJ e regi\u00e3o","potentialAction":[{"@type":"SearchAction","target":{"@type":"EntryPoint","urlTemplate":"https:\/\/www.encontracentroriodejaneiro.com.br\/noticias\/?s={search_term_string}"},"query-input":{"@type":"PropertyValueSpecification","valueRequired":true,"valueName":"search_term_string"}}],"inLanguage":"pt-BR"},{"@type":"Person","@id":"https:\/\/www.encontracentroriodejaneiro.com.br\/noticias\/#\/schema\/person\/d3a6c0305ffb5ffec8e9c6aefa0cbbce","name":"Encontra Centro RJ","image":{"@type":"ImageObject","inLanguage":"pt-BR","@id":"https:\/\/www.encontracentroriodejaneiro.com.br\/noticias\/#\/schema\/person\/image\/","url":"https:\/\/secure.gravatar.com\/avatar\/507340682b8270222e1f208e23198b6ae7e2c6a1033ae84e99bc6bce4f82a387?s=96&d=mm&r=g","contentUrl":"https:\/\/secure.gravatar.com\/avatar\/507340682b8270222e1f208e23198b6ae7e2c6a1033ae84e99bc6bce4f82a387?s=96&d=mm&r=g","caption":"Encontra Centro RJ"},"sameAs":["http:\/\/www.encontracentroriodejaneiro.com.br"],"url":"https:\/\/www.encontracentroriodejaneiro.com.br\/noticias\/author\/ecentroriodejaneiro\/"}]}},"_links":{"self":[{"href":"https:\/\/www.encontracentroriodejaneiro.com.br\/noticias\/wp-json\/wp\/v2\/posts\/1270","targetHints":{"allow":["GET"]}}],"collection":[{"href":"https:\/\/www.encontracentroriodejaneiro.com.br\/noticias\/wp-json\/wp\/v2\/posts"}],"about":[{"href":"https:\/\/www.encontracentroriodejaneiro.com.br\/noticias\/wp-json\/wp\/v2\/types\/post"}],"author":[{"embeddable":true,"href":"https:\/\/www.encontracentroriodejaneiro.com.br\/noticias\/wp-json\/wp\/v2\/users\/1"}],"replies":[{"embeddable":true,"href":"https:\/\/www.encontracentroriodejaneiro.com.br\/noticias\/wp-json\/wp\/v2\/comments?post=1270"}],"version-history":[{"count":2,"href":"https:\/\/www.encontracentroriodejaneiro.com.br\/noticias\/wp-json\/wp\/v2\/posts\/1270\/revisions"}],"predecessor-version":[{"id":1272,"href":"https:\/\/www.encontracentroriodejaneiro.com.br\/noticias\/wp-json\/wp\/v2\/posts\/1270\/revisions\/1272"}],"wp:attachment":[{"href":"https:\/\/www.encontracentroriodejaneiro.com.br\/noticias\/wp-json\/wp\/v2\/media?parent=1270"}],"wp:term":[{"taxonomy":"category","embeddable":true,"href":"https:\/\/www.encontracentroriodejaneiro.com.br\/noticias\/wp-json\/wp\/v2\/categories?post=1270"},{"taxonomy":"post_tag","embeddable":true,"href":"https:\/\/www.encontracentroriodejaneiro.com.br\/noticias\/wp-json\/wp\/v2\/tags?post=1270"}],"curies":[{"name":"wp","href":"https:\/\/api.w.org\/{rel}","templated":true}]}}