{"id":1274,"date":"2013-11-19T09:29:59","date_gmt":"2013-11-19T11:29:59","guid":{"rendered":"http:\/\/www.encontracentroriodejaneiro.com.br\/noticias\/?p=1274"},"modified":"2013-11-19T09:29:59","modified_gmt":"2013-11-19T11:29:59","slug":"galeria-scenarium-homenageia-dia-da-consciencia-negra-com-exposicao-no-centro-do-rio","status":"publish","type":"post","link":"https:\/\/www.encontracentroriodejaneiro.com.br\/noticias\/galeria-scenarium-homenageia-dia-da-consciencia-negra-com-exposicao-no-centro-do-rio\/","title":{"rendered":"Galeria Scenarium homenageia Dia da Consci\u00eancia Negra com exposi\u00e7\u00e3o no Centro do Rio"},"content":{"rendered":"<p>Localizada na Rua do Lavradio, a Galeria Scenarium inaugura uma exposi\u00e7\u00e3o nesta quarta-feira, quando se comemora o Dia Nacional da Consci\u00eancia Negra. A nova casa do Centro Antigo traz de volta ao Rio a exposi\u00e7\u00e3o &#8220;Hereros &#8211; Pastores Ancestrales de Angola&#8221;, que revela, em 83 fotografias de S\u00e9rgio Guerra, o cotidiano do mais antigo grupo \u00e9tnico africano, os Hereros.<\/p>\n<p>Com curadoria de Emanoel Araujo, a mostra j\u00e1 foi conferida por mais de 200 mil pessoas no Brasil, em 2012, e no exterior. Outra atra\u00e7\u00e3o ser\u00e1 um v\u00eddeo com o &#8220;making of&#8221; do trabalho do fot\u00f3grafo. As fotografias estar\u00e3o \u00e0 venda no local.<\/p>\n<p>Um dos destaques da mostra na Galeria Scenarium \u00e9 uma pe\u00e7a de arte africana que pertencia \u00e0 cole\u00e7\u00e3o particular da Galeria Objets Interdits, em Paris, da marchand Vilma Laroche. Rec\u00e9m-adquirida para o acervo do Grupo Scenarium, a cabe\u00e7a de If\u00ea \u00e9 uma pe\u00e7a de bronze que representa \u00d3oni, o rei de If\u00ea, cidade no sudoeste da Nig\u00e9ria. A cabe\u00e7a \u00e9 uma r\u00e9plica da cole\u00e7\u00e3o de 13 esculturas expostas no British Museum, em Londres, datadas do s\u00e9culo XIII e encontradas nos anos 60, em If\u00ea, cidade no Sudoeste da Nig\u00e9ria.<\/p>\n<p>A cidade de If\u00ea \u00e9 considerada sagrada pelo povo Ioruba por ser o ber\u00e7o lend\u00e1rio da humanidade, devido a sua m\u00edtica funda\u00e7\u00e3o por Ogum, filho do deus Odudua. Acredita-se que foi a capital de um reino bem estabelecido, por volta do s\u00e9culo 11, que utilizou a arte em bronze imortalizada nas 13 esculturas que se encontram no British Museum. O bronze de If\u00e9 parte de um estilo de modela\u00e7\u00e3o como a Terracota.<\/p>\n<p><b>Exposi\u00e7\u00e3o &#8220;Hereros &#8211; Pastores Ancestrales de Angola&#8221; e &#8220;If\u00ea&#8221;<\/b><\/p>\n<p>Inaugura\u00e7\u00e3o: 20 de novembro<\/p>\n<p>Rua do Lavradio, 13 &#8211; Centro Antigo, pr\u00f3ximo \u00e0 Pra\u00e7a Tiradentes &#8211; Rio de Janeiro<\/p>\n<p>Telefone: 3147-9017<\/p>\n<p>Funcionamento: de ter\u00e7a a s\u00e1bado, das 12h \u00e0s 20h.<\/p>\n<p>At\u00e9 20 de dezembro.<\/p>\n<p>Entrada gratuita.<\/p>\n","protected":false},"excerpt":{"rendered":"<p>Localizada na Rua do Lavradio, a Galeria Scenarium inaugura uma exposi\u00e7\u00e3o nesta quarta-feira, quando se comemora o Dia Nacional da Consci\u00eancia Negra. A nova casa do Centro Antigo traz de volta ao Rio a exposi\u00e7\u00e3o &#8220;Hereros &#8211; Pastores Ancestrales de Angola&#8221;, que revela, em 83 fotografias de S\u00e9rgio Guerra, o cotidiano do mais antigo grupo [&hellip;]<\/p>\n","protected":false},"author":1,"featured_media":0,"comment_status":"open","ping_status":"open","sticky":false,"template":"","format":"standard","meta":{"footnotes":""},"categories":[6],"tags":[],"class_list":["post-1274","post","type-post","status-publish","format-standard","hentry","category-noticias"],"yoast_head":"<!-- This site is optimized with the Yoast SEO plugin v25.9 - https:\/\/yoast.com\/wordpress\/plugins\/seo\/ -->\n<title>Galeria Scenarium homenageia Dia da Consci\u00eancia Negra com exposi\u00e7\u00e3o no Centro do Rio - Not\u00edcias do Bairro Centro RJ<\/title>\n<meta name=\"robots\" content=\"index, follow, max-snippet:-1, max-image-preview:large, max-video-preview:-1\" \/>\n<link rel=\"canonical\" href=\"https:\/\/www.encontracentroriodejaneiro.com.br\/noticias\/galeria-scenarium-homenageia-dia-da-consciencia-negra-com-exposicao-no-centro-do-rio\/\" \/>\n<meta property=\"og:locale\" content=\"pt_BR\" \/>\n<meta property=\"og:type\" content=\"article\" \/>\n<meta property=\"og:title\" content=\"Galeria Scenarium homenageia Dia da Consci\u00eancia Negra com exposi\u00e7\u00e3o no Centro do Rio - Not\u00edcias do Bairro Centro RJ\" \/>\n<meta property=\"og:description\" content=\"Localizada na Rua do Lavradio, a Galeria Scenarium inaugura uma exposi\u00e7\u00e3o nesta quarta-feira, quando se comemora o Dia Nacional da Consci\u00eancia Negra. A nova casa do Centro Antigo traz de volta ao Rio a exposi\u00e7\u00e3o &#8220;Hereros &#8211; Pastores Ancestrales de Angola&#8221;, que revela, em 83 fotografias de S\u00e9rgio Guerra, o cotidiano do mais antigo grupo [&hellip;]\" \/>\n<meta property=\"og:url\" content=\"https:\/\/www.encontracentroriodejaneiro.com.br\/noticias\/galeria-scenarium-homenageia-dia-da-consciencia-negra-com-exposicao-no-centro-do-rio\/\" \/>\n<meta property=\"og:site_name\" content=\"Not\u00edcias do Bairro Centro RJ\" \/>\n<meta property=\"article:published_time\" content=\"2013-11-19T11:29:59+00:00\" \/>\n<meta name=\"author\" content=\"Encontra Centro RJ\" \/>\n<meta name=\"twitter:card\" content=\"summary_large_image\" \/>\n<meta name=\"twitter:label1\" content=\"Escrito por\" \/>\n\t<meta name=\"twitter:data1\" content=\"Encontra Centro RJ\" \/>\n\t<meta name=\"twitter:label2\" content=\"Est. tempo de leitura\" \/>\n\t<meta name=\"twitter:data2\" content=\"2 minutos\" \/>\n<script type=\"application\/ld+json\" class=\"yoast-schema-graph\">{\"@context\":\"https:\/\/schema.org\",\"@graph\":[{\"@type\":\"WebPage\",\"@id\":\"https:\/\/www.encontracentroriodejaneiro.com.br\/noticias\/galeria-scenarium-homenageia-dia-da-consciencia-negra-com-exposicao-no-centro-do-rio\/\",\"url\":\"https:\/\/www.encontracentroriodejaneiro.com.br\/noticias\/galeria-scenarium-homenageia-dia-da-consciencia-negra-com-exposicao-no-centro-do-rio\/\",\"name\":\"Galeria Scenarium homenageia Dia da Consci\u00eancia Negra com exposi\u00e7\u00e3o no Centro do Rio - Not\u00edcias do Bairro Centro RJ\",\"isPartOf\":{\"@id\":\"https:\/\/www.encontracentroriodejaneiro.com.br\/noticias\/#website\"},\"datePublished\":\"2013-11-19T11:29:59+00:00\",\"author\":{\"@id\":\"https:\/\/www.encontracentroriodejaneiro.com.br\/noticias\/#\/schema\/person\/d3a6c0305ffb5ffec8e9c6aefa0cbbce\"},\"breadcrumb\":{\"@id\":\"https:\/\/www.encontracentroriodejaneiro.com.br\/noticias\/galeria-scenarium-homenageia-dia-da-consciencia-negra-com-exposicao-no-centro-do-rio\/#breadcrumb\"},\"inLanguage\":\"pt-BR\",\"potentialAction\":[{\"@type\":\"ReadAction\",\"target\":[\"https:\/\/www.encontracentroriodejaneiro.com.br\/noticias\/galeria-scenarium-homenageia-dia-da-consciencia-negra-com-exposicao-no-centro-do-rio\/\"]}]},{\"@type\":\"BreadcrumbList\",\"@id\":\"https:\/\/www.encontracentroriodejaneiro.com.br\/noticias\/galeria-scenarium-homenageia-dia-da-consciencia-negra-com-exposicao-no-centro-do-rio\/#breadcrumb\",\"itemListElement\":[{\"@type\":\"ListItem\",\"position\":1,\"name\":\"In\u00edcio\",\"item\":\"https:\/\/www.encontracentroriodejaneiro.com.br\/noticias\/\"},{\"@type\":\"ListItem\",\"position\":2,\"name\":\"Galeria Scenarium homenageia Dia da Consci\u00eancia Negra com exposi\u00e7\u00e3o no Centro do Rio\"}]},{\"@type\":\"WebSite\",\"@id\":\"https:\/\/www.encontracentroriodejaneiro.com.br\/noticias\/#website\",\"url\":\"https:\/\/www.encontracentroriodejaneiro.com.br\/noticias\/\",\"name\":\"Not\u00edcias do Bairro Centro RJ\",\"description\":\"Not\u00edcias, eventos, informa\u00e7\u00f5es e dicas no Bairro Centro RJ e regi\u00e3o\",\"potentialAction\":[{\"@type\":\"SearchAction\",\"target\":{\"@type\":\"EntryPoint\",\"urlTemplate\":\"https:\/\/www.encontracentroriodejaneiro.com.br\/noticias\/?s={search_term_string}\"},\"query-input\":{\"@type\":\"PropertyValueSpecification\",\"valueRequired\":true,\"valueName\":\"search_term_string\"}}],\"inLanguage\":\"pt-BR\"},{\"@type\":\"Person\",\"@id\":\"https:\/\/www.encontracentroriodejaneiro.com.br\/noticias\/#\/schema\/person\/d3a6c0305ffb5ffec8e9c6aefa0cbbce\",\"name\":\"Encontra Centro RJ\",\"image\":{\"@type\":\"ImageObject\",\"inLanguage\":\"pt-BR\",\"@id\":\"https:\/\/www.encontracentroriodejaneiro.com.br\/noticias\/#\/schema\/person\/image\/\",\"url\":\"https:\/\/secure.gravatar.com\/avatar\/507340682b8270222e1f208e23198b6ae7e2c6a1033ae84e99bc6bce4f82a387?s=96&d=mm&r=g\",\"contentUrl\":\"https:\/\/secure.gravatar.com\/avatar\/507340682b8270222e1f208e23198b6ae7e2c6a1033ae84e99bc6bce4f82a387?s=96&d=mm&r=g\",\"caption\":\"Encontra Centro RJ\"},\"sameAs\":[\"http:\/\/www.encontracentroriodejaneiro.com.br\"],\"url\":\"https:\/\/www.encontracentroriodejaneiro.com.br\/noticias\/author\/ecentroriodejaneiro\/\"}]}<\/script>\n<!-- \/ Yoast SEO plugin. -->","yoast_head_json":{"title":"Galeria Scenarium homenageia Dia da Consci\u00eancia Negra com exposi\u00e7\u00e3o no Centro do Rio - Not\u00edcias do Bairro Centro RJ","robots":{"index":"index","follow":"follow","max-snippet":"max-snippet:-1","max-image-preview":"max-image-preview:large","max-video-preview":"max-video-preview:-1"},"canonical":"https:\/\/www.encontracentroriodejaneiro.com.br\/noticias\/galeria-scenarium-homenageia-dia-da-consciencia-negra-com-exposicao-no-centro-do-rio\/","og_locale":"pt_BR","og_type":"article","og_title":"Galeria Scenarium homenageia Dia da Consci\u00eancia Negra com exposi\u00e7\u00e3o no Centro do Rio - Not\u00edcias do Bairro Centro RJ","og_description":"Localizada na Rua do Lavradio, a Galeria Scenarium inaugura uma exposi\u00e7\u00e3o nesta quarta-feira, quando se comemora o Dia Nacional da Consci\u00eancia Negra. A nova casa do Centro Antigo traz de volta ao Rio a exposi\u00e7\u00e3o &#8220;Hereros &#8211; Pastores Ancestrales de Angola&#8221;, que revela, em 83 fotografias de S\u00e9rgio Guerra, o cotidiano do mais antigo grupo [&hellip;]","og_url":"https:\/\/www.encontracentroriodejaneiro.com.br\/noticias\/galeria-scenarium-homenageia-dia-da-consciencia-negra-com-exposicao-no-centro-do-rio\/","og_site_name":"Not\u00edcias do Bairro Centro RJ","article_published_time":"2013-11-19T11:29:59+00:00","author":"Encontra Centro RJ","twitter_card":"summary_large_image","twitter_misc":{"Escrito por":"Encontra Centro RJ","Est. tempo de leitura":"2 minutos"},"schema":{"@context":"https:\/\/schema.org","@graph":[{"@type":"WebPage","@id":"https:\/\/www.encontracentroriodejaneiro.com.br\/noticias\/galeria-scenarium-homenageia-dia-da-consciencia-negra-com-exposicao-no-centro-do-rio\/","url":"https:\/\/www.encontracentroriodejaneiro.com.br\/noticias\/galeria-scenarium-homenageia-dia-da-consciencia-negra-com-exposicao-no-centro-do-rio\/","name":"Galeria Scenarium homenageia Dia da Consci\u00eancia Negra com exposi\u00e7\u00e3o no Centro do Rio - Not\u00edcias do Bairro Centro RJ","isPartOf":{"@id":"https:\/\/www.encontracentroriodejaneiro.com.br\/noticias\/#website"},"datePublished":"2013-11-19T11:29:59+00:00","author":{"@id":"https:\/\/www.encontracentroriodejaneiro.com.br\/noticias\/#\/schema\/person\/d3a6c0305ffb5ffec8e9c6aefa0cbbce"},"breadcrumb":{"@id":"https:\/\/www.encontracentroriodejaneiro.com.br\/noticias\/galeria-scenarium-homenageia-dia-da-consciencia-negra-com-exposicao-no-centro-do-rio\/#breadcrumb"},"inLanguage":"pt-BR","potentialAction":[{"@type":"ReadAction","target":["https:\/\/www.encontracentroriodejaneiro.com.br\/noticias\/galeria-scenarium-homenageia-dia-da-consciencia-negra-com-exposicao-no-centro-do-rio\/"]}]},{"@type":"BreadcrumbList","@id":"https:\/\/www.encontracentroriodejaneiro.com.br\/noticias\/galeria-scenarium-homenageia-dia-da-consciencia-negra-com-exposicao-no-centro-do-rio\/#breadcrumb","itemListElement":[{"@type":"ListItem","position":1,"name":"In\u00edcio","item":"https:\/\/www.encontracentroriodejaneiro.com.br\/noticias\/"},{"@type":"ListItem","position":2,"name":"Galeria Scenarium homenageia Dia da Consci\u00eancia Negra com exposi\u00e7\u00e3o no Centro do Rio"}]},{"@type":"WebSite","@id":"https:\/\/www.encontracentroriodejaneiro.com.br\/noticias\/#website","url":"https:\/\/www.encontracentroriodejaneiro.com.br\/noticias\/","name":"Not\u00edcias do Bairro Centro RJ","description":"Not\u00edcias, eventos, informa\u00e7\u00f5es e dicas no Bairro Centro RJ e regi\u00e3o","potentialAction":[{"@type":"SearchAction","target":{"@type":"EntryPoint","urlTemplate":"https:\/\/www.encontracentroriodejaneiro.com.br\/noticias\/?s={search_term_string}"},"query-input":{"@type":"PropertyValueSpecification","valueRequired":true,"valueName":"search_term_string"}}],"inLanguage":"pt-BR"},{"@type":"Person","@id":"https:\/\/www.encontracentroriodejaneiro.com.br\/noticias\/#\/schema\/person\/d3a6c0305ffb5ffec8e9c6aefa0cbbce","name":"Encontra Centro RJ","image":{"@type":"ImageObject","inLanguage":"pt-BR","@id":"https:\/\/www.encontracentroriodejaneiro.com.br\/noticias\/#\/schema\/person\/image\/","url":"https:\/\/secure.gravatar.com\/avatar\/507340682b8270222e1f208e23198b6ae7e2c6a1033ae84e99bc6bce4f82a387?s=96&d=mm&r=g","contentUrl":"https:\/\/secure.gravatar.com\/avatar\/507340682b8270222e1f208e23198b6ae7e2c6a1033ae84e99bc6bce4f82a387?s=96&d=mm&r=g","caption":"Encontra Centro RJ"},"sameAs":["http:\/\/www.encontracentroriodejaneiro.com.br"],"url":"https:\/\/www.encontracentroriodejaneiro.com.br\/noticias\/author\/ecentroriodejaneiro\/"}]}},"_links":{"self":[{"href":"https:\/\/www.encontracentroriodejaneiro.com.br\/noticias\/wp-json\/wp\/v2\/posts\/1274","targetHints":{"allow":["GET"]}}],"collection":[{"href":"https:\/\/www.encontracentroriodejaneiro.com.br\/noticias\/wp-json\/wp\/v2\/posts"}],"about":[{"href":"https:\/\/www.encontracentroriodejaneiro.com.br\/noticias\/wp-json\/wp\/v2\/types\/post"}],"author":[{"embeddable":true,"href":"https:\/\/www.encontracentroriodejaneiro.com.br\/noticias\/wp-json\/wp\/v2\/users\/1"}],"replies":[{"embeddable":true,"href":"https:\/\/www.encontracentroriodejaneiro.com.br\/noticias\/wp-json\/wp\/v2\/comments?post=1274"}],"version-history":[{"count":1,"href":"https:\/\/www.encontracentroriodejaneiro.com.br\/noticias\/wp-json\/wp\/v2\/posts\/1274\/revisions"}],"predecessor-version":[{"id":1275,"href":"https:\/\/www.encontracentroriodejaneiro.com.br\/noticias\/wp-json\/wp\/v2\/posts\/1274\/revisions\/1275"}],"wp:attachment":[{"href":"https:\/\/www.encontracentroriodejaneiro.com.br\/noticias\/wp-json\/wp\/v2\/media?parent=1274"}],"wp:term":[{"taxonomy":"category","embeddable":true,"href":"https:\/\/www.encontracentroriodejaneiro.com.br\/noticias\/wp-json\/wp\/v2\/categories?post=1274"},{"taxonomy":"post_tag","embeddable":true,"href":"https:\/\/www.encontracentroriodejaneiro.com.br\/noticias\/wp-json\/wp\/v2\/tags?post=1274"}],"curies":[{"name":"wp","href":"https:\/\/api.w.org\/{rel}","templated":true}]}}