{"id":1279,"date":"2013-12-01T21:55:04","date_gmt":"2013-12-01T23:55:04","guid":{"rendered":"http:\/\/www.encontracentroriodejaneiro.com.br\/noticias\/?p=1279"},"modified":"2013-12-03T08:28:23","modified_gmt":"2013-12-03T10:28:23","slug":"centro-do-rio-recebe-bambas-do-samba-na-nova-edicao-do-trem-do-samba","status":"publish","type":"post","link":"https:\/\/www.encontracentroriodejaneiro.com.br\/noticias\/centro-do-rio-recebe-bambas-do-samba-na-nova-edicao-do-trem-do-samba\/","title":{"rendered":"Centro do Rio recebe bambas do samba na nova edi\u00e7\u00e3o do Trem do Samba"},"content":{"rendered":"<p>Criado em fun\u00e7\u00e3o do Dia Nacional do Samba, o Trem do Samba chega a sua 18\u00aa edi\u00e7\u00e3o com patroc\u00ednio da <a title=\"Prefeitura do Rio de Janeiro\" href=\"http:\/\/www.encontracentroriodejaneiro.com.br\/centro-rj\/prefeitura-municipal-do-rio-de-janeiro.shtml\" target=\"_blank\">Prefeitura do Rio de Janeiro<\/a>, atrav\u00e9s da Secretaria Municipal de Turismo do Rio de Janeiro\/Riotur. O evento come\u00e7a amanh\u00e3 (2\/12) com uma s\u00e9rie de shows, incluindo, entre outros, Paulinho da Viola, Dona Ivone Lara, Leci Brand\u00e3o, Arlindo Cruz, Jorge Arag\u00e3o, Martin&#8217;alia e Almir Guineto, agitar\u00e1 os palcos montados em Oswaldo Cruz. Mas \u00e9 no dia 7\/12, a partir das 18h20m, que a festa tem seu auge: nesta data, quatro trens e 32 carros j\u00e1 est\u00e3o reservados para levar o p\u00fablico ao bairro.<\/p>\n<p>A programa\u00e7\u00e3o come\u00e7a \u00e0s 15h, na Central do Brasil, com shows das Velhas Guardas dessas e outras tradicionais escolas &#8211; como Mangueira, Salgueiro e Vila Isabel -, al\u00e9m de Nelson Sargento, Monarco, Noca da Portela e Marquinhos de Oswaldo Cruz. De l\u00e1, partem quatro trens rumo ao bairro de Oswaldo Cruz. \u00c9 l\u00e1 que seis palcos estar\u00e3o montados para recriar e celebrar o samba de raiz.<\/p>\n<p>O evento \u00e9 gratuito, incluindo a entrada nos trens do dia 7, mediante a doa\u00e7\u00e3o de 1 kg de alimento n\u00e3o perec\u00edvel. Neste ano, os usu\u00e1rios de smartphones com sistema operacional iOS e Android poder\u00e3o fazer download gratuito do aplicativo iTremdoSamba que servir\u00e1 como guia de bolso do projeto.A programa\u00e7\u00e3o completa do evento pode ser consultada no site rioguiaoficial.com.br.<\/p>\n","protected":false},"excerpt":{"rendered":"<p>Criado em fun\u00e7\u00e3o do Dia Nacional do Samba, o Trem do Samba chega a sua 18\u00aa edi\u00e7\u00e3o com patroc\u00ednio da Prefeitura do Rio de Janeiro, atrav\u00e9s da Secretaria Municipal de Turismo do Rio de Janeiro\/Riotur. O evento come\u00e7a amanh\u00e3 (2\/12) com uma s\u00e9rie de shows, incluindo, entre outros, Paulinho da Viola, Dona Ivone Lara, Leci [&hellip;]<\/p>\n","protected":false},"author":1,"featured_media":0,"comment_status":"open","ping_status":"open","sticky":false,"template":"","format":"standard","meta":{"footnotes":""},"categories":[6],"tags":[],"class_list":["post-1279","post","type-post","status-publish","format-standard","hentry","category-noticias"],"yoast_head":"<!-- This site is optimized with the Yoast SEO plugin v25.9 - https:\/\/yoast.com\/wordpress\/plugins\/seo\/ -->\n<title>Centro do Rio recebe bambas do samba na nova edi\u00e7\u00e3o do Trem do Samba - Not\u00edcias do Bairro Centro RJ<\/title>\n<meta name=\"robots\" content=\"index, follow, max-snippet:-1, max-image-preview:large, max-video-preview:-1\" \/>\n<link rel=\"canonical\" href=\"https:\/\/www.encontracentroriodejaneiro.com.br\/noticias\/centro-do-rio-recebe-bambas-do-samba-na-nova-edicao-do-trem-do-samba\/\" \/>\n<meta property=\"og:locale\" content=\"pt_BR\" \/>\n<meta property=\"og:type\" content=\"article\" \/>\n<meta property=\"og:title\" content=\"Centro do Rio recebe bambas do samba na nova edi\u00e7\u00e3o do Trem do Samba - Not\u00edcias do Bairro Centro RJ\" \/>\n<meta property=\"og:description\" content=\"Criado em fun\u00e7\u00e3o do Dia Nacional do Samba, o Trem do Samba chega a sua 18\u00aa edi\u00e7\u00e3o com patroc\u00ednio da Prefeitura do Rio de Janeiro, atrav\u00e9s da Secretaria Municipal de Turismo do Rio de Janeiro\/Riotur. O evento come\u00e7a amanh\u00e3 (2\/12) com uma s\u00e9rie de shows, incluindo, entre outros, Paulinho da Viola, Dona Ivone Lara, Leci [&hellip;]\" \/>\n<meta property=\"og:url\" content=\"https:\/\/www.encontracentroriodejaneiro.com.br\/noticias\/centro-do-rio-recebe-bambas-do-samba-na-nova-edicao-do-trem-do-samba\/\" \/>\n<meta property=\"og:site_name\" content=\"Not\u00edcias do Bairro Centro RJ\" \/>\n<meta property=\"article:published_time\" content=\"2013-12-01T23:55:04+00:00\" \/>\n<meta property=\"article:modified_time\" content=\"2013-12-03T10:28:23+00:00\" \/>\n<meta name=\"author\" content=\"Encontra Centro RJ\" \/>\n<meta name=\"twitter:card\" content=\"summary_large_image\" \/>\n<meta name=\"twitter:label1\" content=\"Escrito por\" \/>\n\t<meta name=\"twitter:data1\" content=\"Encontra Centro RJ\" \/>\n\t<meta name=\"twitter:label2\" content=\"Est. tempo de leitura\" \/>\n\t<meta name=\"twitter:data2\" content=\"1 minuto\" \/>\n<script type=\"application\/ld+json\" class=\"yoast-schema-graph\">{\"@context\":\"https:\/\/schema.org\",\"@graph\":[{\"@type\":\"WebPage\",\"@id\":\"https:\/\/www.encontracentroriodejaneiro.com.br\/noticias\/centro-do-rio-recebe-bambas-do-samba-na-nova-edicao-do-trem-do-samba\/\",\"url\":\"https:\/\/www.encontracentroriodejaneiro.com.br\/noticias\/centro-do-rio-recebe-bambas-do-samba-na-nova-edicao-do-trem-do-samba\/\",\"name\":\"Centro do Rio recebe bambas do samba na nova edi\u00e7\u00e3o do Trem do Samba - Not\u00edcias do Bairro Centro RJ\",\"isPartOf\":{\"@id\":\"https:\/\/www.encontracentroriodejaneiro.com.br\/noticias\/#website\"},\"datePublished\":\"2013-12-01T23:55:04+00:00\",\"dateModified\":\"2013-12-03T10:28:23+00:00\",\"author\":{\"@id\":\"https:\/\/www.encontracentroriodejaneiro.com.br\/noticias\/#\/schema\/person\/d3a6c0305ffb5ffec8e9c6aefa0cbbce\"},\"breadcrumb\":{\"@id\":\"https:\/\/www.encontracentroriodejaneiro.com.br\/noticias\/centro-do-rio-recebe-bambas-do-samba-na-nova-edicao-do-trem-do-samba\/#breadcrumb\"},\"inLanguage\":\"pt-BR\",\"potentialAction\":[{\"@type\":\"ReadAction\",\"target\":[\"https:\/\/www.encontracentroriodejaneiro.com.br\/noticias\/centro-do-rio-recebe-bambas-do-samba-na-nova-edicao-do-trem-do-samba\/\"]}]},{\"@type\":\"BreadcrumbList\",\"@id\":\"https:\/\/www.encontracentroriodejaneiro.com.br\/noticias\/centro-do-rio-recebe-bambas-do-samba-na-nova-edicao-do-trem-do-samba\/#breadcrumb\",\"itemListElement\":[{\"@type\":\"ListItem\",\"position\":1,\"name\":\"In\u00edcio\",\"item\":\"https:\/\/www.encontracentroriodejaneiro.com.br\/noticias\/\"},{\"@type\":\"ListItem\",\"position\":2,\"name\":\"Centro do Rio recebe bambas do samba na nova edi\u00e7\u00e3o do Trem do Samba\"}]},{\"@type\":\"WebSite\",\"@id\":\"https:\/\/www.encontracentroriodejaneiro.com.br\/noticias\/#website\",\"url\":\"https:\/\/www.encontracentroriodejaneiro.com.br\/noticias\/\",\"name\":\"Not\u00edcias do Bairro Centro RJ\",\"description\":\"Not\u00edcias, eventos, informa\u00e7\u00f5es e dicas no Bairro Centro RJ e regi\u00e3o\",\"potentialAction\":[{\"@type\":\"SearchAction\",\"target\":{\"@type\":\"EntryPoint\",\"urlTemplate\":\"https:\/\/www.encontracentroriodejaneiro.com.br\/noticias\/?s={search_term_string}\"},\"query-input\":{\"@type\":\"PropertyValueSpecification\",\"valueRequired\":true,\"valueName\":\"search_term_string\"}}],\"inLanguage\":\"pt-BR\"},{\"@type\":\"Person\",\"@id\":\"https:\/\/www.encontracentroriodejaneiro.com.br\/noticias\/#\/schema\/person\/d3a6c0305ffb5ffec8e9c6aefa0cbbce\",\"name\":\"Encontra Centro RJ\",\"image\":{\"@type\":\"ImageObject\",\"inLanguage\":\"pt-BR\",\"@id\":\"https:\/\/www.encontracentroriodejaneiro.com.br\/noticias\/#\/schema\/person\/image\/\",\"url\":\"https:\/\/secure.gravatar.com\/avatar\/507340682b8270222e1f208e23198b6ae7e2c6a1033ae84e99bc6bce4f82a387?s=96&d=mm&r=g\",\"contentUrl\":\"https:\/\/secure.gravatar.com\/avatar\/507340682b8270222e1f208e23198b6ae7e2c6a1033ae84e99bc6bce4f82a387?s=96&d=mm&r=g\",\"caption\":\"Encontra Centro RJ\"},\"sameAs\":[\"http:\/\/www.encontracentroriodejaneiro.com.br\"],\"url\":\"https:\/\/www.encontracentroriodejaneiro.com.br\/noticias\/author\/ecentroriodejaneiro\/\"}]}<\/script>\n<!-- \/ Yoast SEO plugin. -->","yoast_head_json":{"title":"Centro do Rio recebe bambas do samba na nova edi\u00e7\u00e3o do Trem do Samba - Not\u00edcias do Bairro Centro RJ","robots":{"index":"index","follow":"follow","max-snippet":"max-snippet:-1","max-image-preview":"max-image-preview:large","max-video-preview":"max-video-preview:-1"},"canonical":"https:\/\/www.encontracentroriodejaneiro.com.br\/noticias\/centro-do-rio-recebe-bambas-do-samba-na-nova-edicao-do-trem-do-samba\/","og_locale":"pt_BR","og_type":"article","og_title":"Centro do Rio recebe bambas do samba na nova edi\u00e7\u00e3o do Trem do Samba - Not\u00edcias do Bairro Centro RJ","og_description":"Criado em fun\u00e7\u00e3o do Dia Nacional do Samba, o Trem do Samba chega a sua 18\u00aa edi\u00e7\u00e3o com patroc\u00ednio da Prefeitura do Rio de Janeiro, atrav\u00e9s da Secretaria Municipal de Turismo do Rio de Janeiro\/Riotur. O evento come\u00e7a amanh\u00e3 (2\/12) com uma s\u00e9rie de shows, incluindo, entre outros, Paulinho da Viola, Dona Ivone Lara, Leci [&hellip;]","og_url":"https:\/\/www.encontracentroriodejaneiro.com.br\/noticias\/centro-do-rio-recebe-bambas-do-samba-na-nova-edicao-do-trem-do-samba\/","og_site_name":"Not\u00edcias do Bairro Centro RJ","article_published_time":"2013-12-01T23:55:04+00:00","article_modified_time":"2013-12-03T10:28:23+00:00","author":"Encontra Centro RJ","twitter_card":"summary_large_image","twitter_misc":{"Escrito por":"Encontra Centro RJ","Est. tempo de leitura":"1 minuto"},"schema":{"@context":"https:\/\/schema.org","@graph":[{"@type":"WebPage","@id":"https:\/\/www.encontracentroriodejaneiro.com.br\/noticias\/centro-do-rio-recebe-bambas-do-samba-na-nova-edicao-do-trem-do-samba\/","url":"https:\/\/www.encontracentroriodejaneiro.com.br\/noticias\/centro-do-rio-recebe-bambas-do-samba-na-nova-edicao-do-trem-do-samba\/","name":"Centro do Rio recebe bambas do samba na nova edi\u00e7\u00e3o do Trem do Samba - Not\u00edcias do Bairro Centro RJ","isPartOf":{"@id":"https:\/\/www.encontracentroriodejaneiro.com.br\/noticias\/#website"},"datePublished":"2013-12-01T23:55:04+00:00","dateModified":"2013-12-03T10:28:23+00:00","author":{"@id":"https:\/\/www.encontracentroriodejaneiro.com.br\/noticias\/#\/schema\/person\/d3a6c0305ffb5ffec8e9c6aefa0cbbce"},"breadcrumb":{"@id":"https:\/\/www.encontracentroriodejaneiro.com.br\/noticias\/centro-do-rio-recebe-bambas-do-samba-na-nova-edicao-do-trem-do-samba\/#breadcrumb"},"inLanguage":"pt-BR","potentialAction":[{"@type":"ReadAction","target":["https:\/\/www.encontracentroriodejaneiro.com.br\/noticias\/centro-do-rio-recebe-bambas-do-samba-na-nova-edicao-do-trem-do-samba\/"]}]},{"@type":"BreadcrumbList","@id":"https:\/\/www.encontracentroriodejaneiro.com.br\/noticias\/centro-do-rio-recebe-bambas-do-samba-na-nova-edicao-do-trem-do-samba\/#breadcrumb","itemListElement":[{"@type":"ListItem","position":1,"name":"In\u00edcio","item":"https:\/\/www.encontracentroriodejaneiro.com.br\/noticias\/"},{"@type":"ListItem","position":2,"name":"Centro do Rio recebe bambas do samba na nova edi\u00e7\u00e3o do Trem do Samba"}]},{"@type":"WebSite","@id":"https:\/\/www.encontracentroriodejaneiro.com.br\/noticias\/#website","url":"https:\/\/www.encontracentroriodejaneiro.com.br\/noticias\/","name":"Not\u00edcias do Bairro Centro RJ","description":"Not\u00edcias, eventos, informa\u00e7\u00f5es e dicas no Bairro Centro RJ e regi\u00e3o","potentialAction":[{"@type":"SearchAction","target":{"@type":"EntryPoint","urlTemplate":"https:\/\/www.encontracentroriodejaneiro.com.br\/noticias\/?s={search_term_string}"},"query-input":{"@type":"PropertyValueSpecification","valueRequired":true,"valueName":"search_term_string"}}],"inLanguage":"pt-BR"},{"@type":"Person","@id":"https:\/\/www.encontracentroriodejaneiro.com.br\/noticias\/#\/schema\/person\/d3a6c0305ffb5ffec8e9c6aefa0cbbce","name":"Encontra Centro RJ","image":{"@type":"ImageObject","inLanguage":"pt-BR","@id":"https:\/\/www.encontracentroriodejaneiro.com.br\/noticias\/#\/schema\/person\/image\/","url":"https:\/\/secure.gravatar.com\/avatar\/507340682b8270222e1f208e23198b6ae7e2c6a1033ae84e99bc6bce4f82a387?s=96&d=mm&r=g","contentUrl":"https:\/\/secure.gravatar.com\/avatar\/507340682b8270222e1f208e23198b6ae7e2c6a1033ae84e99bc6bce4f82a387?s=96&d=mm&r=g","caption":"Encontra Centro RJ"},"sameAs":["http:\/\/www.encontracentroriodejaneiro.com.br"],"url":"https:\/\/www.encontracentroriodejaneiro.com.br\/noticias\/author\/ecentroriodejaneiro\/"}]}},"_links":{"self":[{"href":"https:\/\/www.encontracentroriodejaneiro.com.br\/noticias\/wp-json\/wp\/v2\/posts\/1279","targetHints":{"allow":["GET"]}}],"collection":[{"href":"https:\/\/www.encontracentroriodejaneiro.com.br\/noticias\/wp-json\/wp\/v2\/posts"}],"about":[{"href":"https:\/\/www.encontracentroriodejaneiro.com.br\/noticias\/wp-json\/wp\/v2\/types\/post"}],"author":[{"embeddable":true,"href":"https:\/\/www.encontracentroriodejaneiro.com.br\/noticias\/wp-json\/wp\/v2\/users\/1"}],"replies":[{"embeddable":true,"href":"https:\/\/www.encontracentroriodejaneiro.com.br\/noticias\/wp-json\/wp\/v2\/comments?post=1279"}],"version-history":[{"count":3,"href":"https:\/\/www.encontracentroriodejaneiro.com.br\/noticias\/wp-json\/wp\/v2\/posts\/1279\/revisions"}],"predecessor-version":[{"id":1282,"href":"https:\/\/www.encontracentroriodejaneiro.com.br\/noticias\/wp-json\/wp\/v2\/posts\/1279\/revisions\/1282"}],"wp:attachment":[{"href":"https:\/\/www.encontracentroriodejaneiro.com.br\/noticias\/wp-json\/wp\/v2\/media?parent=1279"}],"wp:term":[{"taxonomy":"category","embeddable":true,"href":"https:\/\/www.encontracentroriodejaneiro.com.br\/noticias\/wp-json\/wp\/v2\/categories?post=1279"},{"taxonomy":"post_tag","embeddable":true,"href":"https:\/\/www.encontracentroriodejaneiro.com.br\/noticias\/wp-json\/wp\/v2\/tags?post=1279"}],"curies":[{"name":"wp","href":"https:\/\/api.w.org\/{rel}","templated":true}]}}