{"id":1306,"date":"2014-02-11T12:53:35","date_gmt":"2014-02-11T14:53:35","guid":{"rendered":"http:\/\/www.encontracentroriodejaneiro.com.br\/noticias\/?p=1306"},"modified":"2014-02-11T12:53:35","modified_gmt":"2014-02-11T14:53:35","slug":"exposicao-sobre-a-ditadura-em-cartaz-no-centro-do-rio","status":"publish","type":"post","link":"https:\/\/www.encontracentroriodejaneiro.com.br\/noticias\/exposicao-sobre-a-ditadura-em-cartaz-no-centro-do-rio\/","title":{"rendered":"Exposi\u00e7\u00e3o sobre a ditadura em cartaz no Centro do Rio"},"content":{"rendered":"<p>De 12 de fevereiro a 7 de abril o CCBB recebe a exposi\u00e7\u00e3o \u201cResistir \u00e9 preciso\u201d, mostra que resgata o per\u00edodo da ditadura no Brasil, com entrada franca.<\/p>\n<p>Exposi\u00e7\u00e3o que marca os 50 anos da ditadura militar no Brasil (1964-1985) idealizada pelo Instituto Vladimir Herzog, apresentando as lutas pela reconstru\u00e7\u00e3o da democracia por meio das artes pl\u00e1sticas, obras de fotojornalismo, videodepoimentos e documenta\u00e7\u00e3o do per\u00edodo.<\/p>\n<p>A mostra exp\u00f5e um expressivo conjunto de obras de arte e documentos hist\u00f3ricos que apresentam a milit\u00e2ncia dos artistas denunciando abusos e crimes da ditadura. Entre os destaques da exposi\u00e7\u00e3o consta a cole\u00e7\u00e3o de Al\u00edpio Freire, jornalista e ex-preso pol\u00edtico, que reuniu obras de artistas pl\u00e1sticos como S\u00e9rgio Freire, Fl\u00e1vio Imp\u00e9rio, S\u00e9rgio Ferro e Takaoka, produzidas no per\u00edodo de c\u00e1rcere, no pres\u00eddio Tiradentes, em S\u00e3o Paulo, e as ilustra\u00e7\u00f5es de Rubem Grilo, ilustrador de publica\u00e7\u00f5es como Movimento, Opini\u00e3o e Pasquim da d\u00e9cada de 1970.<\/p>\n<p><strong>Servi\u00e7o<\/strong><br \/>\nO que: Resistir \u00e9 preciso<br \/>\nQuando: de 12\/02 a 07\/04 &#8211; Ter\u00e7as, Quartas, Quintas, Sextas, S\u00e1bados e Domingos das 09:00 \u00e0s 21:00<br \/>\nQuanto: Nada<br \/>\nOnde: CCBB RJ &#8211; <a title=\"Centro Cultural Banco do Brasil\" href=\"http:\/\/www.encontracentroriodejaneiro.com.br\/centro-rj\/centro-cultural-banco-do-brasil-no-centro-rj.shtml\" target=\"_blank\">Centro Cultural Banco do Brasil<br \/>\n<\/a>Endere\u00e7o: Rua Primeiro de Mar\u00e7o, s\/n\u00ba &#8211; Centro Rio de Janeiro<br \/>\nInforma\u00e7\u00f5es:(21) 3808-2020<\/p>\n","protected":false},"excerpt":{"rendered":"<p>De 12 de fevereiro a 7 de abril o CCBB recebe a exposi\u00e7\u00e3o \u201cResistir \u00e9 preciso\u201d, mostra que resgata o per\u00edodo da ditadura no Brasil, com entrada franca. Exposi\u00e7\u00e3o que marca os 50 anos da ditadura militar no Brasil (1964-1985) idealizada pelo Instituto Vladimir Herzog, apresentando as lutas pela reconstru\u00e7\u00e3o da democracia por meio das [&hellip;]<\/p>\n","protected":false},"author":1,"featured_media":0,"comment_status":"open","ping_status":"open","sticky":false,"template":"","format":"standard","meta":{"footnotes":""},"categories":[6],"tags":[],"class_list":["post-1306","post","type-post","status-publish","format-standard","hentry","category-noticias"],"yoast_head":"<!-- This site is optimized with the Yoast SEO plugin v25.9 - https:\/\/yoast.com\/wordpress\/plugins\/seo\/ -->\n<title>Exposi\u00e7\u00e3o sobre a ditadura em cartaz no Centro do Rio - Not\u00edcias do Bairro Centro RJ<\/title>\n<meta name=\"robots\" content=\"index, follow, max-snippet:-1, max-image-preview:large, max-video-preview:-1\" \/>\n<link rel=\"canonical\" href=\"https:\/\/www.encontracentroriodejaneiro.com.br\/noticias\/exposicao-sobre-a-ditadura-em-cartaz-no-centro-do-rio\/\" \/>\n<meta property=\"og:locale\" content=\"pt_BR\" \/>\n<meta property=\"og:type\" content=\"article\" \/>\n<meta property=\"og:title\" content=\"Exposi\u00e7\u00e3o sobre a ditadura em cartaz no Centro do Rio - Not\u00edcias do Bairro Centro RJ\" \/>\n<meta property=\"og:description\" content=\"De 12 de fevereiro a 7 de abril o CCBB recebe a exposi\u00e7\u00e3o \u201cResistir \u00e9 preciso\u201d, mostra que resgata o per\u00edodo da ditadura no Brasil, com entrada franca. Exposi\u00e7\u00e3o que marca os 50 anos da ditadura militar no Brasil (1964-1985) idealizada pelo Instituto Vladimir Herzog, apresentando as lutas pela reconstru\u00e7\u00e3o da democracia por meio das [&hellip;]\" \/>\n<meta property=\"og:url\" content=\"https:\/\/www.encontracentroriodejaneiro.com.br\/noticias\/exposicao-sobre-a-ditadura-em-cartaz-no-centro-do-rio\/\" \/>\n<meta property=\"og:site_name\" content=\"Not\u00edcias do Bairro Centro RJ\" \/>\n<meta property=\"article:published_time\" content=\"2014-02-11T14:53:35+00:00\" \/>\n<meta name=\"author\" content=\"Encontra Centro RJ\" \/>\n<meta name=\"twitter:card\" content=\"summary_large_image\" \/>\n<meta name=\"twitter:label1\" content=\"Escrito por\" \/>\n\t<meta name=\"twitter:data1\" content=\"Encontra Centro RJ\" \/>\n\t<meta name=\"twitter:label2\" content=\"Est. tempo de leitura\" \/>\n\t<meta name=\"twitter:data2\" content=\"1 minuto\" \/>\n<script type=\"application\/ld+json\" class=\"yoast-schema-graph\">{\"@context\":\"https:\/\/schema.org\",\"@graph\":[{\"@type\":\"WebPage\",\"@id\":\"https:\/\/www.encontracentroriodejaneiro.com.br\/noticias\/exposicao-sobre-a-ditadura-em-cartaz-no-centro-do-rio\/\",\"url\":\"https:\/\/www.encontracentroriodejaneiro.com.br\/noticias\/exposicao-sobre-a-ditadura-em-cartaz-no-centro-do-rio\/\",\"name\":\"Exposi\u00e7\u00e3o sobre a ditadura em cartaz no Centro do Rio - Not\u00edcias do Bairro Centro RJ\",\"isPartOf\":{\"@id\":\"https:\/\/www.encontracentroriodejaneiro.com.br\/noticias\/#website\"},\"datePublished\":\"2014-02-11T14:53:35+00:00\",\"author\":{\"@id\":\"https:\/\/www.encontracentroriodejaneiro.com.br\/noticias\/#\/schema\/person\/d3a6c0305ffb5ffec8e9c6aefa0cbbce\"},\"breadcrumb\":{\"@id\":\"https:\/\/www.encontracentroriodejaneiro.com.br\/noticias\/exposicao-sobre-a-ditadura-em-cartaz-no-centro-do-rio\/#breadcrumb\"},\"inLanguage\":\"pt-BR\",\"potentialAction\":[{\"@type\":\"ReadAction\",\"target\":[\"https:\/\/www.encontracentroriodejaneiro.com.br\/noticias\/exposicao-sobre-a-ditadura-em-cartaz-no-centro-do-rio\/\"]}]},{\"@type\":\"BreadcrumbList\",\"@id\":\"https:\/\/www.encontracentroriodejaneiro.com.br\/noticias\/exposicao-sobre-a-ditadura-em-cartaz-no-centro-do-rio\/#breadcrumb\",\"itemListElement\":[{\"@type\":\"ListItem\",\"position\":1,\"name\":\"In\u00edcio\",\"item\":\"https:\/\/www.encontracentroriodejaneiro.com.br\/noticias\/\"},{\"@type\":\"ListItem\",\"position\":2,\"name\":\"Exposi\u00e7\u00e3o sobre a ditadura em cartaz no Centro do Rio\"}]},{\"@type\":\"WebSite\",\"@id\":\"https:\/\/www.encontracentroriodejaneiro.com.br\/noticias\/#website\",\"url\":\"https:\/\/www.encontracentroriodejaneiro.com.br\/noticias\/\",\"name\":\"Not\u00edcias do Bairro Centro RJ\",\"description\":\"Not\u00edcias, eventos, informa\u00e7\u00f5es e dicas no Bairro Centro RJ e regi\u00e3o\",\"potentialAction\":[{\"@type\":\"SearchAction\",\"target\":{\"@type\":\"EntryPoint\",\"urlTemplate\":\"https:\/\/www.encontracentroriodejaneiro.com.br\/noticias\/?s={search_term_string}\"},\"query-input\":{\"@type\":\"PropertyValueSpecification\",\"valueRequired\":true,\"valueName\":\"search_term_string\"}}],\"inLanguage\":\"pt-BR\"},{\"@type\":\"Person\",\"@id\":\"https:\/\/www.encontracentroriodejaneiro.com.br\/noticias\/#\/schema\/person\/d3a6c0305ffb5ffec8e9c6aefa0cbbce\",\"name\":\"Encontra Centro RJ\",\"image\":{\"@type\":\"ImageObject\",\"inLanguage\":\"pt-BR\",\"@id\":\"https:\/\/www.encontracentroriodejaneiro.com.br\/noticias\/#\/schema\/person\/image\/\",\"url\":\"https:\/\/secure.gravatar.com\/avatar\/507340682b8270222e1f208e23198b6ae7e2c6a1033ae84e99bc6bce4f82a387?s=96&d=mm&r=g\",\"contentUrl\":\"https:\/\/secure.gravatar.com\/avatar\/507340682b8270222e1f208e23198b6ae7e2c6a1033ae84e99bc6bce4f82a387?s=96&d=mm&r=g\",\"caption\":\"Encontra Centro RJ\"},\"sameAs\":[\"http:\/\/www.encontracentroriodejaneiro.com.br\"],\"url\":\"https:\/\/www.encontracentroriodejaneiro.com.br\/noticias\/author\/ecentroriodejaneiro\/\"}]}<\/script>\n<!-- \/ Yoast SEO plugin. -->","yoast_head_json":{"title":"Exposi\u00e7\u00e3o sobre a ditadura em cartaz no Centro do Rio - Not\u00edcias do Bairro Centro RJ","robots":{"index":"index","follow":"follow","max-snippet":"max-snippet:-1","max-image-preview":"max-image-preview:large","max-video-preview":"max-video-preview:-1"},"canonical":"https:\/\/www.encontracentroriodejaneiro.com.br\/noticias\/exposicao-sobre-a-ditadura-em-cartaz-no-centro-do-rio\/","og_locale":"pt_BR","og_type":"article","og_title":"Exposi\u00e7\u00e3o sobre a ditadura em cartaz no Centro do Rio - Not\u00edcias do Bairro Centro RJ","og_description":"De 12 de fevereiro a 7 de abril o CCBB recebe a exposi\u00e7\u00e3o \u201cResistir \u00e9 preciso\u201d, mostra que resgata o per\u00edodo da ditadura no Brasil, com entrada franca. Exposi\u00e7\u00e3o que marca os 50 anos da ditadura militar no Brasil (1964-1985) idealizada pelo Instituto Vladimir Herzog, apresentando as lutas pela reconstru\u00e7\u00e3o da democracia por meio das [&hellip;]","og_url":"https:\/\/www.encontracentroriodejaneiro.com.br\/noticias\/exposicao-sobre-a-ditadura-em-cartaz-no-centro-do-rio\/","og_site_name":"Not\u00edcias do Bairro Centro RJ","article_published_time":"2014-02-11T14:53:35+00:00","author":"Encontra Centro RJ","twitter_card":"summary_large_image","twitter_misc":{"Escrito por":"Encontra Centro RJ","Est. tempo de leitura":"1 minuto"},"schema":{"@context":"https:\/\/schema.org","@graph":[{"@type":"WebPage","@id":"https:\/\/www.encontracentroriodejaneiro.com.br\/noticias\/exposicao-sobre-a-ditadura-em-cartaz-no-centro-do-rio\/","url":"https:\/\/www.encontracentroriodejaneiro.com.br\/noticias\/exposicao-sobre-a-ditadura-em-cartaz-no-centro-do-rio\/","name":"Exposi\u00e7\u00e3o sobre a ditadura em cartaz no Centro do Rio - Not\u00edcias do Bairro Centro RJ","isPartOf":{"@id":"https:\/\/www.encontracentroriodejaneiro.com.br\/noticias\/#website"},"datePublished":"2014-02-11T14:53:35+00:00","author":{"@id":"https:\/\/www.encontracentroriodejaneiro.com.br\/noticias\/#\/schema\/person\/d3a6c0305ffb5ffec8e9c6aefa0cbbce"},"breadcrumb":{"@id":"https:\/\/www.encontracentroriodejaneiro.com.br\/noticias\/exposicao-sobre-a-ditadura-em-cartaz-no-centro-do-rio\/#breadcrumb"},"inLanguage":"pt-BR","potentialAction":[{"@type":"ReadAction","target":["https:\/\/www.encontracentroriodejaneiro.com.br\/noticias\/exposicao-sobre-a-ditadura-em-cartaz-no-centro-do-rio\/"]}]},{"@type":"BreadcrumbList","@id":"https:\/\/www.encontracentroriodejaneiro.com.br\/noticias\/exposicao-sobre-a-ditadura-em-cartaz-no-centro-do-rio\/#breadcrumb","itemListElement":[{"@type":"ListItem","position":1,"name":"In\u00edcio","item":"https:\/\/www.encontracentroriodejaneiro.com.br\/noticias\/"},{"@type":"ListItem","position":2,"name":"Exposi\u00e7\u00e3o sobre a ditadura em cartaz no Centro do Rio"}]},{"@type":"WebSite","@id":"https:\/\/www.encontracentroriodejaneiro.com.br\/noticias\/#website","url":"https:\/\/www.encontracentroriodejaneiro.com.br\/noticias\/","name":"Not\u00edcias do Bairro Centro RJ","description":"Not\u00edcias, eventos, informa\u00e7\u00f5es e dicas no Bairro Centro RJ e regi\u00e3o","potentialAction":[{"@type":"SearchAction","target":{"@type":"EntryPoint","urlTemplate":"https:\/\/www.encontracentroriodejaneiro.com.br\/noticias\/?s={search_term_string}"},"query-input":{"@type":"PropertyValueSpecification","valueRequired":true,"valueName":"search_term_string"}}],"inLanguage":"pt-BR"},{"@type":"Person","@id":"https:\/\/www.encontracentroriodejaneiro.com.br\/noticias\/#\/schema\/person\/d3a6c0305ffb5ffec8e9c6aefa0cbbce","name":"Encontra Centro RJ","image":{"@type":"ImageObject","inLanguage":"pt-BR","@id":"https:\/\/www.encontracentroriodejaneiro.com.br\/noticias\/#\/schema\/person\/image\/","url":"https:\/\/secure.gravatar.com\/avatar\/507340682b8270222e1f208e23198b6ae7e2c6a1033ae84e99bc6bce4f82a387?s=96&d=mm&r=g","contentUrl":"https:\/\/secure.gravatar.com\/avatar\/507340682b8270222e1f208e23198b6ae7e2c6a1033ae84e99bc6bce4f82a387?s=96&d=mm&r=g","caption":"Encontra Centro RJ"},"sameAs":["http:\/\/www.encontracentroriodejaneiro.com.br"],"url":"https:\/\/www.encontracentroriodejaneiro.com.br\/noticias\/author\/ecentroriodejaneiro\/"}]}},"_links":{"self":[{"href":"https:\/\/www.encontracentroriodejaneiro.com.br\/noticias\/wp-json\/wp\/v2\/posts\/1306","targetHints":{"allow":["GET"]}}],"collection":[{"href":"https:\/\/www.encontracentroriodejaneiro.com.br\/noticias\/wp-json\/wp\/v2\/posts"}],"about":[{"href":"https:\/\/www.encontracentroriodejaneiro.com.br\/noticias\/wp-json\/wp\/v2\/types\/post"}],"author":[{"embeddable":true,"href":"https:\/\/www.encontracentroriodejaneiro.com.br\/noticias\/wp-json\/wp\/v2\/users\/1"}],"replies":[{"embeddable":true,"href":"https:\/\/www.encontracentroriodejaneiro.com.br\/noticias\/wp-json\/wp\/v2\/comments?post=1306"}],"version-history":[{"count":1,"href":"https:\/\/www.encontracentroriodejaneiro.com.br\/noticias\/wp-json\/wp\/v2\/posts\/1306\/revisions"}],"predecessor-version":[{"id":1307,"href":"https:\/\/www.encontracentroriodejaneiro.com.br\/noticias\/wp-json\/wp\/v2\/posts\/1306\/revisions\/1307"}],"wp:attachment":[{"href":"https:\/\/www.encontracentroriodejaneiro.com.br\/noticias\/wp-json\/wp\/v2\/media?parent=1306"}],"wp:term":[{"taxonomy":"category","embeddable":true,"href":"https:\/\/www.encontracentroriodejaneiro.com.br\/noticias\/wp-json\/wp\/v2\/categories?post=1306"},{"taxonomy":"post_tag","embeddable":true,"href":"https:\/\/www.encontracentroriodejaneiro.com.br\/noticias\/wp-json\/wp\/v2\/tags?post=1306"}],"curies":[{"name":"wp","href":"https:\/\/api.w.org\/{rel}","templated":true}]}}