{"id":134,"date":"2012-02-03T17:59:08","date_gmt":"2012-02-03T19:59:08","guid":{"rendered":"http:\/\/www.encontracentroriodejaneiro.com.br\/noticias\/?p=134"},"modified":"2013-08-15T14:18:33","modified_gmt":"2013-08-15T16:18:33","slug":"centro-rj-testemunha-de-desabamentos-afirma-ter-visto-buraco-em-predio","status":"publish","type":"post","link":"https:\/\/www.encontracentroriodejaneiro.com.br\/noticias\/centro-rj-testemunha-de-desabamentos-afirma-ter-visto-buraco-em-predio\/","title":{"rendered":"Centro RJ: testemunha de desabamentos afirma ter visto buraco em pr\u00e9dio"},"content":{"rendered":"<p>Uma semana ap\u00f3s o desabamento de tr\u00eas pr\u00e9dios em guia do centro do RJ, uma testemunha revelou detalhes que podem ajudar a esclareceras  causas da trag\u00e9dia que deixou, pelo menos, 17 mortos. Segundo  informa\u00e7\u00f5es<em><em><\/em><\/em>, o supervisor de empresa Otoniel  Carlos da Costa Bonfin viu todo o desabamento quando estava na sobreloja  de um edif\u00edcio que fica em frente aos pr\u00e9dios que ca\u00edram. Bonfim contou  que, antes de o edif\u00edcio Liberdade ruir, uma parede caiu na metade do  pr\u00e9dio de 20 andares, numa altura que ele acredita ser do nono ou d\u00e9cimo  andar, abrindo um buraco.<\/p>\n<p>&#8220;Eu estava sentado quando ouvi um barulho e pessoas gritando. Levantei  da minha mesa, abri a cortina e vi entulho no ch\u00e3o. Olhei no meio do  pr\u00e9dio e vi que tinha ca\u00eddo uma parede, mais ou menos na altura do nono,  do d\u00e9cimo andar. E tinha um buraco no meio do edif\u00edcio, voc\u00ea conseguia  ver dentro da empresa. Dali a pouco a laje quebrou, ele (o pr\u00e9dio)  come\u00e7ou a afundar e a parte de cima, a cair sobre os outros dois  pr\u00e9dios. Foi tudo afundando&#8221;, disse o supervisor. Uma obra feita no nono  andar \u00e9 apontada como uma das poss\u00edveis causas do desastre.<\/p>\n<p><strong>Os desabamentos<\/strong><br \/>\nTr\u00eas pr\u00e9dios desabaram no centro do Rio de Janeiro por volta das  20h30min de 25 de janeiro. Um deles tinha 20 andares e ficava situado na  avenida Treze de Maio; outro tinha 10 andares e ficava na rua Manuel de  Carvalho; e o terceiro, tamb\u00e9m na Manuel de Carvalho, era uma  constru\u00e7\u00e3o de quatro andares. Segundo a Defesa Civil do munic\u00edpio, pelo  menos 17 pessoas morreram. Cinco pessoas ficaram feridas com escoria\u00e7\u00f5es  leves e foram atendidas nos hospitais da regi\u00e3o. Bombeiros e agentes da  Defesa Civil trabalham desde a noite da trag\u00e9dia na busca de v\u00edtimas em  meio aos escombros. Est\u00e3o sendo usados retroescavadeiras e caminh\u00f5es  para retirar os entulhos.<\/p>\n<p>Segundo o engenheiro civil Ant\u00f4nio Eul\u00e1lio, do Conselho Regional de  Engenharia, Arquitetura e Agronomia do Rio de Janeiro (Crea-RJ), havia  obras irregulares no edif\u00edcio de 20 andares. O especialista afirmou que o  pr\u00e9dio teria ca\u00eddo de cima para abaixo e acabou levando os outros dois  ao lado. De acordo com ele, todas as possibilidades para a trag\u00e9dia  apontam para problemas estruturais nesse pr\u00e9dio. Ele descartou  totalmente que uma explos\u00e3o por vazamento de g\u00e1s tenha causado o  desabamento.<\/p>\n<p><em>Fonte: Portal Terra<\/em><\/p>\n","protected":false},"excerpt":{"rendered":"<p>Uma semana ap\u00f3s o desabamento de tr\u00eas pr\u00e9dios em guia do centro do RJ, uma testemunha revelou detalhes que podem ajudar a esclareceras causas da trag\u00e9dia que deixou, pelo menos, 17 mortos. Segundo informa\u00e7\u00f5es, o supervisor de empresa Otoniel Carlos da Costa Bonfin viu todo o desabamento quando estava na sobreloja de um edif\u00edcio que [&hellip;]<\/p>\n","protected":false},"author":1,"featured_media":0,"comment_status":"open","ping_status":"open","sticky":false,"template":"","format":"standard","meta":{"footnotes":""},"categories":[6],"tags":[],"class_list":["post-134","post","type-post","status-publish","format-standard","hentry","category-noticias"],"yoast_head":"<!-- This site is optimized with the Yoast SEO plugin v25.9 - https:\/\/yoast.com\/wordpress\/plugins\/seo\/ -->\n<title>Centro RJ: testemunha de desabamentos afirma ter visto buraco em pr\u00e9dio - Not\u00edcias do Bairro Centro RJ<\/title>\n<meta name=\"robots\" content=\"index, follow, max-snippet:-1, max-image-preview:large, max-video-preview:-1\" \/>\n<link rel=\"canonical\" href=\"https:\/\/www.encontracentroriodejaneiro.com.br\/noticias\/centro-rj-testemunha-de-desabamentos-afirma-ter-visto-buraco-em-predio\/\" \/>\n<meta property=\"og:locale\" content=\"pt_BR\" \/>\n<meta property=\"og:type\" content=\"article\" \/>\n<meta property=\"og:title\" content=\"Centro RJ: testemunha de desabamentos afirma ter visto buraco em pr\u00e9dio - Not\u00edcias do Bairro Centro RJ\" \/>\n<meta property=\"og:description\" content=\"Uma semana ap\u00f3s o desabamento de tr\u00eas pr\u00e9dios em guia do centro do RJ, uma testemunha revelou detalhes que podem ajudar a esclareceras causas da trag\u00e9dia que deixou, pelo menos, 17 mortos. Segundo informa\u00e7\u00f5es, o supervisor de empresa Otoniel Carlos da Costa Bonfin viu todo o desabamento quando estava na sobreloja de um edif\u00edcio que [&hellip;]\" \/>\n<meta property=\"og:url\" content=\"https:\/\/www.encontracentroriodejaneiro.com.br\/noticias\/centro-rj-testemunha-de-desabamentos-afirma-ter-visto-buraco-em-predio\/\" \/>\n<meta property=\"og:site_name\" content=\"Not\u00edcias do Bairro Centro RJ\" \/>\n<meta property=\"article:published_time\" content=\"2012-02-03T19:59:08+00:00\" \/>\n<meta property=\"article:modified_time\" content=\"2013-08-15T16:18:33+00:00\" \/>\n<meta name=\"author\" content=\"Encontra Centro RJ\" \/>\n<meta name=\"twitter:card\" content=\"summary_large_image\" \/>\n<meta name=\"twitter:label1\" content=\"Escrito por\" \/>\n\t<meta name=\"twitter:data1\" content=\"Encontra Centro RJ\" \/>\n\t<meta name=\"twitter:label2\" content=\"Est. tempo de leitura\" \/>\n\t<meta name=\"twitter:data2\" content=\"2 minutos\" \/>\n<script type=\"application\/ld+json\" class=\"yoast-schema-graph\">{\"@context\":\"https:\/\/schema.org\",\"@graph\":[{\"@type\":\"WebPage\",\"@id\":\"https:\/\/www.encontracentroriodejaneiro.com.br\/noticias\/centro-rj-testemunha-de-desabamentos-afirma-ter-visto-buraco-em-predio\/\",\"url\":\"https:\/\/www.encontracentroriodejaneiro.com.br\/noticias\/centro-rj-testemunha-de-desabamentos-afirma-ter-visto-buraco-em-predio\/\",\"name\":\"Centro RJ: testemunha de desabamentos afirma ter visto buraco em pr\u00e9dio - Not\u00edcias do Bairro Centro RJ\",\"isPartOf\":{\"@id\":\"https:\/\/www.encontracentroriodejaneiro.com.br\/noticias\/#website\"},\"datePublished\":\"2012-02-03T19:59:08+00:00\",\"dateModified\":\"2013-08-15T16:18:33+00:00\",\"author\":{\"@id\":\"https:\/\/www.encontracentroriodejaneiro.com.br\/noticias\/#\/schema\/person\/d3a6c0305ffb5ffec8e9c6aefa0cbbce\"},\"breadcrumb\":{\"@id\":\"https:\/\/www.encontracentroriodejaneiro.com.br\/noticias\/centro-rj-testemunha-de-desabamentos-afirma-ter-visto-buraco-em-predio\/#breadcrumb\"},\"inLanguage\":\"pt-BR\",\"potentialAction\":[{\"@type\":\"ReadAction\",\"target\":[\"https:\/\/www.encontracentroriodejaneiro.com.br\/noticias\/centro-rj-testemunha-de-desabamentos-afirma-ter-visto-buraco-em-predio\/\"]}]},{\"@type\":\"BreadcrumbList\",\"@id\":\"https:\/\/www.encontracentroriodejaneiro.com.br\/noticias\/centro-rj-testemunha-de-desabamentos-afirma-ter-visto-buraco-em-predio\/#breadcrumb\",\"itemListElement\":[{\"@type\":\"ListItem\",\"position\":1,\"name\":\"In\u00edcio\",\"item\":\"https:\/\/www.encontracentroriodejaneiro.com.br\/noticias\/\"},{\"@type\":\"ListItem\",\"position\":2,\"name\":\"Centro RJ: testemunha de desabamentos afirma ter visto buraco em pr\u00e9dio\"}]},{\"@type\":\"WebSite\",\"@id\":\"https:\/\/www.encontracentroriodejaneiro.com.br\/noticias\/#website\",\"url\":\"https:\/\/www.encontracentroriodejaneiro.com.br\/noticias\/\",\"name\":\"Not\u00edcias do Bairro Centro RJ\",\"description\":\"Not\u00edcias, eventos, informa\u00e7\u00f5es e dicas no Bairro Centro RJ e regi\u00e3o\",\"potentialAction\":[{\"@type\":\"SearchAction\",\"target\":{\"@type\":\"EntryPoint\",\"urlTemplate\":\"https:\/\/www.encontracentroriodejaneiro.com.br\/noticias\/?s={search_term_string}\"},\"query-input\":{\"@type\":\"PropertyValueSpecification\",\"valueRequired\":true,\"valueName\":\"search_term_string\"}}],\"inLanguage\":\"pt-BR\"},{\"@type\":\"Person\",\"@id\":\"https:\/\/www.encontracentroriodejaneiro.com.br\/noticias\/#\/schema\/person\/d3a6c0305ffb5ffec8e9c6aefa0cbbce\",\"name\":\"Encontra Centro RJ\",\"image\":{\"@type\":\"ImageObject\",\"inLanguage\":\"pt-BR\",\"@id\":\"https:\/\/www.encontracentroriodejaneiro.com.br\/noticias\/#\/schema\/person\/image\/\",\"url\":\"https:\/\/secure.gravatar.com\/avatar\/507340682b8270222e1f208e23198b6ae7e2c6a1033ae84e99bc6bce4f82a387?s=96&d=mm&r=g\",\"contentUrl\":\"https:\/\/secure.gravatar.com\/avatar\/507340682b8270222e1f208e23198b6ae7e2c6a1033ae84e99bc6bce4f82a387?s=96&d=mm&r=g\",\"caption\":\"Encontra Centro RJ\"},\"sameAs\":[\"http:\/\/www.encontracentroriodejaneiro.com.br\"],\"url\":\"https:\/\/www.encontracentroriodejaneiro.com.br\/noticias\/author\/ecentroriodejaneiro\/\"}]}<\/script>\n<!-- \/ Yoast SEO plugin. -->","yoast_head_json":{"title":"Centro RJ: testemunha de desabamentos afirma ter visto buraco em pr\u00e9dio - Not\u00edcias do Bairro Centro RJ","robots":{"index":"index","follow":"follow","max-snippet":"max-snippet:-1","max-image-preview":"max-image-preview:large","max-video-preview":"max-video-preview:-1"},"canonical":"https:\/\/www.encontracentroriodejaneiro.com.br\/noticias\/centro-rj-testemunha-de-desabamentos-afirma-ter-visto-buraco-em-predio\/","og_locale":"pt_BR","og_type":"article","og_title":"Centro RJ: testemunha de desabamentos afirma ter visto buraco em pr\u00e9dio - Not\u00edcias do Bairro Centro RJ","og_description":"Uma semana ap\u00f3s o desabamento de tr\u00eas pr\u00e9dios em guia do centro do RJ, uma testemunha revelou detalhes que podem ajudar a esclareceras causas da trag\u00e9dia que deixou, pelo menos, 17 mortos. Segundo informa\u00e7\u00f5es, o supervisor de empresa Otoniel Carlos da Costa Bonfin viu todo o desabamento quando estava na sobreloja de um edif\u00edcio que [&hellip;]","og_url":"https:\/\/www.encontracentroriodejaneiro.com.br\/noticias\/centro-rj-testemunha-de-desabamentos-afirma-ter-visto-buraco-em-predio\/","og_site_name":"Not\u00edcias do Bairro Centro RJ","article_published_time":"2012-02-03T19:59:08+00:00","article_modified_time":"2013-08-15T16:18:33+00:00","author":"Encontra Centro RJ","twitter_card":"summary_large_image","twitter_misc":{"Escrito por":"Encontra Centro RJ","Est. tempo de leitura":"2 minutos"},"schema":{"@context":"https:\/\/schema.org","@graph":[{"@type":"WebPage","@id":"https:\/\/www.encontracentroriodejaneiro.com.br\/noticias\/centro-rj-testemunha-de-desabamentos-afirma-ter-visto-buraco-em-predio\/","url":"https:\/\/www.encontracentroriodejaneiro.com.br\/noticias\/centro-rj-testemunha-de-desabamentos-afirma-ter-visto-buraco-em-predio\/","name":"Centro RJ: testemunha de desabamentos afirma ter visto buraco em pr\u00e9dio - Not\u00edcias do Bairro Centro RJ","isPartOf":{"@id":"https:\/\/www.encontracentroriodejaneiro.com.br\/noticias\/#website"},"datePublished":"2012-02-03T19:59:08+00:00","dateModified":"2013-08-15T16:18:33+00:00","author":{"@id":"https:\/\/www.encontracentroriodejaneiro.com.br\/noticias\/#\/schema\/person\/d3a6c0305ffb5ffec8e9c6aefa0cbbce"},"breadcrumb":{"@id":"https:\/\/www.encontracentroriodejaneiro.com.br\/noticias\/centro-rj-testemunha-de-desabamentos-afirma-ter-visto-buraco-em-predio\/#breadcrumb"},"inLanguage":"pt-BR","potentialAction":[{"@type":"ReadAction","target":["https:\/\/www.encontracentroriodejaneiro.com.br\/noticias\/centro-rj-testemunha-de-desabamentos-afirma-ter-visto-buraco-em-predio\/"]}]},{"@type":"BreadcrumbList","@id":"https:\/\/www.encontracentroriodejaneiro.com.br\/noticias\/centro-rj-testemunha-de-desabamentos-afirma-ter-visto-buraco-em-predio\/#breadcrumb","itemListElement":[{"@type":"ListItem","position":1,"name":"In\u00edcio","item":"https:\/\/www.encontracentroriodejaneiro.com.br\/noticias\/"},{"@type":"ListItem","position":2,"name":"Centro RJ: testemunha de desabamentos afirma ter visto buraco em pr\u00e9dio"}]},{"@type":"WebSite","@id":"https:\/\/www.encontracentroriodejaneiro.com.br\/noticias\/#website","url":"https:\/\/www.encontracentroriodejaneiro.com.br\/noticias\/","name":"Not\u00edcias do Bairro Centro RJ","description":"Not\u00edcias, eventos, informa\u00e7\u00f5es e dicas no Bairro Centro RJ e regi\u00e3o","potentialAction":[{"@type":"SearchAction","target":{"@type":"EntryPoint","urlTemplate":"https:\/\/www.encontracentroriodejaneiro.com.br\/noticias\/?s={search_term_string}"},"query-input":{"@type":"PropertyValueSpecification","valueRequired":true,"valueName":"search_term_string"}}],"inLanguage":"pt-BR"},{"@type":"Person","@id":"https:\/\/www.encontracentroriodejaneiro.com.br\/noticias\/#\/schema\/person\/d3a6c0305ffb5ffec8e9c6aefa0cbbce","name":"Encontra Centro RJ","image":{"@type":"ImageObject","inLanguage":"pt-BR","@id":"https:\/\/www.encontracentroriodejaneiro.com.br\/noticias\/#\/schema\/person\/image\/","url":"https:\/\/secure.gravatar.com\/avatar\/507340682b8270222e1f208e23198b6ae7e2c6a1033ae84e99bc6bce4f82a387?s=96&d=mm&r=g","contentUrl":"https:\/\/secure.gravatar.com\/avatar\/507340682b8270222e1f208e23198b6ae7e2c6a1033ae84e99bc6bce4f82a387?s=96&d=mm&r=g","caption":"Encontra Centro RJ"},"sameAs":["http:\/\/www.encontracentroriodejaneiro.com.br"],"url":"https:\/\/www.encontracentroriodejaneiro.com.br\/noticias\/author\/ecentroriodejaneiro\/"}]}},"_links":{"self":[{"href":"https:\/\/www.encontracentroriodejaneiro.com.br\/noticias\/wp-json\/wp\/v2\/posts\/134","targetHints":{"allow":["GET"]}}],"collection":[{"href":"https:\/\/www.encontracentroriodejaneiro.com.br\/noticias\/wp-json\/wp\/v2\/posts"}],"about":[{"href":"https:\/\/www.encontracentroriodejaneiro.com.br\/noticias\/wp-json\/wp\/v2\/types\/post"}],"author":[{"embeddable":true,"href":"https:\/\/www.encontracentroriodejaneiro.com.br\/noticias\/wp-json\/wp\/v2\/users\/1"}],"replies":[{"embeddable":true,"href":"https:\/\/www.encontracentroriodejaneiro.com.br\/noticias\/wp-json\/wp\/v2\/comments?post=134"}],"version-history":[{"count":3,"href":"https:\/\/www.encontracentroriodejaneiro.com.br\/noticias\/wp-json\/wp\/v2\/posts\/134\/revisions"}],"predecessor-version":[{"id":894,"href":"https:\/\/www.encontracentroriodejaneiro.com.br\/noticias\/wp-json\/wp\/v2\/posts\/134\/revisions\/894"}],"wp:attachment":[{"href":"https:\/\/www.encontracentroriodejaneiro.com.br\/noticias\/wp-json\/wp\/v2\/media?parent=134"}],"wp:term":[{"taxonomy":"category","embeddable":true,"href":"https:\/\/www.encontracentroriodejaneiro.com.br\/noticias\/wp-json\/wp\/v2\/categories?post=134"},{"taxonomy":"post_tag","embeddable":true,"href":"https:\/\/www.encontracentroriodejaneiro.com.br\/noticias\/wp-json\/wp\/v2\/tags?post=134"}],"curies":[{"name":"wp","href":"https:\/\/api.w.org\/{rel}","templated":true}]}}