{"id":136,"date":"2012-02-03T18:02:32","date_gmt":"2012-02-03T20:02:32","guid":{"rendered":"http:\/\/www.encontracentroriodejaneiro.com.br\/noticias\/?p=136"},"modified":"2013-08-15T14:18:32","modified_gmt":"2013-08-15T16:18:32","slug":"apos-desabamento-no-centro-do-rj-defesa-civil-registra-aumento-de-290-em-numero-de-chamadas","status":"publish","type":"post","link":"https:\/\/www.encontracentroriodejaneiro.com.br\/noticias\/apos-desabamento-no-centro-do-rj-defesa-civil-registra-aumento-de-290-em-numero-de-chamadas\/","title":{"rendered":"Ap\u00f3s desabamento no Centro do RJ, Defesa Civil registra aumento de 290% em n\u00famero de chamadas"},"content":{"rendered":"<p>Ap\u00f3s o desabamento de tr\u00eas pr\u00e9dios no bairro do Centro do RJ, a Defesa Civil registrou crescimento de 290% no n\u00famero de chamados para vistorias no Rio de Janeiro, em rela\u00e7\u00e3o ao mesmo per\u00edodo do ano passado. O Conselho Regional de Engenharia e Agronomia (Crea-RJ), que costumava receber cerca de quatro den\u00fancias por dia, agora atende a uma m\u00e9dia de 67 liga\u00e7\u00f5es.<\/p>\n<p>O engenheiro da Defesa Civil, Luiz Andr\u00e9 Moreira Alves, explicou que a maioria dos pr\u00e9dios vistoriados n\u00e3o apresenta risco.<\/p>\n<p>\u201cNoventa por cento dessas vistorias qeu n\u00f3s temos feito n\u00e3o h\u00e1 indicio de risco. Os outros 10%\u00a0 denotam necessidade de conserva\u00e7\u00e3o, mas a gente n\u00e3o atestou nenhuma ainda com a\u00a0 necessidade de interdi\u00e7\u00e3o e evacua\u00e7\u00e3o de uma dessas edifica\u00e7\u00f5es que as pessoas tenham solicitado vistoria\u201d, comentou o engenheiro.<\/p>\n<p><strong>Diretor e testemunha dep\u00f5em<\/strong><br \/>\nNa quinta-feira (2), o diretor da empresa de tecnologia TO, que fazia obras em alguns andares do Edif\u00edcio Liberdade, prestou depoimento \u00e0 pol\u00edcia por mais de quatro horas. S\u00e9rgio Alves foi ouvido na 5\u00aa DP (Mem de S\u00e1) e\u00a0 voltou a dizer que as reformas de sua empresa n\u00e3o afetaram a estrutura do pr\u00e9dio.<\/p>\n<p>\u201cEu estou convicto de que as nossas reformas n\u00e3o afetaram a estrutura do pr\u00e9dio. Estou convicto disso, n\u00e3o tenho d\u00favidas\u201d, falou Alves.<\/p>\n<p>No mesmo dia, a pol\u00edcia ouviu o depoimento de uma testemunha que pode ajudar nas investiga\u00e7\u00f5es das causas do desabamento dos pr\u00e9dios . O supervisor de vendas Otoniel Bonfim estava na janela da empresa onde trabalha quando viu o princ\u00edpio do desmoronamento.<\/p>\n<p>&#8220;Quando eu abri a cortina, eu vi que tinha ca\u00eddo uma parede ali do pr\u00e9dio na cal\u00e7ada do lado de l\u00e1 e as pessoas estavam gritando, a\u00ed quando eu olhei para cima do pr\u00e9dio, tinha um buraco da parede que caiu. A\u00ed de repente, a laje partiu e o pr\u00e9dio come\u00e7ou a desabar e foi afundando tudo&#8221;, explicou Otoniel.<\/p>\n<p><strong>V\u00eddeo mostra as obras<\/strong><br \/>\nOutra ajuda para esclarecer as causas do desabamento pode vir do v\u00eddeo que mostra as obras do 9\u00ba andar da empresa TO, divulgado pelo Pol\u00edcia Civil na quarta-feira (1\u00ba). Segundo os investigadores, al\u00e9m do grande volume de material de constru\u00e7\u00e3o e de entulho, h\u00e1 evid\u00eancias de que uma viga que fazia parte da estrutura do pr\u00e9dio foi modificada pelos pedreiros.<br \/>\n<strong><br \/>\nMissa emociona parentes<\/strong><br \/>\nNa quinta-feira (2), foi celebrada missa de s\u00e9timo dia pelo Arcebispo do Rio, Dom Orani Tempesta, na Catedral de S\u00e3o Sebasti\u00e3o, em homenagem \u00e0s v\u00edtimas da trag\u00e9dia.<\/p>\n<p><em>Fonte: Portal Terra<\/em><\/p>\n","protected":false},"excerpt":{"rendered":"<p>Ap\u00f3s o desabamento de tr\u00eas pr\u00e9dios no bairro do Centro do RJ, a Defesa Civil registrou crescimento de 290% no n\u00famero de chamados para vistorias no Rio de Janeiro, em rela\u00e7\u00e3o ao mesmo per\u00edodo do ano passado. O Conselho Regional de Engenharia e Agronomia (Crea-RJ), que costumava receber cerca de quatro den\u00fancias por dia, agora [&hellip;]<\/p>\n","protected":false},"author":1,"featured_media":0,"comment_status":"open","ping_status":"open","sticky":false,"template":"","format":"standard","meta":{"footnotes":""},"categories":[6],"tags":[],"class_list":["post-136","post","type-post","status-publish","format-standard","hentry","category-noticias"],"yoast_head":"<!-- This site is optimized with the Yoast SEO plugin v25.9 - https:\/\/yoast.com\/wordpress\/plugins\/seo\/ -->\n<title>Ap\u00f3s desabamento no Centro do RJ, Defesa Civil registra aumento de 290% em n\u00famero de chamadas - Not\u00edcias do Bairro Centro RJ<\/title>\n<meta name=\"robots\" content=\"index, follow, max-snippet:-1, max-image-preview:large, max-video-preview:-1\" \/>\n<link rel=\"canonical\" href=\"https:\/\/www.encontracentroriodejaneiro.com.br\/noticias\/apos-desabamento-no-centro-do-rj-defesa-civil-registra-aumento-de-290-em-numero-de-chamadas\/\" \/>\n<meta property=\"og:locale\" content=\"pt_BR\" \/>\n<meta property=\"og:type\" content=\"article\" \/>\n<meta property=\"og:title\" content=\"Ap\u00f3s desabamento no Centro do RJ, Defesa Civil registra aumento de 290% em n\u00famero de chamadas - Not\u00edcias do Bairro Centro RJ\" \/>\n<meta property=\"og:description\" content=\"Ap\u00f3s o desabamento de tr\u00eas pr\u00e9dios no bairro do Centro do RJ, a Defesa Civil registrou crescimento de 290% no n\u00famero de chamados para vistorias no Rio de Janeiro, em rela\u00e7\u00e3o ao mesmo per\u00edodo do ano passado. O Conselho Regional de Engenharia e Agronomia (Crea-RJ), que costumava receber cerca de quatro den\u00fancias por dia, agora [&hellip;]\" \/>\n<meta property=\"og:url\" content=\"https:\/\/www.encontracentroriodejaneiro.com.br\/noticias\/apos-desabamento-no-centro-do-rj-defesa-civil-registra-aumento-de-290-em-numero-de-chamadas\/\" \/>\n<meta property=\"og:site_name\" content=\"Not\u00edcias do Bairro Centro RJ\" \/>\n<meta property=\"article:published_time\" content=\"2012-02-03T20:02:32+00:00\" \/>\n<meta property=\"article:modified_time\" content=\"2013-08-15T16:18:32+00:00\" \/>\n<meta name=\"author\" content=\"Encontra Centro RJ\" \/>\n<meta name=\"twitter:card\" content=\"summary_large_image\" \/>\n<meta name=\"twitter:label1\" content=\"Escrito por\" \/>\n\t<meta name=\"twitter:data1\" content=\"Encontra Centro RJ\" \/>\n\t<meta name=\"twitter:label2\" content=\"Est. tempo de leitura\" \/>\n\t<meta name=\"twitter:data2\" content=\"2 minutos\" \/>\n<script type=\"application\/ld+json\" class=\"yoast-schema-graph\">{\"@context\":\"https:\/\/schema.org\",\"@graph\":[{\"@type\":\"WebPage\",\"@id\":\"https:\/\/www.encontracentroriodejaneiro.com.br\/noticias\/apos-desabamento-no-centro-do-rj-defesa-civil-registra-aumento-de-290-em-numero-de-chamadas\/\",\"url\":\"https:\/\/www.encontracentroriodejaneiro.com.br\/noticias\/apos-desabamento-no-centro-do-rj-defesa-civil-registra-aumento-de-290-em-numero-de-chamadas\/\",\"name\":\"Ap\u00f3s desabamento no Centro do RJ, Defesa Civil registra aumento de 290% em n\u00famero de chamadas - Not\u00edcias do Bairro Centro RJ\",\"isPartOf\":{\"@id\":\"https:\/\/www.encontracentroriodejaneiro.com.br\/noticias\/#website\"},\"datePublished\":\"2012-02-03T20:02:32+00:00\",\"dateModified\":\"2013-08-15T16:18:32+00:00\",\"author\":{\"@id\":\"https:\/\/www.encontracentroriodejaneiro.com.br\/noticias\/#\/schema\/person\/d3a6c0305ffb5ffec8e9c6aefa0cbbce\"},\"breadcrumb\":{\"@id\":\"https:\/\/www.encontracentroriodejaneiro.com.br\/noticias\/apos-desabamento-no-centro-do-rj-defesa-civil-registra-aumento-de-290-em-numero-de-chamadas\/#breadcrumb\"},\"inLanguage\":\"pt-BR\",\"potentialAction\":[{\"@type\":\"ReadAction\",\"target\":[\"https:\/\/www.encontracentroriodejaneiro.com.br\/noticias\/apos-desabamento-no-centro-do-rj-defesa-civil-registra-aumento-de-290-em-numero-de-chamadas\/\"]}]},{\"@type\":\"BreadcrumbList\",\"@id\":\"https:\/\/www.encontracentroriodejaneiro.com.br\/noticias\/apos-desabamento-no-centro-do-rj-defesa-civil-registra-aumento-de-290-em-numero-de-chamadas\/#breadcrumb\",\"itemListElement\":[{\"@type\":\"ListItem\",\"position\":1,\"name\":\"In\u00edcio\",\"item\":\"https:\/\/www.encontracentroriodejaneiro.com.br\/noticias\/\"},{\"@type\":\"ListItem\",\"position\":2,\"name\":\"Ap\u00f3s desabamento no Centro do RJ, Defesa Civil registra aumento de 290% em n\u00famero de chamadas\"}]},{\"@type\":\"WebSite\",\"@id\":\"https:\/\/www.encontracentroriodejaneiro.com.br\/noticias\/#website\",\"url\":\"https:\/\/www.encontracentroriodejaneiro.com.br\/noticias\/\",\"name\":\"Not\u00edcias do Bairro Centro RJ\",\"description\":\"Not\u00edcias, eventos, informa\u00e7\u00f5es e dicas no Bairro Centro RJ e regi\u00e3o\",\"potentialAction\":[{\"@type\":\"SearchAction\",\"target\":{\"@type\":\"EntryPoint\",\"urlTemplate\":\"https:\/\/www.encontracentroriodejaneiro.com.br\/noticias\/?s={search_term_string}\"},\"query-input\":{\"@type\":\"PropertyValueSpecification\",\"valueRequired\":true,\"valueName\":\"search_term_string\"}}],\"inLanguage\":\"pt-BR\"},{\"@type\":\"Person\",\"@id\":\"https:\/\/www.encontracentroriodejaneiro.com.br\/noticias\/#\/schema\/person\/d3a6c0305ffb5ffec8e9c6aefa0cbbce\",\"name\":\"Encontra Centro RJ\",\"image\":{\"@type\":\"ImageObject\",\"inLanguage\":\"pt-BR\",\"@id\":\"https:\/\/www.encontracentroriodejaneiro.com.br\/noticias\/#\/schema\/person\/image\/\",\"url\":\"https:\/\/secure.gravatar.com\/avatar\/507340682b8270222e1f208e23198b6ae7e2c6a1033ae84e99bc6bce4f82a387?s=96&d=mm&r=g\",\"contentUrl\":\"https:\/\/secure.gravatar.com\/avatar\/507340682b8270222e1f208e23198b6ae7e2c6a1033ae84e99bc6bce4f82a387?s=96&d=mm&r=g\",\"caption\":\"Encontra Centro RJ\"},\"sameAs\":[\"http:\/\/www.encontracentroriodejaneiro.com.br\"],\"url\":\"https:\/\/www.encontracentroriodejaneiro.com.br\/noticias\/author\/ecentroriodejaneiro\/\"}]}<\/script>\n<!-- \/ Yoast SEO plugin. -->","yoast_head_json":{"title":"Ap\u00f3s desabamento no Centro do RJ, Defesa Civil registra aumento de 290% em n\u00famero de chamadas - Not\u00edcias do Bairro Centro RJ","robots":{"index":"index","follow":"follow","max-snippet":"max-snippet:-1","max-image-preview":"max-image-preview:large","max-video-preview":"max-video-preview:-1"},"canonical":"https:\/\/www.encontracentroriodejaneiro.com.br\/noticias\/apos-desabamento-no-centro-do-rj-defesa-civil-registra-aumento-de-290-em-numero-de-chamadas\/","og_locale":"pt_BR","og_type":"article","og_title":"Ap\u00f3s desabamento no Centro do RJ, Defesa Civil registra aumento de 290% em n\u00famero de chamadas - Not\u00edcias do Bairro Centro RJ","og_description":"Ap\u00f3s o desabamento de tr\u00eas pr\u00e9dios no bairro do Centro do RJ, a Defesa Civil registrou crescimento de 290% no n\u00famero de chamados para vistorias no Rio de Janeiro, em rela\u00e7\u00e3o ao mesmo per\u00edodo do ano passado. O Conselho Regional de Engenharia e Agronomia (Crea-RJ), que costumava receber cerca de quatro den\u00fancias por dia, agora [&hellip;]","og_url":"https:\/\/www.encontracentroriodejaneiro.com.br\/noticias\/apos-desabamento-no-centro-do-rj-defesa-civil-registra-aumento-de-290-em-numero-de-chamadas\/","og_site_name":"Not\u00edcias do Bairro Centro RJ","article_published_time":"2012-02-03T20:02:32+00:00","article_modified_time":"2013-08-15T16:18:32+00:00","author":"Encontra Centro RJ","twitter_card":"summary_large_image","twitter_misc":{"Escrito por":"Encontra Centro RJ","Est. tempo de leitura":"2 minutos"},"schema":{"@context":"https:\/\/schema.org","@graph":[{"@type":"WebPage","@id":"https:\/\/www.encontracentroriodejaneiro.com.br\/noticias\/apos-desabamento-no-centro-do-rj-defesa-civil-registra-aumento-de-290-em-numero-de-chamadas\/","url":"https:\/\/www.encontracentroriodejaneiro.com.br\/noticias\/apos-desabamento-no-centro-do-rj-defesa-civil-registra-aumento-de-290-em-numero-de-chamadas\/","name":"Ap\u00f3s desabamento no Centro do RJ, Defesa Civil registra aumento de 290% em n\u00famero de chamadas - Not\u00edcias do Bairro Centro RJ","isPartOf":{"@id":"https:\/\/www.encontracentroriodejaneiro.com.br\/noticias\/#website"},"datePublished":"2012-02-03T20:02:32+00:00","dateModified":"2013-08-15T16:18:32+00:00","author":{"@id":"https:\/\/www.encontracentroriodejaneiro.com.br\/noticias\/#\/schema\/person\/d3a6c0305ffb5ffec8e9c6aefa0cbbce"},"breadcrumb":{"@id":"https:\/\/www.encontracentroriodejaneiro.com.br\/noticias\/apos-desabamento-no-centro-do-rj-defesa-civil-registra-aumento-de-290-em-numero-de-chamadas\/#breadcrumb"},"inLanguage":"pt-BR","potentialAction":[{"@type":"ReadAction","target":["https:\/\/www.encontracentroriodejaneiro.com.br\/noticias\/apos-desabamento-no-centro-do-rj-defesa-civil-registra-aumento-de-290-em-numero-de-chamadas\/"]}]},{"@type":"BreadcrumbList","@id":"https:\/\/www.encontracentroriodejaneiro.com.br\/noticias\/apos-desabamento-no-centro-do-rj-defesa-civil-registra-aumento-de-290-em-numero-de-chamadas\/#breadcrumb","itemListElement":[{"@type":"ListItem","position":1,"name":"In\u00edcio","item":"https:\/\/www.encontracentroriodejaneiro.com.br\/noticias\/"},{"@type":"ListItem","position":2,"name":"Ap\u00f3s desabamento no Centro do RJ, Defesa Civil registra aumento de 290% em n\u00famero de chamadas"}]},{"@type":"WebSite","@id":"https:\/\/www.encontracentroriodejaneiro.com.br\/noticias\/#website","url":"https:\/\/www.encontracentroriodejaneiro.com.br\/noticias\/","name":"Not\u00edcias do Bairro Centro RJ","description":"Not\u00edcias, eventos, informa\u00e7\u00f5es e dicas no Bairro Centro RJ e regi\u00e3o","potentialAction":[{"@type":"SearchAction","target":{"@type":"EntryPoint","urlTemplate":"https:\/\/www.encontracentroriodejaneiro.com.br\/noticias\/?s={search_term_string}"},"query-input":{"@type":"PropertyValueSpecification","valueRequired":true,"valueName":"search_term_string"}}],"inLanguage":"pt-BR"},{"@type":"Person","@id":"https:\/\/www.encontracentroriodejaneiro.com.br\/noticias\/#\/schema\/person\/d3a6c0305ffb5ffec8e9c6aefa0cbbce","name":"Encontra Centro RJ","image":{"@type":"ImageObject","inLanguage":"pt-BR","@id":"https:\/\/www.encontracentroriodejaneiro.com.br\/noticias\/#\/schema\/person\/image\/","url":"https:\/\/secure.gravatar.com\/avatar\/507340682b8270222e1f208e23198b6ae7e2c6a1033ae84e99bc6bce4f82a387?s=96&d=mm&r=g","contentUrl":"https:\/\/secure.gravatar.com\/avatar\/507340682b8270222e1f208e23198b6ae7e2c6a1033ae84e99bc6bce4f82a387?s=96&d=mm&r=g","caption":"Encontra Centro RJ"},"sameAs":["http:\/\/www.encontracentroriodejaneiro.com.br"],"url":"https:\/\/www.encontracentroriodejaneiro.com.br\/noticias\/author\/ecentroriodejaneiro\/"}]}},"_links":{"self":[{"href":"https:\/\/www.encontracentroriodejaneiro.com.br\/noticias\/wp-json\/wp\/v2\/posts\/136","targetHints":{"allow":["GET"]}}],"collection":[{"href":"https:\/\/www.encontracentroriodejaneiro.com.br\/noticias\/wp-json\/wp\/v2\/posts"}],"about":[{"href":"https:\/\/www.encontracentroriodejaneiro.com.br\/noticias\/wp-json\/wp\/v2\/types\/post"}],"author":[{"embeddable":true,"href":"https:\/\/www.encontracentroriodejaneiro.com.br\/noticias\/wp-json\/wp\/v2\/users\/1"}],"replies":[{"embeddable":true,"href":"https:\/\/www.encontracentroriodejaneiro.com.br\/noticias\/wp-json\/wp\/v2\/comments?post=136"}],"version-history":[{"count":5,"href":"https:\/\/www.encontracentroriodejaneiro.com.br\/noticias\/wp-json\/wp\/v2\/posts\/136\/revisions"}],"predecessor-version":[{"id":872,"href":"https:\/\/www.encontracentroriodejaneiro.com.br\/noticias\/wp-json\/wp\/v2\/posts\/136\/revisions\/872"}],"wp:attachment":[{"href":"https:\/\/www.encontracentroriodejaneiro.com.br\/noticias\/wp-json\/wp\/v2\/media?parent=136"}],"wp:term":[{"taxonomy":"category","embeddable":true,"href":"https:\/\/www.encontracentroriodejaneiro.com.br\/noticias\/wp-json\/wp\/v2\/categories?post=136"},{"taxonomy":"post_tag","embeddable":true,"href":"https:\/\/www.encontracentroriodejaneiro.com.br\/noticias\/wp-json\/wp\/v2\/tags?post=136"}],"curies":[{"name":"wp","href":"https:\/\/api.w.org\/{rel}","templated":true}]}}