{"id":138,"date":"2012-02-03T18:05:34","date_gmt":"2012-02-03T20:05:34","guid":{"rendered":"http:\/\/www.encontracentroriodejaneiro.com.br\/noticias\/?p=138"},"modified":"2013-08-15T14:18:33","modified_gmt":"2013-08-15T16:18:33","slug":"centro-rj-arcebispo-celebra-missa-por-vitimas-de-desabamento-%e2%80%8e","status":"publish","type":"post","link":"https:\/\/www.encontracentroriodejaneiro.com.br\/noticias\/centro-rj-arcebispo-celebra-missa-por-vitimas-de-desabamento-%e2%80%8e\/","title":{"rendered":"Centro RJ: arcebispo celebra missa por v\u00edtimas de desabamento \u200e"},"content":{"rendered":"<p>O arcebispo do Rio, Dom Orani Tempesta, celebrou nesta quinta-feira, na  Catedral de S\u00e3o Sebasti\u00e3o, no bairro do Centro do RJ, a missa de s\u00e9timo dia em  homenagem \u00e0s v\u00edtimas do desabamento de tr\u00eas pr\u00e9dios na semana passada.<\/p>\n<p>&#8220;Uma semana passou e uma semana \u00e9 pouco. As l\u00e1grimas continuam rolando  facilmente. De certa forma, muitos foram atingidos nessa cidade com a  trag\u00e9dia. Vamos compartilhar esse momento de dor&#8221;, disse Dom Orani  durante a missa.<\/p>\n<p>Familiares das 17 v\u00edtimas do desmoronamento dos pr\u00e9dios participaram da  missa.  Agora, parentes e v\u00edtimas procuram se informar sobre seus  direitos ap\u00f3s o ocorrido. \u00c0s 16h de hoje, a associa\u00e7\u00e3o das v\u00edtimas vai  se reunir com o presidente da Ordem dos Advogados do Brasil (OAB), na  sede da institui\u00e7\u00e3o no Rio de Janeiro, para tratar das pr\u00f3ximas etapas.<\/p>\n<p>Quem perdeu salas comerciais no pr\u00e9dio precisam entrar na justi\u00e7a e  provar o valor do preju\u00edzo.  De acordo com o procurador-geral da OAB,  Ronalddo Cramer, a indeniza\u00e7\u00e3o para quem perdeu apenas bens materiais  ser\u00e1 mais dif\u00edcil do que para quem perdeu algum parente no desabamento.  &#8220;Para se receber uma indeniza\u00e7\u00e3o por danos materiais \u00e9 necess\u00e1rio  comprovar o quanto foi investido naquele espa\u00e7o. E isso ser\u00e1 dram\u00e1tico,  porque as provas de investimentos est\u00e3o embaixo dos escombros&#8221;, disse.<\/p>\n<p><strong>Os desabamentos<\/strong><br \/>\nTr\u00eas pr\u00e9dios desabaram no centro do Rio de Janeiro por volta das  20h30min de 25 de janeiro. Um deles tinha 20 andares e ficava situado na  avenida Treze de Maio; outro tinha 10 andares e ficava na rua Manuel de  Carvalho; e o terceiro, tamb\u00e9m na Manuel de Carvalho, era uma  constru\u00e7\u00e3o de quatro andares. Segundo a Defesa Civil do munic\u00edpio, pelo  menos 17 pessoas morreram. Cinco pessoas ficaram feridas com escoria\u00e7\u00f5es  leves e foram atendidas nos hospitais da regi\u00e3o. Bombeiros e agentes da  Defesa Civil trabalham desde a noite da trag\u00e9dia na busca de v\u00edtimas em  meio aos escombros. Est\u00e3o sendo usados retroescavadeiras e caminh\u00f5es  para retirar os entulhos.<\/p>\n<p>Segundo o engenheiro civil Ant\u00f4nio Eul\u00e1lio, do Conselho Regional de  Engenharia, Arquitetura e Agronomia do Rio de Janeiro (Crea-RJ), havia  obras irregulares no edif\u00edcio de 20 andares. O especialista afirmou que o  pr\u00e9dio teria ca\u00eddo de cima para abaixo e acabou levando os outros dois  ao lado. De acordo com ele, todas as possibilidades para a trag\u00e9dia  apontam para problemas estruturais nesse pr\u00e9dio. Ele descartou  totalmente que uma explos\u00e3o por vazamento de g\u00e1s tenha causado o  desabamento.<\/p>\n<p><em>Fonte: Jornal do Brasil<\/em><\/p>\n","protected":false},"excerpt":{"rendered":"<p>O arcebispo do Rio, Dom Orani Tempesta, celebrou nesta quinta-feira, na Catedral de S\u00e3o Sebasti\u00e3o, no bairro do Centro do RJ, a missa de s\u00e9timo dia em homenagem \u00e0s v\u00edtimas do desabamento de tr\u00eas pr\u00e9dios na semana passada. &#8220;Uma semana passou e uma semana \u00e9 pouco. As l\u00e1grimas continuam rolando facilmente. De certa forma, muitos [&hellip;]<\/p>\n","protected":false},"author":1,"featured_media":0,"comment_status":"open","ping_status":"open","sticky":false,"template":"","format":"standard","meta":{"footnotes":""},"categories":[6],"tags":[],"class_list":["post-138","post","type-post","status-publish","format-standard","hentry","category-noticias"],"yoast_head":"<!-- This site is optimized with the Yoast SEO plugin v25.9 - https:\/\/yoast.com\/wordpress\/plugins\/seo\/ -->\n<title>Centro RJ: arcebispo celebra missa por v\u00edtimas de desabamento \u200e - Not\u00edcias do Bairro Centro RJ<\/title>\n<meta name=\"robots\" content=\"index, follow, max-snippet:-1, max-image-preview:large, max-video-preview:-1\" \/>\n<link rel=\"canonical\" href=\"https:\/\/www.encontracentroriodejaneiro.com.br\/noticias\/centro-rj-arcebispo-celebra-missa-por-vitimas-de-desabamento-\u200e\/\" \/>\n<meta property=\"og:locale\" content=\"pt_BR\" \/>\n<meta property=\"og:type\" content=\"article\" \/>\n<meta property=\"og:title\" content=\"Centro RJ: arcebispo celebra missa por v\u00edtimas de desabamento \u200e - Not\u00edcias do Bairro Centro RJ\" \/>\n<meta property=\"og:description\" content=\"O arcebispo do Rio, Dom Orani Tempesta, celebrou nesta quinta-feira, na Catedral de S\u00e3o Sebasti\u00e3o, no bairro do Centro do RJ, a missa de s\u00e9timo dia em homenagem \u00e0s v\u00edtimas do desabamento de tr\u00eas pr\u00e9dios na semana passada. &#8220;Uma semana passou e uma semana \u00e9 pouco. As l\u00e1grimas continuam rolando facilmente. De certa forma, muitos [&hellip;]\" \/>\n<meta property=\"og:url\" content=\"https:\/\/www.encontracentroriodejaneiro.com.br\/noticias\/centro-rj-arcebispo-celebra-missa-por-vitimas-de-desabamento-\u200e\/\" \/>\n<meta property=\"og:site_name\" content=\"Not\u00edcias do Bairro Centro RJ\" \/>\n<meta property=\"article:published_time\" content=\"2012-02-03T20:05:34+00:00\" \/>\n<meta property=\"article:modified_time\" content=\"2013-08-15T16:18:33+00:00\" \/>\n<meta name=\"author\" content=\"Encontra Centro RJ\" \/>\n<meta name=\"twitter:card\" content=\"summary_large_image\" \/>\n<meta name=\"twitter:label1\" content=\"Escrito por\" \/>\n\t<meta name=\"twitter:data1\" content=\"Encontra Centro RJ\" \/>\n\t<meta name=\"twitter:label2\" content=\"Est. tempo de leitura\" \/>\n\t<meta name=\"twitter:data2\" content=\"2 minutos\" \/>\n<script type=\"application\/ld+json\" class=\"yoast-schema-graph\">{\"@context\":\"https:\/\/schema.org\",\"@graph\":[{\"@type\":\"WebPage\",\"@id\":\"https:\/\/www.encontracentroriodejaneiro.com.br\/noticias\/centro-rj-arcebispo-celebra-missa-por-vitimas-de-desabamento-%e2%80%8e\/\",\"url\":\"https:\/\/www.encontracentroriodejaneiro.com.br\/noticias\/centro-rj-arcebispo-celebra-missa-por-vitimas-de-desabamento-%e2%80%8e\/\",\"name\":\"Centro RJ: arcebispo celebra missa por v\u00edtimas de desabamento \u200e - Not\u00edcias do Bairro Centro RJ\",\"isPartOf\":{\"@id\":\"https:\/\/www.encontracentroriodejaneiro.com.br\/noticias\/#website\"},\"datePublished\":\"2012-02-03T20:05:34+00:00\",\"dateModified\":\"2013-08-15T16:18:33+00:00\",\"author\":{\"@id\":\"https:\/\/www.encontracentroriodejaneiro.com.br\/noticias\/#\/schema\/person\/d3a6c0305ffb5ffec8e9c6aefa0cbbce\"},\"breadcrumb\":{\"@id\":\"https:\/\/www.encontracentroriodejaneiro.com.br\/noticias\/centro-rj-arcebispo-celebra-missa-por-vitimas-de-desabamento-%e2%80%8e\/#breadcrumb\"},\"inLanguage\":\"pt-BR\",\"potentialAction\":[{\"@type\":\"ReadAction\",\"target\":[\"https:\/\/www.encontracentroriodejaneiro.com.br\/noticias\/centro-rj-arcebispo-celebra-missa-por-vitimas-de-desabamento-%e2%80%8e\/\"]}]},{\"@type\":\"BreadcrumbList\",\"@id\":\"https:\/\/www.encontracentroriodejaneiro.com.br\/noticias\/centro-rj-arcebispo-celebra-missa-por-vitimas-de-desabamento-%e2%80%8e\/#breadcrumb\",\"itemListElement\":[{\"@type\":\"ListItem\",\"position\":1,\"name\":\"In\u00edcio\",\"item\":\"https:\/\/www.encontracentroriodejaneiro.com.br\/noticias\/\"},{\"@type\":\"ListItem\",\"position\":2,\"name\":\"Centro RJ: arcebispo celebra missa por v\u00edtimas de desabamento \u200e\"}]},{\"@type\":\"WebSite\",\"@id\":\"https:\/\/www.encontracentroriodejaneiro.com.br\/noticias\/#website\",\"url\":\"https:\/\/www.encontracentroriodejaneiro.com.br\/noticias\/\",\"name\":\"Not\u00edcias do Bairro Centro RJ\",\"description\":\"Not\u00edcias, eventos, informa\u00e7\u00f5es e dicas no Bairro Centro RJ e regi\u00e3o\",\"potentialAction\":[{\"@type\":\"SearchAction\",\"target\":{\"@type\":\"EntryPoint\",\"urlTemplate\":\"https:\/\/www.encontracentroriodejaneiro.com.br\/noticias\/?s={search_term_string}\"},\"query-input\":{\"@type\":\"PropertyValueSpecification\",\"valueRequired\":true,\"valueName\":\"search_term_string\"}}],\"inLanguage\":\"pt-BR\"},{\"@type\":\"Person\",\"@id\":\"https:\/\/www.encontracentroriodejaneiro.com.br\/noticias\/#\/schema\/person\/d3a6c0305ffb5ffec8e9c6aefa0cbbce\",\"name\":\"Encontra Centro RJ\",\"image\":{\"@type\":\"ImageObject\",\"inLanguage\":\"pt-BR\",\"@id\":\"https:\/\/www.encontracentroriodejaneiro.com.br\/noticias\/#\/schema\/person\/image\/\",\"url\":\"https:\/\/secure.gravatar.com\/avatar\/507340682b8270222e1f208e23198b6ae7e2c6a1033ae84e99bc6bce4f82a387?s=96&d=mm&r=g\",\"contentUrl\":\"https:\/\/secure.gravatar.com\/avatar\/507340682b8270222e1f208e23198b6ae7e2c6a1033ae84e99bc6bce4f82a387?s=96&d=mm&r=g\",\"caption\":\"Encontra Centro RJ\"},\"sameAs\":[\"http:\/\/www.encontracentroriodejaneiro.com.br\"],\"url\":\"https:\/\/www.encontracentroriodejaneiro.com.br\/noticias\/author\/ecentroriodejaneiro\/\"}]}<\/script>\n<!-- \/ Yoast SEO plugin. -->","yoast_head_json":{"title":"Centro RJ: arcebispo celebra missa por v\u00edtimas de desabamento \u200e - Not\u00edcias do Bairro Centro RJ","robots":{"index":"index","follow":"follow","max-snippet":"max-snippet:-1","max-image-preview":"max-image-preview:large","max-video-preview":"max-video-preview:-1"},"canonical":"https:\/\/www.encontracentroriodejaneiro.com.br\/noticias\/centro-rj-arcebispo-celebra-missa-por-vitimas-de-desabamento-\u200e\/","og_locale":"pt_BR","og_type":"article","og_title":"Centro RJ: arcebispo celebra missa por v\u00edtimas de desabamento \u200e - Not\u00edcias do Bairro Centro RJ","og_description":"O arcebispo do Rio, Dom Orani Tempesta, celebrou nesta quinta-feira, na Catedral de S\u00e3o Sebasti\u00e3o, no bairro do Centro do RJ, a missa de s\u00e9timo dia em homenagem \u00e0s v\u00edtimas do desabamento de tr\u00eas pr\u00e9dios na semana passada. &#8220;Uma semana passou e uma semana \u00e9 pouco. As l\u00e1grimas continuam rolando facilmente. De certa forma, muitos [&hellip;]","og_url":"https:\/\/www.encontracentroriodejaneiro.com.br\/noticias\/centro-rj-arcebispo-celebra-missa-por-vitimas-de-desabamento-\u200e\/","og_site_name":"Not\u00edcias do Bairro Centro RJ","article_published_time":"2012-02-03T20:05:34+00:00","article_modified_time":"2013-08-15T16:18:33+00:00","author":"Encontra Centro RJ","twitter_card":"summary_large_image","twitter_misc":{"Escrito por":"Encontra Centro RJ","Est. tempo de leitura":"2 minutos"},"schema":{"@context":"https:\/\/schema.org","@graph":[{"@type":"WebPage","@id":"https:\/\/www.encontracentroriodejaneiro.com.br\/noticias\/centro-rj-arcebispo-celebra-missa-por-vitimas-de-desabamento-%e2%80%8e\/","url":"https:\/\/www.encontracentroriodejaneiro.com.br\/noticias\/centro-rj-arcebispo-celebra-missa-por-vitimas-de-desabamento-%e2%80%8e\/","name":"Centro RJ: arcebispo celebra missa por v\u00edtimas de desabamento \u200e - Not\u00edcias do Bairro Centro RJ","isPartOf":{"@id":"https:\/\/www.encontracentroriodejaneiro.com.br\/noticias\/#website"},"datePublished":"2012-02-03T20:05:34+00:00","dateModified":"2013-08-15T16:18:33+00:00","author":{"@id":"https:\/\/www.encontracentroriodejaneiro.com.br\/noticias\/#\/schema\/person\/d3a6c0305ffb5ffec8e9c6aefa0cbbce"},"breadcrumb":{"@id":"https:\/\/www.encontracentroriodejaneiro.com.br\/noticias\/centro-rj-arcebispo-celebra-missa-por-vitimas-de-desabamento-%e2%80%8e\/#breadcrumb"},"inLanguage":"pt-BR","potentialAction":[{"@type":"ReadAction","target":["https:\/\/www.encontracentroriodejaneiro.com.br\/noticias\/centro-rj-arcebispo-celebra-missa-por-vitimas-de-desabamento-%e2%80%8e\/"]}]},{"@type":"BreadcrumbList","@id":"https:\/\/www.encontracentroriodejaneiro.com.br\/noticias\/centro-rj-arcebispo-celebra-missa-por-vitimas-de-desabamento-%e2%80%8e\/#breadcrumb","itemListElement":[{"@type":"ListItem","position":1,"name":"In\u00edcio","item":"https:\/\/www.encontracentroriodejaneiro.com.br\/noticias\/"},{"@type":"ListItem","position":2,"name":"Centro RJ: arcebispo celebra missa por v\u00edtimas de desabamento \u200e"}]},{"@type":"WebSite","@id":"https:\/\/www.encontracentroriodejaneiro.com.br\/noticias\/#website","url":"https:\/\/www.encontracentroriodejaneiro.com.br\/noticias\/","name":"Not\u00edcias do Bairro Centro RJ","description":"Not\u00edcias, eventos, informa\u00e7\u00f5es e dicas no Bairro Centro RJ e regi\u00e3o","potentialAction":[{"@type":"SearchAction","target":{"@type":"EntryPoint","urlTemplate":"https:\/\/www.encontracentroriodejaneiro.com.br\/noticias\/?s={search_term_string}"},"query-input":{"@type":"PropertyValueSpecification","valueRequired":true,"valueName":"search_term_string"}}],"inLanguage":"pt-BR"},{"@type":"Person","@id":"https:\/\/www.encontracentroriodejaneiro.com.br\/noticias\/#\/schema\/person\/d3a6c0305ffb5ffec8e9c6aefa0cbbce","name":"Encontra Centro RJ","image":{"@type":"ImageObject","inLanguage":"pt-BR","@id":"https:\/\/www.encontracentroriodejaneiro.com.br\/noticias\/#\/schema\/person\/image\/","url":"https:\/\/secure.gravatar.com\/avatar\/507340682b8270222e1f208e23198b6ae7e2c6a1033ae84e99bc6bce4f82a387?s=96&d=mm&r=g","contentUrl":"https:\/\/secure.gravatar.com\/avatar\/507340682b8270222e1f208e23198b6ae7e2c6a1033ae84e99bc6bce4f82a387?s=96&d=mm&r=g","caption":"Encontra Centro RJ"},"sameAs":["http:\/\/www.encontracentroriodejaneiro.com.br"],"url":"https:\/\/www.encontracentroriodejaneiro.com.br\/noticias\/author\/ecentroriodejaneiro\/"}]}},"_links":{"self":[{"href":"https:\/\/www.encontracentroriodejaneiro.com.br\/noticias\/wp-json\/wp\/v2\/posts\/138","targetHints":{"allow":["GET"]}}],"collection":[{"href":"https:\/\/www.encontracentroriodejaneiro.com.br\/noticias\/wp-json\/wp\/v2\/posts"}],"about":[{"href":"https:\/\/www.encontracentroriodejaneiro.com.br\/noticias\/wp-json\/wp\/v2\/types\/post"}],"author":[{"embeddable":true,"href":"https:\/\/www.encontracentroriodejaneiro.com.br\/noticias\/wp-json\/wp\/v2\/users\/1"}],"replies":[{"embeddable":true,"href":"https:\/\/www.encontracentroriodejaneiro.com.br\/noticias\/wp-json\/wp\/v2\/comments?post=138"}],"version-history":[{"count":4,"href":"https:\/\/www.encontracentroriodejaneiro.com.br\/noticias\/wp-json\/wp\/v2\/posts\/138\/revisions"}],"predecessor-version":[{"id":895,"href":"https:\/\/www.encontracentroriodejaneiro.com.br\/noticias\/wp-json\/wp\/v2\/posts\/138\/revisions\/895"}],"wp:attachment":[{"href":"https:\/\/www.encontracentroriodejaneiro.com.br\/noticias\/wp-json\/wp\/v2\/media?parent=138"}],"wp:term":[{"taxonomy":"category","embeddable":true,"href":"https:\/\/www.encontracentroriodejaneiro.com.br\/noticias\/wp-json\/wp\/v2\/categories?post=138"},{"taxonomy":"post_tag","embeddable":true,"href":"https:\/\/www.encontracentroriodejaneiro.com.br\/noticias\/wp-json\/wp\/v2\/tags?post=138"}],"curies":[{"name":"wp","href":"https:\/\/api.w.org\/{rel}","templated":true}]}}