{"id":152,"date":"2012-02-09T10:50:47","date_gmt":"2012-02-09T12:50:47","guid":{"rendered":"http:\/\/www.encontracentroriodejaneiro.com.br\/noticias\/?p=152"},"modified":"2013-08-15T14:18:33","modified_gmt":"2013-08-15T16:18:33","slug":"centro-rj-bloco-fogo-e-paixao-homenageara-wando","status":"publish","type":"post","link":"https:\/\/www.encontracentroriodejaneiro.com.br\/noticias\/centro-rj-bloco-fogo-e-paixao-homenageara-wando\/","title":{"rendered":"Centro RJ: Bloco Fogo e Paix\u00e3o homenagear\u00e1 Wando"},"content":{"rendered":"<p>No Rio de Janeiro, o Bloco Fogo e Paix\u00e3o far\u00e1 uma bela homenagem no Carnaval de Rua 2012 para Wando, que faleceu nesta quarta-feira (08).<\/p>\n<p>Al\u00e9m de ter no nome uma das m\u00fasicas mais conhecidas da carreira do cantor, o bloco tamb\u00e9m recebeu dele uma grande ajuda para recolher fundos para o desfile.<\/p>\n<p>Wando gravou um v\u00eddeo, o qual depois foi postado em um portal de financiamento coletivo. O intuito era de arrecadar R$ 9 mil, mas o n\u00famero foi superado em menos de um m\u00eas.<\/p>\n<p>Houve doa\u00e7\u00f5es de at\u00e9 R$ 100, depois que o v\u00eddeo de Wando foi veiculado. Nas imagens, ele diz que o Bloco Fogo e Paix\u00e3o era o mais bonito e sexy de todos.<\/p>\n<p>Os organizadores da agremia\u00e7\u00e3o ter\u00e3o de se apressar para fazer a homenagem, pois o desfile do bloco acontecer\u00e1 no dia 12 de fevereiro (domingo), no bairro centro Rj.<\/p>\n<p>O in\u00edcio do evento acontecer\u00e1 \u00e0s 11 horas, no Largo S\u00e3o Francisco. Em 2011, durante o desfile, quando a m\u00fasica que d\u00e1 o nome ao bloco foi tocada, v\u00e1rias mulheres jogavam suas calcinhas para cima, fato que era comum no show de Wando.<\/p>\n<p><em>Fonte: Carnaval 2012<\/em><\/p>\n","protected":false},"excerpt":{"rendered":"<p>No Rio de Janeiro, o Bloco Fogo e Paix\u00e3o far\u00e1 uma bela homenagem no Carnaval de Rua 2012 para Wando, que faleceu nesta quarta-feira (08). Al\u00e9m de ter no nome uma das m\u00fasicas mais conhecidas da carreira do cantor, o bloco tamb\u00e9m recebeu dele uma grande ajuda para recolher fundos para o desfile. Wando gravou [&hellip;]<\/p>\n","protected":false},"author":1,"featured_media":0,"comment_status":"open","ping_status":"open","sticky":false,"template":"","format":"standard","meta":{"footnotes":""},"categories":[5],"tags":[],"class_list":["post-152","post","type-post","status-publish","format-standard","hentry","category-eventos"],"yoast_head":"<!-- This site is optimized with the Yoast SEO plugin v25.9 - https:\/\/yoast.com\/wordpress\/plugins\/seo\/ -->\n<title>Centro RJ: Bloco Fogo e Paix\u00e3o homenagear\u00e1 Wando - Not\u00edcias do Bairro Centro RJ<\/title>\n<meta name=\"robots\" content=\"index, follow, max-snippet:-1, max-image-preview:large, max-video-preview:-1\" \/>\n<link rel=\"canonical\" href=\"https:\/\/www.encontracentroriodejaneiro.com.br\/noticias\/centro-rj-bloco-fogo-e-paixao-homenageara-wando\/\" \/>\n<meta property=\"og:locale\" content=\"pt_BR\" \/>\n<meta property=\"og:type\" content=\"article\" \/>\n<meta property=\"og:title\" content=\"Centro RJ: Bloco Fogo e Paix\u00e3o homenagear\u00e1 Wando - Not\u00edcias do Bairro Centro RJ\" \/>\n<meta property=\"og:description\" content=\"No Rio de Janeiro, o Bloco Fogo e Paix\u00e3o far\u00e1 uma bela homenagem no Carnaval de Rua 2012 para Wando, que faleceu nesta quarta-feira (08). Al\u00e9m de ter no nome uma das m\u00fasicas mais conhecidas da carreira do cantor, o bloco tamb\u00e9m recebeu dele uma grande ajuda para recolher fundos para o desfile. Wando gravou [&hellip;]\" \/>\n<meta property=\"og:url\" content=\"https:\/\/www.encontracentroriodejaneiro.com.br\/noticias\/centro-rj-bloco-fogo-e-paixao-homenageara-wando\/\" \/>\n<meta property=\"og:site_name\" content=\"Not\u00edcias do Bairro Centro RJ\" \/>\n<meta property=\"article:published_time\" content=\"2012-02-09T12:50:47+00:00\" \/>\n<meta property=\"article:modified_time\" content=\"2013-08-15T16:18:33+00:00\" \/>\n<meta name=\"author\" content=\"Encontra Centro RJ\" \/>\n<meta name=\"twitter:card\" content=\"summary_large_image\" \/>\n<meta name=\"twitter:label1\" content=\"Escrito por\" \/>\n\t<meta name=\"twitter:data1\" content=\"Encontra Centro RJ\" \/>\n\t<meta name=\"twitter:label2\" content=\"Est. tempo de leitura\" \/>\n\t<meta name=\"twitter:data2\" content=\"1 minuto\" \/>\n<script type=\"application\/ld+json\" class=\"yoast-schema-graph\">{\"@context\":\"https:\/\/schema.org\",\"@graph\":[{\"@type\":\"WebPage\",\"@id\":\"https:\/\/www.encontracentroriodejaneiro.com.br\/noticias\/centro-rj-bloco-fogo-e-paixao-homenageara-wando\/\",\"url\":\"https:\/\/www.encontracentroriodejaneiro.com.br\/noticias\/centro-rj-bloco-fogo-e-paixao-homenageara-wando\/\",\"name\":\"Centro RJ: Bloco Fogo e Paix\u00e3o homenagear\u00e1 Wando - Not\u00edcias do Bairro Centro RJ\",\"isPartOf\":{\"@id\":\"https:\/\/www.encontracentroriodejaneiro.com.br\/noticias\/#website\"},\"datePublished\":\"2012-02-09T12:50:47+00:00\",\"dateModified\":\"2013-08-15T16:18:33+00:00\",\"author\":{\"@id\":\"https:\/\/www.encontracentroriodejaneiro.com.br\/noticias\/#\/schema\/person\/d3a6c0305ffb5ffec8e9c6aefa0cbbce\"},\"breadcrumb\":{\"@id\":\"https:\/\/www.encontracentroriodejaneiro.com.br\/noticias\/centro-rj-bloco-fogo-e-paixao-homenageara-wando\/#breadcrumb\"},\"inLanguage\":\"pt-BR\",\"potentialAction\":[{\"@type\":\"ReadAction\",\"target\":[\"https:\/\/www.encontracentroriodejaneiro.com.br\/noticias\/centro-rj-bloco-fogo-e-paixao-homenageara-wando\/\"]}]},{\"@type\":\"BreadcrumbList\",\"@id\":\"https:\/\/www.encontracentroriodejaneiro.com.br\/noticias\/centro-rj-bloco-fogo-e-paixao-homenageara-wando\/#breadcrumb\",\"itemListElement\":[{\"@type\":\"ListItem\",\"position\":1,\"name\":\"In\u00edcio\",\"item\":\"https:\/\/www.encontracentroriodejaneiro.com.br\/noticias\/\"},{\"@type\":\"ListItem\",\"position\":2,\"name\":\"Centro RJ: Bloco Fogo e Paix\u00e3o homenagear\u00e1 Wando\"}]},{\"@type\":\"WebSite\",\"@id\":\"https:\/\/www.encontracentroriodejaneiro.com.br\/noticias\/#website\",\"url\":\"https:\/\/www.encontracentroriodejaneiro.com.br\/noticias\/\",\"name\":\"Not\u00edcias do Bairro Centro RJ\",\"description\":\"Not\u00edcias, eventos, informa\u00e7\u00f5es e dicas no Bairro Centro RJ e regi\u00e3o\",\"potentialAction\":[{\"@type\":\"SearchAction\",\"target\":{\"@type\":\"EntryPoint\",\"urlTemplate\":\"https:\/\/www.encontracentroriodejaneiro.com.br\/noticias\/?s={search_term_string}\"},\"query-input\":{\"@type\":\"PropertyValueSpecification\",\"valueRequired\":true,\"valueName\":\"search_term_string\"}}],\"inLanguage\":\"pt-BR\"},{\"@type\":\"Person\",\"@id\":\"https:\/\/www.encontracentroriodejaneiro.com.br\/noticias\/#\/schema\/person\/d3a6c0305ffb5ffec8e9c6aefa0cbbce\",\"name\":\"Encontra Centro RJ\",\"image\":{\"@type\":\"ImageObject\",\"inLanguage\":\"pt-BR\",\"@id\":\"https:\/\/www.encontracentroriodejaneiro.com.br\/noticias\/#\/schema\/person\/image\/\",\"url\":\"https:\/\/secure.gravatar.com\/avatar\/507340682b8270222e1f208e23198b6ae7e2c6a1033ae84e99bc6bce4f82a387?s=96&d=mm&r=g\",\"contentUrl\":\"https:\/\/secure.gravatar.com\/avatar\/507340682b8270222e1f208e23198b6ae7e2c6a1033ae84e99bc6bce4f82a387?s=96&d=mm&r=g\",\"caption\":\"Encontra Centro RJ\"},\"sameAs\":[\"http:\/\/www.encontracentroriodejaneiro.com.br\"],\"url\":\"https:\/\/www.encontracentroriodejaneiro.com.br\/noticias\/author\/ecentroriodejaneiro\/\"}]}<\/script>\n<!-- \/ Yoast SEO plugin. -->","yoast_head_json":{"title":"Centro RJ: Bloco Fogo e Paix\u00e3o homenagear\u00e1 Wando - Not\u00edcias do Bairro Centro RJ","robots":{"index":"index","follow":"follow","max-snippet":"max-snippet:-1","max-image-preview":"max-image-preview:large","max-video-preview":"max-video-preview:-1"},"canonical":"https:\/\/www.encontracentroriodejaneiro.com.br\/noticias\/centro-rj-bloco-fogo-e-paixao-homenageara-wando\/","og_locale":"pt_BR","og_type":"article","og_title":"Centro RJ: Bloco Fogo e Paix\u00e3o homenagear\u00e1 Wando - Not\u00edcias do Bairro Centro RJ","og_description":"No Rio de Janeiro, o Bloco Fogo e Paix\u00e3o far\u00e1 uma bela homenagem no Carnaval de Rua 2012 para Wando, que faleceu nesta quarta-feira (08). Al\u00e9m de ter no nome uma das m\u00fasicas mais conhecidas da carreira do cantor, o bloco tamb\u00e9m recebeu dele uma grande ajuda para recolher fundos para o desfile. Wando gravou [&hellip;]","og_url":"https:\/\/www.encontracentroriodejaneiro.com.br\/noticias\/centro-rj-bloco-fogo-e-paixao-homenageara-wando\/","og_site_name":"Not\u00edcias do Bairro Centro RJ","article_published_time":"2012-02-09T12:50:47+00:00","article_modified_time":"2013-08-15T16:18:33+00:00","author":"Encontra Centro RJ","twitter_card":"summary_large_image","twitter_misc":{"Escrito por":"Encontra Centro RJ","Est. tempo de leitura":"1 minuto"},"schema":{"@context":"https:\/\/schema.org","@graph":[{"@type":"WebPage","@id":"https:\/\/www.encontracentroriodejaneiro.com.br\/noticias\/centro-rj-bloco-fogo-e-paixao-homenageara-wando\/","url":"https:\/\/www.encontracentroriodejaneiro.com.br\/noticias\/centro-rj-bloco-fogo-e-paixao-homenageara-wando\/","name":"Centro RJ: Bloco Fogo e Paix\u00e3o homenagear\u00e1 Wando - Not\u00edcias do Bairro Centro RJ","isPartOf":{"@id":"https:\/\/www.encontracentroriodejaneiro.com.br\/noticias\/#website"},"datePublished":"2012-02-09T12:50:47+00:00","dateModified":"2013-08-15T16:18:33+00:00","author":{"@id":"https:\/\/www.encontracentroriodejaneiro.com.br\/noticias\/#\/schema\/person\/d3a6c0305ffb5ffec8e9c6aefa0cbbce"},"breadcrumb":{"@id":"https:\/\/www.encontracentroriodejaneiro.com.br\/noticias\/centro-rj-bloco-fogo-e-paixao-homenageara-wando\/#breadcrumb"},"inLanguage":"pt-BR","potentialAction":[{"@type":"ReadAction","target":["https:\/\/www.encontracentroriodejaneiro.com.br\/noticias\/centro-rj-bloco-fogo-e-paixao-homenageara-wando\/"]}]},{"@type":"BreadcrumbList","@id":"https:\/\/www.encontracentroriodejaneiro.com.br\/noticias\/centro-rj-bloco-fogo-e-paixao-homenageara-wando\/#breadcrumb","itemListElement":[{"@type":"ListItem","position":1,"name":"In\u00edcio","item":"https:\/\/www.encontracentroriodejaneiro.com.br\/noticias\/"},{"@type":"ListItem","position":2,"name":"Centro RJ: Bloco Fogo e Paix\u00e3o homenagear\u00e1 Wando"}]},{"@type":"WebSite","@id":"https:\/\/www.encontracentroriodejaneiro.com.br\/noticias\/#website","url":"https:\/\/www.encontracentroriodejaneiro.com.br\/noticias\/","name":"Not\u00edcias do Bairro Centro RJ","description":"Not\u00edcias, eventos, informa\u00e7\u00f5es e dicas no Bairro Centro RJ e regi\u00e3o","potentialAction":[{"@type":"SearchAction","target":{"@type":"EntryPoint","urlTemplate":"https:\/\/www.encontracentroriodejaneiro.com.br\/noticias\/?s={search_term_string}"},"query-input":{"@type":"PropertyValueSpecification","valueRequired":true,"valueName":"search_term_string"}}],"inLanguage":"pt-BR"},{"@type":"Person","@id":"https:\/\/www.encontracentroriodejaneiro.com.br\/noticias\/#\/schema\/person\/d3a6c0305ffb5ffec8e9c6aefa0cbbce","name":"Encontra Centro RJ","image":{"@type":"ImageObject","inLanguage":"pt-BR","@id":"https:\/\/www.encontracentroriodejaneiro.com.br\/noticias\/#\/schema\/person\/image\/","url":"https:\/\/secure.gravatar.com\/avatar\/507340682b8270222e1f208e23198b6ae7e2c6a1033ae84e99bc6bce4f82a387?s=96&d=mm&r=g","contentUrl":"https:\/\/secure.gravatar.com\/avatar\/507340682b8270222e1f208e23198b6ae7e2c6a1033ae84e99bc6bce4f82a387?s=96&d=mm&r=g","caption":"Encontra Centro RJ"},"sameAs":["http:\/\/www.encontracentroriodejaneiro.com.br"],"url":"https:\/\/www.encontracentroriodejaneiro.com.br\/noticias\/author\/ecentroriodejaneiro\/"}]}},"_links":{"self":[{"href":"https:\/\/www.encontracentroriodejaneiro.com.br\/noticias\/wp-json\/wp\/v2\/posts\/152","targetHints":{"allow":["GET"]}}],"collection":[{"href":"https:\/\/www.encontracentroriodejaneiro.com.br\/noticias\/wp-json\/wp\/v2\/posts"}],"about":[{"href":"https:\/\/www.encontracentroriodejaneiro.com.br\/noticias\/wp-json\/wp\/v2\/types\/post"}],"author":[{"embeddable":true,"href":"https:\/\/www.encontracentroriodejaneiro.com.br\/noticias\/wp-json\/wp\/v2\/users\/1"}],"replies":[{"embeddable":true,"href":"https:\/\/www.encontracentroriodejaneiro.com.br\/noticias\/wp-json\/wp\/v2\/comments?post=152"}],"version-history":[{"count":3,"href":"https:\/\/www.encontracentroriodejaneiro.com.br\/noticias\/wp-json\/wp\/v2\/posts\/152\/revisions"}],"predecessor-version":[{"id":902,"href":"https:\/\/www.encontracentroriodejaneiro.com.br\/noticias\/wp-json\/wp\/v2\/posts\/152\/revisions\/902"}],"wp:attachment":[{"href":"https:\/\/www.encontracentroriodejaneiro.com.br\/noticias\/wp-json\/wp\/v2\/media?parent=152"}],"wp:term":[{"taxonomy":"category","embeddable":true,"href":"https:\/\/www.encontracentroriodejaneiro.com.br\/noticias\/wp-json\/wp\/v2\/categories?post=152"},{"taxonomy":"post_tag","embeddable":true,"href":"https:\/\/www.encontracentroriodejaneiro.com.br\/noticias\/wp-json\/wp\/v2\/tags?post=152"}],"curies":[{"name":"wp","href":"https:\/\/api.w.org\/{rel}","templated":true}]}}