{"id":156,"date":"2012-02-14T11:45:01","date_gmt":"2012-02-14T13:45:01","guid":{"rendered":"http:\/\/www.encontracentroriodejaneiro.com.br\/noticias\/?p=156"},"modified":"2013-08-15T14:18:34","modified_gmt":"2013-08-15T16:18:34","slug":"centro-rj-saiba-quanto-vai-custar-andar-de-taxi-durante-o-carnaval","status":"publish","type":"post","link":"https:\/\/www.encontracentroriodejaneiro.com.br\/noticias\/centro-rj-saiba-quanto-vai-custar-andar-de-taxi-durante-o-carnaval\/","title":{"rendered":"Centro RJ: Saiba quanto vai custar andar de t\u00e1xi durante o Carnaval"},"content":{"rendered":"<p>A Secretaria Municipal de Transportes (SMTR) autorizou\u00a0o uso da  tarifa II, sem discrimina\u00e7\u00e3o hor\u00e1ria ou por \u00e1rea da cidade, para o  servi\u00e7o de transporte de passageiros nos t\u00e1xis convencionais \u2013 cor  amarela com faixa azul &#8211; a vigorar continuamente das 18h\u00a0da pr\u00f3xima  sexta-feira at\u00e9 \u00e0s 12h\u00a0do dia 22, quarta-feira de Cinzas.<\/p>\n<p>A  autoriza\u00e7\u00e3o foi\u00a0publicada nesta segunda-feira no Di\u00e1rio Oficial do  munic\u00edpio.\u00a0Est\u00e3o regulamentados para rodar na cidade cerca de 32 mil  t\u00e1xis convencionais.\u00a0Na tarifa (ou bandeira 2),\u00a0o valor da corrida  corresponde a cerca de 18% do que \u00e9 cobrado na tarifa um, cuja  bandeirada\u00a0\u00e9 de R$ 4,40.<\/p>\n<p>Em outra Resolu\u00e7\u00e3o,levando em conta\u00a0o  car\u00e1ter festivo e tur\u00edstico dos desfiles de Carnaval na Passarela do  Samba \u2013 Samb\u00f3dromo, de onde as viagens s\u00e3o realizadas para v\u00e1rios pontos  da cidade sem retorno remunerado para o taxista, a Secretaria\u00a0definiu  uma tabela para os t\u00e1xis especiais.\u00a0Adotou\u00a0\u00a0um sistema com tarifas  pr\u00e9-fixadas, para evitar cobran\u00e7as exorbitantes, muitas vezes\u00a0no &#8220;tiro&#8221;.<\/p>\n<p>Essa\u00a0tabela tarif\u00e1ria, em\u00a0 anexo, para as viagens com sa\u00eddas do  Samb\u00f3dromo\u00a0devem ser utilizadas pelas\u00a0seguintes\u00a0cooperativas de t\u00e1xis  especiais credenciadas:<\/p>\n<p>Cooperativa Mista de Trabalho de Motoristas Aut\u00f4nomos de T\u00e1xi Especial do Rio de Janeiro Ltda. \u2013 COOPERTRAMO;<\/p>\n<p>Cooperativa de Trabalho dos Motoristas Aut\u00f4nomos de T\u00e1xi e Turismo do Rio de Janeiro Ltda.\u2013 COOPATUR;<\/p>\n<p>Cooperativa de Trabalho dos Motoristas Aut\u00f4nomos de Turismo do Rio de Janeiro Ltda. \u2013 TRANSCOOTUR;<\/p>\n<p>Cooperativa  de Motoristas Profissionais Aut\u00f4nomos de Ve\u00edculos de Aluguel para  Turismo no Estado do Rio de Janeiro Ltda. \u2013 ROYALCOOP;<\/p>\n<p>Cooperativa de Trabalho de Motoristas de Transporte de Passageiros e Turismo do Estado do Rio de Janeiro \u2013 COOTRAMO;<\/p>\n<p>Cooperativa  de Trabalho de Motoristas de Ve\u00edculos de Transportes de Passageiros e  Turismo do Estado do Rio de Janeiro \u2013 TRANSCOOPASS.<\/p>\n<p>A  Secretaria\u00a0informa que a tabela com informa\u00e7\u00e3o dos valores das viagens  dever\u00e1 ser afixada internamente no vidro lateral esquerdo do  ve\u00edculo.Equipes da Subsecretaria de Fiscaliza\u00e7\u00e3o(SubF)\u00a0da SMTR v\u00e3o atuar  no entorno do Samb\u00f3dromo para orientar passageiros e coibir  irregularidades<\/p>\n<p>Essa tabela entra em vigor a partir das 18:00 h  do dia 17 (\u00a0sexta-feira,) at\u00e9 \u00e0s 12 h do dia 22 \u2013 quarta-feira de  Cinzas e do meio dia do dia 25 de fevereiro (s\u00e1bado), at\u00e9 \u00e0s 12h do dia  26 de fevereiro,\u00a0domingo. Confira\u00a0os valores das corridas que partem do  Samb\u00f3dromo, para os\u00a0diferentes bairros da cidade.<\/p>\n<p><strong>LOCAL\u00a0&#8211; PRE\u00c7O <\/strong><\/p>\n<p>Aboli\u00e7\u00e3o &#8211; R$ 74,00<br \/>\nAcari\u00a0&#8211; R$\u00a0104,00<br \/>\nAeroporto Stos. Dumont &#8211; R$ 36,00<br \/>\nAgua Santa &#8211; R$ 74,00<br \/>\nAlto da Boa Vista &#8211; R$ 64,00<br \/>\nAnchieta &#8211; R$ 127,00<br \/>\nAndara\u00ed\u00a0&#8211; R$ 48,00<br \/>\nAugusto de Vasconcelos &#8211; R$ 159,00<br \/>\nAut\u00f3dromo &#8211; R$\u00a0111,00<br \/>\nAv. Niemeyer &#8211; R$ 79,00<br \/>\nBairro de F\u00e1tima\u00a0&#8211; R$\u00a030,00<br \/>\nEncontra Bangu &#8211; R$ 134,00<br \/>\nBangu\/Barata &#8211; R$\u00a0134,00<br \/>\nBar\u00e3o de Mau\u00e1\u00a0&#8211; R$\u00a030,00<br \/>\nBarra da Tijuca\u00a0&#8211; R$\u00a0111,00<br \/>\nBarra de Guaratiba\u00a0&#8211; R$ 192,00<br \/>\nBarros Filho\u00a0&#8211; R$\u00a0111,00<br \/>\nBenfica &#8211; R$\u00a0\u00a036,00<br \/>\nBento Ribeiro\u00a0&#8211; R$ 111,00<br \/>\nBoca do Mato\u00a0&#8211; R$ 51,00<br \/>\nBonsucesso\u00a0&#8211; R$ 44,00<br \/>\nBotafogo\u00a0\u00a0&#8211; R$\u00a044,00<br \/>\nBr\u00e1s de Pina\u00a0&#8211; R$\u00a070,00<br \/>\nCachambi\u00a0&#8211; R$\u00a051,00<br \/>\nCaju\u00a0&#8211; R$\u00a030,00<br \/>\nCampinho\u00a0&#8211; R$\u00a079,00<br \/>\nCampo dos Afonsos\u00a0&#8211; R$ 111,00<br \/>\nCampo Grande\u00a0&#8211; R$\u00a0159,00<br \/>\nCampo Grande\/B. Ara\u00fajo\u00a0&#8211; R$ 159,00<br \/>\nCascadura\u00a0&#8211; R$\u00a074,00<br \/>\nCatete\u00a0&#8211; R$\u00a036,00<br \/>\nCatumbi\u00a0&#8211; R$\u00a030,00<br \/>\nCavalcanti\u00a0&#8211; R$\u00a074,00<br \/>\nCentro\u00a0&#8211; R$\u00a030,00<br \/>\nCoelho Neto\u00a0&#8211; R$\u00a0104,00<br \/>\nCol\u00e9gio\u00a0&#8211; R$\u00a0104,00<br \/>\nCopacabana\u00a0&#8211; R$\u00a060,00<br \/>\nCopacabana\/B. Peixoto\u00a0&#8211; R$\u00a060,00<br \/>\nCordovil\u00a0&#8211; R$\u00a071,00<br \/>\nCosme Velho\u00a0&#8211; R$\u00a036,00<br \/>\nCosmos\u00a0\u00a0&#8211; R$\u00a0159,00<br \/>\nCosta Barros\u00a0&#8211; R$\u00a0111,00<br \/>\nDel Castilho- R$\u00a044,00<br \/>\nDeodoro\u00a0&#8211; R$\u00a0111,00<br \/>\nEngenho da Rainha &#8211; R$\u00a074,00<br \/>\nEngenho de Dentro &#8211; R$\u00a074,00<br \/>\nEngenho do Mato\u00a0&#8211; R$\u00a074,00<br \/>\nEngenho Novo\u00a0&#8211; R$\u00a051,00<br \/>\nEst\u00e1cio\u00a0&#8211; R$\u00a030,00<br \/>\nEstrada da G\u00e1vea\u00a0&#8211; R$\u00a095,00<br \/>\nFazenda Botafogo\u00a0&#8211; R$ 104,00<br \/>\nFlamengo &#8211; R$ 36,00<br \/>\nFonte da Saudade\u00a0&#8211; R$ 60,00<br \/>\nGale\u00e3o\u00a0&#8211; R$ 71,00<br \/>\nGamboa\u00a0&#8211; R$\u00a030,00<br \/>\nG\u00e1vea\u00a0&#8211; R$ 60,00<br \/>\nGl\u00f3ria\u00a0&#8211; R$ 36,00<br \/>\nGraja\u00fa\u00a0&#8211; R$ 48,00<br \/>\nGrumari\u00a0&#8211; R$ 192,00<br \/>\nGuadalupe\u00a0&#8211; R$ 111,00<br \/>\nGuaratiba &#8211; R$\u00a0192,00<br \/>\nHigien\u00f3polis &#8211; R$ 44,00<br \/>\nHon\u00f3rio Gurgel &#8211; R$ 111,00<br \/>\nHorto\u00a0&#8211; R$\u00a060,00<br \/>\nHumait\u00e1\u00a0&#8211; R$ 44,00<br \/>\nIlha do Fund\u00e3o\u00a0&#8211; R$\u00a066,00<br \/>\nIlha do Governador &#8211; R$\u00a079,00<br \/>\nInha\u00fama\u00a0&#8211; R$\u00a071,00<br \/>\nInhoa\u00edba\u00a0&#8211; R$\u00a0159,00<br \/>\nInstituto Oswaldo Cruz\u00a0&#8211; R$ 44,00<br \/>\nIpanema\u00a0&#8211; R$\u00a060,00<br \/>\nIraj\u00e1 &#8211; R$\u00a095,00<br \/>\nItanhang\u00e1\u00a0&#8211; R$\u00a0111,00<br \/>\nJabour\u00a0&#8211; R$\u00a0134,00<br \/>\nJacar\u00e9\u00a0&#8211; R$\u00a051,00<br \/>\nJacarepagu\u00e1\/Curicica\u00a0&#8211; R$\u00a0111,00<br \/>\nJacarepagu\u00e1\/Freguesia\u00a0&#8211; R$ 95,00<br \/>\nJacarepagu\u00e1\/G. Azul &#8211; R$\u00a095,00<br \/>\nJacarepagu\u00e1\/P\u00e7a. Seca &#8211; R$\u00a088,00<br \/>\nJacarepagu\u00e1\/Pechincha\u00a0&#8211; R$\u00a095,00<br \/>\nJacarepagu\u00e1\/Tanque\u00a0&#8211; R$\u00a095,00<br \/>\nJardim Am\u00e9rica\u00a0&#8211; R$ 79,00<br \/>\nJardim Bot\u00e2nico\u00a0&#8211; R$ 60,00<br \/>\nJardim da Saudade\u00a0&#8211; R$\u00a0111,00<br \/>\nJo\u00e1\u00a0&#8211; R$ 95,00<br \/>\nJ\u00f3quei Clube\u00a0&#8211; R$ 60,00<br \/>\nLagoa\u00a0&#8211; R$ 60,00<br \/>\nLapa\u00a0&#8211; R$ 30,00<br \/>\nLaranjeiras\u00a0&#8211; R$ 36,00<br \/>\nLeblon\u00a0&#8211; R$ 60,00<br \/>\nLeme\u00a0&#8211; R$ 60,00<br \/>\nLins de Vasconcelos\u00a0&#8211; R$ 51,00<br \/>\nMadureira\u00a0&#8211; R$\u00a074,00<br \/>\nMagalh\u00e3es Bastos\u00a0&#8211; R$\u00a0120,00<br \/>\nMangueira\u00a0&#8211; R$ 30,00<br \/>\nManguinhos\u00a0&#8211; R$ 44,00<br \/>\nMaracan\u00e3\u00a0&#8211; R$\u00a036,00<br \/>\nMarechal Hermes &#8211; R$ 111,00<br \/>\nMaria da Gra\u00e7a\u00a0&#8211; R$\u00a051,00<br \/>\nM\u00e9ier &#8211; R$\u00a051,00<br \/>\nMinist\u00e9rio da Sa\u00fade\u00a0&#8211; R$\u00a044,00<br \/>\nMuda\u00a0&#8211; R$\u00a051,00<br \/>\nNiter\u00f3i (Centro)\u00a0&#8211; R$ 104,00<br \/>\nOlaria\u00a0&#8211; R$\u00a055,00<br \/>\nOswaldo Cruz\u00a0&#8211; R$\u00a0111,00<br \/>\nPaci\u00eancia\u00a0&#8211; R$\u00a0176,00<br \/>\nPadre Miguel\u00a0&#8211; R$\u00a0134,00<br \/>\nPaineiras\u00a0&#8211; R$\u00a066,00<br \/>\nParada de Lucas\u00a0&#8211; R$\u00a074,00<br \/>\nParque Col\u00fambia &#8211; R$ 95,00<br \/>\nPavuna\u00a0&#8211; R$\u00a095,00<br \/>\nPedra de Guaratiba\u00a0&#8211; R$\u00a0192,00<br \/>\nPenha\u00a0&#8211; R$\u00a064,00<br \/>\nPenha Circular\u00a0&#8211; R$\u00a071,00<br \/>\nPiedade\u00a0&#8211; R$\u00a074,00<br \/>\nPilares\u00a0&#8211; R$\u00a074,00<br \/>\nPlanet\u00e1rio\u00a0&#8211; R$\u00a060,00<br \/>\nPra\u00e7a da Bandeira\u00a0&#8211; R$\u00a030,00<br \/>\nPra\u00e7a do Carmo\u00a0&#8211; R$\u00a071,00<br \/>\nPra\u00e7a Mau\u00e1\u00a0&#8211; R$\u00a030,00<br \/>\nPra\u00e7a Quinze\u00a0&#8211; R$\u00a030,00<br \/>\nPraia Vermelha\u00a0&#8211; R$\u00a060,00<br \/>\nQuinta da Boa Vista\u00a0&#8211; R$ 30,00<br \/>\nQuintino\u00a0&#8211; R$ 74,00<br \/>\nRamos &#8211; R$ 55,00<br \/>\nRealengo\u00a0&#8211; R$ 127,00<br \/>\nRecreio\u00a0&#8211; R$\u00a0134,00<br \/>\nRiachuelo\u00a0&#8211; R$ 48,00<br \/>\nRicardo de Albuquerque\u00a0&#8211; R$ 111,00<br \/>\nRio Comprido\u00a0&#8211; R$ 36,00<br \/>\nRiocentro\u00a0&#8211; R$\u00a0111,00<br \/>\nRocha\u00a0&#8211; R$\u00a048,00<br \/>\nRocha Miranda\u00a0&#8211; R$\u00a0111,00<br \/>\nRocinha\u00a0&#8211; R$\u00a095,00<br \/>\nS\u00e3o Conrado\u00a0&#8211; R$\u00a095,00<br \/>\nS\u00e3o Crist\u00f3v\u00e3o\u00a0&#8211; R$\u00a036,00<br \/>\nS\u00e3o Francisco Xavier\u00a0&#8211; R$\u00a048,00<br \/>\nSampaio\u00a0&#8211; R$\u00a048,00<br \/>\nSanta Cruz\u00a0&#8211; R$\u00a0176,00<br \/>\nSanta Teresa &#8211; R$\u00a044,00<br \/>\nSant\u00edssimo\u00a0&#8211; R$\u00a0159,00<br \/>\nSanto Cristo &#8211; R$\u00a030,00<br \/>\nSenador C\u00e2mara &#8211; R$ 134,00<br \/>\nSepetiba\u00a0&#8211; R$\u00a0192,00<br \/>\nSilvestre\u00a0&#8211; R$\u00a058,00<br \/>\nSulacap\u00a0&#8211; R$\u00a0111,00<br \/>\nSumar\u00e9\u00a0&#8211; R$\u00a066,00<br \/>\nTancredo Neves\u00a0&#8211; R$\u00a0192,00<br \/>\nEncontra Tijuca &#8211; R$\u00a036,00<br \/>\nTodos os Santos\u00a0&#8211; R$\u00a051,00<br \/>\nTom\u00e1s Coelho\u00a0&#8211; R$\u00a074,00<br \/>\nTriagem\u00a0&#8211; R$\u00a036,00<br \/>\nTuria\u00e7u\u00a0&#8211; R$\u00a0111,00<br \/>\nUrca\u00a0&#8211; R$\u00a060,00<br \/>\nUsina &#8211; R$\u00a051,00<br \/>\nVaz Lobo\u00a0&#8211; R$\u00a0\u00a095,00<br \/>\nVicente de Carvalho\u00a0&#8211; R$\u00a079,00<br \/>\nVidigal\u00a0&#8211; R$\u00a079,00<br \/>\nVig\u00e1rio Geral\u00a0&#8211; R$\u00a088,00<br \/>\nVila da Penha &#8211; R$\u00a088,00<br \/>\nVila Isabel\u00a0&#8211; R$\u00a036,00<br \/>\nVila Kenedy &#8211; R$ 134,00<br \/>\nVila Kosmos\u00a0&#8211; R$\u00a079,00<br \/>\nVila Militar\u00a0&#8211; R$\u00a0111,00<br \/>\nVila Valqueire\u00a0&#8211; R$\u00a096,00<br \/>\nVista Alegre\u00a0&#8211; R$\u00a088,00<br \/>\nVista Alegre\/B. Ara\u00fajo\u00a0&#8211; R$\u00a088,00<\/p>\n<p><em>Fonte: R7<\/em><\/p>\n","protected":false},"excerpt":{"rendered":"<p>A Secretaria Municipal de Transportes (SMTR) autorizou\u00a0o uso da tarifa II, sem discrimina\u00e7\u00e3o hor\u00e1ria ou por \u00e1rea da cidade, para o servi\u00e7o de transporte de passageiros nos t\u00e1xis convencionais \u2013 cor amarela com faixa azul &#8211; a vigorar continuamente das 18h\u00a0da pr\u00f3xima sexta-feira at\u00e9 \u00e0s 12h\u00a0do dia 22, quarta-feira de Cinzas. A autoriza\u00e7\u00e3o foi\u00a0publicada nesta [&hellip;]<\/p>\n","protected":false},"author":1,"featured_media":0,"comment_status":"open","ping_status":"open","sticky":false,"template":"","format":"standard","meta":{"footnotes":""},"categories":[6],"tags":[],"class_list":["post-156","post","type-post","status-publish","format-standard","hentry","category-noticias"],"yoast_head":"<!-- This site is optimized with the Yoast SEO plugin v25.9 - https:\/\/yoast.com\/wordpress\/plugins\/seo\/ -->\n<title>Centro RJ: Saiba quanto vai custar andar de t\u00e1xi durante o Carnaval - Not\u00edcias do Bairro Centro RJ<\/title>\n<meta name=\"robots\" content=\"index, follow, max-snippet:-1, max-image-preview:large, max-video-preview:-1\" \/>\n<link rel=\"canonical\" href=\"https:\/\/www.encontracentroriodejaneiro.com.br\/noticias\/centro-rj-saiba-quanto-vai-custar-andar-de-taxi-durante-o-carnaval\/\" \/>\n<meta property=\"og:locale\" content=\"pt_BR\" \/>\n<meta property=\"og:type\" content=\"article\" \/>\n<meta property=\"og:title\" content=\"Centro RJ: Saiba quanto vai custar andar de t\u00e1xi durante o Carnaval - Not\u00edcias do Bairro Centro RJ\" \/>\n<meta property=\"og:description\" content=\"A Secretaria Municipal de Transportes (SMTR) autorizou\u00a0o uso da tarifa II, sem discrimina\u00e7\u00e3o hor\u00e1ria ou por \u00e1rea da cidade, para o servi\u00e7o de transporte de passageiros nos t\u00e1xis convencionais \u2013 cor amarela com faixa azul &#8211; a vigorar continuamente das 18h\u00a0da pr\u00f3xima sexta-feira at\u00e9 \u00e0s 12h\u00a0do dia 22, quarta-feira de Cinzas. A autoriza\u00e7\u00e3o foi\u00a0publicada nesta [&hellip;]\" \/>\n<meta property=\"og:url\" content=\"https:\/\/www.encontracentroriodejaneiro.com.br\/noticias\/centro-rj-saiba-quanto-vai-custar-andar-de-taxi-durante-o-carnaval\/\" \/>\n<meta property=\"og:site_name\" content=\"Not\u00edcias do Bairro Centro RJ\" \/>\n<meta property=\"article:published_time\" content=\"2012-02-14T13:45:01+00:00\" \/>\n<meta property=\"article:modified_time\" content=\"2013-08-15T16:18:34+00:00\" \/>\n<meta name=\"author\" content=\"Encontra Centro RJ\" \/>\n<meta name=\"twitter:card\" content=\"summary_large_image\" \/>\n<meta name=\"twitter:label1\" content=\"Escrito por\" \/>\n\t<meta name=\"twitter:data1\" content=\"Encontra Centro RJ\" \/>\n\t<meta name=\"twitter:label2\" content=\"Est. tempo de leitura\" \/>\n\t<meta name=\"twitter:data2\" content=\"5 minutos\" \/>\n<script type=\"application\/ld+json\" class=\"yoast-schema-graph\">{\"@context\":\"https:\/\/schema.org\",\"@graph\":[{\"@type\":\"WebPage\",\"@id\":\"https:\/\/www.encontracentroriodejaneiro.com.br\/noticias\/centro-rj-saiba-quanto-vai-custar-andar-de-taxi-durante-o-carnaval\/\",\"url\":\"https:\/\/www.encontracentroriodejaneiro.com.br\/noticias\/centro-rj-saiba-quanto-vai-custar-andar-de-taxi-durante-o-carnaval\/\",\"name\":\"Centro RJ: Saiba quanto vai custar andar de t\u00e1xi durante o Carnaval - Not\u00edcias do Bairro Centro RJ\",\"isPartOf\":{\"@id\":\"https:\/\/www.encontracentroriodejaneiro.com.br\/noticias\/#website\"},\"datePublished\":\"2012-02-14T13:45:01+00:00\",\"dateModified\":\"2013-08-15T16:18:34+00:00\",\"author\":{\"@id\":\"https:\/\/www.encontracentroriodejaneiro.com.br\/noticias\/#\/schema\/person\/d3a6c0305ffb5ffec8e9c6aefa0cbbce\"},\"breadcrumb\":{\"@id\":\"https:\/\/www.encontracentroriodejaneiro.com.br\/noticias\/centro-rj-saiba-quanto-vai-custar-andar-de-taxi-durante-o-carnaval\/#breadcrumb\"},\"inLanguage\":\"pt-BR\",\"potentialAction\":[{\"@type\":\"ReadAction\",\"target\":[\"https:\/\/www.encontracentroriodejaneiro.com.br\/noticias\/centro-rj-saiba-quanto-vai-custar-andar-de-taxi-durante-o-carnaval\/\"]}]},{\"@type\":\"BreadcrumbList\",\"@id\":\"https:\/\/www.encontracentroriodejaneiro.com.br\/noticias\/centro-rj-saiba-quanto-vai-custar-andar-de-taxi-durante-o-carnaval\/#breadcrumb\",\"itemListElement\":[{\"@type\":\"ListItem\",\"position\":1,\"name\":\"In\u00edcio\",\"item\":\"https:\/\/www.encontracentroriodejaneiro.com.br\/noticias\/\"},{\"@type\":\"ListItem\",\"position\":2,\"name\":\"Centro RJ: Saiba quanto vai custar andar de t\u00e1xi durante o Carnaval\"}]},{\"@type\":\"WebSite\",\"@id\":\"https:\/\/www.encontracentroriodejaneiro.com.br\/noticias\/#website\",\"url\":\"https:\/\/www.encontracentroriodejaneiro.com.br\/noticias\/\",\"name\":\"Not\u00edcias do Bairro Centro RJ\",\"description\":\"Not\u00edcias, eventos, informa\u00e7\u00f5es e dicas no Bairro Centro RJ e regi\u00e3o\",\"potentialAction\":[{\"@type\":\"SearchAction\",\"target\":{\"@type\":\"EntryPoint\",\"urlTemplate\":\"https:\/\/www.encontracentroriodejaneiro.com.br\/noticias\/?s={search_term_string}\"},\"query-input\":{\"@type\":\"PropertyValueSpecification\",\"valueRequired\":true,\"valueName\":\"search_term_string\"}}],\"inLanguage\":\"pt-BR\"},{\"@type\":\"Person\",\"@id\":\"https:\/\/www.encontracentroriodejaneiro.com.br\/noticias\/#\/schema\/person\/d3a6c0305ffb5ffec8e9c6aefa0cbbce\",\"name\":\"Encontra Centro RJ\",\"image\":{\"@type\":\"ImageObject\",\"inLanguage\":\"pt-BR\",\"@id\":\"https:\/\/www.encontracentroriodejaneiro.com.br\/noticias\/#\/schema\/person\/image\/\",\"url\":\"https:\/\/secure.gravatar.com\/avatar\/507340682b8270222e1f208e23198b6ae7e2c6a1033ae84e99bc6bce4f82a387?s=96&d=mm&r=g\",\"contentUrl\":\"https:\/\/secure.gravatar.com\/avatar\/507340682b8270222e1f208e23198b6ae7e2c6a1033ae84e99bc6bce4f82a387?s=96&d=mm&r=g\",\"caption\":\"Encontra Centro RJ\"},\"sameAs\":[\"http:\/\/www.encontracentroriodejaneiro.com.br\"],\"url\":\"https:\/\/www.encontracentroriodejaneiro.com.br\/noticias\/author\/ecentroriodejaneiro\/\"}]}<\/script>\n<!-- \/ Yoast SEO plugin. -->","yoast_head_json":{"title":"Centro RJ: Saiba quanto vai custar andar de t\u00e1xi durante o Carnaval - Not\u00edcias do Bairro Centro RJ","robots":{"index":"index","follow":"follow","max-snippet":"max-snippet:-1","max-image-preview":"max-image-preview:large","max-video-preview":"max-video-preview:-1"},"canonical":"https:\/\/www.encontracentroriodejaneiro.com.br\/noticias\/centro-rj-saiba-quanto-vai-custar-andar-de-taxi-durante-o-carnaval\/","og_locale":"pt_BR","og_type":"article","og_title":"Centro RJ: Saiba quanto vai custar andar de t\u00e1xi durante o Carnaval - Not\u00edcias do Bairro Centro RJ","og_description":"A Secretaria Municipal de Transportes (SMTR) autorizou\u00a0o uso da tarifa II, sem discrimina\u00e7\u00e3o hor\u00e1ria ou por \u00e1rea da cidade, para o servi\u00e7o de transporte de passageiros nos t\u00e1xis convencionais \u2013 cor amarela com faixa azul &#8211; a vigorar continuamente das 18h\u00a0da pr\u00f3xima sexta-feira at\u00e9 \u00e0s 12h\u00a0do dia 22, quarta-feira de Cinzas. A autoriza\u00e7\u00e3o foi\u00a0publicada nesta [&hellip;]","og_url":"https:\/\/www.encontracentroriodejaneiro.com.br\/noticias\/centro-rj-saiba-quanto-vai-custar-andar-de-taxi-durante-o-carnaval\/","og_site_name":"Not\u00edcias do Bairro Centro RJ","article_published_time":"2012-02-14T13:45:01+00:00","article_modified_time":"2013-08-15T16:18:34+00:00","author":"Encontra Centro RJ","twitter_card":"summary_large_image","twitter_misc":{"Escrito por":"Encontra Centro RJ","Est. tempo de leitura":"5 minutos"},"schema":{"@context":"https:\/\/schema.org","@graph":[{"@type":"WebPage","@id":"https:\/\/www.encontracentroriodejaneiro.com.br\/noticias\/centro-rj-saiba-quanto-vai-custar-andar-de-taxi-durante-o-carnaval\/","url":"https:\/\/www.encontracentroriodejaneiro.com.br\/noticias\/centro-rj-saiba-quanto-vai-custar-andar-de-taxi-durante-o-carnaval\/","name":"Centro RJ: Saiba quanto vai custar andar de t\u00e1xi durante o Carnaval - Not\u00edcias do Bairro Centro RJ","isPartOf":{"@id":"https:\/\/www.encontracentroriodejaneiro.com.br\/noticias\/#website"},"datePublished":"2012-02-14T13:45:01+00:00","dateModified":"2013-08-15T16:18:34+00:00","author":{"@id":"https:\/\/www.encontracentroriodejaneiro.com.br\/noticias\/#\/schema\/person\/d3a6c0305ffb5ffec8e9c6aefa0cbbce"},"breadcrumb":{"@id":"https:\/\/www.encontracentroriodejaneiro.com.br\/noticias\/centro-rj-saiba-quanto-vai-custar-andar-de-taxi-durante-o-carnaval\/#breadcrumb"},"inLanguage":"pt-BR","potentialAction":[{"@type":"ReadAction","target":["https:\/\/www.encontracentroriodejaneiro.com.br\/noticias\/centro-rj-saiba-quanto-vai-custar-andar-de-taxi-durante-o-carnaval\/"]}]},{"@type":"BreadcrumbList","@id":"https:\/\/www.encontracentroriodejaneiro.com.br\/noticias\/centro-rj-saiba-quanto-vai-custar-andar-de-taxi-durante-o-carnaval\/#breadcrumb","itemListElement":[{"@type":"ListItem","position":1,"name":"In\u00edcio","item":"https:\/\/www.encontracentroriodejaneiro.com.br\/noticias\/"},{"@type":"ListItem","position":2,"name":"Centro RJ: Saiba quanto vai custar andar de t\u00e1xi durante o Carnaval"}]},{"@type":"WebSite","@id":"https:\/\/www.encontracentroriodejaneiro.com.br\/noticias\/#website","url":"https:\/\/www.encontracentroriodejaneiro.com.br\/noticias\/","name":"Not\u00edcias do Bairro Centro RJ","description":"Not\u00edcias, eventos, informa\u00e7\u00f5es e dicas no Bairro Centro RJ e regi\u00e3o","potentialAction":[{"@type":"SearchAction","target":{"@type":"EntryPoint","urlTemplate":"https:\/\/www.encontracentroriodejaneiro.com.br\/noticias\/?s={search_term_string}"},"query-input":{"@type":"PropertyValueSpecification","valueRequired":true,"valueName":"search_term_string"}}],"inLanguage":"pt-BR"},{"@type":"Person","@id":"https:\/\/www.encontracentroriodejaneiro.com.br\/noticias\/#\/schema\/person\/d3a6c0305ffb5ffec8e9c6aefa0cbbce","name":"Encontra Centro RJ","image":{"@type":"ImageObject","inLanguage":"pt-BR","@id":"https:\/\/www.encontracentroriodejaneiro.com.br\/noticias\/#\/schema\/person\/image\/","url":"https:\/\/secure.gravatar.com\/avatar\/507340682b8270222e1f208e23198b6ae7e2c6a1033ae84e99bc6bce4f82a387?s=96&d=mm&r=g","contentUrl":"https:\/\/secure.gravatar.com\/avatar\/507340682b8270222e1f208e23198b6ae7e2c6a1033ae84e99bc6bce4f82a387?s=96&d=mm&r=g","caption":"Encontra Centro RJ"},"sameAs":["http:\/\/www.encontracentroriodejaneiro.com.br"],"url":"https:\/\/www.encontracentroriodejaneiro.com.br\/noticias\/author\/ecentroriodejaneiro\/"}]}},"_links":{"self":[{"href":"https:\/\/www.encontracentroriodejaneiro.com.br\/noticias\/wp-json\/wp\/v2\/posts\/156","targetHints":{"allow":["GET"]}}],"collection":[{"href":"https:\/\/www.encontracentroriodejaneiro.com.br\/noticias\/wp-json\/wp\/v2\/posts"}],"about":[{"href":"https:\/\/www.encontracentroriodejaneiro.com.br\/noticias\/wp-json\/wp\/v2\/types\/post"}],"author":[{"embeddable":true,"href":"https:\/\/www.encontracentroriodejaneiro.com.br\/noticias\/wp-json\/wp\/v2\/users\/1"}],"replies":[{"embeddable":true,"href":"https:\/\/www.encontracentroriodejaneiro.com.br\/noticias\/wp-json\/wp\/v2\/comments?post=156"}],"version-history":[{"count":5,"href":"https:\/\/www.encontracentroriodejaneiro.com.br\/noticias\/wp-json\/wp\/v2\/posts\/156\/revisions"}],"predecessor-version":[{"id":928,"href":"https:\/\/www.encontracentroriodejaneiro.com.br\/noticias\/wp-json\/wp\/v2\/posts\/156\/revisions\/928"}],"wp:attachment":[{"href":"https:\/\/www.encontracentroriodejaneiro.com.br\/noticias\/wp-json\/wp\/v2\/media?parent=156"}],"wp:term":[{"taxonomy":"category","embeddable":true,"href":"https:\/\/www.encontracentroriodejaneiro.com.br\/noticias\/wp-json\/wp\/v2\/categories?post=156"},{"taxonomy":"post_tag","embeddable":true,"href":"https:\/\/www.encontracentroriodejaneiro.com.br\/noticias\/wp-json\/wp\/v2\/tags?post=156"}],"curies":[{"name":"wp","href":"https:\/\/api.w.org\/{rel}","templated":true}]}}