{"id":159,"date":"2012-02-14T12:11:38","date_gmt":"2012-02-14T14:11:38","guid":{"rendered":"http:\/\/www.encontracentroriodejaneiro.com.br\/noticias\/?p=159"},"modified":"2013-08-15T14:18:34","modified_gmt":"2013-08-15T16:18:34","slug":"corrida-no-centro-do-rj-marca-reabertura-do-sambodromo","status":"publish","type":"post","link":"https:\/\/www.encontracentroriodejaneiro.com.br\/noticias\/corrida-no-centro-do-rj-marca-reabertura-do-sambodromo\/","title":{"rendered":"Corrida no Centro do RJ marca reabertura do Samb\u00f3dromo"},"content":{"rendered":"<p>Cerca de 1.000 atletas e foli\u00f5es participaram neste domingo de uma  corrida de 5,5km que marcou a reabertura do Samb\u00f3dromo, no bairro do Centro do RJ. Palco dos tradicionais desfiles das escolas de samba no  carnaval da cidade, o local \u00e9 a primeira instala\u00e7\u00e3o esportiva do Rio  2016 a ser entregue ao p\u00fablico. L\u00e1, ter\u00e3o lugar a largada e a chegada da  maratona dos Jogos Ol\u00edmpicos e as provas de tiro com arco nos Jogos  Ol\u00edmpicos e Paral\u00edmpicos.<\/p>\n<p>A reforma terminou no prazo estipulado pela Prefeitura do Rio, a tempo  para o carnaval de 2012, na pr\u00f3xima semana, e mais de quatro anos antes  dos Jogos Rio 2016. Com a obra, que custou R$ 35 milh\u00f5es, o projeto  original do arquiteto Oscar Niemeyer foi finalmente conclu\u00eddo. Foram  constru\u00eddas quatro novas arquibancadas em um dos lados do Samb\u00f3dromo,  espelhando as j\u00e1 existentes no lado oposto e ampliando a capacidade de  60.000 para 72.500 lugares.<\/p>\n<p>&#8220;Esta inaugura\u00e7\u00e3o \u00e9 um grande exemplo de como os Jogos est\u00e3o integrados  com a cidade. Al\u00e9m da possibilidade de realizar provas em um cen\u00e1rio  mundialmente reconhecido, a escolha do Samb\u00f3dromo como local de  competi\u00e7\u00e3o da maratona e do tiro com arco oferece ao Rio de Janeiro um  palco renovado e ampliado para uma de suas maiores festas populares.  Para os Jogos Rio 2016, tamb\u00e9m significa ter uma instala\u00e7\u00e3o esportiva  pronta com uma anteced\u00eancia de mais de quatro anos&#8221;, comemorou Carlos  Arthur Nuzman, presidente do Comit\u00ea Ol\u00edmpico Brasileiro (COB) e do  Comit\u00ea Organizador dos Jogos Ol\u00edmpicos e Paral\u00edmpicos Rio 2016, na  reabertura da instala\u00e7\u00e3o.<\/p>\n<p>A obra, iniciada logo ap\u00f3s o Carnaval de 2011, contou com quase 600  oper\u00e1rios, que se revezaram em turnos para que o trabalho flu\u00edsse 24  horas por dia. A instala\u00e7\u00e3o, que foi adaptada para receber  confortavelmente pessoas com defici\u00eancia, teve ampliado o n\u00famero de  frisas, de 1.094 para 1.823, e ganhou novos camarotes, maiores e com  varandas panor\u00e2micas. O Samb\u00f3dromo ter\u00e1 ainda sistema de sonoriza\u00e7\u00e3o nos  dois lados da avenida.<\/p>\n<p>A Prefeitura tamb\u00e9m reformou as instala\u00e7\u00f5es j\u00e1 existentes, com a  recupera\u00e7\u00e3o estrutural e pintura de todos os setores, renova\u00e7\u00e3o do museu  e do palco da Pra\u00e7a da Apoteose, no fim do Samb\u00f3dromo. Na corrida que  marcou a reinaugura\u00e7\u00e3o da instala\u00e7\u00e3o, com largada e chegada no  Samb\u00f3dromo, assim como a maratona dos Jogos Ol\u00edmpicos, os participantes  foram convidados a correr com fantasias de carnaval, ao som de  sambas-enredo do passado e do presente.<\/p>\n<p>O medalhista ol\u00edmpico Vanderlei Cordeiro de Lima, bronze em Atenas 2004  e ganhador da medalha Pierre de Coubertin do Comit\u00ea Ol\u00edmpico  Internacional (COI), foi um dos participantes da prova e aprovou o novo  Samb\u00f3dromo.<\/p>\n<p>Ap\u00f3s a corrida, baianas de diversas escolas de samba se reuniram para a  lavagem da pista. Em seguida, a Beija-Flor de Nil\u00f3polis, escola campe\u00e3  do \u00faltimo carnaval, testou os novos sistemas de luz e som, fazendo o  \u00faltimo ensaio t\u00e9cnico antes da festa popular.<\/p>\n<p><em>Fonte: Portal Futebol Interior<\/em><\/p>\n","protected":false},"excerpt":{"rendered":"<p>Cerca de 1.000 atletas e foli\u00f5es participaram neste domingo de uma corrida de 5,5km que marcou a reabertura do Samb\u00f3dromo, no bairro do Centro do RJ. Palco dos tradicionais desfiles das escolas de samba no carnaval da cidade, o local \u00e9 a primeira instala\u00e7\u00e3o esportiva do Rio 2016 a ser entregue ao p\u00fablico. L\u00e1, ter\u00e3o [&hellip;]<\/p>\n","protected":false},"author":1,"featured_media":0,"comment_status":"open","ping_status":"open","sticky":false,"template":"","format":"standard","meta":{"footnotes":""},"categories":[6],"tags":[],"class_list":["post-159","post","type-post","status-publish","format-standard","hentry","category-noticias"],"yoast_head":"<!-- This site is optimized with the Yoast SEO plugin v25.9 - https:\/\/yoast.com\/wordpress\/plugins\/seo\/ -->\n<title>Corrida no Centro do RJ marca reabertura do Samb\u00f3dromo - Not\u00edcias do Bairro Centro RJ<\/title>\n<meta name=\"robots\" content=\"index, follow, max-snippet:-1, max-image-preview:large, max-video-preview:-1\" \/>\n<link rel=\"canonical\" href=\"https:\/\/www.encontracentroriodejaneiro.com.br\/noticias\/corrida-no-centro-do-rj-marca-reabertura-do-sambodromo\/\" \/>\n<meta property=\"og:locale\" content=\"pt_BR\" \/>\n<meta property=\"og:type\" content=\"article\" \/>\n<meta property=\"og:title\" content=\"Corrida no Centro do RJ marca reabertura do Samb\u00f3dromo - Not\u00edcias do Bairro Centro RJ\" \/>\n<meta property=\"og:description\" content=\"Cerca de 1.000 atletas e foli\u00f5es participaram neste domingo de uma corrida de 5,5km que marcou a reabertura do Samb\u00f3dromo, no bairro do Centro do RJ. Palco dos tradicionais desfiles das escolas de samba no carnaval da cidade, o local \u00e9 a primeira instala\u00e7\u00e3o esportiva do Rio 2016 a ser entregue ao p\u00fablico. L\u00e1, ter\u00e3o [&hellip;]\" \/>\n<meta property=\"og:url\" content=\"https:\/\/www.encontracentroriodejaneiro.com.br\/noticias\/corrida-no-centro-do-rj-marca-reabertura-do-sambodromo\/\" \/>\n<meta property=\"og:site_name\" content=\"Not\u00edcias do Bairro Centro RJ\" \/>\n<meta property=\"article:published_time\" content=\"2012-02-14T14:11:38+00:00\" \/>\n<meta property=\"article:modified_time\" content=\"2013-08-15T16:18:34+00:00\" \/>\n<meta name=\"author\" content=\"Encontra Centro RJ\" \/>\n<meta name=\"twitter:card\" content=\"summary_large_image\" \/>\n<meta name=\"twitter:label1\" content=\"Escrito por\" \/>\n\t<meta name=\"twitter:data1\" content=\"Encontra Centro RJ\" \/>\n\t<meta name=\"twitter:label2\" content=\"Est. tempo de leitura\" \/>\n\t<meta name=\"twitter:data2\" content=\"3 minutos\" \/>\n<script type=\"application\/ld+json\" class=\"yoast-schema-graph\">{\"@context\":\"https:\/\/schema.org\",\"@graph\":[{\"@type\":\"WebPage\",\"@id\":\"https:\/\/www.encontracentroriodejaneiro.com.br\/noticias\/corrida-no-centro-do-rj-marca-reabertura-do-sambodromo\/\",\"url\":\"https:\/\/www.encontracentroriodejaneiro.com.br\/noticias\/corrida-no-centro-do-rj-marca-reabertura-do-sambodromo\/\",\"name\":\"Corrida no Centro do RJ marca reabertura do Samb\u00f3dromo - Not\u00edcias do Bairro Centro RJ\",\"isPartOf\":{\"@id\":\"https:\/\/www.encontracentroriodejaneiro.com.br\/noticias\/#website\"},\"datePublished\":\"2012-02-14T14:11:38+00:00\",\"dateModified\":\"2013-08-15T16:18:34+00:00\",\"author\":{\"@id\":\"https:\/\/www.encontracentroriodejaneiro.com.br\/noticias\/#\/schema\/person\/d3a6c0305ffb5ffec8e9c6aefa0cbbce\"},\"breadcrumb\":{\"@id\":\"https:\/\/www.encontracentroriodejaneiro.com.br\/noticias\/corrida-no-centro-do-rj-marca-reabertura-do-sambodromo\/#breadcrumb\"},\"inLanguage\":\"pt-BR\",\"potentialAction\":[{\"@type\":\"ReadAction\",\"target\":[\"https:\/\/www.encontracentroriodejaneiro.com.br\/noticias\/corrida-no-centro-do-rj-marca-reabertura-do-sambodromo\/\"]}]},{\"@type\":\"BreadcrumbList\",\"@id\":\"https:\/\/www.encontracentroriodejaneiro.com.br\/noticias\/corrida-no-centro-do-rj-marca-reabertura-do-sambodromo\/#breadcrumb\",\"itemListElement\":[{\"@type\":\"ListItem\",\"position\":1,\"name\":\"In\u00edcio\",\"item\":\"https:\/\/www.encontracentroriodejaneiro.com.br\/noticias\/\"},{\"@type\":\"ListItem\",\"position\":2,\"name\":\"Corrida no Centro do RJ marca reabertura do Samb\u00f3dromo\"}]},{\"@type\":\"WebSite\",\"@id\":\"https:\/\/www.encontracentroriodejaneiro.com.br\/noticias\/#website\",\"url\":\"https:\/\/www.encontracentroriodejaneiro.com.br\/noticias\/\",\"name\":\"Not\u00edcias do Bairro Centro RJ\",\"description\":\"Not\u00edcias, eventos, informa\u00e7\u00f5es e dicas no Bairro Centro RJ e regi\u00e3o\",\"potentialAction\":[{\"@type\":\"SearchAction\",\"target\":{\"@type\":\"EntryPoint\",\"urlTemplate\":\"https:\/\/www.encontracentroriodejaneiro.com.br\/noticias\/?s={search_term_string}\"},\"query-input\":{\"@type\":\"PropertyValueSpecification\",\"valueRequired\":true,\"valueName\":\"search_term_string\"}}],\"inLanguage\":\"pt-BR\"},{\"@type\":\"Person\",\"@id\":\"https:\/\/www.encontracentroriodejaneiro.com.br\/noticias\/#\/schema\/person\/d3a6c0305ffb5ffec8e9c6aefa0cbbce\",\"name\":\"Encontra Centro RJ\",\"image\":{\"@type\":\"ImageObject\",\"inLanguage\":\"pt-BR\",\"@id\":\"https:\/\/www.encontracentroriodejaneiro.com.br\/noticias\/#\/schema\/person\/image\/\",\"url\":\"https:\/\/secure.gravatar.com\/avatar\/507340682b8270222e1f208e23198b6ae7e2c6a1033ae84e99bc6bce4f82a387?s=96&d=mm&r=g\",\"contentUrl\":\"https:\/\/secure.gravatar.com\/avatar\/507340682b8270222e1f208e23198b6ae7e2c6a1033ae84e99bc6bce4f82a387?s=96&d=mm&r=g\",\"caption\":\"Encontra Centro RJ\"},\"sameAs\":[\"http:\/\/www.encontracentroriodejaneiro.com.br\"],\"url\":\"https:\/\/www.encontracentroriodejaneiro.com.br\/noticias\/author\/ecentroriodejaneiro\/\"}]}<\/script>\n<!-- \/ Yoast SEO plugin. -->","yoast_head_json":{"title":"Corrida no Centro do RJ marca reabertura do Samb\u00f3dromo - Not\u00edcias do Bairro Centro RJ","robots":{"index":"index","follow":"follow","max-snippet":"max-snippet:-1","max-image-preview":"max-image-preview:large","max-video-preview":"max-video-preview:-1"},"canonical":"https:\/\/www.encontracentroriodejaneiro.com.br\/noticias\/corrida-no-centro-do-rj-marca-reabertura-do-sambodromo\/","og_locale":"pt_BR","og_type":"article","og_title":"Corrida no Centro do RJ marca reabertura do Samb\u00f3dromo - Not\u00edcias do Bairro Centro RJ","og_description":"Cerca de 1.000 atletas e foli\u00f5es participaram neste domingo de uma corrida de 5,5km que marcou a reabertura do Samb\u00f3dromo, no bairro do Centro do RJ. Palco dos tradicionais desfiles das escolas de samba no carnaval da cidade, o local \u00e9 a primeira instala\u00e7\u00e3o esportiva do Rio 2016 a ser entregue ao p\u00fablico. L\u00e1, ter\u00e3o [&hellip;]","og_url":"https:\/\/www.encontracentroriodejaneiro.com.br\/noticias\/corrida-no-centro-do-rj-marca-reabertura-do-sambodromo\/","og_site_name":"Not\u00edcias do Bairro Centro RJ","article_published_time":"2012-02-14T14:11:38+00:00","article_modified_time":"2013-08-15T16:18:34+00:00","author":"Encontra Centro RJ","twitter_card":"summary_large_image","twitter_misc":{"Escrito por":"Encontra Centro RJ","Est. tempo de leitura":"3 minutos"},"schema":{"@context":"https:\/\/schema.org","@graph":[{"@type":"WebPage","@id":"https:\/\/www.encontracentroriodejaneiro.com.br\/noticias\/corrida-no-centro-do-rj-marca-reabertura-do-sambodromo\/","url":"https:\/\/www.encontracentroriodejaneiro.com.br\/noticias\/corrida-no-centro-do-rj-marca-reabertura-do-sambodromo\/","name":"Corrida no Centro do RJ marca reabertura do Samb\u00f3dromo - Not\u00edcias do Bairro Centro RJ","isPartOf":{"@id":"https:\/\/www.encontracentroriodejaneiro.com.br\/noticias\/#website"},"datePublished":"2012-02-14T14:11:38+00:00","dateModified":"2013-08-15T16:18:34+00:00","author":{"@id":"https:\/\/www.encontracentroriodejaneiro.com.br\/noticias\/#\/schema\/person\/d3a6c0305ffb5ffec8e9c6aefa0cbbce"},"breadcrumb":{"@id":"https:\/\/www.encontracentroriodejaneiro.com.br\/noticias\/corrida-no-centro-do-rj-marca-reabertura-do-sambodromo\/#breadcrumb"},"inLanguage":"pt-BR","potentialAction":[{"@type":"ReadAction","target":["https:\/\/www.encontracentroriodejaneiro.com.br\/noticias\/corrida-no-centro-do-rj-marca-reabertura-do-sambodromo\/"]}]},{"@type":"BreadcrumbList","@id":"https:\/\/www.encontracentroriodejaneiro.com.br\/noticias\/corrida-no-centro-do-rj-marca-reabertura-do-sambodromo\/#breadcrumb","itemListElement":[{"@type":"ListItem","position":1,"name":"In\u00edcio","item":"https:\/\/www.encontracentroriodejaneiro.com.br\/noticias\/"},{"@type":"ListItem","position":2,"name":"Corrida no Centro do RJ marca reabertura do Samb\u00f3dromo"}]},{"@type":"WebSite","@id":"https:\/\/www.encontracentroriodejaneiro.com.br\/noticias\/#website","url":"https:\/\/www.encontracentroriodejaneiro.com.br\/noticias\/","name":"Not\u00edcias do Bairro Centro RJ","description":"Not\u00edcias, eventos, informa\u00e7\u00f5es e dicas no Bairro Centro RJ e regi\u00e3o","potentialAction":[{"@type":"SearchAction","target":{"@type":"EntryPoint","urlTemplate":"https:\/\/www.encontracentroriodejaneiro.com.br\/noticias\/?s={search_term_string}"},"query-input":{"@type":"PropertyValueSpecification","valueRequired":true,"valueName":"search_term_string"}}],"inLanguage":"pt-BR"},{"@type":"Person","@id":"https:\/\/www.encontracentroriodejaneiro.com.br\/noticias\/#\/schema\/person\/d3a6c0305ffb5ffec8e9c6aefa0cbbce","name":"Encontra Centro RJ","image":{"@type":"ImageObject","inLanguage":"pt-BR","@id":"https:\/\/www.encontracentroriodejaneiro.com.br\/noticias\/#\/schema\/person\/image\/","url":"https:\/\/secure.gravatar.com\/avatar\/507340682b8270222e1f208e23198b6ae7e2c6a1033ae84e99bc6bce4f82a387?s=96&d=mm&r=g","contentUrl":"https:\/\/secure.gravatar.com\/avatar\/507340682b8270222e1f208e23198b6ae7e2c6a1033ae84e99bc6bce4f82a387?s=96&d=mm&r=g","caption":"Encontra Centro RJ"},"sameAs":["http:\/\/www.encontracentroriodejaneiro.com.br"],"url":"https:\/\/www.encontracentroriodejaneiro.com.br\/noticias\/author\/ecentroriodejaneiro\/"}]}},"_links":{"self":[{"href":"https:\/\/www.encontracentroriodejaneiro.com.br\/noticias\/wp-json\/wp\/v2\/posts\/159","targetHints":{"allow":["GET"]}}],"collection":[{"href":"https:\/\/www.encontracentroriodejaneiro.com.br\/noticias\/wp-json\/wp\/v2\/posts"}],"about":[{"href":"https:\/\/www.encontracentroriodejaneiro.com.br\/noticias\/wp-json\/wp\/v2\/types\/post"}],"author":[{"embeddable":true,"href":"https:\/\/www.encontracentroriodejaneiro.com.br\/noticias\/wp-json\/wp\/v2\/users\/1"}],"replies":[{"embeddable":true,"href":"https:\/\/www.encontracentroriodejaneiro.com.br\/noticias\/wp-json\/wp\/v2\/comments?post=159"}],"version-history":[{"count":4,"href":"https:\/\/www.encontracentroriodejaneiro.com.br\/noticias\/wp-json\/wp\/v2\/posts\/159\/revisions"}],"predecessor-version":[{"id":929,"href":"https:\/\/www.encontracentroriodejaneiro.com.br\/noticias\/wp-json\/wp\/v2\/posts\/159\/revisions\/929"}],"wp:attachment":[{"href":"https:\/\/www.encontracentroriodejaneiro.com.br\/noticias\/wp-json\/wp\/v2\/media?parent=159"}],"wp:term":[{"taxonomy":"category","embeddable":true,"href":"https:\/\/www.encontracentroriodejaneiro.com.br\/noticias\/wp-json\/wp\/v2\/categories?post=159"},{"taxonomy":"post_tag","embeddable":true,"href":"https:\/\/www.encontracentroriodejaneiro.com.br\/noticias\/wp-json\/wp\/v2\/tags?post=159"}],"curies":[{"name":"wp","href":"https:\/\/api.w.org\/{rel}","templated":true}]}}