{"id":167,"date":"2012-02-22T11:19:57","date_gmt":"2012-02-22T13:19:57","guid":{"rendered":"http:\/\/www.encontracentroriodejaneiro.com.br\/noticias\/?p=167"},"modified":"2013-08-15T14:18:34","modified_gmt":"2013-08-15T16:18:34","slug":"apuracao-do-carnaval-acontece-hoje-no-centro-do-rj","status":"publish","type":"post","link":"https:\/\/www.encontracentroriodejaneiro.com.br\/noticias\/apuracao-do-carnaval-acontece-hoje-no-centro-do-rj\/","title":{"rendered":"Apura\u00e7\u00e3o do carnaval acontece hoje no Centro do RJ"},"content":{"rendered":"<p>A partir das 15h45 come\u00e7a a apura\u00e7\u00e3o para definir a campe\u00e3 do  carnaval carioca de 2012. Os resultados do Grupo Especial ser\u00e3o  divulgados na Pra\u00e7a da Apoteose, no bairro do Centro RJ.<\/p>\n<p>As duas \u00faltimas agremia\u00e7\u00f5es na lista de classifica\u00e7\u00e3o ser\u00e3o  rebaixadas para o Grupo de Acesso A. A primeira classificada desse rol  ser\u00e1 promovida ao Grupo Especial para os desfiles de 2013. Em 2011, n\u00e3o  houve rebaixamento por causa do inc\u00eandio na Cidade do Samba, na zona  portu\u00e1ria, que destruiu os barrac\u00f5es de tr\u00eas escolas.<\/p>\n<p>Cada escola ter\u00e1 descartada a menor nota de cada quesito. O \u00faltimo  quesito anunciado ser\u00e1 o primeiro usado para o desempate entre mais  agremia\u00e7\u00f5es que tenham conseguido o mesmo n\u00famero de pontos.<\/p>\n<p>O sorteio para definir a ordem de abertura dos envelopes dos dez  quesitos ocorrer\u00e1 por volta das 11 horas, na Liga Independente das  Escolas de Samba do Rio de Janeiro.<\/p>\n<p>No ano passado, a escola vencedora do Grupo Especial foi a Beija-Flor  de Nil\u00f3polis com o enredo A Simplicidade de Um Rei, seguida da Unidos  da Tijuca, com o enredo Esta Noite Levarei Sua Alma, e da Mangueira, com  O Filho Fiel, Sempre Mangueira.<\/p>\n<p><em>Fonte: O Fluminense<\/em><\/p>\n","protected":false},"excerpt":{"rendered":"<p>A partir das 15h45 come\u00e7a a apura\u00e7\u00e3o para definir a campe\u00e3 do carnaval carioca de 2012. Os resultados do Grupo Especial ser\u00e3o divulgados na Pra\u00e7a da Apoteose, no bairro do Centro RJ. As duas \u00faltimas agremia\u00e7\u00f5es na lista de classifica\u00e7\u00e3o ser\u00e3o rebaixadas para o Grupo de Acesso A. A primeira classificada desse rol ser\u00e1 promovida [&hellip;]<\/p>\n","protected":false},"author":1,"featured_media":0,"comment_status":"open","ping_status":"open","sticky":false,"template":"","format":"standard","meta":{"footnotes":""},"categories":[6],"tags":[],"class_list":["post-167","post","type-post","status-publish","format-standard","hentry","category-noticias"],"yoast_head":"<!-- This site is optimized with the Yoast SEO plugin v25.9 - https:\/\/yoast.com\/wordpress\/plugins\/seo\/ -->\n<title>Apura\u00e7\u00e3o do carnaval acontece hoje no Centro do RJ - Not\u00edcias do Bairro Centro RJ<\/title>\n<meta name=\"robots\" content=\"index, follow, max-snippet:-1, max-image-preview:large, max-video-preview:-1\" \/>\n<link rel=\"canonical\" href=\"https:\/\/www.encontracentroriodejaneiro.com.br\/noticias\/apuracao-do-carnaval-acontece-hoje-no-centro-do-rj\/\" \/>\n<meta property=\"og:locale\" content=\"pt_BR\" \/>\n<meta property=\"og:type\" content=\"article\" \/>\n<meta property=\"og:title\" content=\"Apura\u00e7\u00e3o do carnaval acontece hoje no Centro do RJ - Not\u00edcias do Bairro Centro RJ\" \/>\n<meta property=\"og:description\" content=\"A partir das 15h45 come\u00e7a a apura\u00e7\u00e3o para definir a campe\u00e3 do carnaval carioca de 2012. Os resultados do Grupo Especial ser\u00e3o divulgados na Pra\u00e7a da Apoteose, no bairro do Centro RJ. As duas \u00faltimas agremia\u00e7\u00f5es na lista de classifica\u00e7\u00e3o ser\u00e3o rebaixadas para o Grupo de Acesso A. A primeira classificada desse rol ser\u00e1 promovida [&hellip;]\" \/>\n<meta property=\"og:url\" content=\"https:\/\/www.encontracentroriodejaneiro.com.br\/noticias\/apuracao-do-carnaval-acontece-hoje-no-centro-do-rj\/\" \/>\n<meta property=\"og:site_name\" content=\"Not\u00edcias do Bairro Centro RJ\" \/>\n<meta property=\"article:published_time\" content=\"2012-02-22T13:19:57+00:00\" \/>\n<meta property=\"article:modified_time\" content=\"2013-08-15T16:18:34+00:00\" \/>\n<meta name=\"author\" content=\"Encontra Centro RJ\" \/>\n<meta name=\"twitter:card\" content=\"summary_large_image\" \/>\n<meta name=\"twitter:label1\" content=\"Escrito por\" \/>\n\t<meta name=\"twitter:data1\" content=\"Encontra Centro RJ\" \/>\n\t<meta name=\"twitter:label2\" content=\"Est. tempo de leitura\" \/>\n\t<meta name=\"twitter:data2\" content=\"1 minuto\" \/>\n<script type=\"application\/ld+json\" class=\"yoast-schema-graph\">{\"@context\":\"https:\/\/schema.org\",\"@graph\":[{\"@type\":\"WebPage\",\"@id\":\"https:\/\/www.encontracentroriodejaneiro.com.br\/noticias\/apuracao-do-carnaval-acontece-hoje-no-centro-do-rj\/\",\"url\":\"https:\/\/www.encontracentroriodejaneiro.com.br\/noticias\/apuracao-do-carnaval-acontece-hoje-no-centro-do-rj\/\",\"name\":\"Apura\u00e7\u00e3o do carnaval acontece hoje no Centro do RJ - Not\u00edcias do Bairro Centro RJ\",\"isPartOf\":{\"@id\":\"https:\/\/www.encontracentroriodejaneiro.com.br\/noticias\/#website\"},\"datePublished\":\"2012-02-22T13:19:57+00:00\",\"dateModified\":\"2013-08-15T16:18:34+00:00\",\"author\":{\"@id\":\"https:\/\/www.encontracentroriodejaneiro.com.br\/noticias\/#\/schema\/person\/d3a6c0305ffb5ffec8e9c6aefa0cbbce\"},\"breadcrumb\":{\"@id\":\"https:\/\/www.encontracentroriodejaneiro.com.br\/noticias\/apuracao-do-carnaval-acontece-hoje-no-centro-do-rj\/#breadcrumb\"},\"inLanguage\":\"pt-BR\",\"potentialAction\":[{\"@type\":\"ReadAction\",\"target\":[\"https:\/\/www.encontracentroriodejaneiro.com.br\/noticias\/apuracao-do-carnaval-acontece-hoje-no-centro-do-rj\/\"]}]},{\"@type\":\"BreadcrumbList\",\"@id\":\"https:\/\/www.encontracentroriodejaneiro.com.br\/noticias\/apuracao-do-carnaval-acontece-hoje-no-centro-do-rj\/#breadcrumb\",\"itemListElement\":[{\"@type\":\"ListItem\",\"position\":1,\"name\":\"In\u00edcio\",\"item\":\"https:\/\/www.encontracentroriodejaneiro.com.br\/noticias\/\"},{\"@type\":\"ListItem\",\"position\":2,\"name\":\"Apura\u00e7\u00e3o do carnaval acontece hoje no Centro do RJ\"}]},{\"@type\":\"WebSite\",\"@id\":\"https:\/\/www.encontracentroriodejaneiro.com.br\/noticias\/#website\",\"url\":\"https:\/\/www.encontracentroriodejaneiro.com.br\/noticias\/\",\"name\":\"Not\u00edcias do Bairro Centro RJ\",\"description\":\"Not\u00edcias, eventos, informa\u00e7\u00f5es e dicas no Bairro Centro RJ e regi\u00e3o\",\"potentialAction\":[{\"@type\":\"SearchAction\",\"target\":{\"@type\":\"EntryPoint\",\"urlTemplate\":\"https:\/\/www.encontracentroriodejaneiro.com.br\/noticias\/?s={search_term_string}\"},\"query-input\":{\"@type\":\"PropertyValueSpecification\",\"valueRequired\":true,\"valueName\":\"search_term_string\"}}],\"inLanguage\":\"pt-BR\"},{\"@type\":\"Person\",\"@id\":\"https:\/\/www.encontracentroriodejaneiro.com.br\/noticias\/#\/schema\/person\/d3a6c0305ffb5ffec8e9c6aefa0cbbce\",\"name\":\"Encontra Centro RJ\",\"image\":{\"@type\":\"ImageObject\",\"inLanguage\":\"pt-BR\",\"@id\":\"https:\/\/www.encontracentroriodejaneiro.com.br\/noticias\/#\/schema\/person\/image\/\",\"url\":\"https:\/\/secure.gravatar.com\/avatar\/507340682b8270222e1f208e23198b6ae7e2c6a1033ae84e99bc6bce4f82a387?s=96&d=mm&r=g\",\"contentUrl\":\"https:\/\/secure.gravatar.com\/avatar\/507340682b8270222e1f208e23198b6ae7e2c6a1033ae84e99bc6bce4f82a387?s=96&d=mm&r=g\",\"caption\":\"Encontra Centro RJ\"},\"sameAs\":[\"http:\/\/www.encontracentroriodejaneiro.com.br\"],\"url\":\"https:\/\/www.encontracentroriodejaneiro.com.br\/noticias\/author\/ecentroriodejaneiro\/\"}]}<\/script>\n<!-- \/ Yoast SEO plugin. -->","yoast_head_json":{"title":"Apura\u00e7\u00e3o do carnaval acontece hoje no Centro do RJ - Not\u00edcias do Bairro Centro RJ","robots":{"index":"index","follow":"follow","max-snippet":"max-snippet:-1","max-image-preview":"max-image-preview:large","max-video-preview":"max-video-preview:-1"},"canonical":"https:\/\/www.encontracentroriodejaneiro.com.br\/noticias\/apuracao-do-carnaval-acontece-hoje-no-centro-do-rj\/","og_locale":"pt_BR","og_type":"article","og_title":"Apura\u00e7\u00e3o do carnaval acontece hoje no Centro do RJ - Not\u00edcias do Bairro Centro RJ","og_description":"A partir das 15h45 come\u00e7a a apura\u00e7\u00e3o para definir a campe\u00e3 do carnaval carioca de 2012. Os resultados do Grupo Especial ser\u00e3o divulgados na Pra\u00e7a da Apoteose, no bairro do Centro RJ. As duas \u00faltimas agremia\u00e7\u00f5es na lista de classifica\u00e7\u00e3o ser\u00e3o rebaixadas para o Grupo de Acesso A. A primeira classificada desse rol ser\u00e1 promovida [&hellip;]","og_url":"https:\/\/www.encontracentroriodejaneiro.com.br\/noticias\/apuracao-do-carnaval-acontece-hoje-no-centro-do-rj\/","og_site_name":"Not\u00edcias do Bairro Centro RJ","article_published_time":"2012-02-22T13:19:57+00:00","article_modified_time":"2013-08-15T16:18:34+00:00","author":"Encontra Centro RJ","twitter_card":"summary_large_image","twitter_misc":{"Escrito por":"Encontra Centro RJ","Est. tempo de leitura":"1 minuto"},"schema":{"@context":"https:\/\/schema.org","@graph":[{"@type":"WebPage","@id":"https:\/\/www.encontracentroriodejaneiro.com.br\/noticias\/apuracao-do-carnaval-acontece-hoje-no-centro-do-rj\/","url":"https:\/\/www.encontracentroriodejaneiro.com.br\/noticias\/apuracao-do-carnaval-acontece-hoje-no-centro-do-rj\/","name":"Apura\u00e7\u00e3o do carnaval acontece hoje no Centro do RJ - Not\u00edcias do Bairro Centro RJ","isPartOf":{"@id":"https:\/\/www.encontracentroriodejaneiro.com.br\/noticias\/#website"},"datePublished":"2012-02-22T13:19:57+00:00","dateModified":"2013-08-15T16:18:34+00:00","author":{"@id":"https:\/\/www.encontracentroriodejaneiro.com.br\/noticias\/#\/schema\/person\/d3a6c0305ffb5ffec8e9c6aefa0cbbce"},"breadcrumb":{"@id":"https:\/\/www.encontracentroriodejaneiro.com.br\/noticias\/apuracao-do-carnaval-acontece-hoje-no-centro-do-rj\/#breadcrumb"},"inLanguage":"pt-BR","potentialAction":[{"@type":"ReadAction","target":["https:\/\/www.encontracentroriodejaneiro.com.br\/noticias\/apuracao-do-carnaval-acontece-hoje-no-centro-do-rj\/"]}]},{"@type":"BreadcrumbList","@id":"https:\/\/www.encontracentroriodejaneiro.com.br\/noticias\/apuracao-do-carnaval-acontece-hoje-no-centro-do-rj\/#breadcrumb","itemListElement":[{"@type":"ListItem","position":1,"name":"In\u00edcio","item":"https:\/\/www.encontracentroriodejaneiro.com.br\/noticias\/"},{"@type":"ListItem","position":2,"name":"Apura\u00e7\u00e3o do carnaval acontece hoje no Centro do RJ"}]},{"@type":"WebSite","@id":"https:\/\/www.encontracentroriodejaneiro.com.br\/noticias\/#website","url":"https:\/\/www.encontracentroriodejaneiro.com.br\/noticias\/","name":"Not\u00edcias do Bairro Centro RJ","description":"Not\u00edcias, eventos, informa\u00e7\u00f5es e dicas no Bairro Centro RJ e regi\u00e3o","potentialAction":[{"@type":"SearchAction","target":{"@type":"EntryPoint","urlTemplate":"https:\/\/www.encontracentroriodejaneiro.com.br\/noticias\/?s={search_term_string}"},"query-input":{"@type":"PropertyValueSpecification","valueRequired":true,"valueName":"search_term_string"}}],"inLanguage":"pt-BR"},{"@type":"Person","@id":"https:\/\/www.encontracentroriodejaneiro.com.br\/noticias\/#\/schema\/person\/d3a6c0305ffb5ffec8e9c6aefa0cbbce","name":"Encontra Centro RJ","image":{"@type":"ImageObject","inLanguage":"pt-BR","@id":"https:\/\/www.encontracentroriodejaneiro.com.br\/noticias\/#\/schema\/person\/image\/","url":"https:\/\/secure.gravatar.com\/avatar\/507340682b8270222e1f208e23198b6ae7e2c6a1033ae84e99bc6bce4f82a387?s=96&d=mm&r=g","contentUrl":"https:\/\/secure.gravatar.com\/avatar\/507340682b8270222e1f208e23198b6ae7e2c6a1033ae84e99bc6bce4f82a387?s=96&d=mm&r=g","caption":"Encontra Centro RJ"},"sameAs":["http:\/\/www.encontracentroriodejaneiro.com.br"],"url":"https:\/\/www.encontracentroriodejaneiro.com.br\/noticias\/author\/ecentroriodejaneiro\/"}]}},"_links":{"self":[{"href":"https:\/\/www.encontracentroriodejaneiro.com.br\/noticias\/wp-json\/wp\/v2\/posts\/167","targetHints":{"allow":["GET"]}}],"collection":[{"href":"https:\/\/www.encontracentroriodejaneiro.com.br\/noticias\/wp-json\/wp\/v2\/posts"}],"about":[{"href":"https:\/\/www.encontracentroriodejaneiro.com.br\/noticias\/wp-json\/wp\/v2\/types\/post"}],"author":[{"embeddable":true,"href":"https:\/\/www.encontracentroriodejaneiro.com.br\/noticias\/wp-json\/wp\/v2\/users\/1"}],"replies":[{"embeddable":true,"href":"https:\/\/www.encontracentroriodejaneiro.com.br\/noticias\/wp-json\/wp\/v2\/comments?post=167"}],"version-history":[{"count":3,"href":"https:\/\/www.encontracentroriodejaneiro.com.br\/noticias\/wp-json\/wp\/v2\/posts\/167\/revisions"}],"predecessor-version":[{"id":930,"href":"https:\/\/www.encontracentroriodejaneiro.com.br\/noticias\/wp-json\/wp\/v2\/posts\/167\/revisions\/930"}],"wp:attachment":[{"href":"https:\/\/www.encontracentroriodejaneiro.com.br\/noticias\/wp-json\/wp\/v2\/media?parent=167"}],"wp:term":[{"taxonomy":"category","embeddable":true,"href":"https:\/\/www.encontracentroriodejaneiro.com.br\/noticias\/wp-json\/wp\/v2\/categories?post=167"},{"taxonomy":"post_tag","embeddable":true,"href":"https:\/\/www.encontracentroriodejaneiro.com.br\/noticias\/wp-json\/wp\/v2\/tags?post=167"}],"curies":[{"name":"wp","href":"https:\/\/api.w.org\/{rel}","templated":true}]}}