{"id":172,"date":"2012-02-22T11:26:54","date_gmt":"2012-02-22T13:26:54","guid":{"rendered":"http:\/\/www.encontracentroriodejaneiro.com.br\/noticias\/?p=172"},"modified":"2013-08-15T14:18:34","modified_gmt":"2013-08-15T16:18:34","slug":"centro-rj-pelo-menos-106-mijoes-sao-detidos-no-desfile-de-cordao","status":"publish","type":"post","link":"https:\/\/www.encontracentroriodejaneiro.com.br\/noticias\/centro-rj-pelo-menos-106-mijoes-sao-detidos-no-desfile-de-cordao\/","title":{"rendered":"Centro RJ: Pelo menos 106 mij\u00f5es s\u00e3o detidos no desfile de Cord\u00e3o"},"content":{"rendered":"<p>A opera\u00e7\u00e3o de combate \u00e0 desordem realizada neste domingo de Carnaval por agentes da Secretaria Especial da Ordem P\u00fablica (Seop), com apoio de guardas municipais, levou para a delegacia 106 mij\u00f5es (24 mulheres) por urinarem nas ruas durante o desfile do bloco Cord\u00e3o do Boitat\u00e1, no guia do centro RJ.<\/p>\n<p>Todos os mij\u00f5es foram encaminhados para a 5\u00aa DP (Gomes Freire). O secret\u00e1rio de Ordem P\u00fablica Alex Costa est\u00e1 acompanhando pessoalmente as opera\u00e7\u00f5es de fiscaliza\u00e7\u00e3o nos blocos de Carnaval 2012. Ele tamb\u00e9m esteve neste domingo no desfile do Bangalafumenga, no Aterro do Flamengo, e destacou o ordenamento dos desfiles.<\/p>\n<p>&#8220;A organiza\u00e7\u00e3o nos desfiles dos blocos de rua este ano comprova o sucesso do trabalho implementado pela Prefeitura para o Carnaval 2012. Percebemos o crescimento do Carnaval de rua na Cidade com grande n\u00famero de fam\u00edlias e turistas participando dos desfiles dos blocos com total tranquilidade e seguran\u00e7a. Isso tamb\u00e9m demonstra que o Rio est\u00e1 preparado para receber grandes eventos. Como ocorreu hoje no Parque do Flamengo, as pessoas podem usufruir das \u00e1reas de lazer que a Cidade nos oferece&#8221;, disse Alex Costa, secret\u00e1rio de Ordem P\u00fablica.<\/p>\n<p>Desde o dia 20 de janeiro, in\u00edcio dos desfiles dos blocos pr\u00e9-carnavalescos, a Seop j\u00e1 encaminhou para a delegacia 706 mij\u00f5es (83 mulheres) por urinarem nas ruas.<\/p>\n<p><em>Fonte: MidiaMax<\/em><\/p>\n","protected":false},"excerpt":{"rendered":"<p>A opera\u00e7\u00e3o de combate \u00e0 desordem realizada neste domingo de Carnaval por agentes da Secretaria Especial da Ordem P\u00fablica (Seop), com apoio de guardas municipais, levou para a delegacia 106 mij\u00f5es (24 mulheres) por urinarem nas ruas durante o desfile do bloco Cord\u00e3o do Boitat\u00e1, no guia do centro RJ. Todos os mij\u00f5es foram encaminhados [&hellip;]<\/p>\n","protected":false},"author":1,"featured_media":0,"comment_status":"open","ping_status":"open","sticky":false,"template":"","format":"standard","meta":{"footnotes":""},"categories":[6],"tags":[],"class_list":["post-172","post","type-post","status-publish","format-standard","hentry","category-noticias"],"yoast_head":"<!-- This site is optimized with the Yoast SEO plugin v25.9 - https:\/\/yoast.com\/wordpress\/plugins\/seo\/ -->\n<title>Centro RJ: Pelo menos 106 mij\u00f5es s\u00e3o detidos no desfile de Cord\u00e3o - Not\u00edcias do Bairro Centro RJ<\/title>\n<meta name=\"robots\" content=\"index, follow, max-snippet:-1, max-image-preview:large, max-video-preview:-1\" \/>\n<link rel=\"canonical\" href=\"https:\/\/www.encontracentroriodejaneiro.com.br\/noticias\/centro-rj-pelo-menos-106-mijoes-sao-detidos-no-desfile-de-cordao\/\" \/>\n<meta property=\"og:locale\" content=\"pt_BR\" \/>\n<meta property=\"og:type\" content=\"article\" \/>\n<meta property=\"og:title\" content=\"Centro RJ: Pelo menos 106 mij\u00f5es s\u00e3o detidos no desfile de Cord\u00e3o - Not\u00edcias do Bairro Centro RJ\" \/>\n<meta property=\"og:description\" content=\"A opera\u00e7\u00e3o de combate \u00e0 desordem realizada neste domingo de Carnaval por agentes da Secretaria Especial da Ordem P\u00fablica (Seop), com apoio de guardas municipais, levou para a delegacia 106 mij\u00f5es (24 mulheres) por urinarem nas ruas durante o desfile do bloco Cord\u00e3o do Boitat\u00e1, no guia do centro RJ. Todos os mij\u00f5es foram encaminhados [&hellip;]\" \/>\n<meta property=\"og:url\" content=\"https:\/\/www.encontracentroriodejaneiro.com.br\/noticias\/centro-rj-pelo-menos-106-mijoes-sao-detidos-no-desfile-de-cordao\/\" \/>\n<meta property=\"og:site_name\" content=\"Not\u00edcias do Bairro Centro RJ\" \/>\n<meta property=\"article:published_time\" content=\"2012-02-22T13:26:54+00:00\" \/>\n<meta property=\"article:modified_time\" content=\"2013-08-15T16:18:34+00:00\" \/>\n<meta name=\"author\" content=\"Encontra Centro RJ\" \/>\n<meta name=\"twitter:card\" content=\"summary_large_image\" \/>\n<meta name=\"twitter:label1\" content=\"Escrito por\" \/>\n\t<meta name=\"twitter:data1\" content=\"Encontra Centro RJ\" \/>\n\t<meta name=\"twitter:label2\" content=\"Est. tempo de leitura\" \/>\n\t<meta name=\"twitter:data2\" content=\"1 minuto\" \/>\n<script type=\"application\/ld+json\" class=\"yoast-schema-graph\">{\"@context\":\"https:\/\/schema.org\",\"@graph\":[{\"@type\":\"WebPage\",\"@id\":\"https:\/\/www.encontracentroriodejaneiro.com.br\/noticias\/centro-rj-pelo-menos-106-mijoes-sao-detidos-no-desfile-de-cordao\/\",\"url\":\"https:\/\/www.encontracentroriodejaneiro.com.br\/noticias\/centro-rj-pelo-menos-106-mijoes-sao-detidos-no-desfile-de-cordao\/\",\"name\":\"Centro RJ: Pelo menos 106 mij\u00f5es s\u00e3o detidos no desfile de Cord\u00e3o - Not\u00edcias do Bairro Centro RJ\",\"isPartOf\":{\"@id\":\"https:\/\/www.encontracentroriodejaneiro.com.br\/noticias\/#website\"},\"datePublished\":\"2012-02-22T13:26:54+00:00\",\"dateModified\":\"2013-08-15T16:18:34+00:00\",\"author\":{\"@id\":\"https:\/\/www.encontracentroriodejaneiro.com.br\/noticias\/#\/schema\/person\/d3a6c0305ffb5ffec8e9c6aefa0cbbce\"},\"breadcrumb\":{\"@id\":\"https:\/\/www.encontracentroriodejaneiro.com.br\/noticias\/centro-rj-pelo-menos-106-mijoes-sao-detidos-no-desfile-de-cordao\/#breadcrumb\"},\"inLanguage\":\"pt-BR\",\"potentialAction\":[{\"@type\":\"ReadAction\",\"target\":[\"https:\/\/www.encontracentroriodejaneiro.com.br\/noticias\/centro-rj-pelo-menos-106-mijoes-sao-detidos-no-desfile-de-cordao\/\"]}]},{\"@type\":\"BreadcrumbList\",\"@id\":\"https:\/\/www.encontracentroriodejaneiro.com.br\/noticias\/centro-rj-pelo-menos-106-mijoes-sao-detidos-no-desfile-de-cordao\/#breadcrumb\",\"itemListElement\":[{\"@type\":\"ListItem\",\"position\":1,\"name\":\"In\u00edcio\",\"item\":\"https:\/\/www.encontracentroriodejaneiro.com.br\/noticias\/\"},{\"@type\":\"ListItem\",\"position\":2,\"name\":\"Centro RJ: Pelo menos 106 mij\u00f5es s\u00e3o detidos no desfile de Cord\u00e3o\"}]},{\"@type\":\"WebSite\",\"@id\":\"https:\/\/www.encontracentroriodejaneiro.com.br\/noticias\/#website\",\"url\":\"https:\/\/www.encontracentroriodejaneiro.com.br\/noticias\/\",\"name\":\"Not\u00edcias do Bairro Centro RJ\",\"description\":\"Not\u00edcias, eventos, informa\u00e7\u00f5es e dicas no Bairro Centro RJ e regi\u00e3o\",\"potentialAction\":[{\"@type\":\"SearchAction\",\"target\":{\"@type\":\"EntryPoint\",\"urlTemplate\":\"https:\/\/www.encontracentroriodejaneiro.com.br\/noticias\/?s={search_term_string}\"},\"query-input\":{\"@type\":\"PropertyValueSpecification\",\"valueRequired\":true,\"valueName\":\"search_term_string\"}}],\"inLanguage\":\"pt-BR\"},{\"@type\":\"Person\",\"@id\":\"https:\/\/www.encontracentroriodejaneiro.com.br\/noticias\/#\/schema\/person\/d3a6c0305ffb5ffec8e9c6aefa0cbbce\",\"name\":\"Encontra Centro RJ\",\"image\":{\"@type\":\"ImageObject\",\"inLanguage\":\"pt-BR\",\"@id\":\"https:\/\/www.encontracentroriodejaneiro.com.br\/noticias\/#\/schema\/person\/image\/\",\"url\":\"https:\/\/secure.gravatar.com\/avatar\/507340682b8270222e1f208e23198b6ae7e2c6a1033ae84e99bc6bce4f82a387?s=96&d=mm&r=g\",\"contentUrl\":\"https:\/\/secure.gravatar.com\/avatar\/507340682b8270222e1f208e23198b6ae7e2c6a1033ae84e99bc6bce4f82a387?s=96&d=mm&r=g\",\"caption\":\"Encontra Centro RJ\"},\"sameAs\":[\"http:\/\/www.encontracentroriodejaneiro.com.br\"],\"url\":\"https:\/\/www.encontracentroriodejaneiro.com.br\/noticias\/author\/ecentroriodejaneiro\/\"}]}<\/script>\n<!-- \/ Yoast SEO plugin. -->","yoast_head_json":{"title":"Centro RJ: Pelo menos 106 mij\u00f5es s\u00e3o detidos no desfile de Cord\u00e3o - Not\u00edcias do Bairro Centro RJ","robots":{"index":"index","follow":"follow","max-snippet":"max-snippet:-1","max-image-preview":"max-image-preview:large","max-video-preview":"max-video-preview:-1"},"canonical":"https:\/\/www.encontracentroriodejaneiro.com.br\/noticias\/centro-rj-pelo-menos-106-mijoes-sao-detidos-no-desfile-de-cordao\/","og_locale":"pt_BR","og_type":"article","og_title":"Centro RJ: Pelo menos 106 mij\u00f5es s\u00e3o detidos no desfile de Cord\u00e3o - Not\u00edcias do Bairro Centro RJ","og_description":"A opera\u00e7\u00e3o de combate \u00e0 desordem realizada neste domingo de Carnaval por agentes da Secretaria Especial da Ordem P\u00fablica (Seop), com apoio de guardas municipais, levou para a delegacia 106 mij\u00f5es (24 mulheres) por urinarem nas ruas durante o desfile do bloco Cord\u00e3o do Boitat\u00e1, no guia do centro RJ. Todos os mij\u00f5es foram encaminhados [&hellip;]","og_url":"https:\/\/www.encontracentroriodejaneiro.com.br\/noticias\/centro-rj-pelo-menos-106-mijoes-sao-detidos-no-desfile-de-cordao\/","og_site_name":"Not\u00edcias do Bairro Centro RJ","article_published_time":"2012-02-22T13:26:54+00:00","article_modified_time":"2013-08-15T16:18:34+00:00","author":"Encontra Centro RJ","twitter_card":"summary_large_image","twitter_misc":{"Escrito por":"Encontra Centro RJ","Est. tempo de leitura":"1 minuto"},"schema":{"@context":"https:\/\/schema.org","@graph":[{"@type":"WebPage","@id":"https:\/\/www.encontracentroriodejaneiro.com.br\/noticias\/centro-rj-pelo-menos-106-mijoes-sao-detidos-no-desfile-de-cordao\/","url":"https:\/\/www.encontracentroriodejaneiro.com.br\/noticias\/centro-rj-pelo-menos-106-mijoes-sao-detidos-no-desfile-de-cordao\/","name":"Centro RJ: Pelo menos 106 mij\u00f5es s\u00e3o detidos no desfile de Cord\u00e3o - Not\u00edcias do Bairro Centro RJ","isPartOf":{"@id":"https:\/\/www.encontracentroriodejaneiro.com.br\/noticias\/#website"},"datePublished":"2012-02-22T13:26:54+00:00","dateModified":"2013-08-15T16:18:34+00:00","author":{"@id":"https:\/\/www.encontracentroriodejaneiro.com.br\/noticias\/#\/schema\/person\/d3a6c0305ffb5ffec8e9c6aefa0cbbce"},"breadcrumb":{"@id":"https:\/\/www.encontracentroriodejaneiro.com.br\/noticias\/centro-rj-pelo-menos-106-mijoes-sao-detidos-no-desfile-de-cordao\/#breadcrumb"},"inLanguage":"pt-BR","potentialAction":[{"@type":"ReadAction","target":["https:\/\/www.encontracentroriodejaneiro.com.br\/noticias\/centro-rj-pelo-menos-106-mijoes-sao-detidos-no-desfile-de-cordao\/"]}]},{"@type":"BreadcrumbList","@id":"https:\/\/www.encontracentroriodejaneiro.com.br\/noticias\/centro-rj-pelo-menos-106-mijoes-sao-detidos-no-desfile-de-cordao\/#breadcrumb","itemListElement":[{"@type":"ListItem","position":1,"name":"In\u00edcio","item":"https:\/\/www.encontracentroriodejaneiro.com.br\/noticias\/"},{"@type":"ListItem","position":2,"name":"Centro RJ: Pelo menos 106 mij\u00f5es s\u00e3o detidos no desfile de Cord\u00e3o"}]},{"@type":"WebSite","@id":"https:\/\/www.encontracentroriodejaneiro.com.br\/noticias\/#website","url":"https:\/\/www.encontracentroriodejaneiro.com.br\/noticias\/","name":"Not\u00edcias do Bairro Centro RJ","description":"Not\u00edcias, eventos, informa\u00e7\u00f5es e dicas no Bairro Centro RJ e regi\u00e3o","potentialAction":[{"@type":"SearchAction","target":{"@type":"EntryPoint","urlTemplate":"https:\/\/www.encontracentroriodejaneiro.com.br\/noticias\/?s={search_term_string}"},"query-input":{"@type":"PropertyValueSpecification","valueRequired":true,"valueName":"search_term_string"}}],"inLanguage":"pt-BR"},{"@type":"Person","@id":"https:\/\/www.encontracentroriodejaneiro.com.br\/noticias\/#\/schema\/person\/d3a6c0305ffb5ffec8e9c6aefa0cbbce","name":"Encontra Centro RJ","image":{"@type":"ImageObject","inLanguage":"pt-BR","@id":"https:\/\/www.encontracentroriodejaneiro.com.br\/noticias\/#\/schema\/person\/image\/","url":"https:\/\/secure.gravatar.com\/avatar\/507340682b8270222e1f208e23198b6ae7e2c6a1033ae84e99bc6bce4f82a387?s=96&d=mm&r=g","contentUrl":"https:\/\/secure.gravatar.com\/avatar\/507340682b8270222e1f208e23198b6ae7e2c6a1033ae84e99bc6bce4f82a387?s=96&d=mm&r=g","caption":"Encontra Centro RJ"},"sameAs":["http:\/\/www.encontracentroriodejaneiro.com.br"],"url":"https:\/\/www.encontracentroriodejaneiro.com.br\/noticias\/author\/ecentroriodejaneiro\/"}]}},"_links":{"self":[{"href":"https:\/\/www.encontracentroriodejaneiro.com.br\/noticias\/wp-json\/wp\/v2\/posts\/172","targetHints":{"allow":["GET"]}}],"collection":[{"href":"https:\/\/www.encontracentroriodejaneiro.com.br\/noticias\/wp-json\/wp\/v2\/posts"}],"about":[{"href":"https:\/\/www.encontracentroriodejaneiro.com.br\/noticias\/wp-json\/wp\/v2\/types\/post"}],"author":[{"embeddable":true,"href":"https:\/\/www.encontracentroriodejaneiro.com.br\/noticias\/wp-json\/wp\/v2\/users\/1"}],"replies":[{"embeddable":true,"href":"https:\/\/www.encontracentroriodejaneiro.com.br\/noticias\/wp-json\/wp\/v2\/comments?post=172"}],"version-history":[{"count":4,"href":"https:\/\/www.encontracentroriodejaneiro.com.br\/noticias\/wp-json\/wp\/v2\/posts\/172\/revisions"}],"predecessor-version":[{"id":943,"href":"https:\/\/www.encontracentroriodejaneiro.com.br\/noticias\/wp-json\/wp\/v2\/posts\/172\/revisions\/943"}],"wp:attachment":[{"href":"https:\/\/www.encontracentroriodejaneiro.com.br\/noticias\/wp-json\/wp\/v2\/media?parent=172"}],"wp:term":[{"taxonomy":"category","embeddable":true,"href":"https:\/\/www.encontracentroriodejaneiro.com.br\/noticias\/wp-json\/wp\/v2\/categories?post=172"},{"taxonomy":"post_tag","embeddable":true,"href":"https:\/\/www.encontracentroriodejaneiro.com.br\/noticias\/wp-json\/wp\/v2\/tags?post=172"}],"curies":[{"name":"wp","href":"https:\/\/api.w.org\/{rel}","templated":true}]}}