{"id":178,"date":"2012-02-22T12:25:56","date_gmt":"2012-02-22T14:25:56","guid":{"rendered":"http:\/\/www.encontracentroriodejaneiro.com.br\/noticias\/?p=178"},"modified":"2013-08-15T14:18:34","modified_gmt":"2013-08-15T16:18:34","slug":"centro-rj-comlurb-recolheu-250-t-de-lixo-na-sapucai-ate-a-noite-de-terca-feira","status":"publish","type":"post","link":"https:\/\/www.encontracentroriodejaneiro.com.br\/noticias\/centro-rj-comlurb-recolheu-250-t-de-lixo-na-sapucai-ate-a-noite-de-terca-feira\/","title":{"rendered":"Centro RJ: Comlurb recolheu 250 t de lixo na Sapuca\u00ed at\u00e9 a noite de ter\u00e7a-feira"},"content":{"rendered":"<p>A Comlurb recolheu 250 toneladas de lixo, de sexta-feira (17) at\u00e9 as 19h26 de ter\u00e7a-feira (21), na <a title=\"Marqu\u00eas de Sapuca\u00ed\" href=\"http:\/\/www.encontracentroriodejaneiro.com.br\/centro-rj\/sambodromo-centro-rj.shtml\" target=\"_self\">Marqu\u00eas de Sapuca\u00ed<\/a>, no Rio. As informa\u00e7\u00f5es s\u00e3o da assessoria da pr\u00f3pria Comlurb, que confirmou ainda que, no mesmo per\u00edodo, tamb\u00e9m retiradas 196 toneladas de lixo durante a passagem dos blocos pelas ruas da cidade. Um novo balan\u00e7o deve ser divulgado na tarde desta quarta-feira (22).<\/p>\n<p>Os bairros guia de Ipanema e Leblon, na Zona Sul, tiveram a maior concentra\u00e7\u00e3o de lixo, com 61 toneladas coletadas, seguidos do Centro (57 toneladas). J\u00e1 em Copacabana, foram retiradas 49 toneladas de lixo das ruas, enquanto os bairros de Botafogo, Laranjeiras, Catete e Gl\u00f3ria, todos na Zona Sul, somaram 29 toneladas de res\u00edduos.<\/p>\n<p>O bloco Cord\u00e3o da Bola Preta, que levou mais de 2 milh\u00f5es de pessoas ao Centro do Rio, foi respons\u00e1vel por gerar 23 toneladas de lixo, mais de um ter\u00e7o de todos os res\u00edduos coletados no bairro. No Cord\u00e3o do Boitat\u00e1 foram recolhidas 9 toneladas, enquanto os blocos AfroReggae, Sargento Pimenta, Simpatia \u00e9 Quase Amor e Empolga \u00e0s Nove geraram de 3 a 4 toneladas de lixo cada um.<\/p>\n<p><strong>Quase 600 homens trabalhando<\/strong><br \/>\nAo todo, quase 600 homens foram respons\u00e1veis pela limpeza da cidade durante cada dia do feriad\u00e3o. S\u00f3 no Samb\u00f3dromo, a Comlurb enviou 300 garis para fazer o trabalho di\u00e1rio.<\/p>\n<p>O Movimento Nacional de Catadores do Rio de Janeiro tamb\u00e9m esteve presente na limpeza da cidade, com 80 homens \u00e0 disposi\u00e7\u00e3o para fazer a coleta de materiais recicl\u00e1veis nas ruas, como garrafas PET e latinhas de alum\u00ednio. De acordo com a prefeitura, todo o lucro do que for reciclado vai para o movimento, e at\u00e9 a noite de ter\u00e7a-feira haviam sido recolhidas 19 toneladas de materiais desse tipo.<br \/>\n<em><br \/>\nFonte: G1<\/em><\/p>\n","protected":false},"excerpt":{"rendered":"<p>A Comlurb recolheu 250 toneladas de lixo, de sexta-feira (17) at\u00e9 as 19h26 de ter\u00e7a-feira (21), na Marqu\u00eas de Sapuca\u00ed, no Rio. As informa\u00e7\u00f5es s\u00e3o da assessoria da pr\u00f3pria Comlurb, que confirmou ainda que, no mesmo per\u00edodo, tamb\u00e9m retiradas 196 toneladas de lixo durante a passagem dos blocos pelas ruas da cidade. Um novo balan\u00e7o [&hellip;]<\/p>\n","protected":false},"author":1,"featured_media":0,"comment_status":"open","ping_status":"open","sticky":false,"template":"","format":"standard","meta":{"footnotes":""},"categories":[6],"tags":[],"class_list":["post-178","post","type-post","status-publish","format-standard","hentry","category-noticias"],"yoast_head":"<!-- This site is optimized with the Yoast SEO plugin v25.9 - https:\/\/yoast.com\/wordpress\/plugins\/seo\/ -->\n<title>Centro RJ: Comlurb recolheu 250 t de lixo na Sapuca\u00ed at\u00e9 a noite de ter\u00e7a-feira - Not\u00edcias do Bairro Centro RJ<\/title>\n<meta name=\"robots\" content=\"index, follow, max-snippet:-1, max-image-preview:large, max-video-preview:-1\" \/>\n<link rel=\"canonical\" href=\"https:\/\/www.encontracentroriodejaneiro.com.br\/noticias\/centro-rj-comlurb-recolheu-250-t-de-lixo-na-sapucai-ate-a-noite-de-terca-feira\/\" \/>\n<meta property=\"og:locale\" content=\"pt_BR\" \/>\n<meta property=\"og:type\" content=\"article\" \/>\n<meta property=\"og:title\" content=\"Centro RJ: Comlurb recolheu 250 t de lixo na Sapuca\u00ed at\u00e9 a noite de ter\u00e7a-feira - Not\u00edcias do Bairro Centro RJ\" \/>\n<meta property=\"og:description\" content=\"A Comlurb recolheu 250 toneladas de lixo, de sexta-feira (17) at\u00e9 as 19h26 de ter\u00e7a-feira (21), na Marqu\u00eas de Sapuca\u00ed, no Rio. As informa\u00e7\u00f5es s\u00e3o da assessoria da pr\u00f3pria Comlurb, que confirmou ainda que, no mesmo per\u00edodo, tamb\u00e9m retiradas 196 toneladas de lixo durante a passagem dos blocos pelas ruas da cidade. Um novo balan\u00e7o [&hellip;]\" \/>\n<meta property=\"og:url\" content=\"https:\/\/www.encontracentroriodejaneiro.com.br\/noticias\/centro-rj-comlurb-recolheu-250-t-de-lixo-na-sapucai-ate-a-noite-de-terca-feira\/\" \/>\n<meta property=\"og:site_name\" content=\"Not\u00edcias do Bairro Centro RJ\" \/>\n<meta property=\"article:published_time\" content=\"2012-02-22T14:25:56+00:00\" \/>\n<meta property=\"article:modified_time\" content=\"2013-08-15T16:18:34+00:00\" \/>\n<meta name=\"author\" content=\"Encontra Centro RJ\" \/>\n<meta name=\"twitter:card\" content=\"summary_large_image\" \/>\n<meta name=\"twitter:label1\" content=\"Escrito por\" \/>\n\t<meta name=\"twitter:data1\" content=\"Encontra Centro RJ\" \/>\n\t<meta name=\"twitter:label2\" content=\"Est. tempo de leitura\" \/>\n\t<meta name=\"twitter:data2\" content=\"1 minuto\" \/>\n<script type=\"application\/ld+json\" class=\"yoast-schema-graph\">{\"@context\":\"https:\/\/schema.org\",\"@graph\":[{\"@type\":\"WebPage\",\"@id\":\"https:\/\/www.encontracentroriodejaneiro.com.br\/noticias\/centro-rj-comlurb-recolheu-250-t-de-lixo-na-sapucai-ate-a-noite-de-terca-feira\/\",\"url\":\"https:\/\/www.encontracentroriodejaneiro.com.br\/noticias\/centro-rj-comlurb-recolheu-250-t-de-lixo-na-sapucai-ate-a-noite-de-terca-feira\/\",\"name\":\"Centro RJ: Comlurb recolheu 250 t de lixo na Sapuca\u00ed at\u00e9 a noite de ter\u00e7a-feira - Not\u00edcias do Bairro Centro RJ\",\"isPartOf\":{\"@id\":\"https:\/\/www.encontracentroriodejaneiro.com.br\/noticias\/#website\"},\"datePublished\":\"2012-02-22T14:25:56+00:00\",\"dateModified\":\"2013-08-15T16:18:34+00:00\",\"author\":{\"@id\":\"https:\/\/www.encontracentroriodejaneiro.com.br\/noticias\/#\/schema\/person\/d3a6c0305ffb5ffec8e9c6aefa0cbbce\"},\"breadcrumb\":{\"@id\":\"https:\/\/www.encontracentroriodejaneiro.com.br\/noticias\/centro-rj-comlurb-recolheu-250-t-de-lixo-na-sapucai-ate-a-noite-de-terca-feira\/#breadcrumb\"},\"inLanguage\":\"pt-BR\",\"potentialAction\":[{\"@type\":\"ReadAction\",\"target\":[\"https:\/\/www.encontracentroriodejaneiro.com.br\/noticias\/centro-rj-comlurb-recolheu-250-t-de-lixo-na-sapucai-ate-a-noite-de-terca-feira\/\"]}]},{\"@type\":\"BreadcrumbList\",\"@id\":\"https:\/\/www.encontracentroriodejaneiro.com.br\/noticias\/centro-rj-comlurb-recolheu-250-t-de-lixo-na-sapucai-ate-a-noite-de-terca-feira\/#breadcrumb\",\"itemListElement\":[{\"@type\":\"ListItem\",\"position\":1,\"name\":\"In\u00edcio\",\"item\":\"https:\/\/www.encontracentroriodejaneiro.com.br\/noticias\/\"},{\"@type\":\"ListItem\",\"position\":2,\"name\":\"Centro RJ: Comlurb recolheu 250 t de lixo na Sapuca\u00ed at\u00e9 a noite de ter\u00e7a-feira\"}]},{\"@type\":\"WebSite\",\"@id\":\"https:\/\/www.encontracentroriodejaneiro.com.br\/noticias\/#website\",\"url\":\"https:\/\/www.encontracentroriodejaneiro.com.br\/noticias\/\",\"name\":\"Not\u00edcias do Bairro Centro RJ\",\"description\":\"Not\u00edcias, eventos, informa\u00e7\u00f5es e dicas no Bairro Centro RJ e regi\u00e3o\",\"potentialAction\":[{\"@type\":\"SearchAction\",\"target\":{\"@type\":\"EntryPoint\",\"urlTemplate\":\"https:\/\/www.encontracentroriodejaneiro.com.br\/noticias\/?s={search_term_string}\"},\"query-input\":{\"@type\":\"PropertyValueSpecification\",\"valueRequired\":true,\"valueName\":\"search_term_string\"}}],\"inLanguage\":\"pt-BR\"},{\"@type\":\"Person\",\"@id\":\"https:\/\/www.encontracentroriodejaneiro.com.br\/noticias\/#\/schema\/person\/d3a6c0305ffb5ffec8e9c6aefa0cbbce\",\"name\":\"Encontra Centro RJ\",\"image\":{\"@type\":\"ImageObject\",\"inLanguage\":\"pt-BR\",\"@id\":\"https:\/\/www.encontracentroriodejaneiro.com.br\/noticias\/#\/schema\/person\/image\/\",\"url\":\"https:\/\/secure.gravatar.com\/avatar\/507340682b8270222e1f208e23198b6ae7e2c6a1033ae84e99bc6bce4f82a387?s=96&d=mm&r=g\",\"contentUrl\":\"https:\/\/secure.gravatar.com\/avatar\/507340682b8270222e1f208e23198b6ae7e2c6a1033ae84e99bc6bce4f82a387?s=96&d=mm&r=g\",\"caption\":\"Encontra Centro RJ\"},\"sameAs\":[\"http:\/\/www.encontracentroriodejaneiro.com.br\"],\"url\":\"https:\/\/www.encontracentroriodejaneiro.com.br\/noticias\/author\/ecentroriodejaneiro\/\"}]}<\/script>\n<!-- \/ Yoast SEO plugin. -->","yoast_head_json":{"title":"Centro RJ: Comlurb recolheu 250 t de lixo na Sapuca\u00ed at\u00e9 a noite de ter\u00e7a-feira - Not\u00edcias do Bairro Centro RJ","robots":{"index":"index","follow":"follow","max-snippet":"max-snippet:-1","max-image-preview":"max-image-preview:large","max-video-preview":"max-video-preview:-1"},"canonical":"https:\/\/www.encontracentroriodejaneiro.com.br\/noticias\/centro-rj-comlurb-recolheu-250-t-de-lixo-na-sapucai-ate-a-noite-de-terca-feira\/","og_locale":"pt_BR","og_type":"article","og_title":"Centro RJ: Comlurb recolheu 250 t de lixo na Sapuca\u00ed at\u00e9 a noite de ter\u00e7a-feira - Not\u00edcias do Bairro Centro RJ","og_description":"A Comlurb recolheu 250 toneladas de lixo, de sexta-feira (17) at\u00e9 as 19h26 de ter\u00e7a-feira (21), na Marqu\u00eas de Sapuca\u00ed, no Rio. As informa\u00e7\u00f5es s\u00e3o da assessoria da pr\u00f3pria Comlurb, que confirmou ainda que, no mesmo per\u00edodo, tamb\u00e9m retiradas 196 toneladas de lixo durante a passagem dos blocos pelas ruas da cidade. Um novo balan\u00e7o [&hellip;]","og_url":"https:\/\/www.encontracentroriodejaneiro.com.br\/noticias\/centro-rj-comlurb-recolheu-250-t-de-lixo-na-sapucai-ate-a-noite-de-terca-feira\/","og_site_name":"Not\u00edcias do Bairro Centro RJ","article_published_time":"2012-02-22T14:25:56+00:00","article_modified_time":"2013-08-15T16:18:34+00:00","author":"Encontra Centro RJ","twitter_card":"summary_large_image","twitter_misc":{"Escrito por":"Encontra Centro RJ","Est. tempo de leitura":"1 minuto"},"schema":{"@context":"https:\/\/schema.org","@graph":[{"@type":"WebPage","@id":"https:\/\/www.encontracentroriodejaneiro.com.br\/noticias\/centro-rj-comlurb-recolheu-250-t-de-lixo-na-sapucai-ate-a-noite-de-terca-feira\/","url":"https:\/\/www.encontracentroriodejaneiro.com.br\/noticias\/centro-rj-comlurb-recolheu-250-t-de-lixo-na-sapucai-ate-a-noite-de-terca-feira\/","name":"Centro RJ: Comlurb recolheu 250 t de lixo na Sapuca\u00ed at\u00e9 a noite de ter\u00e7a-feira - Not\u00edcias do Bairro Centro RJ","isPartOf":{"@id":"https:\/\/www.encontracentroriodejaneiro.com.br\/noticias\/#website"},"datePublished":"2012-02-22T14:25:56+00:00","dateModified":"2013-08-15T16:18:34+00:00","author":{"@id":"https:\/\/www.encontracentroriodejaneiro.com.br\/noticias\/#\/schema\/person\/d3a6c0305ffb5ffec8e9c6aefa0cbbce"},"breadcrumb":{"@id":"https:\/\/www.encontracentroriodejaneiro.com.br\/noticias\/centro-rj-comlurb-recolheu-250-t-de-lixo-na-sapucai-ate-a-noite-de-terca-feira\/#breadcrumb"},"inLanguage":"pt-BR","potentialAction":[{"@type":"ReadAction","target":["https:\/\/www.encontracentroriodejaneiro.com.br\/noticias\/centro-rj-comlurb-recolheu-250-t-de-lixo-na-sapucai-ate-a-noite-de-terca-feira\/"]}]},{"@type":"BreadcrumbList","@id":"https:\/\/www.encontracentroriodejaneiro.com.br\/noticias\/centro-rj-comlurb-recolheu-250-t-de-lixo-na-sapucai-ate-a-noite-de-terca-feira\/#breadcrumb","itemListElement":[{"@type":"ListItem","position":1,"name":"In\u00edcio","item":"https:\/\/www.encontracentroriodejaneiro.com.br\/noticias\/"},{"@type":"ListItem","position":2,"name":"Centro RJ: Comlurb recolheu 250 t de lixo na Sapuca\u00ed at\u00e9 a noite de ter\u00e7a-feira"}]},{"@type":"WebSite","@id":"https:\/\/www.encontracentroriodejaneiro.com.br\/noticias\/#website","url":"https:\/\/www.encontracentroriodejaneiro.com.br\/noticias\/","name":"Not\u00edcias do Bairro Centro RJ","description":"Not\u00edcias, eventos, informa\u00e7\u00f5es e dicas no Bairro Centro RJ e regi\u00e3o","potentialAction":[{"@type":"SearchAction","target":{"@type":"EntryPoint","urlTemplate":"https:\/\/www.encontracentroriodejaneiro.com.br\/noticias\/?s={search_term_string}"},"query-input":{"@type":"PropertyValueSpecification","valueRequired":true,"valueName":"search_term_string"}}],"inLanguage":"pt-BR"},{"@type":"Person","@id":"https:\/\/www.encontracentroriodejaneiro.com.br\/noticias\/#\/schema\/person\/d3a6c0305ffb5ffec8e9c6aefa0cbbce","name":"Encontra Centro RJ","image":{"@type":"ImageObject","inLanguage":"pt-BR","@id":"https:\/\/www.encontracentroriodejaneiro.com.br\/noticias\/#\/schema\/person\/image\/","url":"https:\/\/secure.gravatar.com\/avatar\/507340682b8270222e1f208e23198b6ae7e2c6a1033ae84e99bc6bce4f82a387?s=96&d=mm&r=g","contentUrl":"https:\/\/secure.gravatar.com\/avatar\/507340682b8270222e1f208e23198b6ae7e2c6a1033ae84e99bc6bce4f82a387?s=96&d=mm&r=g","caption":"Encontra Centro RJ"},"sameAs":["http:\/\/www.encontracentroriodejaneiro.com.br"],"url":"https:\/\/www.encontracentroriodejaneiro.com.br\/noticias\/author\/ecentroriodejaneiro\/"}]}},"_links":{"self":[{"href":"https:\/\/www.encontracentroriodejaneiro.com.br\/noticias\/wp-json\/wp\/v2\/posts\/178","targetHints":{"allow":["GET"]}}],"collection":[{"href":"https:\/\/www.encontracentroriodejaneiro.com.br\/noticias\/wp-json\/wp\/v2\/posts"}],"about":[{"href":"https:\/\/www.encontracentroriodejaneiro.com.br\/noticias\/wp-json\/wp\/v2\/types\/post"}],"author":[{"embeddable":true,"href":"https:\/\/www.encontracentroriodejaneiro.com.br\/noticias\/wp-json\/wp\/v2\/users\/1"}],"replies":[{"embeddable":true,"href":"https:\/\/www.encontracentroriodejaneiro.com.br\/noticias\/wp-json\/wp\/v2\/comments?post=178"}],"version-history":[{"count":2,"href":"https:\/\/www.encontracentroriodejaneiro.com.br\/noticias\/wp-json\/wp\/v2\/posts\/178\/revisions"}],"predecessor-version":[{"id":945,"href":"https:\/\/www.encontracentroriodejaneiro.com.br\/noticias\/wp-json\/wp\/v2\/posts\/178\/revisions\/945"}],"wp:attachment":[{"href":"https:\/\/www.encontracentroriodejaneiro.com.br\/noticias\/wp-json\/wp\/v2\/media?parent=178"}],"wp:term":[{"taxonomy":"category","embeddable":true,"href":"https:\/\/www.encontracentroriodejaneiro.com.br\/noticias\/wp-json\/wp\/v2\/categories?post=178"},{"taxonomy":"post_tag","embeddable":true,"href":"https:\/\/www.encontracentroriodejaneiro.com.br\/noticias\/wp-json\/wp\/v2\/tags?post=178"}],"curies":[{"name":"wp","href":"https:\/\/api.w.org\/{rel}","templated":true}]}}