{"id":190,"date":"2012-03-13T15:40:56","date_gmt":"2012-03-13T17:40:56","guid":{"rendered":"http:\/\/www.encontracentroriodejaneiro.com.br\/noticias\/?p=190"},"modified":"2013-08-15T14:18:33","modified_gmt":"2013-08-15T16:18:33","slug":"centro-rj-corpo-de-bombeiros-expulsa-13-militares-por-movimento-grevista-%e2%80%8e","status":"publish","type":"post","link":"https:\/\/www.encontracentroriodejaneiro.com.br\/noticias\/centro-rj-corpo-de-bombeiros-expulsa-13-militares-por-movimento-grevista-%e2%80%8e\/","title":{"rendered":"Centro RJ: Corpo de Bombeiros expulsa 13 militares por movimento grevista \u200e"},"content":{"rendered":"<p>O Comando-geral do Corpo de Bombeiros do Estado do Rio de Janeiro  (CBMERJ) informou, na tarde desta segunda-feira, que 13 bombeiros  envolvidos no movimento grevista ser\u00e3o expulsos da corpora\u00e7\u00e3o.  De  acordo com nota oficial divulgada pela corpora\u00e7\u00e3o, os militares foram  considerados &#8220;culpados por articula\u00e7\u00e3o em manifesta\u00e7\u00f5es de car\u00e1ter  pol\u00edtico-partid\u00e1rio, nas quais incitaram ostensivamente a tropa \u00e0  pr\u00e1tica de il\u00edcitos de natureza disciplinar e penal militar, al\u00e9m da  ado\u00e7\u00e3o de conduta incompat\u00edvel com a miss\u00e3o de Bombeiro-militar&#8221;. A  decis\u00e3o foi divulgada no Boletim Interno da corpora\u00e7\u00e3o na tarde desta  segunda.<\/p>\n<p>Entre os militares que foram expulsos da corpora\u00e7\u00e3o, est\u00e1 o cabo  Benevenuto Daciolo, considerado um dos l\u00edderes do movimento grevista,  que teve participa\u00e7\u00e3o, inclusive, na greve dos policiais militares da  Bahia, dias antes do Carnaval.<\/p>\n<p>De acordo a corpora\u00e7\u00e3o, o secret\u00e1rio de Estado de Defesa Civil e  Comandante-Geral do Corpo de Bombeiros. Coronel S\u00e9rgio Sim\u00f5es, concede  na manh\u00e3 desta ter\u00e7a-feira uma entrevista coletiva sobre o assunto, no  Quartel Central da corpora\u00e7\u00e3o, em guia centro do Rio de Janeiro.<\/p>\n<p><strong>A greve no Rio<\/strong><br \/>\nPoliciais civis, militares e bombeiros do Rio de Janeiro confirmaram, no  dia 9 de fevereiro, que entrariam em greve. A op\u00e7\u00e3o pela paralisa\u00e7\u00e3o  foi ratificada em assembleia na Cinel\u00e2ndia, no Centro, que reuniu pelo  menos 2 mil pessoas.<\/p>\n<p>Dois dias depois, alegando falta de ades\u00e3o, os policiais civis deixaram o  movimento. A orienta\u00e7\u00e3o do movimento era que apenas 30% dos policiais  civis ficassem nas ruas durante a greve, mas o clima era de normalidade  na maior parte do Estado.  Os militares foram orientados a permanecer junto a suas fam\u00edlias nos  quart\u00e9is e n\u00e3o sair para nenhuma ocorr\u00eancia, o que deveria ficar a cargo  do Ex\u00e9rcito e da For\u00e7a Nacional, que j\u00e1 haviam definido preventivamente  a cess\u00e3o de 14,3 mil homens para atuarem no Rio em caso de greve.<\/p>\n<p><em>Fonte: Portal Terra<\/em><\/p>\n","protected":false},"excerpt":{"rendered":"<p>O Comando-geral do Corpo de Bombeiros do Estado do Rio de Janeiro (CBMERJ) informou, na tarde desta segunda-feira, que 13 bombeiros envolvidos no movimento grevista ser\u00e3o expulsos da corpora\u00e7\u00e3o. De acordo com nota oficial divulgada pela corpora\u00e7\u00e3o, os militares foram considerados &#8220;culpados por articula\u00e7\u00e3o em manifesta\u00e7\u00f5es de car\u00e1ter pol\u00edtico-partid\u00e1rio, nas quais incitaram ostensivamente a tropa [&hellip;]<\/p>\n","protected":false},"author":1,"featured_media":0,"comment_status":"open","ping_status":"open","sticky":false,"template":"","format":"standard","meta":{"footnotes":""},"categories":[6],"tags":[],"class_list":["post-190","post","type-post","status-publish","format-standard","hentry","category-noticias"],"yoast_head":"<!-- This site is optimized with the Yoast SEO plugin v25.9 - https:\/\/yoast.com\/wordpress\/plugins\/seo\/ -->\n<title>Centro RJ: Corpo de Bombeiros expulsa 13 militares por movimento grevista \u200e - Not\u00edcias do Bairro Centro RJ<\/title>\n<meta name=\"robots\" content=\"index, follow, max-snippet:-1, max-image-preview:large, max-video-preview:-1\" \/>\n<link rel=\"canonical\" href=\"https:\/\/www.encontracentroriodejaneiro.com.br\/noticias\/centro-rj-corpo-de-bombeiros-expulsa-13-militares-por-movimento-grevista-\u200e\/\" \/>\n<meta property=\"og:locale\" content=\"pt_BR\" \/>\n<meta property=\"og:type\" content=\"article\" \/>\n<meta property=\"og:title\" content=\"Centro RJ: Corpo de Bombeiros expulsa 13 militares por movimento grevista \u200e - Not\u00edcias do Bairro Centro RJ\" \/>\n<meta property=\"og:description\" content=\"O Comando-geral do Corpo de Bombeiros do Estado do Rio de Janeiro (CBMERJ) informou, na tarde desta segunda-feira, que 13 bombeiros envolvidos no movimento grevista ser\u00e3o expulsos da corpora\u00e7\u00e3o. De acordo com nota oficial divulgada pela corpora\u00e7\u00e3o, os militares foram considerados &#8220;culpados por articula\u00e7\u00e3o em manifesta\u00e7\u00f5es de car\u00e1ter pol\u00edtico-partid\u00e1rio, nas quais incitaram ostensivamente a tropa [&hellip;]\" \/>\n<meta property=\"og:url\" content=\"https:\/\/www.encontracentroriodejaneiro.com.br\/noticias\/centro-rj-corpo-de-bombeiros-expulsa-13-militares-por-movimento-grevista-\u200e\/\" \/>\n<meta property=\"og:site_name\" content=\"Not\u00edcias do Bairro Centro RJ\" \/>\n<meta property=\"article:published_time\" content=\"2012-03-13T17:40:56+00:00\" \/>\n<meta property=\"article:modified_time\" content=\"2013-08-15T16:18:33+00:00\" \/>\n<meta name=\"author\" content=\"Encontra Centro RJ\" \/>\n<meta name=\"twitter:card\" content=\"summary_large_image\" \/>\n<meta name=\"twitter:label1\" content=\"Escrito por\" \/>\n\t<meta name=\"twitter:data1\" content=\"Encontra Centro RJ\" \/>\n\t<meta name=\"twitter:label2\" content=\"Est. tempo de leitura\" \/>\n\t<meta name=\"twitter:data2\" content=\"2 minutos\" \/>\n<script type=\"application\/ld+json\" class=\"yoast-schema-graph\">{\"@context\":\"https:\/\/schema.org\",\"@graph\":[{\"@type\":\"WebPage\",\"@id\":\"https:\/\/www.encontracentroriodejaneiro.com.br\/noticias\/centro-rj-corpo-de-bombeiros-expulsa-13-militares-por-movimento-grevista-%e2%80%8e\/\",\"url\":\"https:\/\/www.encontracentroriodejaneiro.com.br\/noticias\/centro-rj-corpo-de-bombeiros-expulsa-13-militares-por-movimento-grevista-%e2%80%8e\/\",\"name\":\"Centro RJ: Corpo de Bombeiros expulsa 13 militares por movimento grevista \u200e - Not\u00edcias do Bairro Centro RJ\",\"isPartOf\":{\"@id\":\"https:\/\/www.encontracentroriodejaneiro.com.br\/noticias\/#website\"},\"datePublished\":\"2012-03-13T17:40:56+00:00\",\"dateModified\":\"2013-08-15T16:18:33+00:00\",\"author\":{\"@id\":\"https:\/\/www.encontracentroriodejaneiro.com.br\/noticias\/#\/schema\/person\/d3a6c0305ffb5ffec8e9c6aefa0cbbce\"},\"breadcrumb\":{\"@id\":\"https:\/\/www.encontracentroriodejaneiro.com.br\/noticias\/centro-rj-corpo-de-bombeiros-expulsa-13-militares-por-movimento-grevista-%e2%80%8e\/#breadcrumb\"},\"inLanguage\":\"pt-BR\",\"potentialAction\":[{\"@type\":\"ReadAction\",\"target\":[\"https:\/\/www.encontracentroriodejaneiro.com.br\/noticias\/centro-rj-corpo-de-bombeiros-expulsa-13-militares-por-movimento-grevista-%e2%80%8e\/\"]}]},{\"@type\":\"BreadcrumbList\",\"@id\":\"https:\/\/www.encontracentroriodejaneiro.com.br\/noticias\/centro-rj-corpo-de-bombeiros-expulsa-13-militares-por-movimento-grevista-%e2%80%8e\/#breadcrumb\",\"itemListElement\":[{\"@type\":\"ListItem\",\"position\":1,\"name\":\"In\u00edcio\",\"item\":\"https:\/\/www.encontracentroriodejaneiro.com.br\/noticias\/\"},{\"@type\":\"ListItem\",\"position\":2,\"name\":\"Centro RJ: Corpo de Bombeiros expulsa 13 militares por movimento grevista \u200e\"}]},{\"@type\":\"WebSite\",\"@id\":\"https:\/\/www.encontracentroriodejaneiro.com.br\/noticias\/#website\",\"url\":\"https:\/\/www.encontracentroriodejaneiro.com.br\/noticias\/\",\"name\":\"Not\u00edcias do Bairro Centro RJ\",\"description\":\"Not\u00edcias, eventos, informa\u00e7\u00f5es e dicas no Bairro Centro RJ e regi\u00e3o\",\"potentialAction\":[{\"@type\":\"SearchAction\",\"target\":{\"@type\":\"EntryPoint\",\"urlTemplate\":\"https:\/\/www.encontracentroriodejaneiro.com.br\/noticias\/?s={search_term_string}\"},\"query-input\":{\"@type\":\"PropertyValueSpecification\",\"valueRequired\":true,\"valueName\":\"search_term_string\"}}],\"inLanguage\":\"pt-BR\"},{\"@type\":\"Person\",\"@id\":\"https:\/\/www.encontracentroriodejaneiro.com.br\/noticias\/#\/schema\/person\/d3a6c0305ffb5ffec8e9c6aefa0cbbce\",\"name\":\"Encontra Centro RJ\",\"image\":{\"@type\":\"ImageObject\",\"inLanguage\":\"pt-BR\",\"@id\":\"https:\/\/www.encontracentroriodejaneiro.com.br\/noticias\/#\/schema\/person\/image\/\",\"url\":\"https:\/\/secure.gravatar.com\/avatar\/507340682b8270222e1f208e23198b6ae7e2c6a1033ae84e99bc6bce4f82a387?s=96&d=mm&r=g\",\"contentUrl\":\"https:\/\/secure.gravatar.com\/avatar\/507340682b8270222e1f208e23198b6ae7e2c6a1033ae84e99bc6bce4f82a387?s=96&d=mm&r=g\",\"caption\":\"Encontra Centro RJ\"},\"sameAs\":[\"http:\/\/www.encontracentroriodejaneiro.com.br\"],\"url\":\"https:\/\/www.encontracentroriodejaneiro.com.br\/noticias\/author\/ecentroriodejaneiro\/\"}]}<\/script>\n<!-- \/ Yoast SEO plugin. -->","yoast_head_json":{"title":"Centro RJ: Corpo de Bombeiros expulsa 13 militares por movimento grevista \u200e - Not\u00edcias do Bairro Centro RJ","robots":{"index":"index","follow":"follow","max-snippet":"max-snippet:-1","max-image-preview":"max-image-preview:large","max-video-preview":"max-video-preview:-1"},"canonical":"https:\/\/www.encontracentroriodejaneiro.com.br\/noticias\/centro-rj-corpo-de-bombeiros-expulsa-13-militares-por-movimento-grevista-\u200e\/","og_locale":"pt_BR","og_type":"article","og_title":"Centro RJ: Corpo de Bombeiros expulsa 13 militares por movimento grevista \u200e - Not\u00edcias do Bairro Centro RJ","og_description":"O Comando-geral do Corpo de Bombeiros do Estado do Rio de Janeiro (CBMERJ) informou, na tarde desta segunda-feira, que 13 bombeiros envolvidos no movimento grevista ser\u00e3o expulsos da corpora\u00e7\u00e3o. De acordo com nota oficial divulgada pela corpora\u00e7\u00e3o, os militares foram considerados &#8220;culpados por articula\u00e7\u00e3o em manifesta\u00e7\u00f5es de car\u00e1ter pol\u00edtico-partid\u00e1rio, nas quais incitaram ostensivamente a tropa [&hellip;]","og_url":"https:\/\/www.encontracentroriodejaneiro.com.br\/noticias\/centro-rj-corpo-de-bombeiros-expulsa-13-militares-por-movimento-grevista-\u200e\/","og_site_name":"Not\u00edcias do Bairro Centro RJ","article_published_time":"2012-03-13T17:40:56+00:00","article_modified_time":"2013-08-15T16:18:33+00:00","author":"Encontra Centro RJ","twitter_card":"summary_large_image","twitter_misc":{"Escrito por":"Encontra Centro RJ","Est. tempo de leitura":"2 minutos"},"schema":{"@context":"https:\/\/schema.org","@graph":[{"@type":"WebPage","@id":"https:\/\/www.encontracentroriodejaneiro.com.br\/noticias\/centro-rj-corpo-de-bombeiros-expulsa-13-militares-por-movimento-grevista-%e2%80%8e\/","url":"https:\/\/www.encontracentroriodejaneiro.com.br\/noticias\/centro-rj-corpo-de-bombeiros-expulsa-13-militares-por-movimento-grevista-%e2%80%8e\/","name":"Centro RJ: Corpo de Bombeiros expulsa 13 militares por movimento grevista \u200e - Not\u00edcias do Bairro Centro RJ","isPartOf":{"@id":"https:\/\/www.encontracentroriodejaneiro.com.br\/noticias\/#website"},"datePublished":"2012-03-13T17:40:56+00:00","dateModified":"2013-08-15T16:18:33+00:00","author":{"@id":"https:\/\/www.encontracentroriodejaneiro.com.br\/noticias\/#\/schema\/person\/d3a6c0305ffb5ffec8e9c6aefa0cbbce"},"breadcrumb":{"@id":"https:\/\/www.encontracentroriodejaneiro.com.br\/noticias\/centro-rj-corpo-de-bombeiros-expulsa-13-militares-por-movimento-grevista-%e2%80%8e\/#breadcrumb"},"inLanguage":"pt-BR","potentialAction":[{"@type":"ReadAction","target":["https:\/\/www.encontracentroriodejaneiro.com.br\/noticias\/centro-rj-corpo-de-bombeiros-expulsa-13-militares-por-movimento-grevista-%e2%80%8e\/"]}]},{"@type":"BreadcrumbList","@id":"https:\/\/www.encontracentroriodejaneiro.com.br\/noticias\/centro-rj-corpo-de-bombeiros-expulsa-13-militares-por-movimento-grevista-%e2%80%8e\/#breadcrumb","itemListElement":[{"@type":"ListItem","position":1,"name":"In\u00edcio","item":"https:\/\/www.encontracentroriodejaneiro.com.br\/noticias\/"},{"@type":"ListItem","position":2,"name":"Centro RJ: Corpo de Bombeiros expulsa 13 militares por movimento grevista \u200e"}]},{"@type":"WebSite","@id":"https:\/\/www.encontracentroriodejaneiro.com.br\/noticias\/#website","url":"https:\/\/www.encontracentroriodejaneiro.com.br\/noticias\/","name":"Not\u00edcias do Bairro Centro RJ","description":"Not\u00edcias, eventos, informa\u00e7\u00f5es e dicas no Bairro Centro RJ e regi\u00e3o","potentialAction":[{"@type":"SearchAction","target":{"@type":"EntryPoint","urlTemplate":"https:\/\/www.encontracentroriodejaneiro.com.br\/noticias\/?s={search_term_string}"},"query-input":{"@type":"PropertyValueSpecification","valueRequired":true,"valueName":"search_term_string"}}],"inLanguage":"pt-BR"},{"@type":"Person","@id":"https:\/\/www.encontracentroriodejaneiro.com.br\/noticias\/#\/schema\/person\/d3a6c0305ffb5ffec8e9c6aefa0cbbce","name":"Encontra Centro RJ","image":{"@type":"ImageObject","inLanguage":"pt-BR","@id":"https:\/\/www.encontracentroriodejaneiro.com.br\/noticias\/#\/schema\/person\/image\/","url":"https:\/\/secure.gravatar.com\/avatar\/507340682b8270222e1f208e23198b6ae7e2c6a1033ae84e99bc6bce4f82a387?s=96&d=mm&r=g","contentUrl":"https:\/\/secure.gravatar.com\/avatar\/507340682b8270222e1f208e23198b6ae7e2c6a1033ae84e99bc6bce4f82a387?s=96&d=mm&r=g","caption":"Encontra Centro RJ"},"sameAs":["http:\/\/www.encontracentroriodejaneiro.com.br"],"url":"https:\/\/www.encontracentroriodejaneiro.com.br\/noticias\/author\/ecentroriodejaneiro\/"}]}},"_links":{"self":[{"href":"https:\/\/www.encontracentroriodejaneiro.com.br\/noticias\/wp-json\/wp\/v2\/posts\/190","targetHints":{"allow":["GET"]}}],"collection":[{"href":"https:\/\/www.encontracentroriodejaneiro.com.br\/noticias\/wp-json\/wp\/v2\/posts"}],"about":[{"href":"https:\/\/www.encontracentroriodejaneiro.com.br\/noticias\/wp-json\/wp\/v2\/types\/post"}],"author":[{"embeddable":true,"href":"https:\/\/www.encontracentroriodejaneiro.com.br\/noticias\/wp-json\/wp\/v2\/users\/1"}],"replies":[{"embeddable":true,"href":"https:\/\/www.encontracentroriodejaneiro.com.br\/noticias\/wp-json\/wp\/v2\/comments?post=190"}],"version-history":[{"count":2,"href":"https:\/\/www.encontracentroriodejaneiro.com.br\/noticias\/wp-json\/wp\/v2\/posts\/190\/revisions"}],"predecessor-version":[{"id":888,"href":"https:\/\/www.encontracentroriodejaneiro.com.br\/noticias\/wp-json\/wp\/v2\/posts\/190\/revisions\/888"}],"wp:attachment":[{"href":"https:\/\/www.encontracentroriodejaneiro.com.br\/noticias\/wp-json\/wp\/v2\/media?parent=190"}],"wp:term":[{"taxonomy":"category","embeddable":true,"href":"https:\/\/www.encontracentroriodejaneiro.com.br\/noticias\/wp-json\/wp\/v2\/categories?post=190"},{"taxonomy":"post_tag","embeddable":true,"href":"https:\/\/www.encontracentroriodejaneiro.com.br\/noticias\/wp-json\/wp\/v2\/tags?post=190"}],"curies":[{"name":"wp","href":"https:\/\/api.w.org\/{rel}","templated":true}]}}