{"id":192,"date":"2012-03-13T15:43:18","date_gmt":"2012-03-13T17:43:18","guid":{"rendered":"http:\/\/www.encontracentroriodejaneiro.com.br\/noticias\/?p=192"},"modified":"2013-08-15T14:18:33","modified_gmt":"2013-08-15T16:18:33","slug":"acidente-envolvendo-barca-no-centro-rj-nao-tem-feridos-afirma-bombeiros-%e2%80%8e","status":"publish","type":"post","link":"https:\/\/www.encontracentroriodejaneiro.com.br\/noticias\/acidente-envolvendo-barca-no-centro-rj-nao-tem-feridos-afirma-bombeiros-%e2%80%8e\/","title":{"rendered":"Acidente envolvendo barca no Centro RJ n\u00e3o tem feridos, afirma bombeiros \u200e"},"content":{"rendered":"<p>Uma embarca\u00e7\u00e3o pequena, que chegava no pier das Barcas S\/A, na Pra\u00e7a XV,  no bairro do Centro do Rio de Janeiro, colidiu contra a traseira da barca Urca,  que estava atracada para o desembarque de passageiros, na manh\u00e3 desta  ter\u00e7a-feira (13).<\/p>\n<p>De acordo com os bombeiros, n\u00e3o houve feridos, apesar da batida ter  deixado a barca Urca danificada. A Barcas S\/A afirmou que a batida n\u00e3o  ir\u00e1 prejudicar o funcionamento das embarca\u00e7\u00f5es.<\/p>\n<p>No \u00faltimo dia 3, a empresa aumentou as tarifas em 60% e, desde ent\u00e3o,  tem sido alvo de protestos. Al\u00e9m do valor considerado abusivo pelos  usu\u00e1rios, as reclam\u00e7\u00f5es giram em torno das condi\u00e7\u00f5es f\u00edsicas das  embarca\u00e7\u00f5es e de atrasos constantes.<\/p>\n<p><em>Fonte: Portal Ig<\/em><\/p>\n","protected":false},"excerpt":{"rendered":"<p>Uma embarca\u00e7\u00e3o pequena, que chegava no pier das Barcas S\/A, na Pra\u00e7a XV, no bairro do Centro do Rio de Janeiro, colidiu contra a traseira da barca Urca, que estava atracada para o desembarque de passageiros, na manh\u00e3 desta ter\u00e7a-feira (13). De acordo com os bombeiros, n\u00e3o houve feridos, apesar da batida ter deixado a [&hellip;]<\/p>\n","protected":false},"author":1,"featured_media":0,"comment_status":"open","ping_status":"open","sticky":false,"template":"","format":"standard","meta":{"footnotes":""},"categories":[6],"tags":[],"class_list":["post-192","post","type-post","status-publish","format-standard","hentry","category-noticias"],"yoast_head":"<!-- This site is optimized with the Yoast SEO plugin v25.9 - https:\/\/yoast.com\/wordpress\/plugins\/seo\/ -->\n<title>Acidente envolvendo barca no Centro RJ n\u00e3o tem feridos, afirma bombeiros \u200e - Not\u00edcias do Bairro Centro RJ<\/title>\n<meta name=\"robots\" content=\"index, follow, max-snippet:-1, max-image-preview:large, max-video-preview:-1\" \/>\n<link rel=\"canonical\" href=\"https:\/\/www.encontracentroriodejaneiro.com.br\/noticias\/acidente-envolvendo-barca-no-centro-rj-nao-tem-feridos-afirma-bombeiros-\u200e\/\" \/>\n<meta property=\"og:locale\" content=\"pt_BR\" \/>\n<meta property=\"og:type\" content=\"article\" \/>\n<meta property=\"og:title\" content=\"Acidente envolvendo barca no Centro RJ n\u00e3o tem feridos, afirma bombeiros \u200e - Not\u00edcias do Bairro Centro RJ\" \/>\n<meta property=\"og:description\" content=\"Uma embarca\u00e7\u00e3o pequena, que chegava no pier das Barcas S\/A, na Pra\u00e7a XV, no bairro do Centro do Rio de Janeiro, colidiu contra a traseira da barca Urca, que estava atracada para o desembarque de passageiros, na manh\u00e3 desta ter\u00e7a-feira (13). De acordo com os bombeiros, n\u00e3o houve feridos, apesar da batida ter deixado a [&hellip;]\" \/>\n<meta property=\"og:url\" content=\"https:\/\/www.encontracentroriodejaneiro.com.br\/noticias\/acidente-envolvendo-barca-no-centro-rj-nao-tem-feridos-afirma-bombeiros-\u200e\/\" \/>\n<meta property=\"og:site_name\" content=\"Not\u00edcias do Bairro Centro RJ\" \/>\n<meta property=\"article:published_time\" content=\"2012-03-13T17:43:18+00:00\" \/>\n<meta property=\"article:modified_time\" content=\"2013-08-15T16:18:33+00:00\" \/>\n<meta name=\"author\" content=\"Encontra Centro RJ\" \/>\n<meta name=\"twitter:card\" content=\"summary_large_image\" \/>\n<meta name=\"twitter:label1\" content=\"Escrito por\" \/>\n\t<meta name=\"twitter:data1\" content=\"Encontra Centro RJ\" \/>\n\t<meta name=\"twitter:label2\" content=\"Est. tempo de leitura\" \/>\n\t<meta name=\"twitter:data2\" content=\"1 minuto\" \/>\n<script type=\"application\/ld+json\" class=\"yoast-schema-graph\">{\"@context\":\"https:\/\/schema.org\",\"@graph\":[{\"@type\":\"WebPage\",\"@id\":\"https:\/\/www.encontracentroriodejaneiro.com.br\/noticias\/acidente-envolvendo-barca-no-centro-rj-nao-tem-feridos-afirma-bombeiros-%e2%80%8e\/\",\"url\":\"https:\/\/www.encontracentroriodejaneiro.com.br\/noticias\/acidente-envolvendo-barca-no-centro-rj-nao-tem-feridos-afirma-bombeiros-%e2%80%8e\/\",\"name\":\"Acidente envolvendo barca no Centro RJ n\u00e3o tem feridos, afirma bombeiros \u200e - Not\u00edcias do Bairro Centro RJ\",\"isPartOf\":{\"@id\":\"https:\/\/www.encontracentroriodejaneiro.com.br\/noticias\/#website\"},\"datePublished\":\"2012-03-13T17:43:18+00:00\",\"dateModified\":\"2013-08-15T16:18:33+00:00\",\"author\":{\"@id\":\"https:\/\/www.encontracentroriodejaneiro.com.br\/noticias\/#\/schema\/person\/d3a6c0305ffb5ffec8e9c6aefa0cbbce\"},\"breadcrumb\":{\"@id\":\"https:\/\/www.encontracentroriodejaneiro.com.br\/noticias\/acidente-envolvendo-barca-no-centro-rj-nao-tem-feridos-afirma-bombeiros-%e2%80%8e\/#breadcrumb\"},\"inLanguage\":\"pt-BR\",\"potentialAction\":[{\"@type\":\"ReadAction\",\"target\":[\"https:\/\/www.encontracentroriodejaneiro.com.br\/noticias\/acidente-envolvendo-barca-no-centro-rj-nao-tem-feridos-afirma-bombeiros-%e2%80%8e\/\"]}]},{\"@type\":\"BreadcrumbList\",\"@id\":\"https:\/\/www.encontracentroriodejaneiro.com.br\/noticias\/acidente-envolvendo-barca-no-centro-rj-nao-tem-feridos-afirma-bombeiros-%e2%80%8e\/#breadcrumb\",\"itemListElement\":[{\"@type\":\"ListItem\",\"position\":1,\"name\":\"In\u00edcio\",\"item\":\"https:\/\/www.encontracentroriodejaneiro.com.br\/noticias\/\"},{\"@type\":\"ListItem\",\"position\":2,\"name\":\"Acidente envolvendo barca no Centro RJ n\u00e3o tem feridos, afirma bombeiros \u200e\"}]},{\"@type\":\"WebSite\",\"@id\":\"https:\/\/www.encontracentroriodejaneiro.com.br\/noticias\/#website\",\"url\":\"https:\/\/www.encontracentroriodejaneiro.com.br\/noticias\/\",\"name\":\"Not\u00edcias do Bairro Centro RJ\",\"description\":\"Not\u00edcias, eventos, informa\u00e7\u00f5es e dicas no Bairro Centro RJ e regi\u00e3o\",\"potentialAction\":[{\"@type\":\"SearchAction\",\"target\":{\"@type\":\"EntryPoint\",\"urlTemplate\":\"https:\/\/www.encontracentroriodejaneiro.com.br\/noticias\/?s={search_term_string}\"},\"query-input\":{\"@type\":\"PropertyValueSpecification\",\"valueRequired\":true,\"valueName\":\"search_term_string\"}}],\"inLanguage\":\"pt-BR\"},{\"@type\":\"Person\",\"@id\":\"https:\/\/www.encontracentroriodejaneiro.com.br\/noticias\/#\/schema\/person\/d3a6c0305ffb5ffec8e9c6aefa0cbbce\",\"name\":\"Encontra Centro RJ\",\"image\":{\"@type\":\"ImageObject\",\"inLanguage\":\"pt-BR\",\"@id\":\"https:\/\/www.encontracentroriodejaneiro.com.br\/noticias\/#\/schema\/person\/image\/\",\"url\":\"https:\/\/secure.gravatar.com\/avatar\/507340682b8270222e1f208e23198b6ae7e2c6a1033ae84e99bc6bce4f82a387?s=96&d=mm&r=g\",\"contentUrl\":\"https:\/\/secure.gravatar.com\/avatar\/507340682b8270222e1f208e23198b6ae7e2c6a1033ae84e99bc6bce4f82a387?s=96&d=mm&r=g\",\"caption\":\"Encontra Centro RJ\"},\"sameAs\":[\"http:\/\/www.encontracentroriodejaneiro.com.br\"],\"url\":\"https:\/\/www.encontracentroriodejaneiro.com.br\/noticias\/author\/ecentroriodejaneiro\/\"}]}<\/script>\n<!-- \/ Yoast SEO plugin. -->","yoast_head_json":{"title":"Acidente envolvendo barca no Centro RJ n\u00e3o tem feridos, afirma bombeiros \u200e - Not\u00edcias do Bairro Centro RJ","robots":{"index":"index","follow":"follow","max-snippet":"max-snippet:-1","max-image-preview":"max-image-preview:large","max-video-preview":"max-video-preview:-1"},"canonical":"https:\/\/www.encontracentroriodejaneiro.com.br\/noticias\/acidente-envolvendo-barca-no-centro-rj-nao-tem-feridos-afirma-bombeiros-\u200e\/","og_locale":"pt_BR","og_type":"article","og_title":"Acidente envolvendo barca no Centro RJ n\u00e3o tem feridos, afirma bombeiros \u200e - Not\u00edcias do Bairro Centro RJ","og_description":"Uma embarca\u00e7\u00e3o pequena, que chegava no pier das Barcas S\/A, na Pra\u00e7a XV, no bairro do Centro do Rio de Janeiro, colidiu contra a traseira da barca Urca, que estava atracada para o desembarque de passageiros, na manh\u00e3 desta ter\u00e7a-feira (13). De acordo com os bombeiros, n\u00e3o houve feridos, apesar da batida ter deixado a [&hellip;]","og_url":"https:\/\/www.encontracentroriodejaneiro.com.br\/noticias\/acidente-envolvendo-barca-no-centro-rj-nao-tem-feridos-afirma-bombeiros-\u200e\/","og_site_name":"Not\u00edcias do Bairro Centro RJ","article_published_time":"2012-03-13T17:43:18+00:00","article_modified_time":"2013-08-15T16:18:33+00:00","author":"Encontra Centro RJ","twitter_card":"summary_large_image","twitter_misc":{"Escrito por":"Encontra Centro RJ","Est. tempo de leitura":"1 minuto"},"schema":{"@context":"https:\/\/schema.org","@graph":[{"@type":"WebPage","@id":"https:\/\/www.encontracentroriodejaneiro.com.br\/noticias\/acidente-envolvendo-barca-no-centro-rj-nao-tem-feridos-afirma-bombeiros-%e2%80%8e\/","url":"https:\/\/www.encontracentroriodejaneiro.com.br\/noticias\/acidente-envolvendo-barca-no-centro-rj-nao-tem-feridos-afirma-bombeiros-%e2%80%8e\/","name":"Acidente envolvendo barca no Centro RJ n\u00e3o tem feridos, afirma bombeiros \u200e - Not\u00edcias do Bairro Centro RJ","isPartOf":{"@id":"https:\/\/www.encontracentroriodejaneiro.com.br\/noticias\/#website"},"datePublished":"2012-03-13T17:43:18+00:00","dateModified":"2013-08-15T16:18:33+00:00","author":{"@id":"https:\/\/www.encontracentroriodejaneiro.com.br\/noticias\/#\/schema\/person\/d3a6c0305ffb5ffec8e9c6aefa0cbbce"},"breadcrumb":{"@id":"https:\/\/www.encontracentroriodejaneiro.com.br\/noticias\/acidente-envolvendo-barca-no-centro-rj-nao-tem-feridos-afirma-bombeiros-%e2%80%8e\/#breadcrumb"},"inLanguage":"pt-BR","potentialAction":[{"@type":"ReadAction","target":["https:\/\/www.encontracentroriodejaneiro.com.br\/noticias\/acidente-envolvendo-barca-no-centro-rj-nao-tem-feridos-afirma-bombeiros-%e2%80%8e\/"]}]},{"@type":"BreadcrumbList","@id":"https:\/\/www.encontracentroriodejaneiro.com.br\/noticias\/acidente-envolvendo-barca-no-centro-rj-nao-tem-feridos-afirma-bombeiros-%e2%80%8e\/#breadcrumb","itemListElement":[{"@type":"ListItem","position":1,"name":"In\u00edcio","item":"https:\/\/www.encontracentroriodejaneiro.com.br\/noticias\/"},{"@type":"ListItem","position":2,"name":"Acidente envolvendo barca no Centro RJ n\u00e3o tem feridos, afirma bombeiros \u200e"}]},{"@type":"WebSite","@id":"https:\/\/www.encontracentroriodejaneiro.com.br\/noticias\/#website","url":"https:\/\/www.encontracentroriodejaneiro.com.br\/noticias\/","name":"Not\u00edcias do Bairro Centro RJ","description":"Not\u00edcias, eventos, informa\u00e7\u00f5es e dicas no Bairro Centro RJ e regi\u00e3o","potentialAction":[{"@type":"SearchAction","target":{"@type":"EntryPoint","urlTemplate":"https:\/\/www.encontracentroriodejaneiro.com.br\/noticias\/?s={search_term_string}"},"query-input":{"@type":"PropertyValueSpecification","valueRequired":true,"valueName":"search_term_string"}}],"inLanguage":"pt-BR"},{"@type":"Person","@id":"https:\/\/www.encontracentroriodejaneiro.com.br\/noticias\/#\/schema\/person\/d3a6c0305ffb5ffec8e9c6aefa0cbbce","name":"Encontra Centro RJ","image":{"@type":"ImageObject","inLanguage":"pt-BR","@id":"https:\/\/www.encontracentroriodejaneiro.com.br\/noticias\/#\/schema\/person\/image\/","url":"https:\/\/secure.gravatar.com\/avatar\/507340682b8270222e1f208e23198b6ae7e2c6a1033ae84e99bc6bce4f82a387?s=96&d=mm&r=g","contentUrl":"https:\/\/secure.gravatar.com\/avatar\/507340682b8270222e1f208e23198b6ae7e2c6a1033ae84e99bc6bce4f82a387?s=96&d=mm&r=g","caption":"Encontra Centro RJ"},"sameAs":["http:\/\/www.encontracentroriodejaneiro.com.br"],"url":"https:\/\/www.encontracentroriodejaneiro.com.br\/noticias\/author\/ecentroriodejaneiro\/"}]}},"_links":{"self":[{"href":"https:\/\/www.encontracentroriodejaneiro.com.br\/noticias\/wp-json\/wp\/v2\/posts\/192","targetHints":{"allow":["GET"]}}],"collection":[{"href":"https:\/\/www.encontracentroriodejaneiro.com.br\/noticias\/wp-json\/wp\/v2\/posts"}],"about":[{"href":"https:\/\/www.encontracentroriodejaneiro.com.br\/noticias\/wp-json\/wp\/v2\/types\/post"}],"author":[{"embeddable":true,"href":"https:\/\/www.encontracentroriodejaneiro.com.br\/noticias\/wp-json\/wp\/v2\/users\/1"}],"replies":[{"embeddable":true,"href":"https:\/\/www.encontracentroriodejaneiro.com.br\/noticias\/wp-json\/wp\/v2\/comments?post=192"}],"version-history":[{"count":2,"href":"https:\/\/www.encontracentroriodejaneiro.com.br\/noticias\/wp-json\/wp\/v2\/posts\/192\/revisions"}],"predecessor-version":[{"id":889,"href":"https:\/\/www.encontracentroriodejaneiro.com.br\/noticias\/wp-json\/wp\/v2\/posts\/192\/revisions\/889"}],"wp:attachment":[{"href":"https:\/\/www.encontracentroriodejaneiro.com.br\/noticias\/wp-json\/wp\/v2\/media?parent=192"}],"wp:term":[{"taxonomy":"category","embeddable":true,"href":"https:\/\/www.encontracentroriodejaneiro.com.br\/noticias\/wp-json\/wp\/v2\/categories?post=192"},{"taxonomy":"post_tag","embeddable":true,"href":"https:\/\/www.encontracentroriodejaneiro.com.br\/noticias\/wp-json\/wp\/v2\/tags?post=192"}],"curies":[{"name":"wp","href":"https:\/\/api.w.org\/{rel}","templated":true}]}}