{"id":194,"date":"2012-03-19T12:14:27","date_gmt":"2012-03-19T14:14:27","guid":{"rendered":"http:\/\/www.encontracentroriodejaneiro.com.br\/noticias\/?p=194"},"modified":"2013-08-15T14:18:33","modified_gmt":"2013-08-15T16:18:33","slug":"centro-rj-espm-retoma-ciclo-de-palestras-gratuitas-em-2012","status":"publish","type":"post","link":"https:\/\/www.encontracentroriodejaneiro.com.br\/noticias\/centro-rj-espm-retoma-ciclo-de-palestras-gratuitas-em-2012\/","title":{"rendered":"Centro RJ: ESPM retoma ciclo de palestras gratuitas em 2012"},"content":{"rendered":"<p>Come\u00e7a no dia 20 de mar\u00e7o (ter\u00e7a-feira), das 19h \u00e0s 21h, a nova edi\u00e7\u00e3o do evento \u201cEncontro com Profissionais\u201d, promovido pela ESPM-RJ, que oferece uma s\u00e9rie de palestras gratuitas sobre temas de fronteira e fundamentais para as demandas do atual ambiente de neg\u00f3cios, ministrada por profissionais atuantes no mercado. As palestras acontecem dentro do projeto da p\u00f3s-gradua\u00e7\u00e3o e contribuem para a troca de conhecimento e network.<\/p>\n<p>Na ocasi\u00e3o, a institui\u00e7\u00e3o recebe em seu audit\u00f3rio Stephan Younes, professor de marketing e gest\u00e3o de produtos e marcas nos cursos p\u00f3s-gradua\u00e7\u00e3o da ESPM-RJ e especialista em branding, que falar\u00e1 sobre \u201cMarca: um ativo tang\u00edvel\u201d. A palestra ser\u00e1 gratuita mediante inscri\u00e7\u00e3o exclusivamente pelo e-mail cursos@espm.br. O evento ser\u00e1 realizado no audit\u00f3rio da ESPM-RJ que fica na Rua do Ros\u00e1rio, 90 &#8211; Guia do Bairro Centro Rio de Janeiro.<\/p>\n<p>A palestra vai abordar as mudan\u00e7as no contexto competitivo e nas rela\u00e7\u00f5es das pessoas com as marcas, onde os aspectos intang\u00edveis s\u00e3o cada vez mais valorizados pelos consumidores. \u201cMarcas, seus prop\u00f3sitos e seus campos magn\u00e9ticos s\u00e3o im\u00e3s que atraem talentos e clientes\u201d, afirma o palestrante.<\/p>\n<p>Questionamentos como: por que o que conta \u00e9 o que n\u00e3o se conta? Por que as marcas valem mais do que os parques fabris? O que mudou no jogo dos neg\u00f3cios: movimentos consumeristas, mundo digital, impositores, concorr\u00eancia indireta, queda das barreiras geogr\u00e1ficas, ascens\u00e3o do resto, produtos ou experi\u00eancias? permear\u00e3o o debate.<\/p>\n<p>Dentre alguns importantes projetos da trajet\u00f3ria profissional de Younes, destacam-se campanhas para Ita\u00fa, Editora Abril e Governo de S\u00e3o Paulo. Al\u00e9m disso, eventos como o Ver\u00e3o MTV e o VMB, o plano de gest\u00e3o da marca Unimed (alinhamento da identidade visual, posicionamento \u00fanico e Brand Center), o programa de relacionamento com o m\u00e9dico cooperado e os patroc\u00ednios do comit\u00ea paraol\u00edmpico brasileiro, do circuito Unimed de T\u00eanis e do campeonato brasileiro de futebol.<\/p>\n<p>.[ Encontro com Profissionais.:Tema: \u201cMarca: um ativo tang\u00edvel\u201d, dia 20 de mar\u00e7o (ter\u00e7a-feira), das 19h \u00e0s 21h, naESPM-RJ \u2013 Rua do Ros\u00e1rio, 90 \u2013 Centro \u2013 Rio de JaneiroInscri\u00e7\u00f5es gratuitas exclusivamente pelo site www.espm.br. Informa\u00e7\u00f5es pelo telefone (21) 2216-2002 ou cursos@espm.br ].<\/p>\n<p>ESPM -A Escola fundada em outubro de 1951, por Rodolfo Lima Martensen, nasceu como \u201cEscola de Propaganda de S\u00e3o Paulo\u201d, e contou com o apoio decisivo de um grupo de publicit\u00e1rios da \u00e9poca e de Pietro Maria Bardi, diretor do MASP. No ano seguinte, a primeira turma de alunos ingressava para a escola. A ESPM \u00e9 uma institui\u00e7\u00e3o sem fins lucrativos e considerada centro de excel\u00eancia no ensino da propaganda, marketing, administra\u00e7\u00e3o de empresas, design, gest\u00e3o, neg\u00f3cios e rela\u00e7\u00f5es internacionais, jornalismo e, atualmente, est\u00e1 presente em S\u00e3o Paulo, Rio de Janeiro, Porto Alegre e Bras\u00edlia.<\/p>\n<p><em>Fonte: Fator Brasil<\/em><\/p>\n","protected":false},"excerpt":{"rendered":"<p>Come\u00e7a no dia 20 de mar\u00e7o (ter\u00e7a-feira), das 19h \u00e0s 21h, a nova edi\u00e7\u00e3o do evento \u201cEncontro com Profissionais\u201d, promovido pela ESPM-RJ, que oferece uma s\u00e9rie de palestras gratuitas sobre temas de fronteira e fundamentais para as demandas do atual ambiente de neg\u00f3cios, ministrada por profissionais atuantes no mercado. As palestras acontecem dentro do projeto [&hellip;]<\/p>\n","protected":false},"author":1,"featured_media":0,"comment_status":"open","ping_status":"open","sticky":false,"template":"","format":"standard","meta":{"footnotes":""},"categories":[5],"tags":[],"class_list":["post-194","post","type-post","status-publish","format-standard","hentry","category-eventos"],"yoast_head":"<!-- This site is optimized with the Yoast SEO plugin v25.9 - https:\/\/yoast.com\/wordpress\/plugins\/seo\/ -->\n<title>Centro RJ: ESPM retoma ciclo de palestras gratuitas em 2012 - Not\u00edcias do Bairro Centro RJ<\/title>\n<meta name=\"robots\" content=\"index, follow, max-snippet:-1, max-image-preview:large, max-video-preview:-1\" \/>\n<link rel=\"canonical\" href=\"https:\/\/www.encontracentroriodejaneiro.com.br\/noticias\/centro-rj-espm-retoma-ciclo-de-palestras-gratuitas-em-2012\/\" \/>\n<meta property=\"og:locale\" content=\"pt_BR\" \/>\n<meta property=\"og:type\" content=\"article\" \/>\n<meta property=\"og:title\" content=\"Centro RJ: ESPM retoma ciclo de palestras gratuitas em 2012 - Not\u00edcias do Bairro Centro RJ\" \/>\n<meta property=\"og:description\" content=\"Come\u00e7a no dia 20 de mar\u00e7o (ter\u00e7a-feira), das 19h \u00e0s 21h, a nova edi\u00e7\u00e3o do evento \u201cEncontro com Profissionais\u201d, promovido pela ESPM-RJ, que oferece uma s\u00e9rie de palestras gratuitas sobre temas de fronteira e fundamentais para as demandas do atual ambiente de neg\u00f3cios, ministrada por profissionais atuantes no mercado. As palestras acontecem dentro do projeto [&hellip;]\" \/>\n<meta property=\"og:url\" content=\"https:\/\/www.encontracentroriodejaneiro.com.br\/noticias\/centro-rj-espm-retoma-ciclo-de-palestras-gratuitas-em-2012\/\" \/>\n<meta property=\"og:site_name\" content=\"Not\u00edcias do Bairro Centro RJ\" \/>\n<meta property=\"article:published_time\" content=\"2012-03-19T14:14:27+00:00\" \/>\n<meta property=\"article:modified_time\" content=\"2013-08-15T16:18:33+00:00\" \/>\n<meta name=\"author\" content=\"Encontra Centro RJ\" \/>\n<meta name=\"twitter:card\" content=\"summary_large_image\" \/>\n<meta name=\"twitter:label1\" content=\"Escrito por\" \/>\n\t<meta name=\"twitter:data1\" content=\"Encontra Centro RJ\" \/>\n\t<meta name=\"twitter:label2\" content=\"Est. tempo de leitura\" \/>\n\t<meta name=\"twitter:data2\" content=\"2 minutos\" \/>\n<script type=\"application\/ld+json\" class=\"yoast-schema-graph\">{\"@context\":\"https:\/\/schema.org\",\"@graph\":[{\"@type\":\"WebPage\",\"@id\":\"https:\/\/www.encontracentroriodejaneiro.com.br\/noticias\/centro-rj-espm-retoma-ciclo-de-palestras-gratuitas-em-2012\/\",\"url\":\"https:\/\/www.encontracentroriodejaneiro.com.br\/noticias\/centro-rj-espm-retoma-ciclo-de-palestras-gratuitas-em-2012\/\",\"name\":\"Centro RJ: ESPM retoma ciclo de palestras gratuitas em 2012 - Not\u00edcias do Bairro Centro RJ\",\"isPartOf\":{\"@id\":\"https:\/\/www.encontracentroriodejaneiro.com.br\/noticias\/#website\"},\"datePublished\":\"2012-03-19T14:14:27+00:00\",\"dateModified\":\"2013-08-15T16:18:33+00:00\",\"author\":{\"@id\":\"https:\/\/www.encontracentroriodejaneiro.com.br\/noticias\/#\/schema\/person\/d3a6c0305ffb5ffec8e9c6aefa0cbbce\"},\"breadcrumb\":{\"@id\":\"https:\/\/www.encontracentroriodejaneiro.com.br\/noticias\/centro-rj-espm-retoma-ciclo-de-palestras-gratuitas-em-2012\/#breadcrumb\"},\"inLanguage\":\"pt-BR\",\"potentialAction\":[{\"@type\":\"ReadAction\",\"target\":[\"https:\/\/www.encontracentroriodejaneiro.com.br\/noticias\/centro-rj-espm-retoma-ciclo-de-palestras-gratuitas-em-2012\/\"]}]},{\"@type\":\"BreadcrumbList\",\"@id\":\"https:\/\/www.encontracentroriodejaneiro.com.br\/noticias\/centro-rj-espm-retoma-ciclo-de-palestras-gratuitas-em-2012\/#breadcrumb\",\"itemListElement\":[{\"@type\":\"ListItem\",\"position\":1,\"name\":\"In\u00edcio\",\"item\":\"https:\/\/www.encontracentroriodejaneiro.com.br\/noticias\/\"},{\"@type\":\"ListItem\",\"position\":2,\"name\":\"Centro RJ: ESPM retoma ciclo de palestras gratuitas em 2012\"}]},{\"@type\":\"WebSite\",\"@id\":\"https:\/\/www.encontracentroriodejaneiro.com.br\/noticias\/#website\",\"url\":\"https:\/\/www.encontracentroriodejaneiro.com.br\/noticias\/\",\"name\":\"Not\u00edcias do Bairro Centro RJ\",\"description\":\"Not\u00edcias, eventos, informa\u00e7\u00f5es e dicas no Bairro Centro RJ e regi\u00e3o\",\"potentialAction\":[{\"@type\":\"SearchAction\",\"target\":{\"@type\":\"EntryPoint\",\"urlTemplate\":\"https:\/\/www.encontracentroriodejaneiro.com.br\/noticias\/?s={search_term_string}\"},\"query-input\":{\"@type\":\"PropertyValueSpecification\",\"valueRequired\":true,\"valueName\":\"search_term_string\"}}],\"inLanguage\":\"pt-BR\"},{\"@type\":\"Person\",\"@id\":\"https:\/\/www.encontracentroriodejaneiro.com.br\/noticias\/#\/schema\/person\/d3a6c0305ffb5ffec8e9c6aefa0cbbce\",\"name\":\"Encontra Centro RJ\",\"image\":{\"@type\":\"ImageObject\",\"inLanguage\":\"pt-BR\",\"@id\":\"https:\/\/www.encontracentroriodejaneiro.com.br\/noticias\/#\/schema\/person\/image\/\",\"url\":\"https:\/\/secure.gravatar.com\/avatar\/507340682b8270222e1f208e23198b6ae7e2c6a1033ae84e99bc6bce4f82a387?s=96&d=mm&r=g\",\"contentUrl\":\"https:\/\/secure.gravatar.com\/avatar\/507340682b8270222e1f208e23198b6ae7e2c6a1033ae84e99bc6bce4f82a387?s=96&d=mm&r=g\",\"caption\":\"Encontra Centro RJ\"},\"sameAs\":[\"http:\/\/www.encontracentroriodejaneiro.com.br\"],\"url\":\"https:\/\/www.encontracentroriodejaneiro.com.br\/noticias\/author\/ecentroriodejaneiro\/\"}]}<\/script>\n<!-- \/ Yoast SEO plugin. -->","yoast_head_json":{"title":"Centro RJ: ESPM retoma ciclo de palestras gratuitas em 2012 - Not\u00edcias do Bairro Centro RJ","robots":{"index":"index","follow":"follow","max-snippet":"max-snippet:-1","max-image-preview":"max-image-preview:large","max-video-preview":"max-video-preview:-1"},"canonical":"https:\/\/www.encontracentroriodejaneiro.com.br\/noticias\/centro-rj-espm-retoma-ciclo-de-palestras-gratuitas-em-2012\/","og_locale":"pt_BR","og_type":"article","og_title":"Centro RJ: ESPM retoma ciclo de palestras gratuitas em 2012 - Not\u00edcias do Bairro Centro RJ","og_description":"Come\u00e7a no dia 20 de mar\u00e7o (ter\u00e7a-feira), das 19h \u00e0s 21h, a nova edi\u00e7\u00e3o do evento \u201cEncontro com Profissionais\u201d, promovido pela ESPM-RJ, que oferece uma s\u00e9rie de palestras gratuitas sobre temas de fronteira e fundamentais para as demandas do atual ambiente de neg\u00f3cios, ministrada por profissionais atuantes no mercado. As palestras acontecem dentro do projeto [&hellip;]","og_url":"https:\/\/www.encontracentroriodejaneiro.com.br\/noticias\/centro-rj-espm-retoma-ciclo-de-palestras-gratuitas-em-2012\/","og_site_name":"Not\u00edcias do Bairro Centro RJ","article_published_time":"2012-03-19T14:14:27+00:00","article_modified_time":"2013-08-15T16:18:33+00:00","author":"Encontra Centro RJ","twitter_card":"summary_large_image","twitter_misc":{"Escrito por":"Encontra Centro RJ","Est. tempo de leitura":"2 minutos"},"schema":{"@context":"https:\/\/schema.org","@graph":[{"@type":"WebPage","@id":"https:\/\/www.encontracentroriodejaneiro.com.br\/noticias\/centro-rj-espm-retoma-ciclo-de-palestras-gratuitas-em-2012\/","url":"https:\/\/www.encontracentroriodejaneiro.com.br\/noticias\/centro-rj-espm-retoma-ciclo-de-palestras-gratuitas-em-2012\/","name":"Centro RJ: ESPM retoma ciclo de palestras gratuitas em 2012 - Not\u00edcias do Bairro Centro RJ","isPartOf":{"@id":"https:\/\/www.encontracentroriodejaneiro.com.br\/noticias\/#website"},"datePublished":"2012-03-19T14:14:27+00:00","dateModified":"2013-08-15T16:18:33+00:00","author":{"@id":"https:\/\/www.encontracentroriodejaneiro.com.br\/noticias\/#\/schema\/person\/d3a6c0305ffb5ffec8e9c6aefa0cbbce"},"breadcrumb":{"@id":"https:\/\/www.encontracentroriodejaneiro.com.br\/noticias\/centro-rj-espm-retoma-ciclo-de-palestras-gratuitas-em-2012\/#breadcrumb"},"inLanguage":"pt-BR","potentialAction":[{"@type":"ReadAction","target":["https:\/\/www.encontracentroriodejaneiro.com.br\/noticias\/centro-rj-espm-retoma-ciclo-de-palestras-gratuitas-em-2012\/"]}]},{"@type":"BreadcrumbList","@id":"https:\/\/www.encontracentroriodejaneiro.com.br\/noticias\/centro-rj-espm-retoma-ciclo-de-palestras-gratuitas-em-2012\/#breadcrumb","itemListElement":[{"@type":"ListItem","position":1,"name":"In\u00edcio","item":"https:\/\/www.encontracentroriodejaneiro.com.br\/noticias\/"},{"@type":"ListItem","position":2,"name":"Centro RJ: ESPM retoma ciclo de palestras gratuitas em 2012"}]},{"@type":"WebSite","@id":"https:\/\/www.encontracentroriodejaneiro.com.br\/noticias\/#website","url":"https:\/\/www.encontracentroriodejaneiro.com.br\/noticias\/","name":"Not\u00edcias do Bairro Centro RJ","description":"Not\u00edcias, eventos, informa\u00e7\u00f5es e dicas no Bairro Centro RJ e regi\u00e3o","potentialAction":[{"@type":"SearchAction","target":{"@type":"EntryPoint","urlTemplate":"https:\/\/www.encontracentroriodejaneiro.com.br\/noticias\/?s={search_term_string}"},"query-input":{"@type":"PropertyValueSpecification","valueRequired":true,"valueName":"search_term_string"}}],"inLanguage":"pt-BR"},{"@type":"Person","@id":"https:\/\/www.encontracentroriodejaneiro.com.br\/noticias\/#\/schema\/person\/d3a6c0305ffb5ffec8e9c6aefa0cbbce","name":"Encontra Centro RJ","image":{"@type":"ImageObject","inLanguage":"pt-BR","@id":"https:\/\/www.encontracentroriodejaneiro.com.br\/noticias\/#\/schema\/person\/image\/","url":"https:\/\/secure.gravatar.com\/avatar\/507340682b8270222e1f208e23198b6ae7e2c6a1033ae84e99bc6bce4f82a387?s=96&d=mm&r=g","contentUrl":"https:\/\/secure.gravatar.com\/avatar\/507340682b8270222e1f208e23198b6ae7e2c6a1033ae84e99bc6bce4f82a387?s=96&d=mm&r=g","caption":"Encontra Centro RJ"},"sameAs":["http:\/\/www.encontracentroriodejaneiro.com.br"],"url":"https:\/\/www.encontracentroriodejaneiro.com.br\/noticias\/author\/ecentroriodejaneiro\/"}]}},"_links":{"self":[{"href":"https:\/\/www.encontracentroriodejaneiro.com.br\/noticias\/wp-json\/wp\/v2\/posts\/194","targetHints":{"allow":["GET"]}}],"collection":[{"href":"https:\/\/www.encontracentroriodejaneiro.com.br\/noticias\/wp-json\/wp\/v2\/posts"}],"about":[{"href":"https:\/\/www.encontracentroriodejaneiro.com.br\/noticias\/wp-json\/wp\/v2\/types\/post"}],"author":[{"embeddable":true,"href":"https:\/\/www.encontracentroriodejaneiro.com.br\/noticias\/wp-json\/wp\/v2\/users\/1"}],"replies":[{"embeddable":true,"href":"https:\/\/www.encontracentroriodejaneiro.com.br\/noticias\/wp-json\/wp\/v2\/comments?post=194"}],"version-history":[{"count":4,"href":"https:\/\/www.encontracentroriodejaneiro.com.br\/noticias\/wp-json\/wp\/v2\/posts\/194\/revisions"}],"predecessor-version":[{"id":904,"href":"https:\/\/www.encontracentroriodejaneiro.com.br\/noticias\/wp-json\/wp\/v2\/posts\/194\/revisions\/904"}],"wp:attachment":[{"href":"https:\/\/www.encontracentroriodejaneiro.com.br\/noticias\/wp-json\/wp\/v2\/media?parent=194"}],"wp:term":[{"taxonomy":"category","embeddable":true,"href":"https:\/\/www.encontracentroriodejaneiro.com.br\/noticias\/wp-json\/wp\/v2\/categories?post=194"},{"taxonomy":"post_tag","embeddable":true,"href":"https:\/\/www.encontracentroriodejaneiro.com.br\/noticias\/wp-json\/wp\/v2\/tags?post=194"}],"curies":[{"name":"wp","href":"https:\/\/api.w.org\/{rel}","templated":true}]}}