{"id":26,"date":"2011-11-25T00:25:26","date_gmt":"2011-11-25T02:25:26","guid":{"rendered":"http:\/\/www.encontracentroriodejaneiro.com.br\/noticias\/?p=26"},"modified":"2013-08-15T14:18:29","modified_gmt":"2013-08-15T16:18:29","slug":"briga-de-transito-termina-com-um-ferido-no-centro-do-rio-%e2%80%8ede-janeiro","status":"publish","type":"post","link":"https:\/\/www.encontracentroriodejaneiro.com.br\/noticias\/briga-de-transito-termina-com-um-ferido-no-centro-do-rio-%e2%80%8ede-janeiro\/","title":{"rendered":"Briga de tr\u00e2nsito termina com um ferido no centro do Rio \u200ede Janeiro"},"content":{"rendered":"<p>Uma briga de tr\u00e2nsito termina com um baleado nesta  quarta-feira (23) no guia do centro do Rio de Janeiro. As informa\u00e7\u00f5es s\u00e3o do  Batalh\u00e3o da Pra\u00e7a da Harmonia (5\u00ba BPM).<\/p>\n<p>De acordo com os agentes, a discuss\u00e3o aconteceu entre um motociclista  e um motorista de um carro na rua do Acre, no centro da cidade. O  motorista teria sacado uma arma e disparado contra o motoqueiro, que foi  encaminhado para o Hospital Municipal Souza Aguiar.<\/p>\n<p>Segundo os policiais, o motorista ainda tentou fugir mas foi  capturado e encaminhado para a Delegacia da Pra\u00e7a Mau\u00e1 (1\u00aa DP). N\u00e3o h\u00e1  informa\u00e7\u00f5es sobre o estado de sa\u00fade do baleado.<\/p>\n<p><em>Fonte: R7<\/em><\/p>\n","protected":false},"excerpt":{"rendered":"<p>Uma briga de tr\u00e2nsito termina com um baleado nesta quarta-feira (23) no guia do centro do Rio de Janeiro. As informa\u00e7\u00f5es s\u00e3o do Batalh\u00e3o da Pra\u00e7a da Harmonia (5\u00ba BPM). De acordo com os agentes, a discuss\u00e3o aconteceu entre um motociclista e um motorista de um carro na rua do Acre, no centro da cidade. [&hellip;]<\/p>\n","protected":false},"author":1,"featured_media":0,"comment_status":"open","ping_status":"open","sticky":false,"template":"","format":"standard","meta":{"footnotes":""},"categories":[6],"tags":[],"class_list":["post-26","post","type-post","status-publish","format-standard","hentry","category-noticias"],"yoast_head":"<!-- This site is optimized with the Yoast SEO plugin v25.9 - https:\/\/yoast.com\/wordpress\/plugins\/seo\/ -->\n<title>Briga de tr\u00e2nsito termina com um ferido no centro do Rio \u200ede Janeiro - Not\u00edcias do Bairro Centro RJ<\/title>\n<meta name=\"robots\" content=\"index, follow, max-snippet:-1, max-image-preview:large, max-video-preview:-1\" \/>\n<link rel=\"canonical\" href=\"https:\/\/www.encontracentroriodejaneiro.com.br\/noticias\/briga-de-transito-termina-com-um-ferido-no-centro-do-rio-\u200ede-janeiro\/\" \/>\n<meta property=\"og:locale\" content=\"pt_BR\" \/>\n<meta property=\"og:type\" content=\"article\" \/>\n<meta property=\"og:title\" content=\"Briga de tr\u00e2nsito termina com um ferido no centro do Rio \u200ede Janeiro - Not\u00edcias do Bairro Centro RJ\" \/>\n<meta property=\"og:description\" content=\"Uma briga de tr\u00e2nsito termina com um baleado nesta quarta-feira (23) no guia do centro do Rio de Janeiro. As informa\u00e7\u00f5es s\u00e3o do Batalh\u00e3o da Pra\u00e7a da Harmonia (5\u00ba BPM). De acordo com os agentes, a discuss\u00e3o aconteceu entre um motociclista e um motorista de um carro na rua do Acre, no centro da cidade. [&hellip;]\" \/>\n<meta property=\"og:url\" content=\"https:\/\/www.encontracentroriodejaneiro.com.br\/noticias\/briga-de-transito-termina-com-um-ferido-no-centro-do-rio-\u200ede-janeiro\/\" \/>\n<meta property=\"og:site_name\" content=\"Not\u00edcias do Bairro Centro RJ\" \/>\n<meta property=\"article:published_time\" content=\"2011-11-25T02:25:26+00:00\" \/>\n<meta property=\"article:modified_time\" content=\"2013-08-15T16:18:29+00:00\" \/>\n<meta name=\"author\" content=\"Encontra Centro RJ\" \/>\n<meta name=\"twitter:card\" content=\"summary_large_image\" \/>\n<meta name=\"twitter:label1\" content=\"Escrito por\" \/>\n\t<meta name=\"twitter:data1\" content=\"Encontra Centro RJ\" \/>\n\t<meta name=\"twitter:label2\" content=\"Est. tempo de leitura\" \/>\n\t<meta name=\"twitter:data2\" content=\"1 minuto\" \/>\n<script type=\"application\/ld+json\" class=\"yoast-schema-graph\">{\"@context\":\"https:\/\/schema.org\",\"@graph\":[{\"@type\":\"WebPage\",\"@id\":\"https:\/\/www.encontracentroriodejaneiro.com.br\/noticias\/briga-de-transito-termina-com-um-ferido-no-centro-do-rio-%e2%80%8ede-janeiro\/\",\"url\":\"https:\/\/www.encontracentroriodejaneiro.com.br\/noticias\/briga-de-transito-termina-com-um-ferido-no-centro-do-rio-%e2%80%8ede-janeiro\/\",\"name\":\"Briga de tr\u00e2nsito termina com um ferido no centro do Rio \u200ede Janeiro - Not\u00edcias do Bairro Centro RJ\",\"isPartOf\":{\"@id\":\"https:\/\/www.encontracentroriodejaneiro.com.br\/noticias\/#website\"},\"datePublished\":\"2011-11-25T02:25:26+00:00\",\"dateModified\":\"2013-08-15T16:18:29+00:00\",\"author\":{\"@id\":\"https:\/\/www.encontracentroriodejaneiro.com.br\/noticias\/#\/schema\/person\/d3a6c0305ffb5ffec8e9c6aefa0cbbce\"},\"breadcrumb\":{\"@id\":\"https:\/\/www.encontracentroriodejaneiro.com.br\/noticias\/briga-de-transito-termina-com-um-ferido-no-centro-do-rio-%e2%80%8ede-janeiro\/#breadcrumb\"},\"inLanguage\":\"pt-BR\",\"potentialAction\":[{\"@type\":\"ReadAction\",\"target\":[\"https:\/\/www.encontracentroriodejaneiro.com.br\/noticias\/briga-de-transito-termina-com-um-ferido-no-centro-do-rio-%e2%80%8ede-janeiro\/\"]}]},{\"@type\":\"BreadcrumbList\",\"@id\":\"https:\/\/www.encontracentroriodejaneiro.com.br\/noticias\/briga-de-transito-termina-com-um-ferido-no-centro-do-rio-%e2%80%8ede-janeiro\/#breadcrumb\",\"itemListElement\":[{\"@type\":\"ListItem\",\"position\":1,\"name\":\"In\u00edcio\",\"item\":\"https:\/\/www.encontracentroriodejaneiro.com.br\/noticias\/\"},{\"@type\":\"ListItem\",\"position\":2,\"name\":\"Briga de tr\u00e2nsito termina com um ferido no centro do Rio \u200ede Janeiro\"}]},{\"@type\":\"WebSite\",\"@id\":\"https:\/\/www.encontracentroriodejaneiro.com.br\/noticias\/#website\",\"url\":\"https:\/\/www.encontracentroriodejaneiro.com.br\/noticias\/\",\"name\":\"Not\u00edcias do Bairro Centro RJ\",\"description\":\"Not\u00edcias, eventos, informa\u00e7\u00f5es e dicas no Bairro Centro RJ e regi\u00e3o\",\"potentialAction\":[{\"@type\":\"SearchAction\",\"target\":{\"@type\":\"EntryPoint\",\"urlTemplate\":\"https:\/\/www.encontracentroriodejaneiro.com.br\/noticias\/?s={search_term_string}\"},\"query-input\":{\"@type\":\"PropertyValueSpecification\",\"valueRequired\":true,\"valueName\":\"search_term_string\"}}],\"inLanguage\":\"pt-BR\"},{\"@type\":\"Person\",\"@id\":\"https:\/\/www.encontracentroriodejaneiro.com.br\/noticias\/#\/schema\/person\/d3a6c0305ffb5ffec8e9c6aefa0cbbce\",\"name\":\"Encontra Centro RJ\",\"image\":{\"@type\":\"ImageObject\",\"inLanguage\":\"pt-BR\",\"@id\":\"https:\/\/www.encontracentroriodejaneiro.com.br\/noticias\/#\/schema\/person\/image\/\",\"url\":\"https:\/\/secure.gravatar.com\/avatar\/507340682b8270222e1f208e23198b6ae7e2c6a1033ae84e99bc6bce4f82a387?s=96&d=mm&r=g\",\"contentUrl\":\"https:\/\/secure.gravatar.com\/avatar\/507340682b8270222e1f208e23198b6ae7e2c6a1033ae84e99bc6bce4f82a387?s=96&d=mm&r=g\",\"caption\":\"Encontra Centro RJ\"},\"sameAs\":[\"http:\/\/www.encontracentroriodejaneiro.com.br\"],\"url\":\"https:\/\/www.encontracentroriodejaneiro.com.br\/noticias\/author\/ecentroriodejaneiro\/\"}]}<\/script>\n<!-- \/ Yoast SEO plugin. -->","yoast_head_json":{"title":"Briga de tr\u00e2nsito termina com um ferido no centro do Rio \u200ede Janeiro - Not\u00edcias do Bairro Centro RJ","robots":{"index":"index","follow":"follow","max-snippet":"max-snippet:-1","max-image-preview":"max-image-preview:large","max-video-preview":"max-video-preview:-1"},"canonical":"https:\/\/www.encontracentroriodejaneiro.com.br\/noticias\/briga-de-transito-termina-com-um-ferido-no-centro-do-rio-\u200ede-janeiro\/","og_locale":"pt_BR","og_type":"article","og_title":"Briga de tr\u00e2nsito termina com um ferido no centro do Rio \u200ede Janeiro - Not\u00edcias do Bairro Centro RJ","og_description":"Uma briga de tr\u00e2nsito termina com um baleado nesta quarta-feira (23) no guia do centro do Rio de Janeiro. As informa\u00e7\u00f5es s\u00e3o do Batalh\u00e3o da Pra\u00e7a da Harmonia (5\u00ba BPM). De acordo com os agentes, a discuss\u00e3o aconteceu entre um motociclista e um motorista de um carro na rua do Acre, no centro da cidade. [&hellip;]","og_url":"https:\/\/www.encontracentroriodejaneiro.com.br\/noticias\/briga-de-transito-termina-com-um-ferido-no-centro-do-rio-\u200ede-janeiro\/","og_site_name":"Not\u00edcias do Bairro Centro RJ","article_published_time":"2011-11-25T02:25:26+00:00","article_modified_time":"2013-08-15T16:18:29+00:00","author":"Encontra Centro RJ","twitter_card":"summary_large_image","twitter_misc":{"Escrito por":"Encontra Centro RJ","Est. tempo de leitura":"1 minuto"},"schema":{"@context":"https:\/\/schema.org","@graph":[{"@type":"WebPage","@id":"https:\/\/www.encontracentroriodejaneiro.com.br\/noticias\/briga-de-transito-termina-com-um-ferido-no-centro-do-rio-%e2%80%8ede-janeiro\/","url":"https:\/\/www.encontracentroriodejaneiro.com.br\/noticias\/briga-de-transito-termina-com-um-ferido-no-centro-do-rio-%e2%80%8ede-janeiro\/","name":"Briga de tr\u00e2nsito termina com um ferido no centro do Rio \u200ede Janeiro - Not\u00edcias do Bairro Centro RJ","isPartOf":{"@id":"https:\/\/www.encontracentroriodejaneiro.com.br\/noticias\/#website"},"datePublished":"2011-11-25T02:25:26+00:00","dateModified":"2013-08-15T16:18:29+00:00","author":{"@id":"https:\/\/www.encontracentroriodejaneiro.com.br\/noticias\/#\/schema\/person\/d3a6c0305ffb5ffec8e9c6aefa0cbbce"},"breadcrumb":{"@id":"https:\/\/www.encontracentroriodejaneiro.com.br\/noticias\/briga-de-transito-termina-com-um-ferido-no-centro-do-rio-%e2%80%8ede-janeiro\/#breadcrumb"},"inLanguage":"pt-BR","potentialAction":[{"@type":"ReadAction","target":["https:\/\/www.encontracentroriodejaneiro.com.br\/noticias\/briga-de-transito-termina-com-um-ferido-no-centro-do-rio-%e2%80%8ede-janeiro\/"]}]},{"@type":"BreadcrumbList","@id":"https:\/\/www.encontracentroriodejaneiro.com.br\/noticias\/briga-de-transito-termina-com-um-ferido-no-centro-do-rio-%e2%80%8ede-janeiro\/#breadcrumb","itemListElement":[{"@type":"ListItem","position":1,"name":"In\u00edcio","item":"https:\/\/www.encontracentroriodejaneiro.com.br\/noticias\/"},{"@type":"ListItem","position":2,"name":"Briga de tr\u00e2nsito termina com um ferido no centro do Rio \u200ede Janeiro"}]},{"@type":"WebSite","@id":"https:\/\/www.encontracentroriodejaneiro.com.br\/noticias\/#website","url":"https:\/\/www.encontracentroriodejaneiro.com.br\/noticias\/","name":"Not\u00edcias do Bairro Centro RJ","description":"Not\u00edcias, eventos, informa\u00e7\u00f5es e dicas no Bairro Centro RJ e regi\u00e3o","potentialAction":[{"@type":"SearchAction","target":{"@type":"EntryPoint","urlTemplate":"https:\/\/www.encontracentroriodejaneiro.com.br\/noticias\/?s={search_term_string}"},"query-input":{"@type":"PropertyValueSpecification","valueRequired":true,"valueName":"search_term_string"}}],"inLanguage":"pt-BR"},{"@type":"Person","@id":"https:\/\/www.encontracentroriodejaneiro.com.br\/noticias\/#\/schema\/person\/d3a6c0305ffb5ffec8e9c6aefa0cbbce","name":"Encontra Centro RJ","image":{"@type":"ImageObject","inLanguage":"pt-BR","@id":"https:\/\/www.encontracentroriodejaneiro.com.br\/noticias\/#\/schema\/person\/image\/","url":"https:\/\/secure.gravatar.com\/avatar\/507340682b8270222e1f208e23198b6ae7e2c6a1033ae84e99bc6bce4f82a387?s=96&d=mm&r=g","contentUrl":"https:\/\/secure.gravatar.com\/avatar\/507340682b8270222e1f208e23198b6ae7e2c6a1033ae84e99bc6bce4f82a387?s=96&d=mm&r=g","caption":"Encontra Centro RJ"},"sameAs":["http:\/\/www.encontracentroriodejaneiro.com.br"],"url":"https:\/\/www.encontracentroriodejaneiro.com.br\/noticias\/author\/ecentroriodejaneiro\/"}]}},"_links":{"self":[{"href":"https:\/\/www.encontracentroriodejaneiro.com.br\/noticias\/wp-json\/wp\/v2\/posts\/26","targetHints":{"allow":["GET"]}}],"collection":[{"href":"https:\/\/www.encontracentroriodejaneiro.com.br\/noticias\/wp-json\/wp\/v2\/posts"}],"about":[{"href":"https:\/\/www.encontracentroriodejaneiro.com.br\/noticias\/wp-json\/wp\/v2\/types\/post"}],"author":[{"embeddable":true,"href":"https:\/\/www.encontracentroriodejaneiro.com.br\/noticias\/wp-json\/wp\/v2\/users\/1"}],"replies":[{"embeddable":true,"href":"https:\/\/www.encontracentroriodejaneiro.com.br\/noticias\/wp-json\/wp\/v2\/comments?post=26"}],"version-history":[{"count":2,"href":"https:\/\/www.encontracentroriodejaneiro.com.br\/noticias\/wp-json\/wp\/v2\/posts\/26\/revisions"}],"predecessor-version":[{"id":742,"href":"https:\/\/www.encontracentroriodejaneiro.com.br\/noticias\/wp-json\/wp\/v2\/posts\/26\/revisions\/742"}],"wp:attachment":[{"href":"https:\/\/www.encontracentroriodejaneiro.com.br\/noticias\/wp-json\/wp\/v2\/media?parent=26"}],"wp:term":[{"taxonomy":"category","embeddable":true,"href":"https:\/\/www.encontracentroriodejaneiro.com.br\/noticias\/wp-json\/wp\/v2\/categories?post=26"},{"taxonomy":"post_tag","embeddable":true,"href":"https:\/\/www.encontracentroriodejaneiro.com.br\/noticias\/wp-json\/wp\/v2\/tags?post=26"}],"curies":[{"name":"wp","href":"https:\/\/api.w.org\/{rel}","templated":true}]}}