{"id":30,"date":"2011-11-29T11:55:42","date_gmt":"2011-11-29T13:55:42","guid":{"rendered":"http:\/\/www.encontracentroriodejaneiro.com.br\/noticias\/?p=30"},"modified":"2013-08-15T14:18:29","modified_gmt":"2013-08-15T16:18:29","slug":"stephane-sanjuan-comemora-10-anos-de-brasil-no-cordao-do-bola-preta-no-centro-do-rio-de-janeiro","status":"publish","type":"post","link":"https:\/\/www.encontracentroriodejaneiro.com.br\/noticias\/stephane-sanjuan-comemora-10-anos-de-brasil-no-cordao-do-bola-preta-no-centro-do-rio-de-janeiro\/","title":{"rendered":"St\u00e9phane Sanjuan comemora 10 anos de Brasil no Cord\u00e3o do Bola Preta, no Centro do Rio de Janeiro"},"content":{"rendered":"<p>O m\u00fasico franc\u00eas St\u00e9phane Sanjuan \u00e9 definitivamente um apaixonado pelo Brasil. Veio para c\u00e1 quando tinha 30 anos e agora comemora uma d\u00e9cada em solos brasileiros com um show solo no Centro Cultural Cord\u00e3o do Bola Preta, um tradicional centro ligado ao carnaval. A apresenta\u00e7\u00e3o acontecer\u00e1 nessa quarta-feira (30) e contar\u00e1 com a presen\u00e7a de amigos do artista, como Vanessa da Mata, Tulipa Ruiz e Moreno Veloso. A dire\u00e7\u00e3o ficar\u00e1 por conta de Bia Lessa.<\/p>\n<p>Nascido em Nancy, na Fran\u00e7a, em 1971, St\u00e9phane Sanjuan morou em Montpellier, Londres e Mali, onde tocou com a dupla africana Amadou &amp; Mariam. J\u00e1 devidamente instalado no Rio de Janeiro, ele fez parte da Orquestra Imperial, de Os Ritmistas e do projeto +2, com Kassin e Moreno Veloso. Tamb\u00e9m viajou em turn\u00ea com Adriana Calcanhotto e Vanessa da Mata.<\/p>\n<p>Agora ele prepara o primeiro disco solo, que ter\u00e1 produ\u00e7\u00e3o de Kasisn &amp; Berna Ceppas, e cujo repert\u00f3rio ser\u00e1 apresentado no show. Nele, est\u00e3o m\u00fasicas como \u201cMiroir\u201d, parceria com Gustavo Ruiz; \u201cMoments\u201d, dele e de Alberto Continentino; e \u201cRue de mes souvenirs\u201d, composta com Wilson das Neves.<\/p>\n<p><strong>Servi\u00e7o:<\/strong><br \/>\nSt\u00e9phane Sanjuan &amp; Amigos \u2013 quarta-feira, 31\/11, \u00e0s 21h. Ingressos de 20 a 40 reais.<br \/>\nCentro Cultural Cord\u00e3o do Bola Preta \u2013 Rua da Rela\u00e7\u00e3o, 3. Guia do Bairro Centro Rio de Janeiro\/RJ.T: (21) 2240-8099<br \/>\n<em><br \/>\nFonte: Rede Brasil Atual<\/em><\/p>\n","protected":false},"excerpt":{"rendered":"<p>O m\u00fasico franc\u00eas St\u00e9phane Sanjuan \u00e9 definitivamente um apaixonado pelo Brasil. Veio para c\u00e1 quando tinha 30 anos e agora comemora uma d\u00e9cada em solos brasileiros com um show solo no Centro Cultural Cord\u00e3o do Bola Preta, um tradicional centro ligado ao carnaval. A apresenta\u00e7\u00e3o acontecer\u00e1 nessa quarta-feira (30) e contar\u00e1 com a presen\u00e7a de [&hellip;]<\/p>\n","protected":false},"author":1,"featured_media":0,"comment_status":"open","ping_status":"open","sticky":false,"template":"","format":"standard","meta":{"footnotes":""},"categories":[6],"tags":[],"class_list":["post-30","post","type-post","status-publish","format-standard","hentry","category-noticias"],"yoast_head":"<!-- This site is optimized with the Yoast SEO plugin v25.9 - https:\/\/yoast.com\/wordpress\/plugins\/seo\/ -->\n<title>St\u00e9phane Sanjuan comemora 10 anos de Brasil no Cord\u00e3o do Bola Preta, no Centro do Rio de Janeiro - Not\u00edcias do Bairro Centro RJ<\/title>\n<meta name=\"robots\" content=\"index, follow, max-snippet:-1, max-image-preview:large, max-video-preview:-1\" \/>\n<link rel=\"canonical\" href=\"https:\/\/www.encontracentroriodejaneiro.com.br\/noticias\/stephane-sanjuan-comemora-10-anos-de-brasil-no-cordao-do-bola-preta-no-centro-do-rio-de-janeiro\/\" \/>\n<meta property=\"og:locale\" content=\"pt_BR\" \/>\n<meta property=\"og:type\" content=\"article\" \/>\n<meta property=\"og:title\" content=\"St\u00e9phane Sanjuan comemora 10 anos de Brasil no Cord\u00e3o do Bola Preta, no Centro do Rio de Janeiro - Not\u00edcias do Bairro Centro RJ\" \/>\n<meta property=\"og:description\" content=\"O m\u00fasico franc\u00eas St\u00e9phane Sanjuan \u00e9 definitivamente um apaixonado pelo Brasil. Veio para c\u00e1 quando tinha 30 anos e agora comemora uma d\u00e9cada em solos brasileiros com um show solo no Centro Cultural Cord\u00e3o do Bola Preta, um tradicional centro ligado ao carnaval. A apresenta\u00e7\u00e3o acontecer\u00e1 nessa quarta-feira (30) e contar\u00e1 com a presen\u00e7a de [&hellip;]\" \/>\n<meta property=\"og:url\" content=\"https:\/\/www.encontracentroriodejaneiro.com.br\/noticias\/stephane-sanjuan-comemora-10-anos-de-brasil-no-cordao-do-bola-preta-no-centro-do-rio-de-janeiro\/\" \/>\n<meta property=\"og:site_name\" content=\"Not\u00edcias do Bairro Centro RJ\" \/>\n<meta property=\"article:published_time\" content=\"2011-11-29T13:55:42+00:00\" \/>\n<meta property=\"article:modified_time\" content=\"2013-08-15T16:18:29+00:00\" \/>\n<meta name=\"author\" content=\"Encontra Centro RJ\" \/>\n<meta name=\"twitter:card\" content=\"summary_large_image\" \/>\n<meta name=\"twitter:label1\" content=\"Escrito por\" \/>\n\t<meta name=\"twitter:data1\" content=\"Encontra Centro RJ\" \/>\n\t<meta name=\"twitter:label2\" content=\"Est. tempo de leitura\" \/>\n\t<meta name=\"twitter:data2\" content=\"1 minuto\" \/>\n<script type=\"application\/ld+json\" class=\"yoast-schema-graph\">{\"@context\":\"https:\/\/schema.org\",\"@graph\":[{\"@type\":\"WebPage\",\"@id\":\"https:\/\/www.encontracentroriodejaneiro.com.br\/noticias\/stephane-sanjuan-comemora-10-anos-de-brasil-no-cordao-do-bola-preta-no-centro-do-rio-de-janeiro\/\",\"url\":\"https:\/\/www.encontracentroriodejaneiro.com.br\/noticias\/stephane-sanjuan-comemora-10-anos-de-brasil-no-cordao-do-bola-preta-no-centro-do-rio-de-janeiro\/\",\"name\":\"St\u00e9phane Sanjuan comemora 10 anos de Brasil no Cord\u00e3o do Bola Preta, no Centro do Rio de Janeiro - Not\u00edcias do Bairro Centro RJ\",\"isPartOf\":{\"@id\":\"https:\/\/www.encontracentroriodejaneiro.com.br\/noticias\/#website\"},\"datePublished\":\"2011-11-29T13:55:42+00:00\",\"dateModified\":\"2013-08-15T16:18:29+00:00\",\"author\":{\"@id\":\"https:\/\/www.encontracentroriodejaneiro.com.br\/noticias\/#\/schema\/person\/d3a6c0305ffb5ffec8e9c6aefa0cbbce\"},\"breadcrumb\":{\"@id\":\"https:\/\/www.encontracentroriodejaneiro.com.br\/noticias\/stephane-sanjuan-comemora-10-anos-de-brasil-no-cordao-do-bola-preta-no-centro-do-rio-de-janeiro\/#breadcrumb\"},\"inLanguage\":\"pt-BR\",\"potentialAction\":[{\"@type\":\"ReadAction\",\"target\":[\"https:\/\/www.encontracentroriodejaneiro.com.br\/noticias\/stephane-sanjuan-comemora-10-anos-de-brasil-no-cordao-do-bola-preta-no-centro-do-rio-de-janeiro\/\"]}]},{\"@type\":\"BreadcrumbList\",\"@id\":\"https:\/\/www.encontracentroriodejaneiro.com.br\/noticias\/stephane-sanjuan-comemora-10-anos-de-brasil-no-cordao-do-bola-preta-no-centro-do-rio-de-janeiro\/#breadcrumb\",\"itemListElement\":[{\"@type\":\"ListItem\",\"position\":1,\"name\":\"In\u00edcio\",\"item\":\"https:\/\/www.encontracentroriodejaneiro.com.br\/noticias\/\"},{\"@type\":\"ListItem\",\"position\":2,\"name\":\"St\u00e9phane Sanjuan comemora 10 anos de Brasil no Cord\u00e3o do Bola Preta, no Centro do Rio de Janeiro\"}]},{\"@type\":\"WebSite\",\"@id\":\"https:\/\/www.encontracentroriodejaneiro.com.br\/noticias\/#website\",\"url\":\"https:\/\/www.encontracentroriodejaneiro.com.br\/noticias\/\",\"name\":\"Not\u00edcias do Bairro Centro RJ\",\"description\":\"Not\u00edcias, eventos, informa\u00e7\u00f5es e dicas no Bairro Centro RJ e regi\u00e3o\",\"potentialAction\":[{\"@type\":\"SearchAction\",\"target\":{\"@type\":\"EntryPoint\",\"urlTemplate\":\"https:\/\/www.encontracentroriodejaneiro.com.br\/noticias\/?s={search_term_string}\"},\"query-input\":{\"@type\":\"PropertyValueSpecification\",\"valueRequired\":true,\"valueName\":\"search_term_string\"}}],\"inLanguage\":\"pt-BR\"},{\"@type\":\"Person\",\"@id\":\"https:\/\/www.encontracentroriodejaneiro.com.br\/noticias\/#\/schema\/person\/d3a6c0305ffb5ffec8e9c6aefa0cbbce\",\"name\":\"Encontra Centro RJ\",\"image\":{\"@type\":\"ImageObject\",\"inLanguage\":\"pt-BR\",\"@id\":\"https:\/\/www.encontracentroriodejaneiro.com.br\/noticias\/#\/schema\/person\/image\/\",\"url\":\"https:\/\/secure.gravatar.com\/avatar\/507340682b8270222e1f208e23198b6ae7e2c6a1033ae84e99bc6bce4f82a387?s=96&d=mm&r=g\",\"contentUrl\":\"https:\/\/secure.gravatar.com\/avatar\/507340682b8270222e1f208e23198b6ae7e2c6a1033ae84e99bc6bce4f82a387?s=96&d=mm&r=g\",\"caption\":\"Encontra Centro RJ\"},\"sameAs\":[\"http:\/\/www.encontracentroriodejaneiro.com.br\"],\"url\":\"https:\/\/www.encontracentroriodejaneiro.com.br\/noticias\/author\/ecentroriodejaneiro\/\"}]}<\/script>\n<!-- \/ Yoast SEO plugin. -->","yoast_head_json":{"title":"St\u00e9phane Sanjuan comemora 10 anos de Brasil no Cord\u00e3o do Bola Preta, no Centro do Rio de Janeiro - Not\u00edcias do Bairro Centro RJ","robots":{"index":"index","follow":"follow","max-snippet":"max-snippet:-1","max-image-preview":"max-image-preview:large","max-video-preview":"max-video-preview:-1"},"canonical":"https:\/\/www.encontracentroriodejaneiro.com.br\/noticias\/stephane-sanjuan-comemora-10-anos-de-brasil-no-cordao-do-bola-preta-no-centro-do-rio-de-janeiro\/","og_locale":"pt_BR","og_type":"article","og_title":"St\u00e9phane Sanjuan comemora 10 anos de Brasil no Cord\u00e3o do Bola Preta, no Centro do Rio de Janeiro - Not\u00edcias do Bairro Centro RJ","og_description":"O m\u00fasico franc\u00eas St\u00e9phane Sanjuan \u00e9 definitivamente um apaixonado pelo Brasil. Veio para c\u00e1 quando tinha 30 anos e agora comemora uma d\u00e9cada em solos brasileiros com um show solo no Centro Cultural Cord\u00e3o do Bola Preta, um tradicional centro ligado ao carnaval. A apresenta\u00e7\u00e3o acontecer\u00e1 nessa quarta-feira (30) e contar\u00e1 com a presen\u00e7a de [&hellip;]","og_url":"https:\/\/www.encontracentroriodejaneiro.com.br\/noticias\/stephane-sanjuan-comemora-10-anos-de-brasil-no-cordao-do-bola-preta-no-centro-do-rio-de-janeiro\/","og_site_name":"Not\u00edcias do Bairro Centro RJ","article_published_time":"2011-11-29T13:55:42+00:00","article_modified_time":"2013-08-15T16:18:29+00:00","author":"Encontra Centro RJ","twitter_card":"summary_large_image","twitter_misc":{"Escrito por":"Encontra Centro RJ","Est. tempo de leitura":"1 minuto"},"schema":{"@context":"https:\/\/schema.org","@graph":[{"@type":"WebPage","@id":"https:\/\/www.encontracentroriodejaneiro.com.br\/noticias\/stephane-sanjuan-comemora-10-anos-de-brasil-no-cordao-do-bola-preta-no-centro-do-rio-de-janeiro\/","url":"https:\/\/www.encontracentroriodejaneiro.com.br\/noticias\/stephane-sanjuan-comemora-10-anos-de-brasil-no-cordao-do-bola-preta-no-centro-do-rio-de-janeiro\/","name":"St\u00e9phane Sanjuan comemora 10 anos de Brasil no Cord\u00e3o do Bola Preta, no Centro do Rio de Janeiro - Not\u00edcias do Bairro Centro RJ","isPartOf":{"@id":"https:\/\/www.encontracentroriodejaneiro.com.br\/noticias\/#website"},"datePublished":"2011-11-29T13:55:42+00:00","dateModified":"2013-08-15T16:18:29+00:00","author":{"@id":"https:\/\/www.encontracentroriodejaneiro.com.br\/noticias\/#\/schema\/person\/d3a6c0305ffb5ffec8e9c6aefa0cbbce"},"breadcrumb":{"@id":"https:\/\/www.encontracentroriodejaneiro.com.br\/noticias\/stephane-sanjuan-comemora-10-anos-de-brasil-no-cordao-do-bola-preta-no-centro-do-rio-de-janeiro\/#breadcrumb"},"inLanguage":"pt-BR","potentialAction":[{"@type":"ReadAction","target":["https:\/\/www.encontracentroriodejaneiro.com.br\/noticias\/stephane-sanjuan-comemora-10-anos-de-brasil-no-cordao-do-bola-preta-no-centro-do-rio-de-janeiro\/"]}]},{"@type":"BreadcrumbList","@id":"https:\/\/www.encontracentroriodejaneiro.com.br\/noticias\/stephane-sanjuan-comemora-10-anos-de-brasil-no-cordao-do-bola-preta-no-centro-do-rio-de-janeiro\/#breadcrumb","itemListElement":[{"@type":"ListItem","position":1,"name":"In\u00edcio","item":"https:\/\/www.encontracentroriodejaneiro.com.br\/noticias\/"},{"@type":"ListItem","position":2,"name":"St\u00e9phane Sanjuan comemora 10 anos de Brasil no Cord\u00e3o do Bola Preta, no Centro do Rio de Janeiro"}]},{"@type":"WebSite","@id":"https:\/\/www.encontracentroriodejaneiro.com.br\/noticias\/#website","url":"https:\/\/www.encontracentroriodejaneiro.com.br\/noticias\/","name":"Not\u00edcias do Bairro Centro RJ","description":"Not\u00edcias, eventos, informa\u00e7\u00f5es e dicas no Bairro Centro RJ e regi\u00e3o","potentialAction":[{"@type":"SearchAction","target":{"@type":"EntryPoint","urlTemplate":"https:\/\/www.encontracentroriodejaneiro.com.br\/noticias\/?s={search_term_string}"},"query-input":{"@type":"PropertyValueSpecification","valueRequired":true,"valueName":"search_term_string"}}],"inLanguage":"pt-BR"},{"@type":"Person","@id":"https:\/\/www.encontracentroriodejaneiro.com.br\/noticias\/#\/schema\/person\/d3a6c0305ffb5ffec8e9c6aefa0cbbce","name":"Encontra Centro RJ","image":{"@type":"ImageObject","inLanguage":"pt-BR","@id":"https:\/\/www.encontracentroriodejaneiro.com.br\/noticias\/#\/schema\/person\/image\/","url":"https:\/\/secure.gravatar.com\/avatar\/507340682b8270222e1f208e23198b6ae7e2c6a1033ae84e99bc6bce4f82a387?s=96&d=mm&r=g","contentUrl":"https:\/\/secure.gravatar.com\/avatar\/507340682b8270222e1f208e23198b6ae7e2c6a1033ae84e99bc6bce4f82a387?s=96&d=mm&r=g","caption":"Encontra Centro RJ"},"sameAs":["http:\/\/www.encontracentroriodejaneiro.com.br"],"url":"https:\/\/www.encontracentroriodejaneiro.com.br\/noticias\/author\/ecentroriodejaneiro\/"}]}},"_links":{"self":[{"href":"https:\/\/www.encontracentroriodejaneiro.com.br\/noticias\/wp-json\/wp\/v2\/posts\/30","targetHints":{"allow":["GET"]}}],"collection":[{"href":"https:\/\/www.encontracentroriodejaneiro.com.br\/noticias\/wp-json\/wp\/v2\/posts"}],"about":[{"href":"https:\/\/www.encontracentroriodejaneiro.com.br\/noticias\/wp-json\/wp\/v2\/types\/post"}],"author":[{"embeddable":true,"href":"https:\/\/www.encontracentroriodejaneiro.com.br\/noticias\/wp-json\/wp\/v2\/users\/1"}],"replies":[{"embeddable":true,"href":"https:\/\/www.encontracentroriodejaneiro.com.br\/noticias\/wp-json\/wp\/v2\/comments?post=30"}],"version-history":[{"count":2,"href":"https:\/\/www.encontracentroriodejaneiro.com.br\/noticias\/wp-json\/wp\/v2\/posts\/30\/revisions"}],"predecessor-version":[{"id":744,"href":"https:\/\/www.encontracentroriodejaneiro.com.br\/noticias\/wp-json\/wp\/v2\/posts\/30\/revisions\/744"}],"wp:attachment":[{"href":"https:\/\/www.encontracentroriodejaneiro.com.br\/noticias\/wp-json\/wp\/v2\/media?parent=30"}],"wp:term":[{"taxonomy":"category","embeddable":true,"href":"https:\/\/www.encontracentroriodejaneiro.com.br\/noticias\/wp-json\/wp\/v2\/categories?post=30"},{"taxonomy":"post_tag","embeddable":true,"href":"https:\/\/www.encontracentroriodejaneiro.com.br\/noticias\/wp-json\/wp\/v2\/tags?post=30"}],"curies":[{"name":"wp","href":"https:\/\/api.w.org\/{rel}","templated":true}]}}