{"id":37,"date":"2011-12-06T16:48:50","date_gmt":"2011-12-06T18:48:50","guid":{"rendered":"http:\/\/www.encontracentroriodejaneiro.com.br\/noticias\/?p=37"},"modified":"2013-08-15T14:18:29","modified_gmt":"2013-08-15T16:18:29","slug":"prefeitura-recolhe-45-pessoas-das-ruas-do-centro-do-rio-%e2%80%8e","status":"publish","type":"post","link":"https:\/\/www.encontracentroriodejaneiro.com.br\/noticias\/prefeitura-recolhe-45-pessoas-das-ruas-do-centro-do-rio-%e2%80%8e\/","title":{"rendered":"Prefeitura recolhe 45 pessoas das ruas do Centro do Rio \u200e"},"content":{"rendered":"<p>Uma opera\u00e7\u00e3o da Secretaria Municipal de Assist\u00eancia Social (SMAS) recolheu, na manh\u00e3 desta segunda-feira, 45 pessoas das ruas do bairro Centro do Rio de Janeiro. A a\u00e7\u00e3o tem como objetivo combater o crack e remover moradores de rua.<\/p>\n<p>Entre as pessoas est\u00e3o oito menores de idade, de acordo com a SMAS, que contribuiu com 25 profissionais na para o recolhimento. Al\u00e9m disso, agentes da Delegacia de Prote\u00e7\u00e3o \u00e0 Crian\u00e7a e ao Adolescente (DPCA) e do 5\u00ba BPM (Pra\u00e7a da Harmonia) tamb\u00e9m participaram do cerco na Central do Brasil e na Rodovi\u00e1ria.<\/p>\n<p>A prefeitura informou que todas as pessoas foram encaminhadas para abrigos municipais.<br \/>\n<em><br \/>\nFonte: Portal SRZD<\/em><\/p>\n","protected":false},"excerpt":{"rendered":"<p>Uma opera\u00e7\u00e3o da Secretaria Municipal de Assist\u00eancia Social (SMAS) recolheu, na manh\u00e3 desta segunda-feira, 45 pessoas das ruas do bairro Centro do Rio de Janeiro. A a\u00e7\u00e3o tem como objetivo combater o crack e remover moradores de rua. Entre as pessoas est\u00e3o oito menores de idade, de acordo com a SMAS, que contribuiu com 25 [&hellip;]<\/p>\n","protected":false},"author":1,"featured_media":0,"comment_status":"open","ping_status":"open","sticky":false,"template":"","format":"standard","meta":{"footnotes":""},"categories":[6],"tags":[],"class_list":["post-37","post","type-post","status-publish","format-standard","hentry","category-noticias"],"yoast_head":"<!-- This site is optimized with the Yoast SEO plugin v25.9 - https:\/\/yoast.com\/wordpress\/plugins\/seo\/ -->\n<title>Prefeitura recolhe 45 pessoas das ruas do Centro do Rio \u200e - Not\u00edcias do Bairro Centro RJ<\/title>\n<meta name=\"robots\" content=\"index, follow, max-snippet:-1, max-image-preview:large, max-video-preview:-1\" \/>\n<link rel=\"canonical\" href=\"https:\/\/www.encontracentroriodejaneiro.com.br\/noticias\/prefeitura-recolhe-45-pessoas-das-ruas-do-centro-do-rio-\u200e\/\" \/>\n<meta property=\"og:locale\" content=\"pt_BR\" \/>\n<meta property=\"og:type\" content=\"article\" \/>\n<meta property=\"og:title\" content=\"Prefeitura recolhe 45 pessoas das ruas do Centro do Rio \u200e - Not\u00edcias do Bairro Centro RJ\" \/>\n<meta property=\"og:description\" content=\"Uma opera\u00e7\u00e3o da Secretaria Municipal de Assist\u00eancia Social (SMAS) recolheu, na manh\u00e3 desta segunda-feira, 45 pessoas das ruas do bairro Centro do Rio de Janeiro. A a\u00e7\u00e3o tem como objetivo combater o crack e remover moradores de rua. Entre as pessoas est\u00e3o oito menores de idade, de acordo com a SMAS, que contribuiu com 25 [&hellip;]\" \/>\n<meta property=\"og:url\" content=\"https:\/\/www.encontracentroriodejaneiro.com.br\/noticias\/prefeitura-recolhe-45-pessoas-das-ruas-do-centro-do-rio-\u200e\/\" \/>\n<meta property=\"og:site_name\" content=\"Not\u00edcias do Bairro Centro RJ\" \/>\n<meta property=\"article:published_time\" content=\"2011-12-06T18:48:50+00:00\" \/>\n<meta property=\"article:modified_time\" content=\"2013-08-15T16:18:29+00:00\" \/>\n<meta name=\"author\" content=\"Encontra Centro RJ\" \/>\n<meta name=\"twitter:card\" content=\"summary_large_image\" \/>\n<meta name=\"twitter:label1\" content=\"Escrito por\" \/>\n\t<meta name=\"twitter:data1\" content=\"Encontra Centro RJ\" \/>\n\t<meta name=\"twitter:label2\" content=\"Est. tempo de leitura\" \/>\n\t<meta name=\"twitter:data2\" content=\"1 minuto\" \/>\n<script type=\"application\/ld+json\" class=\"yoast-schema-graph\">{\"@context\":\"https:\/\/schema.org\",\"@graph\":[{\"@type\":\"WebPage\",\"@id\":\"https:\/\/www.encontracentroriodejaneiro.com.br\/noticias\/prefeitura-recolhe-45-pessoas-das-ruas-do-centro-do-rio-%e2%80%8e\/\",\"url\":\"https:\/\/www.encontracentroriodejaneiro.com.br\/noticias\/prefeitura-recolhe-45-pessoas-das-ruas-do-centro-do-rio-%e2%80%8e\/\",\"name\":\"Prefeitura recolhe 45 pessoas das ruas do Centro do Rio \u200e - Not\u00edcias do Bairro Centro RJ\",\"isPartOf\":{\"@id\":\"https:\/\/www.encontracentroriodejaneiro.com.br\/noticias\/#website\"},\"datePublished\":\"2011-12-06T18:48:50+00:00\",\"dateModified\":\"2013-08-15T16:18:29+00:00\",\"author\":{\"@id\":\"https:\/\/www.encontracentroriodejaneiro.com.br\/noticias\/#\/schema\/person\/d3a6c0305ffb5ffec8e9c6aefa0cbbce\"},\"breadcrumb\":{\"@id\":\"https:\/\/www.encontracentroriodejaneiro.com.br\/noticias\/prefeitura-recolhe-45-pessoas-das-ruas-do-centro-do-rio-%e2%80%8e\/#breadcrumb\"},\"inLanguage\":\"pt-BR\",\"potentialAction\":[{\"@type\":\"ReadAction\",\"target\":[\"https:\/\/www.encontracentroriodejaneiro.com.br\/noticias\/prefeitura-recolhe-45-pessoas-das-ruas-do-centro-do-rio-%e2%80%8e\/\"]}]},{\"@type\":\"BreadcrumbList\",\"@id\":\"https:\/\/www.encontracentroriodejaneiro.com.br\/noticias\/prefeitura-recolhe-45-pessoas-das-ruas-do-centro-do-rio-%e2%80%8e\/#breadcrumb\",\"itemListElement\":[{\"@type\":\"ListItem\",\"position\":1,\"name\":\"In\u00edcio\",\"item\":\"https:\/\/www.encontracentroriodejaneiro.com.br\/noticias\/\"},{\"@type\":\"ListItem\",\"position\":2,\"name\":\"Prefeitura recolhe 45 pessoas das ruas do Centro do Rio \u200e\"}]},{\"@type\":\"WebSite\",\"@id\":\"https:\/\/www.encontracentroriodejaneiro.com.br\/noticias\/#website\",\"url\":\"https:\/\/www.encontracentroriodejaneiro.com.br\/noticias\/\",\"name\":\"Not\u00edcias do Bairro Centro RJ\",\"description\":\"Not\u00edcias, eventos, informa\u00e7\u00f5es e dicas no Bairro Centro RJ e regi\u00e3o\",\"potentialAction\":[{\"@type\":\"SearchAction\",\"target\":{\"@type\":\"EntryPoint\",\"urlTemplate\":\"https:\/\/www.encontracentroriodejaneiro.com.br\/noticias\/?s={search_term_string}\"},\"query-input\":{\"@type\":\"PropertyValueSpecification\",\"valueRequired\":true,\"valueName\":\"search_term_string\"}}],\"inLanguage\":\"pt-BR\"},{\"@type\":\"Person\",\"@id\":\"https:\/\/www.encontracentroriodejaneiro.com.br\/noticias\/#\/schema\/person\/d3a6c0305ffb5ffec8e9c6aefa0cbbce\",\"name\":\"Encontra Centro RJ\",\"image\":{\"@type\":\"ImageObject\",\"inLanguage\":\"pt-BR\",\"@id\":\"https:\/\/www.encontracentroriodejaneiro.com.br\/noticias\/#\/schema\/person\/image\/\",\"url\":\"https:\/\/secure.gravatar.com\/avatar\/507340682b8270222e1f208e23198b6ae7e2c6a1033ae84e99bc6bce4f82a387?s=96&d=mm&r=g\",\"contentUrl\":\"https:\/\/secure.gravatar.com\/avatar\/507340682b8270222e1f208e23198b6ae7e2c6a1033ae84e99bc6bce4f82a387?s=96&d=mm&r=g\",\"caption\":\"Encontra Centro RJ\"},\"sameAs\":[\"http:\/\/www.encontracentroriodejaneiro.com.br\"],\"url\":\"https:\/\/www.encontracentroriodejaneiro.com.br\/noticias\/author\/ecentroriodejaneiro\/\"}]}<\/script>\n<!-- \/ Yoast SEO plugin. -->","yoast_head_json":{"title":"Prefeitura recolhe 45 pessoas das ruas do Centro do Rio \u200e - Not\u00edcias do Bairro Centro RJ","robots":{"index":"index","follow":"follow","max-snippet":"max-snippet:-1","max-image-preview":"max-image-preview:large","max-video-preview":"max-video-preview:-1"},"canonical":"https:\/\/www.encontracentroriodejaneiro.com.br\/noticias\/prefeitura-recolhe-45-pessoas-das-ruas-do-centro-do-rio-\u200e\/","og_locale":"pt_BR","og_type":"article","og_title":"Prefeitura recolhe 45 pessoas das ruas do Centro do Rio \u200e - Not\u00edcias do Bairro Centro RJ","og_description":"Uma opera\u00e7\u00e3o da Secretaria Municipal de Assist\u00eancia Social (SMAS) recolheu, na manh\u00e3 desta segunda-feira, 45 pessoas das ruas do bairro Centro do Rio de Janeiro. A a\u00e7\u00e3o tem como objetivo combater o crack e remover moradores de rua. Entre as pessoas est\u00e3o oito menores de idade, de acordo com a SMAS, que contribuiu com 25 [&hellip;]","og_url":"https:\/\/www.encontracentroriodejaneiro.com.br\/noticias\/prefeitura-recolhe-45-pessoas-das-ruas-do-centro-do-rio-\u200e\/","og_site_name":"Not\u00edcias do Bairro Centro RJ","article_published_time":"2011-12-06T18:48:50+00:00","article_modified_time":"2013-08-15T16:18:29+00:00","author":"Encontra Centro RJ","twitter_card":"summary_large_image","twitter_misc":{"Escrito por":"Encontra Centro RJ","Est. tempo de leitura":"1 minuto"},"schema":{"@context":"https:\/\/schema.org","@graph":[{"@type":"WebPage","@id":"https:\/\/www.encontracentroriodejaneiro.com.br\/noticias\/prefeitura-recolhe-45-pessoas-das-ruas-do-centro-do-rio-%e2%80%8e\/","url":"https:\/\/www.encontracentroriodejaneiro.com.br\/noticias\/prefeitura-recolhe-45-pessoas-das-ruas-do-centro-do-rio-%e2%80%8e\/","name":"Prefeitura recolhe 45 pessoas das ruas do Centro do Rio \u200e - Not\u00edcias do Bairro Centro RJ","isPartOf":{"@id":"https:\/\/www.encontracentroriodejaneiro.com.br\/noticias\/#website"},"datePublished":"2011-12-06T18:48:50+00:00","dateModified":"2013-08-15T16:18:29+00:00","author":{"@id":"https:\/\/www.encontracentroriodejaneiro.com.br\/noticias\/#\/schema\/person\/d3a6c0305ffb5ffec8e9c6aefa0cbbce"},"breadcrumb":{"@id":"https:\/\/www.encontracentroriodejaneiro.com.br\/noticias\/prefeitura-recolhe-45-pessoas-das-ruas-do-centro-do-rio-%e2%80%8e\/#breadcrumb"},"inLanguage":"pt-BR","potentialAction":[{"@type":"ReadAction","target":["https:\/\/www.encontracentroriodejaneiro.com.br\/noticias\/prefeitura-recolhe-45-pessoas-das-ruas-do-centro-do-rio-%e2%80%8e\/"]}]},{"@type":"BreadcrumbList","@id":"https:\/\/www.encontracentroriodejaneiro.com.br\/noticias\/prefeitura-recolhe-45-pessoas-das-ruas-do-centro-do-rio-%e2%80%8e\/#breadcrumb","itemListElement":[{"@type":"ListItem","position":1,"name":"In\u00edcio","item":"https:\/\/www.encontracentroriodejaneiro.com.br\/noticias\/"},{"@type":"ListItem","position":2,"name":"Prefeitura recolhe 45 pessoas das ruas do Centro do Rio \u200e"}]},{"@type":"WebSite","@id":"https:\/\/www.encontracentroriodejaneiro.com.br\/noticias\/#website","url":"https:\/\/www.encontracentroriodejaneiro.com.br\/noticias\/","name":"Not\u00edcias do Bairro Centro RJ","description":"Not\u00edcias, eventos, informa\u00e7\u00f5es e dicas no Bairro Centro RJ e regi\u00e3o","potentialAction":[{"@type":"SearchAction","target":{"@type":"EntryPoint","urlTemplate":"https:\/\/www.encontracentroriodejaneiro.com.br\/noticias\/?s={search_term_string}"},"query-input":{"@type":"PropertyValueSpecification","valueRequired":true,"valueName":"search_term_string"}}],"inLanguage":"pt-BR"},{"@type":"Person","@id":"https:\/\/www.encontracentroriodejaneiro.com.br\/noticias\/#\/schema\/person\/d3a6c0305ffb5ffec8e9c6aefa0cbbce","name":"Encontra Centro RJ","image":{"@type":"ImageObject","inLanguage":"pt-BR","@id":"https:\/\/www.encontracentroriodejaneiro.com.br\/noticias\/#\/schema\/person\/image\/","url":"https:\/\/secure.gravatar.com\/avatar\/507340682b8270222e1f208e23198b6ae7e2c6a1033ae84e99bc6bce4f82a387?s=96&d=mm&r=g","contentUrl":"https:\/\/secure.gravatar.com\/avatar\/507340682b8270222e1f208e23198b6ae7e2c6a1033ae84e99bc6bce4f82a387?s=96&d=mm&r=g","caption":"Encontra Centro RJ"},"sameAs":["http:\/\/www.encontracentroriodejaneiro.com.br"],"url":"https:\/\/www.encontracentroriodejaneiro.com.br\/noticias\/author\/ecentroriodejaneiro\/"}]}},"_links":{"self":[{"href":"https:\/\/www.encontracentroriodejaneiro.com.br\/noticias\/wp-json\/wp\/v2\/posts\/37","targetHints":{"allow":["GET"]}}],"collection":[{"href":"https:\/\/www.encontracentroriodejaneiro.com.br\/noticias\/wp-json\/wp\/v2\/posts"}],"about":[{"href":"https:\/\/www.encontracentroriodejaneiro.com.br\/noticias\/wp-json\/wp\/v2\/types\/post"}],"author":[{"embeddable":true,"href":"https:\/\/www.encontracentroriodejaneiro.com.br\/noticias\/wp-json\/wp\/v2\/users\/1"}],"replies":[{"embeddable":true,"href":"https:\/\/www.encontracentroriodejaneiro.com.br\/noticias\/wp-json\/wp\/v2\/comments?post=37"}],"version-history":[{"count":3,"href":"https:\/\/www.encontracentroriodejaneiro.com.br\/noticias\/wp-json\/wp\/v2\/posts\/37\/revisions"}],"predecessor-version":[{"id":40,"href":"https:\/\/www.encontracentroriodejaneiro.com.br\/noticias\/wp-json\/wp\/v2\/posts\/37\/revisions\/40"}],"wp:attachment":[{"href":"https:\/\/www.encontracentroriodejaneiro.com.br\/noticias\/wp-json\/wp\/v2\/media?parent=37"}],"wp:term":[{"taxonomy":"category","embeddable":true,"href":"https:\/\/www.encontracentroriodejaneiro.com.br\/noticias\/wp-json\/wp\/v2\/categories?post=37"},{"taxonomy":"post_tag","embeddable":true,"href":"https:\/\/www.encontracentroriodejaneiro.com.br\/noticias\/wp-json\/wp\/v2\/tags?post=37"}],"curies":[{"name":"wp","href":"https:\/\/api.w.org\/{rel}","templated":true}]}}