{"id":41,"date":"2011-12-09T00:38:19","date_gmt":"2011-12-09T02:38:19","guid":{"rendered":"http:\/\/www.encontracentroriodejaneiro.com.br\/noticias\/?p=41"},"modified":"2013-08-15T14:18:30","modified_gmt":"2013-08-15T16:18:30","slug":"palhaceata-desperta-atencao-de-curiosos-no-centro-do-rio-%e2%80%8ede-janeiro","status":"publish","type":"post","link":"https:\/\/www.encontracentroriodejaneiro.com.br\/noticias\/palhaceata-desperta-atencao-de-curiosos-no-centro-do-rio-%e2%80%8ede-janeiro\/","title":{"rendered":"&#8216;Palhaceata&#8217; desperta aten\u00e7\u00e3o de curiosos no centro do Rio \u200ede Janeiro"},"content":{"rendered":"<p>Centenas de palha\u00e7os fizeram nesta quarta-feira (7) uma passeata  diferente no guia centro do Rio de Janeiro, organizada para chamar a aten\u00e7\u00e3o  sobre a import\u00e2ncia do riso na vida. \t   A manifesta\u00e7\u00e3o foi um dos atos  da d\u00e9cima edi\u00e7\u00e3o do Encontro Internacional de Palha\u00e7os, que re\u00fane nesta  semana na cidade artistas circenses e do teatro de nove pa\u00edses europeus e  latino-americanos.<\/p>\n<p>Os palha\u00e7os percorreram v\u00e1rias das mais movimentadas ruas da cidade. A  presen\u00e7a dos artistas causou surpresa na popula\u00e7\u00e3o que trabalha no  centro. \t   &#8220;Vamos esquecer de tudo e nos divertir&#8221;, gritou um dos  representantes do grupo, que chegou a paralisar o tr\u00e1fego na avenida Rio  Branco, uma das principais vias da cidade, por alguns minutos.<\/p>\n<p>Alguns palha\u00e7os levavam cartazes com dizeres como &#8220;eu Rio, e voc\u00ea?&#8221;,  &#8220;como seria o mundo sem riso?&#8221; ou &#8220;a arte est\u00e1 na rua&#8221;. \t   A  manifesta\u00e7\u00e3o foi liderada por uma banda de m\u00fasica e tinha como principal  atra\u00e7\u00e3o um drag\u00e3o chin\u00eas formado por bolas vermelhas, amarelas e  laranjas.<\/p>\n<p>Com seus narizes posti\u00e7os, chap\u00e9us e maquiagem, os palha\u00e7os ofereciam  rosas aos pedestres e tiravam algumas pessoas para dan\u00e7ar. Os donos de  lojas e ambulantes ficaram espantados em ver os artistas andando em  monociclos.<\/p>\n<p>De aposentados a crian\u00e7as, de executivos a engraxates, muitos  cariocas acabaram se juntando \u00e0 manifesta\u00e7\u00e3o. \t   O Encontro  Internacional come\u00e7ou na segunda-feira (5) e vai at\u00e9 domingo (11).<\/p>\n<p><em>Fonte: Portal Ig<\/em><\/p>\n","protected":false},"excerpt":{"rendered":"<p>Centenas de palha\u00e7os fizeram nesta quarta-feira (7) uma passeata diferente no guia centro do Rio de Janeiro, organizada para chamar a aten\u00e7\u00e3o sobre a import\u00e2ncia do riso na vida. A manifesta\u00e7\u00e3o foi um dos atos da d\u00e9cima edi\u00e7\u00e3o do Encontro Internacional de Palha\u00e7os, que re\u00fane nesta semana na cidade artistas circenses e do teatro de [&hellip;]<\/p>\n","protected":false},"author":1,"featured_media":0,"comment_status":"open","ping_status":"open","sticky":false,"template":"","format":"standard","meta":{"footnotes":""},"categories":[6],"tags":[],"class_list":["post-41","post","type-post","status-publish","format-standard","hentry","category-noticias"],"yoast_head":"<!-- This site is optimized with the Yoast SEO plugin v25.9 - https:\/\/yoast.com\/wordpress\/plugins\/seo\/ -->\n<title>&#039;Palhaceata&#039; desperta aten\u00e7\u00e3o de curiosos no centro do Rio \u200ede Janeiro - Not\u00edcias do Bairro Centro RJ<\/title>\n<meta name=\"robots\" content=\"index, follow, max-snippet:-1, max-image-preview:large, max-video-preview:-1\" \/>\n<link rel=\"canonical\" href=\"https:\/\/www.encontracentroriodejaneiro.com.br\/noticias\/palhaceata-desperta-atencao-de-curiosos-no-centro-do-rio-\u200ede-janeiro\/\" \/>\n<meta property=\"og:locale\" content=\"pt_BR\" \/>\n<meta property=\"og:type\" content=\"article\" \/>\n<meta property=\"og:title\" content=\"&#039;Palhaceata&#039; desperta aten\u00e7\u00e3o de curiosos no centro do Rio \u200ede Janeiro - Not\u00edcias do Bairro Centro RJ\" \/>\n<meta property=\"og:description\" content=\"Centenas de palha\u00e7os fizeram nesta quarta-feira (7) uma passeata diferente no guia centro do Rio de Janeiro, organizada para chamar a aten\u00e7\u00e3o sobre a import\u00e2ncia do riso na vida. A manifesta\u00e7\u00e3o foi um dos atos da d\u00e9cima edi\u00e7\u00e3o do Encontro Internacional de Palha\u00e7os, que re\u00fane nesta semana na cidade artistas circenses e do teatro de [&hellip;]\" \/>\n<meta property=\"og:url\" content=\"https:\/\/www.encontracentroriodejaneiro.com.br\/noticias\/palhaceata-desperta-atencao-de-curiosos-no-centro-do-rio-\u200ede-janeiro\/\" \/>\n<meta property=\"og:site_name\" content=\"Not\u00edcias do Bairro Centro RJ\" \/>\n<meta property=\"article:published_time\" content=\"2011-12-09T02:38:19+00:00\" \/>\n<meta property=\"article:modified_time\" content=\"2013-08-15T16:18:30+00:00\" \/>\n<meta name=\"author\" content=\"Encontra Centro RJ\" \/>\n<meta name=\"twitter:card\" content=\"summary_large_image\" \/>\n<meta name=\"twitter:label1\" content=\"Escrito por\" \/>\n\t<meta name=\"twitter:data1\" content=\"Encontra Centro RJ\" \/>\n\t<meta name=\"twitter:label2\" content=\"Est. tempo de leitura\" \/>\n\t<meta name=\"twitter:data2\" content=\"1 minuto\" \/>\n<script type=\"application\/ld+json\" class=\"yoast-schema-graph\">{\"@context\":\"https:\/\/schema.org\",\"@graph\":[{\"@type\":\"WebPage\",\"@id\":\"https:\/\/www.encontracentroriodejaneiro.com.br\/noticias\/palhaceata-desperta-atencao-de-curiosos-no-centro-do-rio-%e2%80%8ede-janeiro\/\",\"url\":\"https:\/\/www.encontracentroriodejaneiro.com.br\/noticias\/palhaceata-desperta-atencao-de-curiosos-no-centro-do-rio-%e2%80%8ede-janeiro\/\",\"name\":\"'Palhaceata' desperta aten\u00e7\u00e3o de curiosos no centro do Rio \u200ede Janeiro - Not\u00edcias do Bairro Centro RJ\",\"isPartOf\":{\"@id\":\"https:\/\/www.encontracentroriodejaneiro.com.br\/noticias\/#website\"},\"datePublished\":\"2011-12-09T02:38:19+00:00\",\"dateModified\":\"2013-08-15T16:18:30+00:00\",\"author\":{\"@id\":\"https:\/\/www.encontracentroriodejaneiro.com.br\/noticias\/#\/schema\/person\/d3a6c0305ffb5ffec8e9c6aefa0cbbce\"},\"breadcrumb\":{\"@id\":\"https:\/\/www.encontracentroriodejaneiro.com.br\/noticias\/palhaceata-desperta-atencao-de-curiosos-no-centro-do-rio-%e2%80%8ede-janeiro\/#breadcrumb\"},\"inLanguage\":\"pt-BR\",\"potentialAction\":[{\"@type\":\"ReadAction\",\"target\":[\"https:\/\/www.encontracentroriodejaneiro.com.br\/noticias\/palhaceata-desperta-atencao-de-curiosos-no-centro-do-rio-%e2%80%8ede-janeiro\/\"]}]},{\"@type\":\"BreadcrumbList\",\"@id\":\"https:\/\/www.encontracentroriodejaneiro.com.br\/noticias\/palhaceata-desperta-atencao-de-curiosos-no-centro-do-rio-%e2%80%8ede-janeiro\/#breadcrumb\",\"itemListElement\":[{\"@type\":\"ListItem\",\"position\":1,\"name\":\"In\u00edcio\",\"item\":\"https:\/\/www.encontracentroriodejaneiro.com.br\/noticias\/\"},{\"@type\":\"ListItem\",\"position\":2,\"name\":\"&#8216;Palhaceata&#8217; desperta aten\u00e7\u00e3o de curiosos no centro do Rio \u200ede Janeiro\"}]},{\"@type\":\"WebSite\",\"@id\":\"https:\/\/www.encontracentroriodejaneiro.com.br\/noticias\/#website\",\"url\":\"https:\/\/www.encontracentroriodejaneiro.com.br\/noticias\/\",\"name\":\"Not\u00edcias do Bairro Centro RJ\",\"description\":\"Not\u00edcias, eventos, informa\u00e7\u00f5es e dicas no Bairro Centro RJ e regi\u00e3o\",\"potentialAction\":[{\"@type\":\"SearchAction\",\"target\":{\"@type\":\"EntryPoint\",\"urlTemplate\":\"https:\/\/www.encontracentroriodejaneiro.com.br\/noticias\/?s={search_term_string}\"},\"query-input\":{\"@type\":\"PropertyValueSpecification\",\"valueRequired\":true,\"valueName\":\"search_term_string\"}}],\"inLanguage\":\"pt-BR\"},{\"@type\":\"Person\",\"@id\":\"https:\/\/www.encontracentroriodejaneiro.com.br\/noticias\/#\/schema\/person\/d3a6c0305ffb5ffec8e9c6aefa0cbbce\",\"name\":\"Encontra Centro RJ\",\"image\":{\"@type\":\"ImageObject\",\"inLanguage\":\"pt-BR\",\"@id\":\"https:\/\/www.encontracentroriodejaneiro.com.br\/noticias\/#\/schema\/person\/image\/\",\"url\":\"https:\/\/secure.gravatar.com\/avatar\/507340682b8270222e1f208e23198b6ae7e2c6a1033ae84e99bc6bce4f82a387?s=96&d=mm&r=g\",\"contentUrl\":\"https:\/\/secure.gravatar.com\/avatar\/507340682b8270222e1f208e23198b6ae7e2c6a1033ae84e99bc6bce4f82a387?s=96&d=mm&r=g\",\"caption\":\"Encontra Centro RJ\"},\"sameAs\":[\"http:\/\/www.encontracentroriodejaneiro.com.br\"],\"url\":\"https:\/\/www.encontracentroriodejaneiro.com.br\/noticias\/author\/ecentroriodejaneiro\/\"}]}<\/script>\n<!-- \/ Yoast SEO plugin. -->","yoast_head_json":{"title":"'Palhaceata' desperta aten\u00e7\u00e3o de curiosos no centro do Rio \u200ede Janeiro - Not\u00edcias do Bairro Centro RJ","robots":{"index":"index","follow":"follow","max-snippet":"max-snippet:-1","max-image-preview":"max-image-preview:large","max-video-preview":"max-video-preview:-1"},"canonical":"https:\/\/www.encontracentroriodejaneiro.com.br\/noticias\/palhaceata-desperta-atencao-de-curiosos-no-centro-do-rio-\u200ede-janeiro\/","og_locale":"pt_BR","og_type":"article","og_title":"'Palhaceata' desperta aten\u00e7\u00e3o de curiosos no centro do Rio \u200ede Janeiro - Not\u00edcias do Bairro Centro RJ","og_description":"Centenas de palha\u00e7os fizeram nesta quarta-feira (7) uma passeata diferente no guia centro do Rio de Janeiro, organizada para chamar a aten\u00e7\u00e3o sobre a import\u00e2ncia do riso na vida. A manifesta\u00e7\u00e3o foi um dos atos da d\u00e9cima edi\u00e7\u00e3o do Encontro Internacional de Palha\u00e7os, que re\u00fane nesta semana na cidade artistas circenses e do teatro de [&hellip;]","og_url":"https:\/\/www.encontracentroriodejaneiro.com.br\/noticias\/palhaceata-desperta-atencao-de-curiosos-no-centro-do-rio-\u200ede-janeiro\/","og_site_name":"Not\u00edcias do Bairro Centro RJ","article_published_time":"2011-12-09T02:38:19+00:00","article_modified_time":"2013-08-15T16:18:30+00:00","author":"Encontra Centro RJ","twitter_card":"summary_large_image","twitter_misc":{"Escrito por":"Encontra Centro RJ","Est. tempo de leitura":"1 minuto"},"schema":{"@context":"https:\/\/schema.org","@graph":[{"@type":"WebPage","@id":"https:\/\/www.encontracentroriodejaneiro.com.br\/noticias\/palhaceata-desperta-atencao-de-curiosos-no-centro-do-rio-%e2%80%8ede-janeiro\/","url":"https:\/\/www.encontracentroriodejaneiro.com.br\/noticias\/palhaceata-desperta-atencao-de-curiosos-no-centro-do-rio-%e2%80%8ede-janeiro\/","name":"'Palhaceata' desperta aten\u00e7\u00e3o de curiosos no centro do Rio \u200ede Janeiro - Not\u00edcias do Bairro Centro RJ","isPartOf":{"@id":"https:\/\/www.encontracentroriodejaneiro.com.br\/noticias\/#website"},"datePublished":"2011-12-09T02:38:19+00:00","dateModified":"2013-08-15T16:18:30+00:00","author":{"@id":"https:\/\/www.encontracentroriodejaneiro.com.br\/noticias\/#\/schema\/person\/d3a6c0305ffb5ffec8e9c6aefa0cbbce"},"breadcrumb":{"@id":"https:\/\/www.encontracentroriodejaneiro.com.br\/noticias\/palhaceata-desperta-atencao-de-curiosos-no-centro-do-rio-%e2%80%8ede-janeiro\/#breadcrumb"},"inLanguage":"pt-BR","potentialAction":[{"@type":"ReadAction","target":["https:\/\/www.encontracentroriodejaneiro.com.br\/noticias\/palhaceata-desperta-atencao-de-curiosos-no-centro-do-rio-%e2%80%8ede-janeiro\/"]}]},{"@type":"BreadcrumbList","@id":"https:\/\/www.encontracentroriodejaneiro.com.br\/noticias\/palhaceata-desperta-atencao-de-curiosos-no-centro-do-rio-%e2%80%8ede-janeiro\/#breadcrumb","itemListElement":[{"@type":"ListItem","position":1,"name":"In\u00edcio","item":"https:\/\/www.encontracentroriodejaneiro.com.br\/noticias\/"},{"@type":"ListItem","position":2,"name":"&#8216;Palhaceata&#8217; desperta aten\u00e7\u00e3o de curiosos no centro do Rio \u200ede Janeiro"}]},{"@type":"WebSite","@id":"https:\/\/www.encontracentroriodejaneiro.com.br\/noticias\/#website","url":"https:\/\/www.encontracentroriodejaneiro.com.br\/noticias\/","name":"Not\u00edcias do Bairro Centro RJ","description":"Not\u00edcias, eventos, informa\u00e7\u00f5es e dicas no Bairro Centro RJ e regi\u00e3o","potentialAction":[{"@type":"SearchAction","target":{"@type":"EntryPoint","urlTemplate":"https:\/\/www.encontracentroriodejaneiro.com.br\/noticias\/?s={search_term_string}"},"query-input":{"@type":"PropertyValueSpecification","valueRequired":true,"valueName":"search_term_string"}}],"inLanguage":"pt-BR"},{"@type":"Person","@id":"https:\/\/www.encontracentroriodejaneiro.com.br\/noticias\/#\/schema\/person\/d3a6c0305ffb5ffec8e9c6aefa0cbbce","name":"Encontra Centro RJ","image":{"@type":"ImageObject","inLanguage":"pt-BR","@id":"https:\/\/www.encontracentroriodejaneiro.com.br\/noticias\/#\/schema\/person\/image\/","url":"https:\/\/secure.gravatar.com\/avatar\/507340682b8270222e1f208e23198b6ae7e2c6a1033ae84e99bc6bce4f82a387?s=96&d=mm&r=g","contentUrl":"https:\/\/secure.gravatar.com\/avatar\/507340682b8270222e1f208e23198b6ae7e2c6a1033ae84e99bc6bce4f82a387?s=96&d=mm&r=g","caption":"Encontra Centro RJ"},"sameAs":["http:\/\/www.encontracentroriodejaneiro.com.br"],"url":"https:\/\/www.encontracentroriodejaneiro.com.br\/noticias\/author\/ecentroriodejaneiro\/"}]}},"_links":{"self":[{"href":"https:\/\/www.encontracentroriodejaneiro.com.br\/noticias\/wp-json\/wp\/v2\/posts\/41","targetHints":{"allow":["GET"]}}],"collection":[{"href":"https:\/\/www.encontracentroriodejaneiro.com.br\/noticias\/wp-json\/wp\/v2\/posts"}],"about":[{"href":"https:\/\/www.encontracentroriodejaneiro.com.br\/noticias\/wp-json\/wp\/v2\/types\/post"}],"author":[{"embeddable":true,"href":"https:\/\/www.encontracentroriodejaneiro.com.br\/noticias\/wp-json\/wp\/v2\/users\/1"}],"replies":[{"embeddable":true,"href":"https:\/\/www.encontracentroriodejaneiro.com.br\/noticias\/wp-json\/wp\/v2\/comments?post=41"}],"version-history":[{"count":6,"href":"https:\/\/www.encontracentroriodejaneiro.com.br\/noticias\/wp-json\/wp\/v2\/posts\/41\/revisions"}],"predecessor-version":[{"id":792,"href":"https:\/\/www.encontracentroriodejaneiro.com.br\/noticias\/wp-json\/wp\/v2\/posts\/41\/revisions\/792"}],"wp:attachment":[{"href":"https:\/\/www.encontracentroriodejaneiro.com.br\/noticias\/wp-json\/wp\/v2\/media?parent=41"}],"wp:term":[{"taxonomy":"category","embeddable":true,"href":"https:\/\/www.encontracentroriodejaneiro.com.br\/noticias\/wp-json\/wp\/v2\/categories?post=41"},{"taxonomy":"post_tag","embeddable":true,"href":"https:\/\/www.encontracentroriodejaneiro.com.br\/noticias\/wp-json\/wp\/v2\/tags?post=41"}],"curies":[{"name":"wp","href":"https:\/\/api.w.org\/{rel}","templated":true}]}}