{"id":43,"date":"2011-12-09T00:08:51","date_gmt":"2011-12-09T02:08:51","guid":{"rendered":"http:\/\/www.encontracentroriodejaneiro.com.br\/noticias\/?p=43"},"modified":"2013-08-15T14:18:30","modified_gmt":"2013-08-15T16:18:30","slug":"centro-rj-pf-apreende-lista-de-funcionarios-ativos-e-inativos-na-sede-do-tce-rj","status":"publish","type":"post","link":"https:\/\/www.encontracentroriodejaneiro.com.br\/noticias\/centro-rj-pf-apreende-lista-de-funcionarios-ativos-e-inativos-na-sede-do-tce-rj\/","title":{"rendered":"Centro RJ: PF apreende lista de funcion\u00e1rios ativos e inativos na sede do TCE-RJ"},"content":{"rendered":"<p>A Pol\u00edcia Federal cumpriu, nesta quarta-feira (7), um mandado judicial  de busca e apreens\u00e3o na sede do Tribunal de Contas do Estado do Rio de  Janeiro (TCE-RJ), no Encontra Centro do RJ. Os agentes estiveram pela manh\u00e3  no setor de recursos humanos e apreenderam documentos com nomes de  funcion\u00e1rios ativos e inativos do tribunal.<\/p>\n<p>A opera\u00e7\u00e3o aconteceu por determina\u00e7\u00e3o do Superior Tribunal de Justi\u00e7a (STJ).<\/p>\n<p>O Minist\u00e9rio P\u00fablico Federal (MPF) confirmou o pedido ao STJ para a  opera\u00e7\u00e3o da Pol\u00edcia Federal. Mas alegando que a investiga\u00e7\u00e3o \u00e9 sigilosa,  n\u00e3o informou qual foi o objetivo do pedido destes documentos.<\/p>\n<p>Em 2009, a deputada Cidinha Campos (PDT) presidiu uma CPI para  investigar den\u00fancias de corrup\u00e7\u00e3o praticada por conselheiros do TCE-RJ e  tamb\u00e9m por s\u00f3cios da empresa Instituto de Gest\u00e3o Fiscal &#8211; Grupo Sim.  Segundo as investiga\u00e7\u00f5es da CPI, a Sim prestava &#8220;consultoria especial&#8221;  para que munic\u00edpios fluminenses com irregularidades em suas contas,  tivessem estas mesmas contas aprovadas pelo TCE-RJ.<\/p>\n<p>Durante a CPI, a comiss\u00e3o passou a investigar tamb\u00e9m den\u00fancias de que  havia funcion\u00e1rios contratados de maneira irregular no TCE-RJ. Os atos  de improbidade viraram investiga\u00e7\u00f5es no Minist\u00e9rio P\u00fablico estadual e,  posteriormente, na Procuradoria Geral da Rep\u00fablica.<\/p>\n<p>De acordo com a den\u00fancia, conselheiros do TCE-RJ requisitavam  servidores de munic\u00edpios do Rio para prestarem servi\u00e7os em seu gabinete.  Mas na verdade essas pessoas n\u00e3o eram servidoras p\u00fablicas. H\u00e1 suspeitas  de que s\u00e3o funcion\u00e1rios fantasmas.<\/p>\n<p>O relat\u00f3rio final da CPI pediu a abertura de uma a\u00e7\u00e3o penal no Superior  Tribunal de Justi\u00e7a. O documento foi encaminhado \u00e0 Procuradoria Geral  da Rep\u00fablica e tamb\u00e9m a outros \u00f3rg\u00e3os do executivo, judici\u00e1rio e do  legislativo.<br \/>\n<em><br \/>\nFonte: G1<\/em><\/p>\n","protected":false},"excerpt":{"rendered":"<p>A Pol\u00edcia Federal cumpriu, nesta quarta-feira (7), um mandado judicial de busca e apreens\u00e3o na sede do Tribunal de Contas do Estado do Rio de Janeiro (TCE-RJ), no Encontra Centro do RJ. Os agentes estiveram pela manh\u00e3 no setor de recursos humanos e apreenderam documentos com nomes de funcion\u00e1rios ativos e inativos do tribunal. A [&hellip;]<\/p>\n","protected":false},"author":1,"featured_media":0,"comment_status":"open","ping_status":"open","sticky":false,"template":"","format":"standard","meta":{"footnotes":""},"categories":[6],"tags":[],"class_list":["post-43","post","type-post","status-publish","format-standard","hentry","category-noticias"],"yoast_head":"<!-- This site is optimized with the Yoast SEO plugin v25.9 - https:\/\/yoast.com\/wordpress\/plugins\/seo\/ -->\n<title>Centro RJ: PF apreende lista de funcion\u00e1rios ativos e inativos na sede do TCE-RJ - Not\u00edcias do Bairro Centro RJ<\/title>\n<meta name=\"robots\" content=\"index, follow, max-snippet:-1, max-image-preview:large, max-video-preview:-1\" \/>\n<link rel=\"canonical\" href=\"https:\/\/www.encontracentroriodejaneiro.com.br\/noticias\/centro-rj-pf-apreende-lista-de-funcionarios-ativos-e-inativos-na-sede-do-tce-rj\/\" \/>\n<meta property=\"og:locale\" content=\"pt_BR\" \/>\n<meta property=\"og:type\" content=\"article\" \/>\n<meta property=\"og:title\" content=\"Centro RJ: PF apreende lista de funcion\u00e1rios ativos e inativos na sede do TCE-RJ - Not\u00edcias do Bairro Centro RJ\" \/>\n<meta property=\"og:description\" content=\"A Pol\u00edcia Federal cumpriu, nesta quarta-feira (7), um mandado judicial de busca e apreens\u00e3o na sede do Tribunal de Contas do Estado do Rio de Janeiro (TCE-RJ), no Encontra Centro do RJ. Os agentes estiveram pela manh\u00e3 no setor de recursos humanos e apreenderam documentos com nomes de funcion\u00e1rios ativos e inativos do tribunal. A [&hellip;]\" \/>\n<meta property=\"og:url\" content=\"https:\/\/www.encontracentroriodejaneiro.com.br\/noticias\/centro-rj-pf-apreende-lista-de-funcionarios-ativos-e-inativos-na-sede-do-tce-rj\/\" \/>\n<meta property=\"og:site_name\" content=\"Not\u00edcias do Bairro Centro RJ\" \/>\n<meta property=\"article:published_time\" content=\"2011-12-09T02:08:51+00:00\" \/>\n<meta property=\"article:modified_time\" content=\"2013-08-15T16:18:30+00:00\" \/>\n<meta name=\"author\" content=\"Encontra Centro RJ\" \/>\n<meta name=\"twitter:card\" content=\"summary_large_image\" \/>\n<meta name=\"twitter:label1\" content=\"Escrito por\" \/>\n\t<meta name=\"twitter:data1\" content=\"Encontra Centro RJ\" \/>\n\t<meta name=\"twitter:label2\" content=\"Est. tempo de leitura\" \/>\n\t<meta name=\"twitter:data2\" content=\"2 minutos\" \/>\n<script type=\"application\/ld+json\" class=\"yoast-schema-graph\">{\"@context\":\"https:\/\/schema.org\",\"@graph\":[{\"@type\":\"WebPage\",\"@id\":\"https:\/\/www.encontracentroriodejaneiro.com.br\/noticias\/centro-rj-pf-apreende-lista-de-funcionarios-ativos-e-inativos-na-sede-do-tce-rj\/\",\"url\":\"https:\/\/www.encontracentroriodejaneiro.com.br\/noticias\/centro-rj-pf-apreende-lista-de-funcionarios-ativos-e-inativos-na-sede-do-tce-rj\/\",\"name\":\"Centro RJ: PF apreende lista de funcion\u00e1rios ativos e inativos na sede do TCE-RJ - Not\u00edcias do Bairro Centro RJ\",\"isPartOf\":{\"@id\":\"https:\/\/www.encontracentroriodejaneiro.com.br\/noticias\/#website\"},\"datePublished\":\"2011-12-09T02:08:51+00:00\",\"dateModified\":\"2013-08-15T16:18:30+00:00\",\"author\":{\"@id\":\"https:\/\/www.encontracentroriodejaneiro.com.br\/noticias\/#\/schema\/person\/d3a6c0305ffb5ffec8e9c6aefa0cbbce\"},\"breadcrumb\":{\"@id\":\"https:\/\/www.encontracentroriodejaneiro.com.br\/noticias\/centro-rj-pf-apreende-lista-de-funcionarios-ativos-e-inativos-na-sede-do-tce-rj\/#breadcrumb\"},\"inLanguage\":\"pt-BR\",\"potentialAction\":[{\"@type\":\"ReadAction\",\"target\":[\"https:\/\/www.encontracentroriodejaneiro.com.br\/noticias\/centro-rj-pf-apreende-lista-de-funcionarios-ativos-e-inativos-na-sede-do-tce-rj\/\"]}]},{\"@type\":\"BreadcrumbList\",\"@id\":\"https:\/\/www.encontracentroriodejaneiro.com.br\/noticias\/centro-rj-pf-apreende-lista-de-funcionarios-ativos-e-inativos-na-sede-do-tce-rj\/#breadcrumb\",\"itemListElement\":[{\"@type\":\"ListItem\",\"position\":1,\"name\":\"In\u00edcio\",\"item\":\"https:\/\/www.encontracentroriodejaneiro.com.br\/noticias\/\"},{\"@type\":\"ListItem\",\"position\":2,\"name\":\"Centro RJ: PF apreende lista de funcion\u00e1rios ativos e inativos na sede do TCE-RJ\"}]},{\"@type\":\"WebSite\",\"@id\":\"https:\/\/www.encontracentroriodejaneiro.com.br\/noticias\/#website\",\"url\":\"https:\/\/www.encontracentroriodejaneiro.com.br\/noticias\/\",\"name\":\"Not\u00edcias do Bairro Centro RJ\",\"description\":\"Not\u00edcias, eventos, informa\u00e7\u00f5es e dicas no Bairro Centro RJ e regi\u00e3o\",\"potentialAction\":[{\"@type\":\"SearchAction\",\"target\":{\"@type\":\"EntryPoint\",\"urlTemplate\":\"https:\/\/www.encontracentroriodejaneiro.com.br\/noticias\/?s={search_term_string}\"},\"query-input\":{\"@type\":\"PropertyValueSpecification\",\"valueRequired\":true,\"valueName\":\"search_term_string\"}}],\"inLanguage\":\"pt-BR\"},{\"@type\":\"Person\",\"@id\":\"https:\/\/www.encontracentroriodejaneiro.com.br\/noticias\/#\/schema\/person\/d3a6c0305ffb5ffec8e9c6aefa0cbbce\",\"name\":\"Encontra Centro RJ\",\"image\":{\"@type\":\"ImageObject\",\"inLanguage\":\"pt-BR\",\"@id\":\"https:\/\/www.encontracentroriodejaneiro.com.br\/noticias\/#\/schema\/person\/image\/\",\"url\":\"https:\/\/secure.gravatar.com\/avatar\/507340682b8270222e1f208e23198b6ae7e2c6a1033ae84e99bc6bce4f82a387?s=96&d=mm&r=g\",\"contentUrl\":\"https:\/\/secure.gravatar.com\/avatar\/507340682b8270222e1f208e23198b6ae7e2c6a1033ae84e99bc6bce4f82a387?s=96&d=mm&r=g\",\"caption\":\"Encontra Centro RJ\"},\"sameAs\":[\"http:\/\/www.encontracentroriodejaneiro.com.br\"],\"url\":\"https:\/\/www.encontracentroriodejaneiro.com.br\/noticias\/author\/ecentroriodejaneiro\/\"}]}<\/script>\n<!-- \/ Yoast SEO plugin. -->","yoast_head_json":{"title":"Centro RJ: PF apreende lista de funcion\u00e1rios ativos e inativos na sede do TCE-RJ - Not\u00edcias do Bairro Centro RJ","robots":{"index":"index","follow":"follow","max-snippet":"max-snippet:-1","max-image-preview":"max-image-preview:large","max-video-preview":"max-video-preview:-1"},"canonical":"https:\/\/www.encontracentroriodejaneiro.com.br\/noticias\/centro-rj-pf-apreende-lista-de-funcionarios-ativos-e-inativos-na-sede-do-tce-rj\/","og_locale":"pt_BR","og_type":"article","og_title":"Centro RJ: PF apreende lista de funcion\u00e1rios ativos e inativos na sede do TCE-RJ - Not\u00edcias do Bairro Centro RJ","og_description":"A Pol\u00edcia Federal cumpriu, nesta quarta-feira (7), um mandado judicial de busca e apreens\u00e3o na sede do Tribunal de Contas do Estado do Rio de Janeiro (TCE-RJ), no Encontra Centro do RJ. Os agentes estiveram pela manh\u00e3 no setor de recursos humanos e apreenderam documentos com nomes de funcion\u00e1rios ativos e inativos do tribunal. A [&hellip;]","og_url":"https:\/\/www.encontracentroriodejaneiro.com.br\/noticias\/centro-rj-pf-apreende-lista-de-funcionarios-ativos-e-inativos-na-sede-do-tce-rj\/","og_site_name":"Not\u00edcias do Bairro Centro RJ","article_published_time":"2011-12-09T02:08:51+00:00","article_modified_time":"2013-08-15T16:18:30+00:00","author":"Encontra Centro RJ","twitter_card":"summary_large_image","twitter_misc":{"Escrito por":"Encontra Centro RJ","Est. tempo de leitura":"2 minutos"},"schema":{"@context":"https:\/\/schema.org","@graph":[{"@type":"WebPage","@id":"https:\/\/www.encontracentroriodejaneiro.com.br\/noticias\/centro-rj-pf-apreende-lista-de-funcionarios-ativos-e-inativos-na-sede-do-tce-rj\/","url":"https:\/\/www.encontracentroriodejaneiro.com.br\/noticias\/centro-rj-pf-apreende-lista-de-funcionarios-ativos-e-inativos-na-sede-do-tce-rj\/","name":"Centro RJ: PF apreende lista de funcion\u00e1rios ativos e inativos na sede do TCE-RJ - Not\u00edcias do Bairro Centro RJ","isPartOf":{"@id":"https:\/\/www.encontracentroriodejaneiro.com.br\/noticias\/#website"},"datePublished":"2011-12-09T02:08:51+00:00","dateModified":"2013-08-15T16:18:30+00:00","author":{"@id":"https:\/\/www.encontracentroriodejaneiro.com.br\/noticias\/#\/schema\/person\/d3a6c0305ffb5ffec8e9c6aefa0cbbce"},"breadcrumb":{"@id":"https:\/\/www.encontracentroriodejaneiro.com.br\/noticias\/centro-rj-pf-apreende-lista-de-funcionarios-ativos-e-inativos-na-sede-do-tce-rj\/#breadcrumb"},"inLanguage":"pt-BR","potentialAction":[{"@type":"ReadAction","target":["https:\/\/www.encontracentroriodejaneiro.com.br\/noticias\/centro-rj-pf-apreende-lista-de-funcionarios-ativos-e-inativos-na-sede-do-tce-rj\/"]}]},{"@type":"BreadcrumbList","@id":"https:\/\/www.encontracentroriodejaneiro.com.br\/noticias\/centro-rj-pf-apreende-lista-de-funcionarios-ativos-e-inativos-na-sede-do-tce-rj\/#breadcrumb","itemListElement":[{"@type":"ListItem","position":1,"name":"In\u00edcio","item":"https:\/\/www.encontracentroriodejaneiro.com.br\/noticias\/"},{"@type":"ListItem","position":2,"name":"Centro RJ: PF apreende lista de funcion\u00e1rios ativos e inativos na sede do TCE-RJ"}]},{"@type":"WebSite","@id":"https:\/\/www.encontracentroriodejaneiro.com.br\/noticias\/#website","url":"https:\/\/www.encontracentroriodejaneiro.com.br\/noticias\/","name":"Not\u00edcias do Bairro Centro RJ","description":"Not\u00edcias, eventos, informa\u00e7\u00f5es e dicas no Bairro Centro RJ e regi\u00e3o","potentialAction":[{"@type":"SearchAction","target":{"@type":"EntryPoint","urlTemplate":"https:\/\/www.encontracentroriodejaneiro.com.br\/noticias\/?s={search_term_string}"},"query-input":{"@type":"PropertyValueSpecification","valueRequired":true,"valueName":"search_term_string"}}],"inLanguage":"pt-BR"},{"@type":"Person","@id":"https:\/\/www.encontracentroriodejaneiro.com.br\/noticias\/#\/schema\/person\/d3a6c0305ffb5ffec8e9c6aefa0cbbce","name":"Encontra Centro RJ","image":{"@type":"ImageObject","inLanguage":"pt-BR","@id":"https:\/\/www.encontracentroriodejaneiro.com.br\/noticias\/#\/schema\/person\/image\/","url":"https:\/\/secure.gravatar.com\/avatar\/507340682b8270222e1f208e23198b6ae7e2c6a1033ae84e99bc6bce4f82a387?s=96&d=mm&r=g","contentUrl":"https:\/\/secure.gravatar.com\/avatar\/507340682b8270222e1f208e23198b6ae7e2c6a1033ae84e99bc6bce4f82a387?s=96&d=mm&r=g","caption":"Encontra Centro RJ"},"sameAs":["http:\/\/www.encontracentroriodejaneiro.com.br"],"url":"https:\/\/www.encontracentroriodejaneiro.com.br\/noticias\/author\/ecentroriodejaneiro\/"}]}},"_links":{"self":[{"href":"https:\/\/www.encontracentroriodejaneiro.com.br\/noticias\/wp-json\/wp\/v2\/posts\/43","targetHints":{"allow":["GET"]}}],"collection":[{"href":"https:\/\/www.encontracentroriodejaneiro.com.br\/noticias\/wp-json\/wp\/v2\/posts"}],"about":[{"href":"https:\/\/www.encontracentroriodejaneiro.com.br\/noticias\/wp-json\/wp\/v2\/types\/post"}],"author":[{"embeddable":true,"href":"https:\/\/www.encontracentroriodejaneiro.com.br\/noticias\/wp-json\/wp\/v2\/users\/1"}],"replies":[{"embeddable":true,"href":"https:\/\/www.encontracentroriodejaneiro.com.br\/noticias\/wp-json\/wp\/v2\/comments?post=43"}],"version-history":[{"count":5,"href":"https:\/\/www.encontracentroriodejaneiro.com.br\/noticias\/wp-json\/wp\/v2\/posts\/43\/revisions"}],"predecessor-version":[{"id":781,"href":"https:\/\/www.encontracentroriodejaneiro.com.br\/noticias\/wp-json\/wp\/v2\/posts\/43\/revisions\/781"}],"wp:attachment":[{"href":"https:\/\/www.encontracentroriodejaneiro.com.br\/noticias\/wp-json\/wp\/v2\/media?parent=43"}],"wp:term":[{"taxonomy":"category","embeddable":true,"href":"https:\/\/www.encontracentroriodejaneiro.com.br\/noticias\/wp-json\/wp\/v2\/categories?post=43"},{"taxonomy":"post_tag","embeddable":true,"href":"https:\/\/www.encontracentroriodejaneiro.com.br\/noticias\/wp-json\/wp\/v2\/tags?post=43"}],"curies":[{"name":"wp","href":"https:\/\/api.w.org\/{rel}","templated":true}]}}