{"id":45,"date":"2011-12-14T11:23:14","date_gmt":"2011-12-14T13:23:14","guid":{"rendered":"http:\/\/www.encontracentroriodejaneiro.com.br\/noticias\/?p=45"},"modified":"2013-08-15T14:18:30","modified_gmt":"2013-08-15T16:18:30","slug":"centro-rj-instituicao-oferece-vagas-para-eletricistas","status":"publish","type":"post","link":"https:\/\/www.encontracentroriodejaneiro.com.br\/noticias\/centro-rj-instituicao-oferece-vagas-para-eletricistas\/","title":{"rendered":"Centro RJ: Institui\u00e7\u00e3o oferece vagas para eletricistas"},"content":{"rendered":"<p>A car\u00eancia de profissionais eletricistas no Rio est\u00e1 levando algumas   empresas a investirem em treinamento de m\u00e3o de obra. A falta de   profissionais atinge as grandes e pequenas empresas.<\/p>\n<p>De acordo  com a Light, concession\u00e1ria de energia respons\u00e1vel pelo  fornecimento de  luz para 31 munic\u00edpios do estado, incluindo a capital, a  falta de  profissionais qualificados chega a impedir a realiza\u00e7\u00e3o de   investimentos previstos pela empresa.<\/p>\n<p><strong>CEAT<\/strong><br \/>\nO Centro de  Atendimento ao Trabalhador (CEAT\/RJ) oferece vagas para  eletricistas.  Hor\u00e1rio de funcionamento: das 8h \u00e0s 17, de segunda a  sexta-feira<\/p>\n<p>Unidade Catedral &#8211; Banco da Provid\u00eancia<br \/>\nAvenida Rep\u00fablica do Chile, 245, Encontra Centro do Rj<br \/>\nEstacionamento da Catedral &#8211; Entrada pelo Banco da Provid\u00eancia<\/p>\n<p>Unidade Santa Cruz<br \/>\nPra\u00e7a Dom Romualdo, n\u00b0 11, Santa Cruz<br \/>\nDentro da Igreja Nossa Senhora da Concei\u00e7\u00e3o<\/p>\n<p>Unidade Penha &#8211; Zona Norte<br \/>\nLargo da Penha, n\u00b0 19 &#8211; Encontra Penha<br \/>\nAo lado do Parque Shangai<\/p>\n<p><strong>CATRJ<\/p>\n<p><\/strong>A inscri\u00e7\u00e3o para concorrer \u00e0s vagas pode ser feita na CATRJ, na  Rua Chaves Faria, 260, em S\u00e3o Crist\u00f3v\u00e3o (perto da Quinta da Boa Vista e  do Largo da Cancela). \u00c9 preciso levar carteira de trabalho, identidade,  CPF e cart\u00e3o do PIS.<\/p>\n<p>A CATRJ funciona de segunda a sexta, das 8h \u00e0s 17h. No site da CATRJ tamb\u00e9m \u00e9 poss\u00edvel conferir as vagas abertas e se inscrever.<\/p>\n<p>Secretaria estadual de Trabalho e Renda<br \/>\nOs trabalhadores interessados em vagas de emprego podem se dirigir a uma  das 63 ag\u00eancias do Sine em todo o estado. Para acessar os endere\u00e7os do  sine \u00e9 s\u00f3 entrar no portal do trabalho.<br \/>\n<em><br \/>\nFonte: G1<\/em><\/p>\n","protected":false},"excerpt":{"rendered":"<p>A car\u00eancia de profissionais eletricistas no Rio est\u00e1 levando algumas empresas a investirem em treinamento de m\u00e3o de obra. A falta de profissionais atinge as grandes e pequenas empresas. De acordo com a Light, concession\u00e1ria de energia respons\u00e1vel pelo fornecimento de luz para 31 munic\u00edpios do estado, incluindo a capital, a falta de profissionais qualificados [&hellip;]<\/p>\n","protected":false},"author":1,"featured_media":0,"comment_status":"open","ping_status":"open","sticky":false,"template":"","format":"standard","meta":{"footnotes":""},"categories":[6],"tags":[],"class_list":["post-45","post","type-post","status-publish","format-standard","hentry","category-noticias"],"yoast_head":"<!-- This site is optimized with the Yoast SEO plugin v25.9 - https:\/\/yoast.com\/wordpress\/plugins\/seo\/ -->\n<title>Centro RJ: Institui\u00e7\u00e3o oferece vagas para eletricistas - Not\u00edcias do Bairro Centro RJ<\/title>\n<meta name=\"robots\" content=\"index, follow, max-snippet:-1, max-image-preview:large, max-video-preview:-1\" \/>\n<link rel=\"canonical\" href=\"https:\/\/www.encontracentroriodejaneiro.com.br\/noticias\/centro-rj-instituicao-oferece-vagas-para-eletricistas\/\" \/>\n<meta property=\"og:locale\" content=\"pt_BR\" \/>\n<meta property=\"og:type\" content=\"article\" \/>\n<meta property=\"og:title\" content=\"Centro RJ: Institui\u00e7\u00e3o oferece vagas para eletricistas - Not\u00edcias do Bairro Centro RJ\" \/>\n<meta property=\"og:description\" content=\"A car\u00eancia de profissionais eletricistas no Rio est\u00e1 levando algumas empresas a investirem em treinamento de m\u00e3o de obra. A falta de profissionais atinge as grandes e pequenas empresas. De acordo com a Light, concession\u00e1ria de energia respons\u00e1vel pelo fornecimento de luz para 31 munic\u00edpios do estado, incluindo a capital, a falta de profissionais qualificados [&hellip;]\" \/>\n<meta property=\"og:url\" content=\"https:\/\/www.encontracentroriodejaneiro.com.br\/noticias\/centro-rj-instituicao-oferece-vagas-para-eletricistas\/\" \/>\n<meta property=\"og:site_name\" content=\"Not\u00edcias do Bairro Centro RJ\" \/>\n<meta property=\"article:published_time\" content=\"2011-12-14T13:23:14+00:00\" \/>\n<meta property=\"article:modified_time\" content=\"2013-08-15T16:18:30+00:00\" \/>\n<meta name=\"author\" content=\"Encontra Centro RJ\" \/>\n<meta name=\"twitter:card\" content=\"summary_large_image\" \/>\n<meta name=\"twitter:label1\" content=\"Escrito por\" \/>\n\t<meta name=\"twitter:data1\" content=\"Encontra Centro RJ\" \/>\n\t<meta name=\"twitter:label2\" content=\"Est. tempo de leitura\" \/>\n\t<meta name=\"twitter:data2\" content=\"1 minuto\" \/>\n<script type=\"application\/ld+json\" class=\"yoast-schema-graph\">{\"@context\":\"https:\/\/schema.org\",\"@graph\":[{\"@type\":\"WebPage\",\"@id\":\"https:\/\/www.encontracentroriodejaneiro.com.br\/noticias\/centro-rj-instituicao-oferece-vagas-para-eletricistas\/\",\"url\":\"https:\/\/www.encontracentroriodejaneiro.com.br\/noticias\/centro-rj-instituicao-oferece-vagas-para-eletricistas\/\",\"name\":\"Centro RJ: Institui\u00e7\u00e3o oferece vagas para eletricistas - Not\u00edcias do Bairro Centro RJ\",\"isPartOf\":{\"@id\":\"https:\/\/www.encontracentroriodejaneiro.com.br\/noticias\/#website\"},\"datePublished\":\"2011-12-14T13:23:14+00:00\",\"dateModified\":\"2013-08-15T16:18:30+00:00\",\"author\":{\"@id\":\"https:\/\/www.encontracentroriodejaneiro.com.br\/noticias\/#\/schema\/person\/d3a6c0305ffb5ffec8e9c6aefa0cbbce\"},\"breadcrumb\":{\"@id\":\"https:\/\/www.encontracentroriodejaneiro.com.br\/noticias\/centro-rj-instituicao-oferece-vagas-para-eletricistas\/#breadcrumb\"},\"inLanguage\":\"pt-BR\",\"potentialAction\":[{\"@type\":\"ReadAction\",\"target\":[\"https:\/\/www.encontracentroriodejaneiro.com.br\/noticias\/centro-rj-instituicao-oferece-vagas-para-eletricistas\/\"]}]},{\"@type\":\"BreadcrumbList\",\"@id\":\"https:\/\/www.encontracentroriodejaneiro.com.br\/noticias\/centro-rj-instituicao-oferece-vagas-para-eletricistas\/#breadcrumb\",\"itemListElement\":[{\"@type\":\"ListItem\",\"position\":1,\"name\":\"In\u00edcio\",\"item\":\"https:\/\/www.encontracentroriodejaneiro.com.br\/noticias\/\"},{\"@type\":\"ListItem\",\"position\":2,\"name\":\"Centro RJ: Institui\u00e7\u00e3o oferece vagas para eletricistas\"}]},{\"@type\":\"WebSite\",\"@id\":\"https:\/\/www.encontracentroriodejaneiro.com.br\/noticias\/#website\",\"url\":\"https:\/\/www.encontracentroriodejaneiro.com.br\/noticias\/\",\"name\":\"Not\u00edcias do Bairro Centro RJ\",\"description\":\"Not\u00edcias, eventos, informa\u00e7\u00f5es e dicas no Bairro Centro RJ e regi\u00e3o\",\"potentialAction\":[{\"@type\":\"SearchAction\",\"target\":{\"@type\":\"EntryPoint\",\"urlTemplate\":\"https:\/\/www.encontracentroriodejaneiro.com.br\/noticias\/?s={search_term_string}\"},\"query-input\":{\"@type\":\"PropertyValueSpecification\",\"valueRequired\":true,\"valueName\":\"search_term_string\"}}],\"inLanguage\":\"pt-BR\"},{\"@type\":\"Person\",\"@id\":\"https:\/\/www.encontracentroriodejaneiro.com.br\/noticias\/#\/schema\/person\/d3a6c0305ffb5ffec8e9c6aefa0cbbce\",\"name\":\"Encontra Centro RJ\",\"image\":{\"@type\":\"ImageObject\",\"inLanguage\":\"pt-BR\",\"@id\":\"https:\/\/www.encontracentroriodejaneiro.com.br\/noticias\/#\/schema\/person\/image\/\",\"url\":\"https:\/\/secure.gravatar.com\/avatar\/507340682b8270222e1f208e23198b6ae7e2c6a1033ae84e99bc6bce4f82a387?s=96&d=mm&r=g\",\"contentUrl\":\"https:\/\/secure.gravatar.com\/avatar\/507340682b8270222e1f208e23198b6ae7e2c6a1033ae84e99bc6bce4f82a387?s=96&d=mm&r=g\",\"caption\":\"Encontra Centro RJ\"},\"sameAs\":[\"http:\/\/www.encontracentroriodejaneiro.com.br\"],\"url\":\"https:\/\/www.encontracentroriodejaneiro.com.br\/noticias\/author\/ecentroriodejaneiro\/\"}]}<\/script>\n<!-- \/ Yoast SEO plugin. -->","yoast_head_json":{"title":"Centro RJ: Institui\u00e7\u00e3o oferece vagas para eletricistas - Not\u00edcias do Bairro Centro RJ","robots":{"index":"index","follow":"follow","max-snippet":"max-snippet:-1","max-image-preview":"max-image-preview:large","max-video-preview":"max-video-preview:-1"},"canonical":"https:\/\/www.encontracentroriodejaneiro.com.br\/noticias\/centro-rj-instituicao-oferece-vagas-para-eletricistas\/","og_locale":"pt_BR","og_type":"article","og_title":"Centro RJ: Institui\u00e7\u00e3o oferece vagas para eletricistas - Not\u00edcias do Bairro Centro RJ","og_description":"A car\u00eancia de profissionais eletricistas no Rio est\u00e1 levando algumas empresas a investirem em treinamento de m\u00e3o de obra. A falta de profissionais atinge as grandes e pequenas empresas. De acordo com a Light, concession\u00e1ria de energia respons\u00e1vel pelo fornecimento de luz para 31 munic\u00edpios do estado, incluindo a capital, a falta de profissionais qualificados [&hellip;]","og_url":"https:\/\/www.encontracentroriodejaneiro.com.br\/noticias\/centro-rj-instituicao-oferece-vagas-para-eletricistas\/","og_site_name":"Not\u00edcias do Bairro Centro RJ","article_published_time":"2011-12-14T13:23:14+00:00","article_modified_time":"2013-08-15T16:18:30+00:00","author":"Encontra Centro RJ","twitter_card":"summary_large_image","twitter_misc":{"Escrito por":"Encontra Centro RJ","Est. tempo de leitura":"1 minuto"},"schema":{"@context":"https:\/\/schema.org","@graph":[{"@type":"WebPage","@id":"https:\/\/www.encontracentroriodejaneiro.com.br\/noticias\/centro-rj-instituicao-oferece-vagas-para-eletricistas\/","url":"https:\/\/www.encontracentroriodejaneiro.com.br\/noticias\/centro-rj-instituicao-oferece-vagas-para-eletricistas\/","name":"Centro RJ: Institui\u00e7\u00e3o oferece vagas para eletricistas - Not\u00edcias do Bairro Centro RJ","isPartOf":{"@id":"https:\/\/www.encontracentroriodejaneiro.com.br\/noticias\/#website"},"datePublished":"2011-12-14T13:23:14+00:00","dateModified":"2013-08-15T16:18:30+00:00","author":{"@id":"https:\/\/www.encontracentroriodejaneiro.com.br\/noticias\/#\/schema\/person\/d3a6c0305ffb5ffec8e9c6aefa0cbbce"},"breadcrumb":{"@id":"https:\/\/www.encontracentroriodejaneiro.com.br\/noticias\/centro-rj-instituicao-oferece-vagas-para-eletricistas\/#breadcrumb"},"inLanguage":"pt-BR","potentialAction":[{"@type":"ReadAction","target":["https:\/\/www.encontracentroriodejaneiro.com.br\/noticias\/centro-rj-instituicao-oferece-vagas-para-eletricistas\/"]}]},{"@type":"BreadcrumbList","@id":"https:\/\/www.encontracentroriodejaneiro.com.br\/noticias\/centro-rj-instituicao-oferece-vagas-para-eletricistas\/#breadcrumb","itemListElement":[{"@type":"ListItem","position":1,"name":"In\u00edcio","item":"https:\/\/www.encontracentroriodejaneiro.com.br\/noticias\/"},{"@type":"ListItem","position":2,"name":"Centro RJ: Institui\u00e7\u00e3o oferece vagas para eletricistas"}]},{"@type":"WebSite","@id":"https:\/\/www.encontracentroriodejaneiro.com.br\/noticias\/#website","url":"https:\/\/www.encontracentroriodejaneiro.com.br\/noticias\/","name":"Not\u00edcias do Bairro Centro RJ","description":"Not\u00edcias, eventos, informa\u00e7\u00f5es e dicas no Bairro Centro RJ e regi\u00e3o","potentialAction":[{"@type":"SearchAction","target":{"@type":"EntryPoint","urlTemplate":"https:\/\/www.encontracentroriodejaneiro.com.br\/noticias\/?s={search_term_string}"},"query-input":{"@type":"PropertyValueSpecification","valueRequired":true,"valueName":"search_term_string"}}],"inLanguage":"pt-BR"},{"@type":"Person","@id":"https:\/\/www.encontracentroriodejaneiro.com.br\/noticias\/#\/schema\/person\/d3a6c0305ffb5ffec8e9c6aefa0cbbce","name":"Encontra Centro RJ","image":{"@type":"ImageObject","inLanguage":"pt-BR","@id":"https:\/\/www.encontracentroriodejaneiro.com.br\/noticias\/#\/schema\/person\/image\/","url":"https:\/\/secure.gravatar.com\/avatar\/507340682b8270222e1f208e23198b6ae7e2c6a1033ae84e99bc6bce4f82a387?s=96&d=mm&r=g","contentUrl":"https:\/\/secure.gravatar.com\/avatar\/507340682b8270222e1f208e23198b6ae7e2c6a1033ae84e99bc6bce4f82a387?s=96&d=mm&r=g","caption":"Encontra Centro RJ"},"sameAs":["http:\/\/www.encontracentroriodejaneiro.com.br"],"url":"https:\/\/www.encontracentroriodejaneiro.com.br\/noticias\/author\/ecentroriodejaneiro\/"}]}},"_links":{"self":[{"href":"https:\/\/www.encontracentroriodejaneiro.com.br\/noticias\/wp-json\/wp\/v2\/posts\/45","targetHints":{"allow":["GET"]}}],"collection":[{"href":"https:\/\/www.encontracentroriodejaneiro.com.br\/noticias\/wp-json\/wp\/v2\/posts"}],"about":[{"href":"https:\/\/www.encontracentroriodejaneiro.com.br\/noticias\/wp-json\/wp\/v2\/types\/post"}],"author":[{"embeddable":true,"href":"https:\/\/www.encontracentroriodejaneiro.com.br\/noticias\/wp-json\/wp\/v2\/users\/1"}],"replies":[{"embeddable":true,"href":"https:\/\/www.encontracentroriodejaneiro.com.br\/noticias\/wp-json\/wp\/v2\/comments?post=45"}],"version-history":[{"count":4,"href":"https:\/\/www.encontracentroriodejaneiro.com.br\/noticias\/wp-json\/wp\/v2\/posts\/45\/revisions"}],"predecessor-version":[{"id":793,"href":"https:\/\/www.encontracentroriodejaneiro.com.br\/noticias\/wp-json\/wp\/v2\/posts\/45\/revisions\/793"}],"wp:attachment":[{"href":"https:\/\/www.encontracentroriodejaneiro.com.br\/noticias\/wp-json\/wp\/v2\/media?parent=45"}],"wp:term":[{"taxonomy":"category","embeddable":true,"href":"https:\/\/www.encontracentroriodejaneiro.com.br\/noticias\/wp-json\/wp\/v2\/categories?post=45"},{"taxonomy":"post_tag","embeddable":true,"href":"https:\/\/www.encontracentroriodejaneiro.com.br\/noticias\/wp-json\/wp\/v2\/tags?post=45"}],"curies":[{"name":"wp","href":"https:\/\/api.w.org\/{rel}","templated":true}]}}