{"id":49,"date":"2011-12-16T13:36:37","date_gmt":"2011-12-16T15:36:37","guid":{"rendered":"http:\/\/www.encontracentroriodejaneiro.com.br\/noticias\/?p=49"},"modified":"2013-08-15T14:18:30","modified_gmt":"2013-08-15T16:18:30","slug":"prefeitura-implanta-sistema-brs-no-centro-do-rio-%e2%80%8ede-janeiro","status":"publish","type":"post","link":"https:\/\/www.encontracentroriodejaneiro.com.br\/noticias\/prefeitura-implanta-sistema-brs-no-centro-do-rio-%e2%80%8ede-janeiro\/","title":{"rendered":"Prefeitura implanta sistema BRS no centro do Rio \u200ede Janeiro"},"content":{"rendered":"<p>A partir do pr\u00f3ximo s\u00e1bado, 17, o guia centro do Rio de Janeiro ganhar\u00e1 o primeiro corredor preferencial para \u00f4nibus. Conhecido como Bus Rapid System (BRS), o sistema colocar\u00e1 71 linhas em circula\u00e7\u00e3o por um corredor de 1,2 km de extens\u00e3o, que vai da avenida Presidente Ant\u00f4nio Carlos at\u00e9 a avenida Primeiro de Mar\u00e7o.<\/p>\n<p>Com a implementa\u00e7\u00e3o do BRS, pelo menos oito linhas devem ter os trajetos modificados, o que reduzir\u00e1 a frota em 15%. Segundo a Prefeitura do Rio de Janeiro, essa redu\u00e7\u00e3o aumentar\u00e1 a velocidade operacional dos ve\u00edculos e organizar\u00e1 o tr\u00e2nsito na cidade.<\/p>\n<p>No entanto, um dos usu\u00e1rios reclama da falta de fiscaliza\u00e7\u00e3o. De acordo com Jos\u00e9 Carlos Pereira de Carvalho, na zona sul, que j\u00e1 recebeu as faixas preferenciais, vans, carros de passeio e \u00f4nibus de turismos usam a faixa irregularmente, &#8220;em vez de procurarem ruas transversais para embarque e desembarque&#8221;.<\/p>\n<p>Segundo a Secretaria de Transportes, o monitoramento dos corredores \u00e9 feito por controladores da CET-Rio, que recebem imagens em tempo real de c\u00e2meras instaladas pelas vias. Al\u00e9m disso, durante o per\u00edodo de instala\u00e7\u00e3o, equipes da companhia v\u00e3o atuar nas vias, instruindo os motoristas que utilizarem as faixas indevidamente.<\/p>\n<p>O condutor que for flagrado na via ser\u00e1 multado por transitar com o carro em faixa regulamentada como de circula\u00e7\u00e3o exclusiva para determinado tipo de ve\u00edculo, conforme o artigo 184 do C\u00f3digo de Tr\u00e2nsito Brasileiro. A multa, considerada leve, \u00e9 no valor de R$ 53,20 com perda de tr\u00eas pontos na carteira de habilita\u00e7\u00e3o.<\/p>\n<p>O sistema funcionar\u00e1 nos dias \u00fateis das 6h \u00e0s 21h e aos s\u00e1bados das 6h \u00e0s 14h. J\u00e1 nos domingos e feriados, o BRS ser\u00e1 livre. T\u00e1xis que estejam transportando pessoas est\u00e3o autorizados a circular na via por toda a sua extens\u00e3o.<\/p>\n<p><em>Fonte: Portal Terra<\/em><\/p>\n","protected":false},"excerpt":{"rendered":"<p>A partir do pr\u00f3ximo s\u00e1bado, 17, o guia centro do Rio de Janeiro ganhar\u00e1 o primeiro corredor preferencial para \u00f4nibus. Conhecido como Bus Rapid System (BRS), o sistema colocar\u00e1 71 linhas em circula\u00e7\u00e3o por um corredor de 1,2 km de extens\u00e3o, que vai da avenida Presidente Ant\u00f4nio Carlos at\u00e9 a avenida Primeiro de Mar\u00e7o. Com [&hellip;]<\/p>\n","protected":false},"author":1,"featured_media":0,"comment_status":"open","ping_status":"open","sticky":false,"template":"","format":"standard","meta":{"footnotes":""},"categories":[6],"tags":[],"class_list":["post-49","post","type-post","status-publish","format-standard","hentry","category-noticias"],"yoast_head":"<!-- This site is optimized with the Yoast SEO plugin v25.9 - https:\/\/yoast.com\/wordpress\/plugins\/seo\/ -->\n<title>Prefeitura implanta sistema BRS no centro do Rio \u200ede Janeiro - Not\u00edcias do Bairro Centro RJ<\/title>\n<meta name=\"robots\" content=\"index, follow, max-snippet:-1, max-image-preview:large, max-video-preview:-1\" \/>\n<link rel=\"canonical\" href=\"https:\/\/www.encontracentroriodejaneiro.com.br\/noticias\/prefeitura-implanta-sistema-brs-no-centro-do-rio-\u200ede-janeiro\/\" \/>\n<meta property=\"og:locale\" content=\"pt_BR\" \/>\n<meta property=\"og:type\" content=\"article\" \/>\n<meta property=\"og:title\" content=\"Prefeitura implanta sistema BRS no centro do Rio \u200ede Janeiro - Not\u00edcias do Bairro Centro RJ\" \/>\n<meta property=\"og:description\" content=\"A partir do pr\u00f3ximo s\u00e1bado, 17, o guia centro do Rio de Janeiro ganhar\u00e1 o primeiro corredor preferencial para \u00f4nibus. Conhecido como Bus Rapid System (BRS), o sistema colocar\u00e1 71 linhas em circula\u00e7\u00e3o por um corredor de 1,2 km de extens\u00e3o, que vai da avenida Presidente Ant\u00f4nio Carlos at\u00e9 a avenida Primeiro de Mar\u00e7o. Com [&hellip;]\" \/>\n<meta property=\"og:url\" content=\"https:\/\/www.encontracentroriodejaneiro.com.br\/noticias\/prefeitura-implanta-sistema-brs-no-centro-do-rio-\u200ede-janeiro\/\" \/>\n<meta property=\"og:site_name\" content=\"Not\u00edcias do Bairro Centro RJ\" \/>\n<meta property=\"article:published_time\" content=\"2011-12-16T15:36:37+00:00\" \/>\n<meta property=\"article:modified_time\" content=\"2013-08-15T16:18:30+00:00\" \/>\n<meta name=\"author\" content=\"Encontra Centro RJ\" \/>\n<meta name=\"twitter:card\" content=\"summary_large_image\" \/>\n<meta name=\"twitter:label1\" content=\"Escrito por\" \/>\n\t<meta name=\"twitter:data1\" content=\"Encontra Centro RJ\" \/>\n\t<meta name=\"twitter:label2\" content=\"Est. tempo de leitura\" \/>\n\t<meta name=\"twitter:data2\" content=\"2 minutos\" \/>\n<script type=\"application\/ld+json\" class=\"yoast-schema-graph\">{\"@context\":\"https:\/\/schema.org\",\"@graph\":[{\"@type\":\"WebPage\",\"@id\":\"https:\/\/www.encontracentroriodejaneiro.com.br\/noticias\/prefeitura-implanta-sistema-brs-no-centro-do-rio-%e2%80%8ede-janeiro\/\",\"url\":\"https:\/\/www.encontracentroriodejaneiro.com.br\/noticias\/prefeitura-implanta-sistema-brs-no-centro-do-rio-%e2%80%8ede-janeiro\/\",\"name\":\"Prefeitura implanta sistema BRS no centro do Rio \u200ede Janeiro - Not\u00edcias do Bairro Centro RJ\",\"isPartOf\":{\"@id\":\"https:\/\/www.encontracentroriodejaneiro.com.br\/noticias\/#website\"},\"datePublished\":\"2011-12-16T15:36:37+00:00\",\"dateModified\":\"2013-08-15T16:18:30+00:00\",\"author\":{\"@id\":\"https:\/\/www.encontracentroriodejaneiro.com.br\/noticias\/#\/schema\/person\/d3a6c0305ffb5ffec8e9c6aefa0cbbce\"},\"breadcrumb\":{\"@id\":\"https:\/\/www.encontracentroriodejaneiro.com.br\/noticias\/prefeitura-implanta-sistema-brs-no-centro-do-rio-%e2%80%8ede-janeiro\/#breadcrumb\"},\"inLanguage\":\"pt-BR\",\"potentialAction\":[{\"@type\":\"ReadAction\",\"target\":[\"https:\/\/www.encontracentroriodejaneiro.com.br\/noticias\/prefeitura-implanta-sistema-brs-no-centro-do-rio-%e2%80%8ede-janeiro\/\"]}]},{\"@type\":\"BreadcrumbList\",\"@id\":\"https:\/\/www.encontracentroriodejaneiro.com.br\/noticias\/prefeitura-implanta-sistema-brs-no-centro-do-rio-%e2%80%8ede-janeiro\/#breadcrumb\",\"itemListElement\":[{\"@type\":\"ListItem\",\"position\":1,\"name\":\"In\u00edcio\",\"item\":\"https:\/\/www.encontracentroriodejaneiro.com.br\/noticias\/\"},{\"@type\":\"ListItem\",\"position\":2,\"name\":\"Prefeitura implanta sistema BRS no centro do Rio \u200ede Janeiro\"}]},{\"@type\":\"WebSite\",\"@id\":\"https:\/\/www.encontracentroriodejaneiro.com.br\/noticias\/#website\",\"url\":\"https:\/\/www.encontracentroriodejaneiro.com.br\/noticias\/\",\"name\":\"Not\u00edcias do Bairro Centro RJ\",\"description\":\"Not\u00edcias, eventos, informa\u00e7\u00f5es e dicas no Bairro Centro RJ e regi\u00e3o\",\"potentialAction\":[{\"@type\":\"SearchAction\",\"target\":{\"@type\":\"EntryPoint\",\"urlTemplate\":\"https:\/\/www.encontracentroriodejaneiro.com.br\/noticias\/?s={search_term_string}\"},\"query-input\":{\"@type\":\"PropertyValueSpecification\",\"valueRequired\":true,\"valueName\":\"search_term_string\"}}],\"inLanguage\":\"pt-BR\"},{\"@type\":\"Person\",\"@id\":\"https:\/\/www.encontracentroriodejaneiro.com.br\/noticias\/#\/schema\/person\/d3a6c0305ffb5ffec8e9c6aefa0cbbce\",\"name\":\"Encontra Centro RJ\",\"image\":{\"@type\":\"ImageObject\",\"inLanguage\":\"pt-BR\",\"@id\":\"https:\/\/www.encontracentroriodejaneiro.com.br\/noticias\/#\/schema\/person\/image\/\",\"url\":\"https:\/\/secure.gravatar.com\/avatar\/507340682b8270222e1f208e23198b6ae7e2c6a1033ae84e99bc6bce4f82a387?s=96&d=mm&r=g\",\"contentUrl\":\"https:\/\/secure.gravatar.com\/avatar\/507340682b8270222e1f208e23198b6ae7e2c6a1033ae84e99bc6bce4f82a387?s=96&d=mm&r=g\",\"caption\":\"Encontra Centro RJ\"},\"sameAs\":[\"http:\/\/www.encontracentroriodejaneiro.com.br\"],\"url\":\"https:\/\/www.encontracentroriodejaneiro.com.br\/noticias\/author\/ecentroriodejaneiro\/\"}]}<\/script>\n<!-- \/ Yoast SEO plugin. -->","yoast_head_json":{"title":"Prefeitura implanta sistema BRS no centro do Rio \u200ede Janeiro - Not\u00edcias do Bairro Centro RJ","robots":{"index":"index","follow":"follow","max-snippet":"max-snippet:-1","max-image-preview":"max-image-preview:large","max-video-preview":"max-video-preview:-1"},"canonical":"https:\/\/www.encontracentroriodejaneiro.com.br\/noticias\/prefeitura-implanta-sistema-brs-no-centro-do-rio-\u200ede-janeiro\/","og_locale":"pt_BR","og_type":"article","og_title":"Prefeitura implanta sistema BRS no centro do Rio \u200ede Janeiro - Not\u00edcias do Bairro Centro RJ","og_description":"A partir do pr\u00f3ximo s\u00e1bado, 17, o guia centro do Rio de Janeiro ganhar\u00e1 o primeiro corredor preferencial para \u00f4nibus. Conhecido como Bus Rapid System (BRS), o sistema colocar\u00e1 71 linhas em circula\u00e7\u00e3o por um corredor de 1,2 km de extens\u00e3o, que vai da avenida Presidente Ant\u00f4nio Carlos at\u00e9 a avenida Primeiro de Mar\u00e7o. Com [&hellip;]","og_url":"https:\/\/www.encontracentroriodejaneiro.com.br\/noticias\/prefeitura-implanta-sistema-brs-no-centro-do-rio-\u200ede-janeiro\/","og_site_name":"Not\u00edcias do Bairro Centro RJ","article_published_time":"2011-12-16T15:36:37+00:00","article_modified_time":"2013-08-15T16:18:30+00:00","author":"Encontra Centro RJ","twitter_card":"summary_large_image","twitter_misc":{"Escrito por":"Encontra Centro RJ","Est. tempo de leitura":"2 minutos"},"schema":{"@context":"https:\/\/schema.org","@graph":[{"@type":"WebPage","@id":"https:\/\/www.encontracentroriodejaneiro.com.br\/noticias\/prefeitura-implanta-sistema-brs-no-centro-do-rio-%e2%80%8ede-janeiro\/","url":"https:\/\/www.encontracentroriodejaneiro.com.br\/noticias\/prefeitura-implanta-sistema-brs-no-centro-do-rio-%e2%80%8ede-janeiro\/","name":"Prefeitura implanta sistema BRS no centro do Rio \u200ede Janeiro - Not\u00edcias do Bairro Centro RJ","isPartOf":{"@id":"https:\/\/www.encontracentroriodejaneiro.com.br\/noticias\/#website"},"datePublished":"2011-12-16T15:36:37+00:00","dateModified":"2013-08-15T16:18:30+00:00","author":{"@id":"https:\/\/www.encontracentroriodejaneiro.com.br\/noticias\/#\/schema\/person\/d3a6c0305ffb5ffec8e9c6aefa0cbbce"},"breadcrumb":{"@id":"https:\/\/www.encontracentroriodejaneiro.com.br\/noticias\/prefeitura-implanta-sistema-brs-no-centro-do-rio-%e2%80%8ede-janeiro\/#breadcrumb"},"inLanguage":"pt-BR","potentialAction":[{"@type":"ReadAction","target":["https:\/\/www.encontracentroriodejaneiro.com.br\/noticias\/prefeitura-implanta-sistema-brs-no-centro-do-rio-%e2%80%8ede-janeiro\/"]}]},{"@type":"BreadcrumbList","@id":"https:\/\/www.encontracentroriodejaneiro.com.br\/noticias\/prefeitura-implanta-sistema-brs-no-centro-do-rio-%e2%80%8ede-janeiro\/#breadcrumb","itemListElement":[{"@type":"ListItem","position":1,"name":"In\u00edcio","item":"https:\/\/www.encontracentroriodejaneiro.com.br\/noticias\/"},{"@type":"ListItem","position":2,"name":"Prefeitura implanta sistema BRS no centro do Rio \u200ede Janeiro"}]},{"@type":"WebSite","@id":"https:\/\/www.encontracentroriodejaneiro.com.br\/noticias\/#website","url":"https:\/\/www.encontracentroriodejaneiro.com.br\/noticias\/","name":"Not\u00edcias do Bairro Centro RJ","description":"Not\u00edcias, eventos, informa\u00e7\u00f5es e dicas no Bairro Centro RJ e regi\u00e3o","potentialAction":[{"@type":"SearchAction","target":{"@type":"EntryPoint","urlTemplate":"https:\/\/www.encontracentroriodejaneiro.com.br\/noticias\/?s={search_term_string}"},"query-input":{"@type":"PropertyValueSpecification","valueRequired":true,"valueName":"search_term_string"}}],"inLanguage":"pt-BR"},{"@type":"Person","@id":"https:\/\/www.encontracentroriodejaneiro.com.br\/noticias\/#\/schema\/person\/d3a6c0305ffb5ffec8e9c6aefa0cbbce","name":"Encontra Centro RJ","image":{"@type":"ImageObject","inLanguage":"pt-BR","@id":"https:\/\/www.encontracentroriodejaneiro.com.br\/noticias\/#\/schema\/person\/image\/","url":"https:\/\/secure.gravatar.com\/avatar\/507340682b8270222e1f208e23198b6ae7e2c6a1033ae84e99bc6bce4f82a387?s=96&d=mm&r=g","contentUrl":"https:\/\/secure.gravatar.com\/avatar\/507340682b8270222e1f208e23198b6ae7e2c6a1033ae84e99bc6bce4f82a387?s=96&d=mm&r=g","caption":"Encontra Centro RJ"},"sameAs":["http:\/\/www.encontracentroriodejaneiro.com.br"],"url":"https:\/\/www.encontracentroriodejaneiro.com.br\/noticias\/author\/ecentroriodejaneiro\/"}]}},"_links":{"self":[{"href":"https:\/\/www.encontracentroriodejaneiro.com.br\/noticias\/wp-json\/wp\/v2\/posts\/49","targetHints":{"allow":["GET"]}}],"collection":[{"href":"https:\/\/www.encontracentroriodejaneiro.com.br\/noticias\/wp-json\/wp\/v2\/posts"}],"about":[{"href":"https:\/\/www.encontracentroriodejaneiro.com.br\/noticias\/wp-json\/wp\/v2\/types\/post"}],"author":[{"embeddable":true,"href":"https:\/\/www.encontracentroriodejaneiro.com.br\/noticias\/wp-json\/wp\/v2\/users\/1"}],"replies":[{"embeddable":true,"href":"https:\/\/www.encontracentroriodejaneiro.com.br\/noticias\/wp-json\/wp\/v2\/comments?post=49"}],"version-history":[{"count":5,"href":"https:\/\/www.encontracentroriodejaneiro.com.br\/noticias\/wp-json\/wp\/v2\/posts\/49\/revisions"}],"predecessor-version":[{"id":799,"href":"https:\/\/www.encontracentroriodejaneiro.com.br\/noticias\/wp-json\/wp\/v2\/posts\/49\/revisions\/799"}],"wp:attachment":[{"href":"https:\/\/www.encontracentroriodejaneiro.com.br\/noticias\/wp-json\/wp\/v2\/media?parent=49"}],"wp:term":[{"taxonomy":"category","embeddable":true,"href":"https:\/\/www.encontracentroriodejaneiro.com.br\/noticias\/wp-json\/wp\/v2\/categories?post=49"},{"taxonomy":"post_tag","embeddable":true,"href":"https:\/\/www.encontracentroriodejaneiro.com.br\/noticias\/wp-json\/wp\/v2\/tags?post=49"}],"curies":[{"name":"wp","href":"https:\/\/api.w.org\/{rel}","templated":true}]}}