{"id":666,"date":"2013-05-09T13:28:37","date_gmt":"2013-05-09T15:28:37","guid":{"rendered":"http:\/\/www.encontracentroriodejaneiro.com.br\/noticias\/?p=666"},"modified":"2013-08-15T14:18:40","modified_gmt":"2013-08-15T16:18:40","slug":"marcos-sacramento-e-zeze-motta-se-apresentam-no-teatro-sesi-centro","status":"publish","type":"post","link":"https:\/\/www.encontracentroriodejaneiro.com.br\/noticias\/marcos-sacramento-e-zeze-motta-se-apresentam-no-teatro-sesi-centro\/","title":{"rendered":"Marcos Sacramento e Zez\u00e9 Motta se apresentam no Teatro Sesi Centro"},"content":{"rendered":"<p>Na ter\u00e7a-feira, dia 14, das 12h30 \u00e0s 13h30, o Teatro Sesi Centro recebe os artistas Marcos Sacramento e Zez\u00e9 Motta, na s\u00e9rie \u201cA Can\u00e7\u00e3o Brasileira \u2013 De Chiquinha Gonzaga a Tom Jobim\u201d. Os ingressos custam R$ 1.<\/p>\n<p>Marcos Sacramento e Zez\u00e9 Motta cantam cl\u00e1ssicos da m\u00fasica nacional e contam hist\u00f3rias de seus compositores. Haroldo Costa \u00e9 o respons\u00e1vel pela dire\u00e7\u00e3o, concep\u00e7\u00e3o e apresenta\u00e7\u00e3o do evento.<\/p>\n<p><strong>Servi\u00e7o no Centro do Rio de Janeiro:<\/strong><\/p>\n<p>O que: Marcos Sacramento e Zez\u00e9 Motta &#8211; &#8220;A Can\u00e7\u00e3o Brasileira&#8221;<br \/>\nQuando: diariamente de 14 (Ter) a 18\/05 (S\u00e1b) &#8211;\u00a0 das 12:30 \u00e0s 13:30<br \/>\nQuanto: R$ 1<br \/>\nOnde: Teatro Sesi Centro<br \/>\nEndere\u00e7o: Av. Gra\u00e7a Aranha, 1<br \/>\nInforma\u00e7\u00f5es: (21) 2563-4163<\/p>\n<p><em>Fonte: Catraca Livre<\/em><\/p>\n","protected":false},"excerpt":{"rendered":"<p>Na ter\u00e7a-feira, dia 14, das 12h30 \u00e0s 13h30, o Teatro Sesi Centro recebe os artistas Marcos Sacramento e Zez\u00e9 Motta, na s\u00e9rie \u201cA Can\u00e7\u00e3o Brasileira \u2013 De Chiquinha Gonzaga a Tom Jobim\u201d. Os ingressos custam R$ 1. Marcos Sacramento e Zez\u00e9 Motta cantam cl\u00e1ssicos da m\u00fasica nacional e contam hist\u00f3rias de seus compositores. Haroldo Costa [&hellip;]<\/p>\n","protected":false},"author":1,"featured_media":0,"comment_status":"open","ping_status":"open","sticky":false,"template":"","format":"standard","meta":{"footnotes":""},"categories":[6],"tags":[],"class_list":["post-666","post","type-post","status-publish","format-standard","hentry","category-noticias"],"yoast_head":"<!-- This site is optimized with the Yoast SEO plugin v25.9 - https:\/\/yoast.com\/wordpress\/plugins\/seo\/ -->\n<title>Marcos Sacramento e Zez\u00e9 Motta se apresentam no Teatro Sesi Centro - Not\u00edcias do Bairro Centro RJ<\/title>\n<meta name=\"robots\" content=\"index, follow, max-snippet:-1, max-image-preview:large, max-video-preview:-1\" \/>\n<link rel=\"canonical\" href=\"https:\/\/www.encontracentroriodejaneiro.com.br\/noticias\/marcos-sacramento-e-zeze-motta-se-apresentam-no-teatro-sesi-centro\/\" \/>\n<meta property=\"og:locale\" content=\"pt_BR\" \/>\n<meta property=\"og:type\" content=\"article\" \/>\n<meta property=\"og:title\" content=\"Marcos Sacramento e Zez\u00e9 Motta se apresentam no Teatro Sesi Centro - Not\u00edcias do Bairro Centro RJ\" \/>\n<meta property=\"og:description\" content=\"Na ter\u00e7a-feira, dia 14, das 12h30 \u00e0s 13h30, o Teatro Sesi Centro recebe os artistas Marcos Sacramento e Zez\u00e9 Motta, na s\u00e9rie \u201cA Can\u00e7\u00e3o Brasileira \u2013 De Chiquinha Gonzaga a Tom Jobim\u201d. Os ingressos custam R$ 1. Marcos Sacramento e Zez\u00e9 Motta cantam cl\u00e1ssicos da m\u00fasica nacional e contam hist\u00f3rias de seus compositores. Haroldo Costa [&hellip;]\" \/>\n<meta property=\"og:url\" content=\"https:\/\/www.encontracentroriodejaneiro.com.br\/noticias\/marcos-sacramento-e-zeze-motta-se-apresentam-no-teatro-sesi-centro\/\" \/>\n<meta property=\"og:site_name\" content=\"Not\u00edcias do Bairro Centro RJ\" \/>\n<meta property=\"article:published_time\" content=\"2013-05-09T15:28:37+00:00\" \/>\n<meta property=\"article:modified_time\" content=\"2013-08-15T16:18:40+00:00\" \/>\n<meta name=\"author\" content=\"Encontra Centro RJ\" \/>\n<meta name=\"twitter:card\" content=\"summary_large_image\" \/>\n<meta name=\"twitter:label1\" content=\"Escrito por\" \/>\n\t<meta name=\"twitter:data1\" content=\"Encontra Centro RJ\" \/>\n\t<meta name=\"twitter:label2\" content=\"Est. tempo de leitura\" \/>\n\t<meta name=\"twitter:data2\" content=\"1 minuto\" \/>\n<script type=\"application\/ld+json\" class=\"yoast-schema-graph\">{\"@context\":\"https:\/\/schema.org\",\"@graph\":[{\"@type\":\"WebPage\",\"@id\":\"https:\/\/www.encontracentroriodejaneiro.com.br\/noticias\/marcos-sacramento-e-zeze-motta-se-apresentam-no-teatro-sesi-centro\/\",\"url\":\"https:\/\/www.encontracentroriodejaneiro.com.br\/noticias\/marcos-sacramento-e-zeze-motta-se-apresentam-no-teatro-sesi-centro\/\",\"name\":\"Marcos Sacramento e Zez\u00e9 Motta se apresentam no Teatro Sesi Centro - Not\u00edcias do Bairro Centro RJ\",\"isPartOf\":{\"@id\":\"https:\/\/www.encontracentroriodejaneiro.com.br\/noticias\/#website\"},\"datePublished\":\"2013-05-09T15:28:37+00:00\",\"dateModified\":\"2013-08-15T16:18:40+00:00\",\"author\":{\"@id\":\"https:\/\/www.encontracentroriodejaneiro.com.br\/noticias\/#\/schema\/person\/d3a6c0305ffb5ffec8e9c6aefa0cbbce\"},\"breadcrumb\":{\"@id\":\"https:\/\/www.encontracentroriodejaneiro.com.br\/noticias\/marcos-sacramento-e-zeze-motta-se-apresentam-no-teatro-sesi-centro\/#breadcrumb\"},\"inLanguage\":\"pt-BR\",\"potentialAction\":[{\"@type\":\"ReadAction\",\"target\":[\"https:\/\/www.encontracentroriodejaneiro.com.br\/noticias\/marcos-sacramento-e-zeze-motta-se-apresentam-no-teatro-sesi-centro\/\"]}]},{\"@type\":\"BreadcrumbList\",\"@id\":\"https:\/\/www.encontracentroriodejaneiro.com.br\/noticias\/marcos-sacramento-e-zeze-motta-se-apresentam-no-teatro-sesi-centro\/#breadcrumb\",\"itemListElement\":[{\"@type\":\"ListItem\",\"position\":1,\"name\":\"In\u00edcio\",\"item\":\"https:\/\/www.encontracentroriodejaneiro.com.br\/noticias\/\"},{\"@type\":\"ListItem\",\"position\":2,\"name\":\"Marcos Sacramento e Zez\u00e9 Motta se apresentam no Teatro Sesi Centro\"}]},{\"@type\":\"WebSite\",\"@id\":\"https:\/\/www.encontracentroriodejaneiro.com.br\/noticias\/#website\",\"url\":\"https:\/\/www.encontracentroriodejaneiro.com.br\/noticias\/\",\"name\":\"Not\u00edcias do Bairro Centro RJ\",\"description\":\"Not\u00edcias, eventos, informa\u00e7\u00f5es e dicas no Bairro Centro RJ e regi\u00e3o\",\"potentialAction\":[{\"@type\":\"SearchAction\",\"target\":{\"@type\":\"EntryPoint\",\"urlTemplate\":\"https:\/\/www.encontracentroriodejaneiro.com.br\/noticias\/?s={search_term_string}\"},\"query-input\":{\"@type\":\"PropertyValueSpecification\",\"valueRequired\":true,\"valueName\":\"search_term_string\"}}],\"inLanguage\":\"pt-BR\"},{\"@type\":\"Person\",\"@id\":\"https:\/\/www.encontracentroriodejaneiro.com.br\/noticias\/#\/schema\/person\/d3a6c0305ffb5ffec8e9c6aefa0cbbce\",\"name\":\"Encontra Centro RJ\",\"image\":{\"@type\":\"ImageObject\",\"inLanguage\":\"pt-BR\",\"@id\":\"https:\/\/www.encontracentroriodejaneiro.com.br\/noticias\/#\/schema\/person\/image\/\",\"url\":\"https:\/\/secure.gravatar.com\/avatar\/507340682b8270222e1f208e23198b6ae7e2c6a1033ae84e99bc6bce4f82a387?s=96&d=mm&r=g\",\"contentUrl\":\"https:\/\/secure.gravatar.com\/avatar\/507340682b8270222e1f208e23198b6ae7e2c6a1033ae84e99bc6bce4f82a387?s=96&d=mm&r=g\",\"caption\":\"Encontra Centro RJ\"},\"sameAs\":[\"http:\/\/www.encontracentroriodejaneiro.com.br\"],\"url\":\"https:\/\/www.encontracentroriodejaneiro.com.br\/noticias\/author\/ecentroriodejaneiro\/\"}]}<\/script>\n<!-- \/ Yoast SEO plugin. -->","yoast_head_json":{"title":"Marcos Sacramento e Zez\u00e9 Motta se apresentam no Teatro Sesi Centro - Not\u00edcias do Bairro Centro RJ","robots":{"index":"index","follow":"follow","max-snippet":"max-snippet:-1","max-image-preview":"max-image-preview:large","max-video-preview":"max-video-preview:-1"},"canonical":"https:\/\/www.encontracentroriodejaneiro.com.br\/noticias\/marcos-sacramento-e-zeze-motta-se-apresentam-no-teatro-sesi-centro\/","og_locale":"pt_BR","og_type":"article","og_title":"Marcos Sacramento e Zez\u00e9 Motta se apresentam no Teatro Sesi Centro - Not\u00edcias do Bairro Centro RJ","og_description":"Na ter\u00e7a-feira, dia 14, das 12h30 \u00e0s 13h30, o Teatro Sesi Centro recebe os artistas Marcos Sacramento e Zez\u00e9 Motta, na s\u00e9rie \u201cA Can\u00e7\u00e3o Brasileira \u2013 De Chiquinha Gonzaga a Tom Jobim\u201d. Os ingressos custam R$ 1. Marcos Sacramento e Zez\u00e9 Motta cantam cl\u00e1ssicos da m\u00fasica nacional e contam hist\u00f3rias de seus compositores. Haroldo Costa [&hellip;]","og_url":"https:\/\/www.encontracentroriodejaneiro.com.br\/noticias\/marcos-sacramento-e-zeze-motta-se-apresentam-no-teatro-sesi-centro\/","og_site_name":"Not\u00edcias do Bairro Centro RJ","article_published_time":"2013-05-09T15:28:37+00:00","article_modified_time":"2013-08-15T16:18:40+00:00","author":"Encontra Centro RJ","twitter_card":"summary_large_image","twitter_misc":{"Escrito por":"Encontra Centro RJ","Est. tempo de leitura":"1 minuto"},"schema":{"@context":"https:\/\/schema.org","@graph":[{"@type":"WebPage","@id":"https:\/\/www.encontracentroriodejaneiro.com.br\/noticias\/marcos-sacramento-e-zeze-motta-se-apresentam-no-teatro-sesi-centro\/","url":"https:\/\/www.encontracentroriodejaneiro.com.br\/noticias\/marcos-sacramento-e-zeze-motta-se-apresentam-no-teatro-sesi-centro\/","name":"Marcos Sacramento e Zez\u00e9 Motta se apresentam no Teatro Sesi Centro - Not\u00edcias do Bairro Centro RJ","isPartOf":{"@id":"https:\/\/www.encontracentroriodejaneiro.com.br\/noticias\/#website"},"datePublished":"2013-05-09T15:28:37+00:00","dateModified":"2013-08-15T16:18:40+00:00","author":{"@id":"https:\/\/www.encontracentroriodejaneiro.com.br\/noticias\/#\/schema\/person\/d3a6c0305ffb5ffec8e9c6aefa0cbbce"},"breadcrumb":{"@id":"https:\/\/www.encontracentroriodejaneiro.com.br\/noticias\/marcos-sacramento-e-zeze-motta-se-apresentam-no-teatro-sesi-centro\/#breadcrumb"},"inLanguage":"pt-BR","potentialAction":[{"@type":"ReadAction","target":["https:\/\/www.encontracentroriodejaneiro.com.br\/noticias\/marcos-sacramento-e-zeze-motta-se-apresentam-no-teatro-sesi-centro\/"]}]},{"@type":"BreadcrumbList","@id":"https:\/\/www.encontracentroriodejaneiro.com.br\/noticias\/marcos-sacramento-e-zeze-motta-se-apresentam-no-teatro-sesi-centro\/#breadcrumb","itemListElement":[{"@type":"ListItem","position":1,"name":"In\u00edcio","item":"https:\/\/www.encontracentroriodejaneiro.com.br\/noticias\/"},{"@type":"ListItem","position":2,"name":"Marcos Sacramento e Zez\u00e9 Motta se apresentam no Teatro Sesi Centro"}]},{"@type":"WebSite","@id":"https:\/\/www.encontracentroriodejaneiro.com.br\/noticias\/#website","url":"https:\/\/www.encontracentroriodejaneiro.com.br\/noticias\/","name":"Not\u00edcias do Bairro Centro RJ","description":"Not\u00edcias, eventos, informa\u00e7\u00f5es e dicas no Bairro Centro RJ e regi\u00e3o","potentialAction":[{"@type":"SearchAction","target":{"@type":"EntryPoint","urlTemplate":"https:\/\/www.encontracentroriodejaneiro.com.br\/noticias\/?s={search_term_string}"},"query-input":{"@type":"PropertyValueSpecification","valueRequired":true,"valueName":"search_term_string"}}],"inLanguage":"pt-BR"},{"@type":"Person","@id":"https:\/\/www.encontracentroriodejaneiro.com.br\/noticias\/#\/schema\/person\/d3a6c0305ffb5ffec8e9c6aefa0cbbce","name":"Encontra Centro RJ","image":{"@type":"ImageObject","inLanguage":"pt-BR","@id":"https:\/\/www.encontracentroriodejaneiro.com.br\/noticias\/#\/schema\/person\/image\/","url":"https:\/\/secure.gravatar.com\/avatar\/507340682b8270222e1f208e23198b6ae7e2c6a1033ae84e99bc6bce4f82a387?s=96&d=mm&r=g","contentUrl":"https:\/\/secure.gravatar.com\/avatar\/507340682b8270222e1f208e23198b6ae7e2c6a1033ae84e99bc6bce4f82a387?s=96&d=mm&r=g","caption":"Encontra Centro RJ"},"sameAs":["http:\/\/www.encontracentroriodejaneiro.com.br"],"url":"https:\/\/www.encontracentroriodejaneiro.com.br\/noticias\/author\/ecentroriodejaneiro\/"}]}},"_links":{"self":[{"href":"https:\/\/www.encontracentroriodejaneiro.com.br\/noticias\/wp-json\/wp\/v2\/posts\/666","targetHints":{"allow":["GET"]}}],"collection":[{"href":"https:\/\/www.encontracentroriodejaneiro.com.br\/noticias\/wp-json\/wp\/v2\/posts"}],"about":[{"href":"https:\/\/www.encontracentroriodejaneiro.com.br\/noticias\/wp-json\/wp\/v2\/types\/post"}],"author":[{"embeddable":true,"href":"https:\/\/www.encontracentroriodejaneiro.com.br\/noticias\/wp-json\/wp\/v2\/users\/1"}],"replies":[{"embeddable":true,"href":"https:\/\/www.encontracentroriodejaneiro.com.br\/noticias\/wp-json\/wp\/v2\/comments?post=666"}],"version-history":[{"count":3,"href":"https:\/\/www.encontracentroriodejaneiro.com.br\/noticias\/wp-json\/wp\/v2\/posts\/666\/revisions"}],"predecessor-version":[{"id":668,"href":"https:\/\/www.encontracentroriodejaneiro.com.br\/noticias\/wp-json\/wp\/v2\/posts\/666\/revisions\/668"}],"wp:attachment":[{"href":"https:\/\/www.encontracentroriodejaneiro.com.br\/noticias\/wp-json\/wp\/v2\/media?parent=666"}],"wp:term":[{"taxonomy":"category","embeddable":true,"href":"https:\/\/www.encontracentroriodejaneiro.com.br\/noticias\/wp-json\/wp\/v2\/categories?post=666"},{"taxonomy":"post_tag","embeddable":true,"href":"https:\/\/www.encontracentroriodejaneiro.com.br\/noticias\/wp-json\/wp\/v2\/tags?post=666"}],"curies":[{"name":"wp","href":"https:\/\/api.w.org\/{rel}","templated":true}]}}