{"id":679,"date":"2013-05-14T12:55:54","date_gmt":"2013-05-14T14:55:54","guid":{"rendered":"http:\/\/www.encontracentroriodejaneiro.com.br\/noticias\/?p=679"},"modified":"2013-08-15T14:18:41","modified_gmt":"2013-08-15T16:18:41","slug":"centro-rj-maternidade-maria-amelia-celebra-seu-primeiro-aniversario","status":"publish","type":"post","link":"https:\/\/www.encontracentroriodejaneiro.com.br\/noticias\/centro-rj-maternidade-maria-amelia-celebra-seu-primeiro-aniversario\/","title":{"rendered":"Centro RJ: Maternidade Maria Am\u00e9lia celebra seu primeiro anivers\u00e1rio"},"content":{"rendered":"<p>O Hospital Maternidade Maria Am\u00e9lia Buarque de Hollanda, no Centro, completa um ano de funcionamento nesta segunda-feira (13\/05) e celebra a marca de 3.200 mil partos realizados. A unidade, que integra a rede do Programa Cegonha Carioca, tem capacidade para realizar at\u00e9 500 partos por m\u00eas, beneficiando mais de 300 mil moradoras da regi\u00e3o. S\u00f3 neste primeiro ano de funcionamento, j\u00e1 foram realizados no hospital mais de 16 mil atendimentos e exames.<\/p>\n<p>A <a title=\"Prefeitura do Rio de Janeiro\" href=\"http:\/\/www.encontracentroriodejaneiro.com.br\/centro-rj\/prefeitura-municipal-do-rio-de-janeiro.shtml\" target=\"_blank\">Prefeitura do Rio de Janeiro<\/a> comemorou o primeiro anivers\u00e1rio da maternidade com uma festa em homenagem tamb\u00e9m ao Dia das M\u00e3es \u2013 celebrado neste domingo. A unidade recebeu nesta segunda-feira apresenta\u00e7\u00f5es de violinistas do grupo Cartola e do grupo infantil do Afroreggae, al\u00e9m da distribui\u00e7\u00e3o de brindes e da exibi\u00e7\u00e3o do filme \u201cTrazendo vida e fazendo historias\u201d, com depoimentos de profissionais de sa\u00fade que participam do dia a dia da maternidade. O evento reuniu cerca de 120 convidados, entre funcion\u00e1rios e mam\u00e3es cariocas que j\u00e1 tiveram ou pretendem ter seus beb\u00eas na unidade. Tamb\u00e9m presente na comemora\u00e7\u00e3o, o secret\u00e1rio municipal de Sa\u00fade no Centro do RJ, Hans Dohmann, destacou a import\u00e2ncia de uma maternidade como a Maria Am\u00e9lia para a cidade:<\/p>\n<p>&#8211; Em um ano essa unidade j\u00e1 ocupa uma posi\u00e7\u00e3o \u00edcone, com destaque para a qualidade dos servi\u00e7os oferecidos, o acolhimento e a humaniza\u00e7\u00e3o do atendimento. Esse tema materno-infantil \u00e9 muito especial e percebemos aqui uma dedica\u00e7\u00e3o que transforma. \u00c9 muito importante ter um diferencial deste na sa\u00fade e poder construir um cen\u00e1rio melhor para a cidade.<\/p>\n<p>Durante a celebra\u00e7\u00e3o, profissionais de sa\u00fade e algumas m\u00e3es foram homenageadas. Uma delas foi a dona de casa Luana Gomes, m\u00e3e do pequeno Jo\u00e3o Arthur, o primeiro beb\u00ea nascido na Maternidade Maria Am\u00e9lia Buarque de Hollanda. No pr\u00f3ximo s\u00e1bado (18\/05) o menino completa um ano de vida.<\/p>\n<p>&#8211; Desde que cheguei aqui fui muito bem atendida e fiquei feliz quando soube que o parto do Jo\u00e3o seria o primeiro da maternidade. Ele \u00e9 meu quarto filho e posso dizer que n\u00e3o tem compara\u00e7\u00e3o, essa maternidade \u00e9 a melhor e j\u00e1 indiquei para v\u00e1rias amigas \u2013 contou Luana, 31 anos.<\/p>\n<p>Outra homenageada, a jovem Let\u00edcia Concei\u00e7\u00e3o dos Reis, 19 anos, m\u00e3e do beb\u00ea de n\u00famero mil, Thales Gabriel (6 meses) tamb\u00e9m elogiou a unidade:<\/p>\n<p>&#8211; Simplesmente adorei tudo aqui. As instala\u00e7\u00f5es s\u00e3o excelentes e o atendimento tamb\u00e9m. Fui muito bem assistida o tempo todo e, inclusive, ganhei massagem para me tranquilizar e aliviar a ansiedade. Pretendo ter mais um filho e, se depender de mim, ele vai nascer aqui tamb\u00e9m.<\/p>\n<p>Let\u00edcia est\u00e1 na faixa et\u00e1ria da maior parte das m\u00e3es cariocas, segundo pesquisa sobre o perfil das gestantes do munic\u00edpio realizada pela Secretaria Municipal de Sa\u00fade. Segundo as estat\u00edsticas, 46,1% das m\u00e3es cariocas t\u00eam entre 20 e 29 anos; 67,8% s\u00e3o solteiras ou n\u00e3o s\u00e3o casadas no papel; 51,6% n\u00e3o completaram o ensino m\u00e9dio (t\u00eam de oito a 11 anos de escolaridade); 68% das gestantes fazem sete ou mais consultas de pr\u00e9-natal; e 51,1% dos beb\u00eas s\u00e3o meninos (48,9% meninas).<\/p>\n<p><strong>Maternidade Maria Am\u00e9lia Buarque de Hollanda<\/strong><\/p>\n<p>A maternidade, inaugurada em 13\/05\/12, possui uma equipe altamente qualificada, formada por m\u00e9dicos, assistentes sociais, psic\u00f3logos, fisioterapeutas, fonoaudi\u00f3logos, nutricionistas, anestesistas, cinco coordenadores de enfermagem, 24 enfermeiros-obstetras, 26 enfermeiros-neonatologistas, 40 enfermeiros-generalistas e mais de 150 t\u00e9cnicos de enfermagem.<\/p>\n<p>Localizada na Rua Moncorvo Filho, 67, a unidade possui um \u00edndice de parto normal acima da m\u00e9dia do munic\u00edpio. Sua estrutura tem 9 mil metros quadrados e quatro pavimentos, 34 leitos de terapia intensiva neonatal, tr\u00eas salas de cirurgia e seis para partos humanizados. O pr\u00e9dio conta ainda com sala de ultrassonografia, de ordenha, de raio-x, central de esteriliza\u00e7\u00e3o, audit\u00f3rio, sol\u00e1rio e refeit\u00f3rio para funcion\u00e1rios.<\/p>\n<p>A Prefeitura do Rio investiu R$ 14 milh\u00f5es na constru\u00e7\u00e3o do pr\u00e9dio, que recebeu equipamentos de \u00faltima gera\u00e7\u00e3o, \u00fanicos na cidade do Rio de Janeiro e os mais avan\u00e7ados do pa\u00eds, que ajudam a garantir a seguran\u00e7a dos procedimentos. Para os cuidados com os rec\u00e9m-nascidos, a unidade conta com aparelhos de fototerapia, de ventila\u00e7\u00e3o mec\u00e2nica e incubadoras modernos e eficazes, que, em compara\u00e7\u00e3o aos equipamentos tradicionais, podem reduzir em at\u00e9 um ter\u00e7o o per\u00edodo de interna\u00e7\u00e3o dos beb\u00eas na UTI neonatal. Al\u00e9m disso, nas novas incubadoras, os rec\u00e9m-nascidos podem ser pesados sem sair do leito e s\u00e3o menos expostos aos ru\u00eddos externos.<\/p>\n<p>As gestantes t\u00eam \u00e0 disposi\u00e7\u00e3o emerg\u00eancia e interna\u00e7\u00e3o obst\u00e9trica e neonatal, com atendimento 24h, acompanhamento ao trabalho de parto e parto humanizado, pr\u00e9-natal de alto risco e N\u00facleo de Aten\u00e7\u00e3o Integral ao Rec\u00e9m-nascido de Risco. Formado por profissionais renomados, o corpo cl\u00ednico tamb\u00e9m \u00e9 altamente qualificado.<\/p>\n<p>Al\u00e9m de todos esses atributos e benef\u00edcios que a Maternidade Maria Am\u00e1lia oferece para as gestantes, a unidade integra a rede do Programa Cegonha Carioca, um projeto que amplia e qualifica o atendimento oferecido \u00e0s gestantes da cidade, com o objetivo de reduzir a mortalidade materno-infantil e incentivar a realiza\u00e7\u00e3o do pr\u00e9-natal.<\/p>\n<p>Para auxiliar no tratamento de prematuros, a unidade utiliza uma t\u00e9cnica diferenciada em que os beb\u00eas ficam em \u201credes canguru\u201d, que simulam os movimentos do \u00fatero materno e estimulam o desenvolvimento e o r\u00e1pido ganho de peso da crian\u00e7a. O m\u00e9todo \u00e9 utilizado para substituir a incubadora. Assim, atrav\u00e9s do permanente contato com suas m\u00e3es, dividindo calor, carinho, conforto e seguran\u00e7a, os beb\u00eas v\u00e3o ganhando peso e, consequentemente, diminuindo o tempo de interna\u00e7\u00e3o e reduzindo os riscos de infec\u00e7\u00e3o.<\/p>\n<p><em>Fonte: Prefeitura do Rio<\/em><\/p>\n","protected":false},"excerpt":{"rendered":"<p>O Hospital Maternidade Maria Am\u00e9lia Buarque de Hollanda, no Centro, completa um ano de funcionamento nesta segunda-feira (13\/05) e celebra a marca de 3.200 mil partos realizados. A unidade, que integra a rede do Programa Cegonha Carioca, tem capacidade para realizar at\u00e9 500 partos por m\u00eas, beneficiando mais de 300 mil moradoras da regi\u00e3o. S\u00f3 [&hellip;]<\/p>\n","protected":false},"author":1,"featured_media":0,"comment_status":"open","ping_status":"open","sticky":false,"template":"","format":"standard","meta":{"footnotes":""},"categories":[6],"tags":[],"class_list":["post-679","post","type-post","status-publish","format-standard","hentry","category-noticias"],"yoast_head":"<!-- This site is optimized with the Yoast SEO plugin v25.9 - https:\/\/yoast.com\/wordpress\/plugins\/seo\/ -->\n<title>Centro RJ: Maternidade Maria Am\u00e9lia celebra seu primeiro anivers\u00e1rio - Not\u00edcias do Bairro Centro RJ<\/title>\n<meta name=\"robots\" content=\"index, follow, max-snippet:-1, max-image-preview:large, max-video-preview:-1\" \/>\n<link rel=\"canonical\" href=\"https:\/\/www.encontracentroriodejaneiro.com.br\/noticias\/centro-rj-maternidade-maria-amelia-celebra-seu-primeiro-aniversario\/\" \/>\n<meta property=\"og:locale\" content=\"pt_BR\" \/>\n<meta property=\"og:type\" content=\"article\" \/>\n<meta property=\"og:title\" content=\"Centro RJ: Maternidade Maria Am\u00e9lia celebra seu primeiro anivers\u00e1rio - Not\u00edcias do Bairro Centro RJ\" \/>\n<meta property=\"og:description\" content=\"O Hospital Maternidade Maria Am\u00e9lia Buarque de Hollanda, no Centro, completa um ano de funcionamento nesta segunda-feira (13\/05) e celebra a marca de 3.200 mil partos realizados. A unidade, que integra a rede do Programa Cegonha Carioca, tem capacidade para realizar at\u00e9 500 partos por m\u00eas, beneficiando mais de 300 mil moradoras da regi\u00e3o. S\u00f3 [&hellip;]\" \/>\n<meta property=\"og:url\" content=\"https:\/\/www.encontracentroriodejaneiro.com.br\/noticias\/centro-rj-maternidade-maria-amelia-celebra-seu-primeiro-aniversario\/\" \/>\n<meta property=\"og:site_name\" content=\"Not\u00edcias do Bairro Centro RJ\" \/>\n<meta property=\"article:published_time\" content=\"2013-05-14T14:55:54+00:00\" \/>\n<meta property=\"article:modified_time\" content=\"2013-08-15T16:18:41+00:00\" \/>\n<meta name=\"author\" content=\"Encontra Centro RJ\" \/>\n<meta name=\"twitter:card\" content=\"summary_large_image\" \/>\n<meta name=\"twitter:label1\" content=\"Escrito por\" \/>\n\t<meta name=\"twitter:data1\" content=\"Encontra Centro RJ\" \/>\n\t<meta name=\"twitter:label2\" content=\"Est. tempo de leitura\" \/>\n\t<meta name=\"twitter:data2\" content=\"5 minutos\" \/>\n<script type=\"application\/ld+json\" class=\"yoast-schema-graph\">{\"@context\":\"https:\/\/schema.org\",\"@graph\":[{\"@type\":\"WebPage\",\"@id\":\"https:\/\/www.encontracentroriodejaneiro.com.br\/noticias\/centro-rj-maternidade-maria-amelia-celebra-seu-primeiro-aniversario\/\",\"url\":\"https:\/\/www.encontracentroriodejaneiro.com.br\/noticias\/centro-rj-maternidade-maria-amelia-celebra-seu-primeiro-aniversario\/\",\"name\":\"Centro RJ: Maternidade Maria Am\u00e9lia celebra seu primeiro anivers\u00e1rio - Not\u00edcias do Bairro Centro RJ\",\"isPartOf\":{\"@id\":\"https:\/\/www.encontracentroriodejaneiro.com.br\/noticias\/#website\"},\"datePublished\":\"2013-05-14T14:55:54+00:00\",\"dateModified\":\"2013-08-15T16:18:41+00:00\",\"author\":{\"@id\":\"https:\/\/www.encontracentroriodejaneiro.com.br\/noticias\/#\/schema\/person\/d3a6c0305ffb5ffec8e9c6aefa0cbbce\"},\"breadcrumb\":{\"@id\":\"https:\/\/www.encontracentroriodejaneiro.com.br\/noticias\/centro-rj-maternidade-maria-amelia-celebra-seu-primeiro-aniversario\/#breadcrumb\"},\"inLanguage\":\"pt-BR\",\"potentialAction\":[{\"@type\":\"ReadAction\",\"target\":[\"https:\/\/www.encontracentroriodejaneiro.com.br\/noticias\/centro-rj-maternidade-maria-amelia-celebra-seu-primeiro-aniversario\/\"]}]},{\"@type\":\"BreadcrumbList\",\"@id\":\"https:\/\/www.encontracentroriodejaneiro.com.br\/noticias\/centro-rj-maternidade-maria-amelia-celebra-seu-primeiro-aniversario\/#breadcrumb\",\"itemListElement\":[{\"@type\":\"ListItem\",\"position\":1,\"name\":\"In\u00edcio\",\"item\":\"https:\/\/www.encontracentroriodejaneiro.com.br\/noticias\/\"},{\"@type\":\"ListItem\",\"position\":2,\"name\":\"Centro RJ: Maternidade Maria Am\u00e9lia celebra seu primeiro anivers\u00e1rio\"}]},{\"@type\":\"WebSite\",\"@id\":\"https:\/\/www.encontracentroriodejaneiro.com.br\/noticias\/#website\",\"url\":\"https:\/\/www.encontracentroriodejaneiro.com.br\/noticias\/\",\"name\":\"Not\u00edcias do Bairro Centro RJ\",\"description\":\"Not\u00edcias, eventos, informa\u00e7\u00f5es e dicas no Bairro Centro RJ e regi\u00e3o\",\"potentialAction\":[{\"@type\":\"SearchAction\",\"target\":{\"@type\":\"EntryPoint\",\"urlTemplate\":\"https:\/\/www.encontracentroriodejaneiro.com.br\/noticias\/?s={search_term_string}\"},\"query-input\":{\"@type\":\"PropertyValueSpecification\",\"valueRequired\":true,\"valueName\":\"search_term_string\"}}],\"inLanguage\":\"pt-BR\"},{\"@type\":\"Person\",\"@id\":\"https:\/\/www.encontracentroriodejaneiro.com.br\/noticias\/#\/schema\/person\/d3a6c0305ffb5ffec8e9c6aefa0cbbce\",\"name\":\"Encontra Centro RJ\",\"image\":{\"@type\":\"ImageObject\",\"inLanguage\":\"pt-BR\",\"@id\":\"https:\/\/www.encontracentroriodejaneiro.com.br\/noticias\/#\/schema\/person\/image\/\",\"url\":\"https:\/\/secure.gravatar.com\/avatar\/507340682b8270222e1f208e23198b6ae7e2c6a1033ae84e99bc6bce4f82a387?s=96&d=mm&r=g\",\"contentUrl\":\"https:\/\/secure.gravatar.com\/avatar\/507340682b8270222e1f208e23198b6ae7e2c6a1033ae84e99bc6bce4f82a387?s=96&d=mm&r=g\",\"caption\":\"Encontra Centro RJ\"},\"sameAs\":[\"http:\/\/www.encontracentroriodejaneiro.com.br\"],\"url\":\"https:\/\/www.encontracentroriodejaneiro.com.br\/noticias\/author\/ecentroriodejaneiro\/\"}]}<\/script>\n<!-- \/ Yoast SEO plugin. -->","yoast_head_json":{"title":"Centro RJ: Maternidade Maria Am\u00e9lia celebra seu primeiro anivers\u00e1rio - Not\u00edcias do Bairro Centro RJ","robots":{"index":"index","follow":"follow","max-snippet":"max-snippet:-1","max-image-preview":"max-image-preview:large","max-video-preview":"max-video-preview:-1"},"canonical":"https:\/\/www.encontracentroriodejaneiro.com.br\/noticias\/centro-rj-maternidade-maria-amelia-celebra-seu-primeiro-aniversario\/","og_locale":"pt_BR","og_type":"article","og_title":"Centro RJ: Maternidade Maria Am\u00e9lia celebra seu primeiro anivers\u00e1rio - Not\u00edcias do Bairro Centro RJ","og_description":"O Hospital Maternidade Maria Am\u00e9lia Buarque de Hollanda, no Centro, completa um ano de funcionamento nesta segunda-feira (13\/05) e celebra a marca de 3.200 mil partos realizados. A unidade, que integra a rede do Programa Cegonha Carioca, tem capacidade para realizar at\u00e9 500 partos por m\u00eas, beneficiando mais de 300 mil moradoras da regi\u00e3o. S\u00f3 [&hellip;]","og_url":"https:\/\/www.encontracentroriodejaneiro.com.br\/noticias\/centro-rj-maternidade-maria-amelia-celebra-seu-primeiro-aniversario\/","og_site_name":"Not\u00edcias do Bairro Centro RJ","article_published_time":"2013-05-14T14:55:54+00:00","article_modified_time":"2013-08-15T16:18:41+00:00","author":"Encontra Centro RJ","twitter_card":"summary_large_image","twitter_misc":{"Escrito por":"Encontra Centro RJ","Est. tempo de leitura":"5 minutos"},"schema":{"@context":"https:\/\/schema.org","@graph":[{"@type":"WebPage","@id":"https:\/\/www.encontracentroriodejaneiro.com.br\/noticias\/centro-rj-maternidade-maria-amelia-celebra-seu-primeiro-aniversario\/","url":"https:\/\/www.encontracentroriodejaneiro.com.br\/noticias\/centro-rj-maternidade-maria-amelia-celebra-seu-primeiro-aniversario\/","name":"Centro RJ: Maternidade Maria Am\u00e9lia celebra seu primeiro anivers\u00e1rio - Not\u00edcias do Bairro Centro RJ","isPartOf":{"@id":"https:\/\/www.encontracentroriodejaneiro.com.br\/noticias\/#website"},"datePublished":"2013-05-14T14:55:54+00:00","dateModified":"2013-08-15T16:18:41+00:00","author":{"@id":"https:\/\/www.encontracentroriodejaneiro.com.br\/noticias\/#\/schema\/person\/d3a6c0305ffb5ffec8e9c6aefa0cbbce"},"breadcrumb":{"@id":"https:\/\/www.encontracentroriodejaneiro.com.br\/noticias\/centro-rj-maternidade-maria-amelia-celebra-seu-primeiro-aniversario\/#breadcrumb"},"inLanguage":"pt-BR","potentialAction":[{"@type":"ReadAction","target":["https:\/\/www.encontracentroriodejaneiro.com.br\/noticias\/centro-rj-maternidade-maria-amelia-celebra-seu-primeiro-aniversario\/"]}]},{"@type":"BreadcrumbList","@id":"https:\/\/www.encontracentroriodejaneiro.com.br\/noticias\/centro-rj-maternidade-maria-amelia-celebra-seu-primeiro-aniversario\/#breadcrumb","itemListElement":[{"@type":"ListItem","position":1,"name":"In\u00edcio","item":"https:\/\/www.encontracentroriodejaneiro.com.br\/noticias\/"},{"@type":"ListItem","position":2,"name":"Centro RJ: Maternidade Maria Am\u00e9lia celebra seu primeiro anivers\u00e1rio"}]},{"@type":"WebSite","@id":"https:\/\/www.encontracentroriodejaneiro.com.br\/noticias\/#website","url":"https:\/\/www.encontracentroriodejaneiro.com.br\/noticias\/","name":"Not\u00edcias do Bairro Centro RJ","description":"Not\u00edcias, eventos, informa\u00e7\u00f5es e dicas no Bairro Centro RJ e regi\u00e3o","potentialAction":[{"@type":"SearchAction","target":{"@type":"EntryPoint","urlTemplate":"https:\/\/www.encontracentroriodejaneiro.com.br\/noticias\/?s={search_term_string}"},"query-input":{"@type":"PropertyValueSpecification","valueRequired":true,"valueName":"search_term_string"}}],"inLanguage":"pt-BR"},{"@type":"Person","@id":"https:\/\/www.encontracentroriodejaneiro.com.br\/noticias\/#\/schema\/person\/d3a6c0305ffb5ffec8e9c6aefa0cbbce","name":"Encontra Centro RJ","image":{"@type":"ImageObject","inLanguage":"pt-BR","@id":"https:\/\/www.encontracentroriodejaneiro.com.br\/noticias\/#\/schema\/person\/image\/","url":"https:\/\/secure.gravatar.com\/avatar\/507340682b8270222e1f208e23198b6ae7e2c6a1033ae84e99bc6bce4f82a387?s=96&d=mm&r=g","contentUrl":"https:\/\/secure.gravatar.com\/avatar\/507340682b8270222e1f208e23198b6ae7e2c6a1033ae84e99bc6bce4f82a387?s=96&d=mm&r=g","caption":"Encontra Centro RJ"},"sameAs":["http:\/\/www.encontracentroriodejaneiro.com.br"],"url":"https:\/\/www.encontracentroriodejaneiro.com.br\/noticias\/author\/ecentroriodejaneiro\/"}]}},"_links":{"self":[{"href":"https:\/\/www.encontracentroriodejaneiro.com.br\/noticias\/wp-json\/wp\/v2\/posts\/679","targetHints":{"allow":["GET"]}}],"collection":[{"href":"https:\/\/www.encontracentroriodejaneiro.com.br\/noticias\/wp-json\/wp\/v2\/posts"}],"about":[{"href":"https:\/\/www.encontracentroriodejaneiro.com.br\/noticias\/wp-json\/wp\/v2\/types\/post"}],"author":[{"embeddable":true,"href":"https:\/\/www.encontracentroriodejaneiro.com.br\/noticias\/wp-json\/wp\/v2\/users\/1"}],"replies":[{"embeddable":true,"href":"https:\/\/www.encontracentroriodejaneiro.com.br\/noticias\/wp-json\/wp\/v2\/comments?post=679"}],"version-history":[{"count":3,"href":"https:\/\/www.encontracentroriodejaneiro.com.br\/noticias\/wp-json\/wp\/v2\/posts\/679\/revisions"}],"predecessor-version":[{"id":681,"href":"https:\/\/www.encontracentroriodejaneiro.com.br\/noticias\/wp-json\/wp\/v2\/posts\/679\/revisions\/681"}],"wp:attachment":[{"href":"https:\/\/www.encontracentroriodejaneiro.com.br\/noticias\/wp-json\/wp\/v2\/media?parent=679"}],"wp:term":[{"taxonomy":"category","embeddable":true,"href":"https:\/\/www.encontracentroriodejaneiro.com.br\/noticias\/wp-json\/wp\/v2\/categories?post=679"},{"taxonomy":"post_tag","embeddable":true,"href":"https:\/\/www.encontracentroriodejaneiro.com.br\/noticias\/wp-json\/wp\/v2\/tags?post=679"}],"curies":[{"name":"wp","href":"https:\/\/api.w.org\/{rel}","templated":true}]}}