{"id":683,"date":"2013-05-20T12:48:16","date_gmt":"2013-05-20T14:48:16","guid":{"rendered":"http:\/\/www.encontracentroriodejaneiro.com.br\/noticias\/?p=683"},"modified":"2013-08-15T14:18:41","modified_gmt":"2013-08-15T16:18:41","slug":"incendio-atinge-restaurante-na-praca-tiradentes-no-centro-do-rio","status":"publish","type":"post","link":"https:\/\/www.encontracentroriodejaneiro.com.br\/noticias\/incendio-atinge-restaurante-na-praca-tiradentes-no-centro-do-rio\/","title":{"rendered":"Inc\u00eandio atinge restaurante na Pra\u00e7a Tiradentes, no Centro do Rio"},"content":{"rendered":"<p>O Corpo de Bombeiros controlou um princ\u00edpio de inc\u00eandio em um restautante na Pra\u00e7a Tiradentes, no regi\u00e3o central do RJ. As chamas foram apagadas por volta das 15h15 da \u00faltima sexta-feira (17).<\/p>\n<p>Uma pessoa ficou levemente ferida, de acordo com a corpora\u00e7\u00e3o. N\u00e3o h\u00e1 informa\u00e7\u00f5es sobre as causas do fogo. O tr\u00e2nsito de ve\u00edculos no Centro do Rio de Janeiro era intenso as 15h15.<\/p>\n<p><em>Fonte: G1<\/em><\/p>\n","protected":false},"excerpt":{"rendered":"<p>O Corpo de Bombeiros controlou um princ\u00edpio de inc\u00eandio em um restautante na Pra\u00e7a Tiradentes, no regi\u00e3o central do RJ. As chamas foram apagadas por volta das 15h15 da \u00faltima sexta-feira (17). Uma pessoa ficou levemente ferida, de acordo com a corpora\u00e7\u00e3o. N\u00e3o h\u00e1 informa\u00e7\u00f5es sobre as causas do fogo. O tr\u00e2nsito de ve\u00edculos no [&hellip;]<\/p>\n","protected":false},"author":1,"featured_media":0,"comment_status":"open","ping_status":"open","sticky":false,"template":"","format":"standard","meta":{"footnotes":""},"categories":[6],"tags":[],"class_list":["post-683","post","type-post","status-publish","format-standard","hentry","category-noticias"],"yoast_head":"<!-- This site is optimized with the Yoast SEO plugin v25.9 - https:\/\/yoast.com\/wordpress\/plugins\/seo\/ -->\n<title>Inc\u00eandio atinge restaurante na Pra\u00e7a Tiradentes, no Centro do Rio - Not\u00edcias do Bairro Centro RJ<\/title>\n<meta name=\"robots\" content=\"index, follow, max-snippet:-1, max-image-preview:large, max-video-preview:-1\" \/>\n<link rel=\"canonical\" href=\"https:\/\/www.encontracentroriodejaneiro.com.br\/noticias\/incendio-atinge-restaurante-na-praca-tiradentes-no-centro-do-rio\/\" \/>\n<meta property=\"og:locale\" content=\"pt_BR\" \/>\n<meta property=\"og:type\" content=\"article\" \/>\n<meta property=\"og:title\" content=\"Inc\u00eandio atinge restaurante na Pra\u00e7a Tiradentes, no Centro do Rio - Not\u00edcias do Bairro Centro RJ\" \/>\n<meta property=\"og:description\" content=\"O Corpo de Bombeiros controlou um princ\u00edpio de inc\u00eandio em um restautante na Pra\u00e7a Tiradentes, no regi\u00e3o central do RJ. As chamas foram apagadas por volta das 15h15 da \u00faltima sexta-feira (17). Uma pessoa ficou levemente ferida, de acordo com a corpora\u00e7\u00e3o. N\u00e3o h\u00e1 informa\u00e7\u00f5es sobre as causas do fogo. O tr\u00e2nsito de ve\u00edculos no [&hellip;]\" \/>\n<meta property=\"og:url\" content=\"https:\/\/www.encontracentroriodejaneiro.com.br\/noticias\/incendio-atinge-restaurante-na-praca-tiradentes-no-centro-do-rio\/\" \/>\n<meta property=\"og:site_name\" content=\"Not\u00edcias do Bairro Centro RJ\" \/>\n<meta property=\"article:published_time\" content=\"2013-05-20T14:48:16+00:00\" \/>\n<meta property=\"article:modified_time\" content=\"2013-08-15T16:18:41+00:00\" \/>\n<meta name=\"author\" content=\"Encontra Centro RJ\" \/>\n<meta name=\"twitter:card\" content=\"summary_large_image\" \/>\n<meta name=\"twitter:label1\" content=\"Escrito por\" \/>\n\t<meta name=\"twitter:data1\" content=\"Encontra Centro RJ\" \/>\n<script type=\"application\/ld+json\" class=\"yoast-schema-graph\">{\"@context\":\"https:\/\/schema.org\",\"@graph\":[{\"@type\":\"WebPage\",\"@id\":\"https:\/\/www.encontracentroriodejaneiro.com.br\/noticias\/incendio-atinge-restaurante-na-praca-tiradentes-no-centro-do-rio\/\",\"url\":\"https:\/\/www.encontracentroriodejaneiro.com.br\/noticias\/incendio-atinge-restaurante-na-praca-tiradentes-no-centro-do-rio\/\",\"name\":\"Inc\u00eandio atinge restaurante na Pra\u00e7a Tiradentes, no Centro do Rio - Not\u00edcias do Bairro Centro RJ\",\"isPartOf\":{\"@id\":\"https:\/\/www.encontracentroriodejaneiro.com.br\/noticias\/#website\"},\"datePublished\":\"2013-05-20T14:48:16+00:00\",\"dateModified\":\"2013-08-15T16:18:41+00:00\",\"author\":{\"@id\":\"https:\/\/www.encontracentroriodejaneiro.com.br\/noticias\/#\/schema\/person\/d3a6c0305ffb5ffec8e9c6aefa0cbbce\"},\"breadcrumb\":{\"@id\":\"https:\/\/www.encontracentroriodejaneiro.com.br\/noticias\/incendio-atinge-restaurante-na-praca-tiradentes-no-centro-do-rio\/#breadcrumb\"},\"inLanguage\":\"pt-BR\",\"potentialAction\":[{\"@type\":\"ReadAction\",\"target\":[\"https:\/\/www.encontracentroriodejaneiro.com.br\/noticias\/incendio-atinge-restaurante-na-praca-tiradentes-no-centro-do-rio\/\"]}]},{\"@type\":\"BreadcrumbList\",\"@id\":\"https:\/\/www.encontracentroriodejaneiro.com.br\/noticias\/incendio-atinge-restaurante-na-praca-tiradentes-no-centro-do-rio\/#breadcrumb\",\"itemListElement\":[{\"@type\":\"ListItem\",\"position\":1,\"name\":\"In\u00edcio\",\"item\":\"https:\/\/www.encontracentroriodejaneiro.com.br\/noticias\/\"},{\"@type\":\"ListItem\",\"position\":2,\"name\":\"Inc\u00eandio atinge restaurante na Pra\u00e7a Tiradentes, no Centro do Rio\"}]},{\"@type\":\"WebSite\",\"@id\":\"https:\/\/www.encontracentroriodejaneiro.com.br\/noticias\/#website\",\"url\":\"https:\/\/www.encontracentroriodejaneiro.com.br\/noticias\/\",\"name\":\"Not\u00edcias do Bairro Centro RJ\",\"description\":\"Not\u00edcias, eventos, informa\u00e7\u00f5es e dicas no Bairro Centro RJ e regi\u00e3o\",\"potentialAction\":[{\"@type\":\"SearchAction\",\"target\":{\"@type\":\"EntryPoint\",\"urlTemplate\":\"https:\/\/www.encontracentroriodejaneiro.com.br\/noticias\/?s={search_term_string}\"},\"query-input\":{\"@type\":\"PropertyValueSpecification\",\"valueRequired\":true,\"valueName\":\"search_term_string\"}}],\"inLanguage\":\"pt-BR\"},{\"@type\":\"Person\",\"@id\":\"https:\/\/www.encontracentroriodejaneiro.com.br\/noticias\/#\/schema\/person\/d3a6c0305ffb5ffec8e9c6aefa0cbbce\",\"name\":\"Encontra Centro RJ\",\"image\":{\"@type\":\"ImageObject\",\"inLanguage\":\"pt-BR\",\"@id\":\"https:\/\/www.encontracentroriodejaneiro.com.br\/noticias\/#\/schema\/person\/image\/\",\"url\":\"https:\/\/secure.gravatar.com\/avatar\/507340682b8270222e1f208e23198b6ae7e2c6a1033ae84e99bc6bce4f82a387?s=96&d=mm&r=g\",\"contentUrl\":\"https:\/\/secure.gravatar.com\/avatar\/507340682b8270222e1f208e23198b6ae7e2c6a1033ae84e99bc6bce4f82a387?s=96&d=mm&r=g\",\"caption\":\"Encontra Centro RJ\"},\"sameAs\":[\"http:\/\/www.encontracentroriodejaneiro.com.br\"],\"url\":\"https:\/\/www.encontracentroriodejaneiro.com.br\/noticias\/author\/ecentroriodejaneiro\/\"}]}<\/script>\n<!-- \/ Yoast SEO plugin. -->","yoast_head_json":{"title":"Inc\u00eandio atinge restaurante na Pra\u00e7a Tiradentes, no Centro do Rio - Not\u00edcias do Bairro Centro RJ","robots":{"index":"index","follow":"follow","max-snippet":"max-snippet:-1","max-image-preview":"max-image-preview:large","max-video-preview":"max-video-preview:-1"},"canonical":"https:\/\/www.encontracentroriodejaneiro.com.br\/noticias\/incendio-atinge-restaurante-na-praca-tiradentes-no-centro-do-rio\/","og_locale":"pt_BR","og_type":"article","og_title":"Inc\u00eandio atinge restaurante na Pra\u00e7a Tiradentes, no Centro do Rio - Not\u00edcias do Bairro Centro RJ","og_description":"O Corpo de Bombeiros controlou um princ\u00edpio de inc\u00eandio em um restautante na Pra\u00e7a Tiradentes, no regi\u00e3o central do RJ. As chamas foram apagadas por volta das 15h15 da \u00faltima sexta-feira (17). Uma pessoa ficou levemente ferida, de acordo com a corpora\u00e7\u00e3o. N\u00e3o h\u00e1 informa\u00e7\u00f5es sobre as causas do fogo. O tr\u00e2nsito de ve\u00edculos no [&hellip;]","og_url":"https:\/\/www.encontracentroriodejaneiro.com.br\/noticias\/incendio-atinge-restaurante-na-praca-tiradentes-no-centro-do-rio\/","og_site_name":"Not\u00edcias do Bairro Centro RJ","article_published_time":"2013-05-20T14:48:16+00:00","article_modified_time":"2013-08-15T16:18:41+00:00","author":"Encontra Centro RJ","twitter_card":"summary_large_image","twitter_misc":{"Escrito por":"Encontra Centro RJ"},"schema":{"@context":"https:\/\/schema.org","@graph":[{"@type":"WebPage","@id":"https:\/\/www.encontracentroriodejaneiro.com.br\/noticias\/incendio-atinge-restaurante-na-praca-tiradentes-no-centro-do-rio\/","url":"https:\/\/www.encontracentroriodejaneiro.com.br\/noticias\/incendio-atinge-restaurante-na-praca-tiradentes-no-centro-do-rio\/","name":"Inc\u00eandio atinge restaurante na Pra\u00e7a Tiradentes, no Centro do Rio - Not\u00edcias do Bairro Centro RJ","isPartOf":{"@id":"https:\/\/www.encontracentroriodejaneiro.com.br\/noticias\/#website"},"datePublished":"2013-05-20T14:48:16+00:00","dateModified":"2013-08-15T16:18:41+00:00","author":{"@id":"https:\/\/www.encontracentroriodejaneiro.com.br\/noticias\/#\/schema\/person\/d3a6c0305ffb5ffec8e9c6aefa0cbbce"},"breadcrumb":{"@id":"https:\/\/www.encontracentroriodejaneiro.com.br\/noticias\/incendio-atinge-restaurante-na-praca-tiradentes-no-centro-do-rio\/#breadcrumb"},"inLanguage":"pt-BR","potentialAction":[{"@type":"ReadAction","target":["https:\/\/www.encontracentroriodejaneiro.com.br\/noticias\/incendio-atinge-restaurante-na-praca-tiradentes-no-centro-do-rio\/"]}]},{"@type":"BreadcrumbList","@id":"https:\/\/www.encontracentroriodejaneiro.com.br\/noticias\/incendio-atinge-restaurante-na-praca-tiradentes-no-centro-do-rio\/#breadcrumb","itemListElement":[{"@type":"ListItem","position":1,"name":"In\u00edcio","item":"https:\/\/www.encontracentroriodejaneiro.com.br\/noticias\/"},{"@type":"ListItem","position":2,"name":"Inc\u00eandio atinge restaurante na Pra\u00e7a Tiradentes, no Centro do Rio"}]},{"@type":"WebSite","@id":"https:\/\/www.encontracentroriodejaneiro.com.br\/noticias\/#website","url":"https:\/\/www.encontracentroriodejaneiro.com.br\/noticias\/","name":"Not\u00edcias do Bairro Centro RJ","description":"Not\u00edcias, eventos, informa\u00e7\u00f5es e dicas no Bairro Centro RJ e regi\u00e3o","potentialAction":[{"@type":"SearchAction","target":{"@type":"EntryPoint","urlTemplate":"https:\/\/www.encontracentroriodejaneiro.com.br\/noticias\/?s={search_term_string}"},"query-input":{"@type":"PropertyValueSpecification","valueRequired":true,"valueName":"search_term_string"}}],"inLanguage":"pt-BR"},{"@type":"Person","@id":"https:\/\/www.encontracentroriodejaneiro.com.br\/noticias\/#\/schema\/person\/d3a6c0305ffb5ffec8e9c6aefa0cbbce","name":"Encontra Centro RJ","image":{"@type":"ImageObject","inLanguage":"pt-BR","@id":"https:\/\/www.encontracentroriodejaneiro.com.br\/noticias\/#\/schema\/person\/image\/","url":"https:\/\/secure.gravatar.com\/avatar\/507340682b8270222e1f208e23198b6ae7e2c6a1033ae84e99bc6bce4f82a387?s=96&d=mm&r=g","contentUrl":"https:\/\/secure.gravatar.com\/avatar\/507340682b8270222e1f208e23198b6ae7e2c6a1033ae84e99bc6bce4f82a387?s=96&d=mm&r=g","caption":"Encontra Centro RJ"},"sameAs":["http:\/\/www.encontracentroriodejaneiro.com.br"],"url":"https:\/\/www.encontracentroriodejaneiro.com.br\/noticias\/author\/ecentroriodejaneiro\/"}]}},"_links":{"self":[{"href":"https:\/\/www.encontracentroriodejaneiro.com.br\/noticias\/wp-json\/wp\/v2\/posts\/683","targetHints":{"allow":["GET"]}}],"collection":[{"href":"https:\/\/www.encontracentroriodejaneiro.com.br\/noticias\/wp-json\/wp\/v2\/posts"}],"about":[{"href":"https:\/\/www.encontracentroriodejaneiro.com.br\/noticias\/wp-json\/wp\/v2\/types\/post"}],"author":[{"embeddable":true,"href":"https:\/\/www.encontracentroriodejaneiro.com.br\/noticias\/wp-json\/wp\/v2\/users\/1"}],"replies":[{"embeddable":true,"href":"https:\/\/www.encontracentroriodejaneiro.com.br\/noticias\/wp-json\/wp\/v2\/comments?post=683"}],"version-history":[{"count":4,"href":"https:\/\/www.encontracentroriodejaneiro.com.br\/noticias\/wp-json\/wp\/v2\/posts\/683\/revisions"}],"predecessor-version":[{"id":1234,"href":"https:\/\/www.encontracentroriodejaneiro.com.br\/noticias\/wp-json\/wp\/v2\/posts\/683\/revisions\/1234"}],"wp:attachment":[{"href":"https:\/\/www.encontracentroriodejaneiro.com.br\/noticias\/wp-json\/wp\/v2\/media?parent=683"}],"wp:term":[{"taxonomy":"category","embeddable":true,"href":"https:\/\/www.encontracentroriodejaneiro.com.br\/noticias\/wp-json\/wp\/v2\/categories?post=683"},{"taxonomy":"post_tag","embeddable":true,"href":"https:\/\/www.encontracentroriodejaneiro.com.br\/noticias\/wp-json\/wp\/v2\/tags?post=683"}],"curies":[{"name":"wp","href":"https:\/\/api.w.org\/{rel}","templated":true}]}}