{"id":687,"date":"2013-05-24T13:10:31","date_gmt":"2013-05-24T15:10:31","guid":{"rendered":"http:\/\/www.encontracentroriodejaneiro.com.br\/noticias\/?p=687"},"modified":"2013-08-15T14:18:40","modified_gmt":"2013-08-15T16:18:40","slug":"municipio-determina-reforco-nas-frotas-de-onibus-que-trafegam-pelo-centro-do-rio","status":"publish","type":"post","link":"https:\/\/www.encontracentroriodejaneiro.com.br\/noticias\/municipio-determina-reforco-nas-frotas-de-onibus-que-trafegam-pelo-centro-do-rio\/","title":{"rendered":"Munic\u00edpio determina refor\u00e7o nas frotas de \u00f4nibus que trafegam pelo Centro do Rio"},"content":{"rendered":"<p>A <a title=\"Prefeitura do Rio de Janeiro\" href=\"http:\/\/www.encontracentroriodejaneiro.com.br\/centro-rj\/prefeitura-municipal-do-rio-de-janeiro.shtml\" target=\"_blank\">Prefeitura do Rio de Janeiro<\/a>, por meio da Secretaria de Transportes, determina que os cons\u00f3rcios operadores do sistema de \u00f4nibus urbanos reforcem a frota de parte das linhas que circulam nas zonas Sul e Oeste. A medida vai atender a popula\u00e7\u00e3o dos bairros da Zona Sul, e as linhas que passam pela Avenida Menezes Cortes (Estrada Graja\u00fa-Jacarepagu\u00e1), Estrada das Furnas, T\u00fanel da Grota Funda, Serra da Grota Funda, na Zona Oeste, al\u00e9m do T\u00fanel da Covanca (Linha Amarela).<\/p>\n<p>A iniciativa acontece por conta da proibi\u00e7\u00e3o da circula\u00e7\u00e3o de vans a partir do pr\u00f3ximo dia 25 nesses locais, conforme estabelecido no decreto 37.180. Os cons\u00f3rcios ser\u00e3o obrigados a operar com 100% da frota nas linhas de \u00f4nibus determinadas e, em alguns casos, com frota extra.<\/p>\n<p>As equipes da Secretaria de Transportes estar\u00e3o nas ruas para acompanhar o cumprimento dessas orienta\u00e7\u00f5es e avaliar o atendimento \u00e0 popula\u00e7\u00e3o.<\/p>\n<p><strong>Veja abaixo o novo esquema de circula\u00e7\u00e3o dos \u00f4nibus:<\/strong><\/p>\n<p><strong>1) Zona Sul RJ<\/strong><\/p>\n<p>507 \u2013 Largo do Machado x Silvestre \u2013 150% da frota<\/p>\n<p>137 \u2013 Largo do machado x Rodovi\u00e1ria &#8211; 100% da frota<\/p>\n<p>183 \u2013 Laranjeiras x Central \u2013 100% da frota<\/p>\n<p>583 \u2013 Cosme Velho x Leblon (via Jardim Bot\u00e2nico) \u2013 120% da frota<\/p>\n<p>584 \u2013 Cosme Velho x Leblon (via Copacabana) \u2013 120% da frota<\/p>\n<p>583 \u2013 Cosme Velho x Central \u2013 100% da frota<\/p>\n<p><strong>2) Liga\u00e7\u00e3o Barra\/Jacarepagua\/Recreio \u2013 Centro: Via Autoestrada Graja\u00fa-Jacarepagu\u00e1<\/strong><\/p>\n<p><strong>I) Linhas de \u00d4nibus no Centro Rio de Janeiro<br \/>\n<\/strong><\/p>\n<p>306 &#8211; Castelo x Pra\u00e7a Seca (via Av. Men. Cortes) \u2013 100% da frota<\/p>\n<p>340 &#8211; Pra\u00e7a XV x Curicica (via Cidade de Deus\/Av. Men. Cortes) &#8211; 100% da frota<\/p>\n<p>341 &#8211; Pra\u00e7a Mau\u00e1 x Taquara \u2013 115% da frota<\/p>\n<p>368 &#8211; Castelo x Rio Centro \u2013 100% da frota<\/p>\n<p>390 &#8211; Pra\u00e7a XV x Curicica (via Guerengu\u00ea) \u2013 125% da frota<\/p>\n<p>2110 &#8211; Castelo x Gard\u00eania Azul \u2013 130% da frota<\/p>\n<p>2111 &#8211; Castelo x Pra\u00e7a Seca (via Av. Menezes Cortes) &#8211; 130% da frota<\/p>\n<p>2114 &#8211; Castelo x Freguesia \u2013 130% da frota<\/p>\n<p><strong>II) Tijuca<\/strong><\/p>\n<p>600 &#8211; Pra\u00e7a Saens Pena x Taquara (via Cidade de Deus e Av. Menezes Cortes) &#8211; 124% da frota<\/p>\n<p>601 &#8211; Pra\u00e7a Saens Pena x Taquara (via Av. Menezes Cortes) \u2013 120% da frota<\/p>\n<p><strong>2.2) Liga\u00e7\u00e3o Barra\/ Jacarepagu\u00e1\/Recreio \u2013 Centro: Via Estrada de Furnas<\/strong><\/p>\n<p><strong>I) Centro<\/strong><\/p>\n<p>301 &#8211; Rodovi\u00e1ria x Barra da Tijuca (via Avenida das Am\u00e9ricas) \u2013 110% da frota<\/p>\n<p>302 &#8211; Rodovi\u00e1ria x Recreio dos Bandeirantes (via Av. Sernambetiba) &#8211; 110% da frota<\/p>\n<p>345 &#8211; Pra\u00e7a Mau\u00e1 x Barra da Tijuca &#8211; refor\u00e7o de 130% da frota<\/p>\n<p><strong>2.3) Liga\u00e7\u00e3o Barra\/ Jacarepagu\u00e1\/Recreio \u2013 Centro: Via Linha Amarela<\/strong><\/p>\n<p>303 &#8211; Rodovi\u00e1ria x Barra da Tijuca \u2013 100% da frota<\/p>\n<p>315 &#8211; Central x Recreio dos Bandeirantes &#8211; 130% da frota<\/p>\n<p>331 &#8211; Castelo x Pra\u00e7a Seca &#8211; 100% da frota<\/p>\n<p>337 &#8211; Pra\u00e7a XV x Curicica &#8211; 160% da frota<\/p>\n<p>338 &#8211; Pra\u00e7a Mau\u00e1 x Taquara &#8211; 150% da frota<\/p>\n<p>339 &#8211; Rodovi\u00e1ria x Cidade de Deus &#8211; 100% da frota<\/p>\n<p>343 &#8211; Pra\u00e7a XV x Joatinga &#8211; 100% da frota<\/p>\n<p>348 &#8211; Castelo x Rio Centro &#8211; 100% da frota<\/p>\n<p>352 &#8211; Castelo x Rio Centro (via Aut\u00f3dromo e Linha Amarela) &#8211; 160% da frota<\/p>\n<p>361 &#8211; Carioca x Recreio dos Bandeirantes &#8211; 130% da frota<\/p>\n<p>380 &#8211; Pra\u00e7a XV x Curicica (via Linha Amarela \/ Estr. do Pau Ferro) &#8211; 100% da frota<\/p>\n<p>2112- Castelo x Taquara &#8211; 130% da frota<\/p>\n<p>955 \u2013 Mar\u00e9 x Alvorada &#8211; 100% da frota<\/p>\n<p><strong>2.4) Via T\u00fanel da Grota Funda<\/strong><\/p>\n<p><strong>I) Campo Grande<\/strong><\/p>\n<p>2334 &#8211; Campo Grande x Castelo (via Estr. da Ilha e Barra da Tijuca) &#8211; 125% da frota<\/p>\n<p>2338 &#8211; Campo Grande x Castelo (via Estr. do Magar\u00e7a) &#8211; 100% da frota<\/p>\n<p>2801 &#8211; Campo Grande x Encontra Barra da Tijuca (via Magar\u00e7a) &#8211; 240% da frota<\/p>\n<p><strong>II) Santa Cruz<\/strong><\/p>\n<p>2335 &#8211; Santa Cruz x Castelo (via Barra da Tijuca) &#8211; 100% da frota<\/p>\n<p>2337 &#8211; Santa Cruz x Castelo (via Sepetiba) &#8211; 100% da frota<\/p>\n<p>2802 &#8211; Santa Cruz x Barra da Tijuca (via Am\u00e9ricas) &#8211; 100% da frota<\/p>\n<p><strong>III) Bangu<\/strong><\/p>\n<p>853 &#8211; Vila Kennedy x Barra da Tijuca &#8211; 100% da frota<\/p>\n<p>LECD &#8211; Vila Kennedy x Barra da Tijuca &#8211; 100% da frota<\/p>\n<p><em>Fonte: Prefeitura do Rio<\/em><\/p>\n","protected":false},"excerpt":{"rendered":"<p>A Prefeitura do Rio de Janeiro, por meio da Secretaria de Transportes, determina que os cons\u00f3rcios operadores do sistema de \u00f4nibus urbanos reforcem a frota de parte das linhas que circulam nas zonas Sul e Oeste. A medida vai atender a popula\u00e7\u00e3o dos bairros da Zona Sul, e as linhas que passam pela Avenida Menezes [&hellip;]<\/p>\n","protected":false},"author":1,"featured_media":0,"comment_status":"open","ping_status":"open","sticky":false,"template":"","format":"standard","meta":{"footnotes":""},"categories":[6],"tags":[],"class_list":["post-687","post","type-post","status-publish","format-standard","hentry","category-noticias"],"yoast_head":"<!-- This site is optimized with the Yoast SEO plugin v25.9 - https:\/\/yoast.com\/wordpress\/plugins\/seo\/ -->\n<title>Munic\u00edpio determina refor\u00e7o nas frotas de \u00f4nibus que trafegam pelo Centro do Rio - Not\u00edcias do Bairro Centro RJ<\/title>\n<meta name=\"robots\" content=\"index, follow, max-snippet:-1, max-image-preview:large, max-video-preview:-1\" \/>\n<link rel=\"canonical\" href=\"https:\/\/www.encontracentroriodejaneiro.com.br\/noticias\/municipio-determina-reforco-nas-frotas-de-onibus-que-trafegam-pelo-centro-do-rio\/\" \/>\n<meta property=\"og:locale\" content=\"pt_BR\" \/>\n<meta property=\"og:type\" content=\"article\" \/>\n<meta property=\"og:title\" content=\"Munic\u00edpio determina refor\u00e7o nas frotas de \u00f4nibus que trafegam pelo Centro do Rio - Not\u00edcias do Bairro Centro RJ\" \/>\n<meta property=\"og:description\" content=\"A Prefeitura do Rio de Janeiro, por meio da Secretaria de Transportes, determina que os cons\u00f3rcios operadores do sistema de \u00f4nibus urbanos reforcem a frota de parte das linhas que circulam nas zonas Sul e Oeste. A medida vai atender a popula\u00e7\u00e3o dos bairros da Zona Sul, e as linhas que passam pela Avenida Menezes [&hellip;]\" \/>\n<meta property=\"og:url\" content=\"https:\/\/www.encontracentroriodejaneiro.com.br\/noticias\/municipio-determina-reforco-nas-frotas-de-onibus-que-trafegam-pelo-centro-do-rio\/\" \/>\n<meta property=\"og:site_name\" content=\"Not\u00edcias do Bairro Centro RJ\" \/>\n<meta property=\"article:published_time\" content=\"2013-05-24T15:10:31+00:00\" \/>\n<meta property=\"article:modified_time\" content=\"2013-08-15T16:18:40+00:00\" \/>\n<meta name=\"author\" content=\"Encontra Centro RJ\" \/>\n<meta name=\"twitter:card\" content=\"summary_large_image\" \/>\n<meta name=\"twitter:label1\" content=\"Escrito por\" \/>\n\t<meta name=\"twitter:data1\" content=\"Encontra Centro RJ\" \/>\n\t<meta name=\"twitter:label2\" content=\"Est. tempo de leitura\" \/>\n\t<meta name=\"twitter:data2\" content=\"3 minutos\" \/>\n<script type=\"application\/ld+json\" class=\"yoast-schema-graph\">{\"@context\":\"https:\/\/schema.org\",\"@graph\":[{\"@type\":\"WebPage\",\"@id\":\"https:\/\/www.encontracentroriodejaneiro.com.br\/noticias\/municipio-determina-reforco-nas-frotas-de-onibus-que-trafegam-pelo-centro-do-rio\/\",\"url\":\"https:\/\/www.encontracentroriodejaneiro.com.br\/noticias\/municipio-determina-reforco-nas-frotas-de-onibus-que-trafegam-pelo-centro-do-rio\/\",\"name\":\"Munic\u00edpio determina refor\u00e7o nas frotas de \u00f4nibus que trafegam pelo Centro do Rio - Not\u00edcias do Bairro Centro RJ\",\"isPartOf\":{\"@id\":\"https:\/\/www.encontracentroriodejaneiro.com.br\/noticias\/#website\"},\"datePublished\":\"2013-05-24T15:10:31+00:00\",\"dateModified\":\"2013-08-15T16:18:40+00:00\",\"author\":{\"@id\":\"https:\/\/www.encontracentroriodejaneiro.com.br\/noticias\/#\/schema\/person\/d3a6c0305ffb5ffec8e9c6aefa0cbbce\"},\"breadcrumb\":{\"@id\":\"https:\/\/www.encontracentroriodejaneiro.com.br\/noticias\/municipio-determina-reforco-nas-frotas-de-onibus-que-trafegam-pelo-centro-do-rio\/#breadcrumb\"},\"inLanguage\":\"pt-BR\",\"potentialAction\":[{\"@type\":\"ReadAction\",\"target\":[\"https:\/\/www.encontracentroriodejaneiro.com.br\/noticias\/municipio-determina-reforco-nas-frotas-de-onibus-que-trafegam-pelo-centro-do-rio\/\"]}]},{\"@type\":\"BreadcrumbList\",\"@id\":\"https:\/\/www.encontracentroriodejaneiro.com.br\/noticias\/municipio-determina-reforco-nas-frotas-de-onibus-que-trafegam-pelo-centro-do-rio\/#breadcrumb\",\"itemListElement\":[{\"@type\":\"ListItem\",\"position\":1,\"name\":\"In\u00edcio\",\"item\":\"https:\/\/www.encontracentroriodejaneiro.com.br\/noticias\/\"},{\"@type\":\"ListItem\",\"position\":2,\"name\":\"Munic\u00edpio determina refor\u00e7o nas frotas de \u00f4nibus que trafegam pelo Centro do Rio\"}]},{\"@type\":\"WebSite\",\"@id\":\"https:\/\/www.encontracentroriodejaneiro.com.br\/noticias\/#website\",\"url\":\"https:\/\/www.encontracentroriodejaneiro.com.br\/noticias\/\",\"name\":\"Not\u00edcias do Bairro Centro RJ\",\"description\":\"Not\u00edcias, eventos, informa\u00e7\u00f5es e dicas no Bairro Centro RJ e regi\u00e3o\",\"potentialAction\":[{\"@type\":\"SearchAction\",\"target\":{\"@type\":\"EntryPoint\",\"urlTemplate\":\"https:\/\/www.encontracentroriodejaneiro.com.br\/noticias\/?s={search_term_string}\"},\"query-input\":{\"@type\":\"PropertyValueSpecification\",\"valueRequired\":true,\"valueName\":\"search_term_string\"}}],\"inLanguage\":\"pt-BR\"},{\"@type\":\"Person\",\"@id\":\"https:\/\/www.encontracentroriodejaneiro.com.br\/noticias\/#\/schema\/person\/d3a6c0305ffb5ffec8e9c6aefa0cbbce\",\"name\":\"Encontra Centro RJ\",\"image\":{\"@type\":\"ImageObject\",\"inLanguage\":\"pt-BR\",\"@id\":\"https:\/\/www.encontracentroriodejaneiro.com.br\/noticias\/#\/schema\/person\/image\/\",\"url\":\"https:\/\/secure.gravatar.com\/avatar\/507340682b8270222e1f208e23198b6ae7e2c6a1033ae84e99bc6bce4f82a387?s=96&d=mm&r=g\",\"contentUrl\":\"https:\/\/secure.gravatar.com\/avatar\/507340682b8270222e1f208e23198b6ae7e2c6a1033ae84e99bc6bce4f82a387?s=96&d=mm&r=g\",\"caption\":\"Encontra Centro RJ\"},\"sameAs\":[\"http:\/\/www.encontracentroriodejaneiro.com.br\"],\"url\":\"https:\/\/www.encontracentroriodejaneiro.com.br\/noticias\/author\/ecentroriodejaneiro\/\"}]}<\/script>\n<!-- \/ Yoast SEO plugin. -->","yoast_head_json":{"title":"Munic\u00edpio determina refor\u00e7o nas frotas de \u00f4nibus que trafegam pelo Centro do Rio - Not\u00edcias do Bairro Centro RJ","robots":{"index":"index","follow":"follow","max-snippet":"max-snippet:-1","max-image-preview":"max-image-preview:large","max-video-preview":"max-video-preview:-1"},"canonical":"https:\/\/www.encontracentroriodejaneiro.com.br\/noticias\/municipio-determina-reforco-nas-frotas-de-onibus-que-trafegam-pelo-centro-do-rio\/","og_locale":"pt_BR","og_type":"article","og_title":"Munic\u00edpio determina refor\u00e7o nas frotas de \u00f4nibus que trafegam pelo Centro do Rio - Not\u00edcias do Bairro Centro RJ","og_description":"A Prefeitura do Rio de Janeiro, por meio da Secretaria de Transportes, determina que os cons\u00f3rcios operadores do sistema de \u00f4nibus urbanos reforcem a frota de parte das linhas que circulam nas zonas Sul e Oeste. A medida vai atender a popula\u00e7\u00e3o dos bairros da Zona Sul, e as linhas que passam pela Avenida Menezes [&hellip;]","og_url":"https:\/\/www.encontracentroriodejaneiro.com.br\/noticias\/municipio-determina-reforco-nas-frotas-de-onibus-que-trafegam-pelo-centro-do-rio\/","og_site_name":"Not\u00edcias do Bairro Centro RJ","article_published_time":"2013-05-24T15:10:31+00:00","article_modified_time":"2013-08-15T16:18:40+00:00","author":"Encontra Centro RJ","twitter_card":"summary_large_image","twitter_misc":{"Escrito por":"Encontra Centro RJ","Est. tempo de leitura":"3 minutos"},"schema":{"@context":"https:\/\/schema.org","@graph":[{"@type":"WebPage","@id":"https:\/\/www.encontracentroriodejaneiro.com.br\/noticias\/municipio-determina-reforco-nas-frotas-de-onibus-que-trafegam-pelo-centro-do-rio\/","url":"https:\/\/www.encontracentroriodejaneiro.com.br\/noticias\/municipio-determina-reforco-nas-frotas-de-onibus-que-trafegam-pelo-centro-do-rio\/","name":"Munic\u00edpio determina refor\u00e7o nas frotas de \u00f4nibus que trafegam pelo Centro do Rio - Not\u00edcias do Bairro Centro RJ","isPartOf":{"@id":"https:\/\/www.encontracentroriodejaneiro.com.br\/noticias\/#website"},"datePublished":"2013-05-24T15:10:31+00:00","dateModified":"2013-08-15T16:18:40+00:00","author":{"@id":"https:\/\/www.encontracentroriodejaneiro.com.br\/noticias\/#\/schema\/person\/d3a6c0305ffb5ffec8e9c6aefa0cbbce"},"breadcrumb":{"@id":"https:\/\/www.encontracentroriodejaneiro.com.br\/noticias\/municipio-determina-reforco-nas-frotas-de-onibus-que-trafegam-pelo-centro-do-rio\/#breadcrumb"},"inLanguage":"pt-BR","potentialAction":[{"@type":"ReadAction","target":["https:\/\/www.encontracentroriodejaneiro.com.br\/noticias\/municipio-determina-reforco-nas-frotas-de-onibus-que-trafegam-pelo-centro-do-rio\/"]}]},{"@type":"BreadcrumbList","@id":"https:\/\/www.encontracentroriodejaneiro.com.br\/noticias\/municipio-determina-reforco-nas-frotas-de-onibus-que-trafegam-pelo-centro-do-rio\/#breadcrumb","itemListElement":[{"@type":"ListItem","position":1,"name":"In\u00edcio","item":"https:\/\/www.encontracentroriodejaneiro.com.br\/noticias\/"},{"@type":"ListItem","position":2,"name":"Munic\u00edpio determina refor\u00e7o nas frotas de \u00f4nibus que trafegam pelo Centro do Rio"}]},{"@type":"WebSite","@id":"https:\/\/www.encontracentroriodejaneiro.com.br\/noticias\/#website","url":"https:\/\/www.encontracentroriodejaneiro.com.br\/noticias\/","name":"Not\u00edcias do Bairro Centro RJ","description":"Not\u00edcias, eventos, informa\u00e7\u00f5es e dicas no Bairro Centro RJ e regi\u00e3o","potentialAction":[{"@type":"SearchAction","target":{"@type":"EntryPoint","urlTemplate":"https:\/\/www.encontracentroriodejaneiro.com.br\/noticias\/?s={search_term_string}"},"query-input":{"@type":"PropertyValueSpecification","valueRequired":true,"valueName":"search_term_string"}}],"inLanguage":"pt-BR"},{"@type":"Person","@id":"https:\/\/www.encontracentroriodejaneiro.com.br\/noticias\/#\/schema\/person\/d3a6c0305ffb5ffec8e9c6aefa0cbbce","name":"Encontra Centro RJ","image":{"@type":"ImageObject","inLanguage":"pt-BR","@id":"https:\/\/www.encontracentroriodejaneiro.com.br\/noticias\/#\/schema\/person\/image\/","url":"https:\/\/secure.gravatar.com\/avatar\/507340682b8270222e1f208e23198b6ae7e2c6a1033ae84e99bc6bce4f82a387?s=96&d=mm&r=g","contentUrl":"https:\/\/secure.gravatar.com\/avatar\/507340682b8270222e1f208e23198b6ae7e2c6a1033ae84e99bc6bce4f82a387?s=96&d=mm&r=g","caption":"Encontra Centro RJ"},"sameAs":["http:\/\/www.encontracentroriodejaneiro.com.br"],"url":"https:\/\/www.encontracentroriodejaneiro.com.br\/noticias\/author\/ecentroriodejaneiro\/"}]}},"_links":{"self":[{"href":"https:\/\/www.encontracentroriodejaneiro.com.br\/noticias\/wp-json\/wp\/v2\/posts\/687","targetHints":{"allow":["GET"]}}],"collection":[{"href":"https:\/\/www.encontracentroriodejaneiro.com.br\/noticias\/wp-json\/wp\/v2\/posts"}],"about":[{"href":"https:\/\/www.encontracentroriodejaneiro.com.br\/noticias\/wp-json\/wp\/v2\/types\/post"}],"author":[{"embeddable":true,"href":"https:\/\/www.encontracentroriodejaneiro.com.br\/noticias\/wp-json\/wp\/v2\/users\/1"}],"replies":[{"embeddable":true,"href":"https:\/\/www.encontracentroriodejaneiro.com.br\/noticias\/wp-json\/wp\/v2\/comments?post=687"}],"version-history":[{"count":5,"href":"https:\/\/www.encontracentroriodejaneiro.com.br\/noticias\/wp-json\/wp\/v2\/posts\/687\/revisions"}],"predecessor-version":[{"id":1222,"href":"https:\/\/www.encontracentroriodejaneiro.com.br\/noticias\/wp-json\/wp\/v2\/posts\/687\/revisions\/1222"}],"wp:attachment":[{"href":"https:\/\/www.encontracentroriodejaneiro.com.br\/noticias\/wp-json\/wp\/v2\/media?parent=687"}],"wp:term":[{"taxonomy":"category","embeddable":true,"href":"https:\/\/www.encontracentroriodejaneiro.com.br\/noticias\/wp-json\/wp\/v2\/categories?post=687"},{"taxonomy":"post_tag","embeddable":true,"href":"https:\/\/www.encontracentroriodejaneiro.com.br\/noticias\/wp-json\/wp\/v2\/tags?post=687"}],"curies":[{"name":"wp","href":"https:\/\/api.w.org\/{rel}","templated":true}]}}