{"id":689,"date":"2013-05-27T14:09:10","date_gmt":"2013-05-27T16:09:10","guid":{"rendered":"http:\/\/www.encontracentroriodejaneiro.com.br\/noticias\/?p=689"},"modified":"2013-08-15T14:18:36","modified_gmt":"2013-08-15T16:18:36","slug":"igreja-santo-antonio-dos-pobres-e-reinaugurada-no-centro-do-rio","status":"publish","type":"post","link":"https:\/\/www.encontracentroriodejaneiro.com.br\/noticias\/igreja-santo-antonio-dos-pobres-e-reinaugurada-no-centro-do-rio\/","title":{"rendered":"Igreja Santo Ant\u00f4nio dos Pobres \u00e9 reinaugurada no Centro do Rio"},"content":{"rendered":"<p>Os moradores do Centro do Estado do RJ, que passa por extenso processo de revitaliza\u00e7\u00e3o, t\u00eam mais um motivo para comemorar: ap\u00f3s tr\u00eas anos e meio de obras, a Igreja Santo Ant\u00f4nio dos Pobres foi reinaugurada neste domingo (26\/5) com missa celebrada pelo arcebispo do Rio de Janeiro, Dom Orani Tempesta.<\/p>\n<p>As obras de restaura\u00e7\u00e3o do pr\u00e9dio foram coordenadas pelo Instituto Rio Patrim\u00f4nio da Humanidade, \u00f3rg\u00e3o municipal respons\u00e1vel pelo patrim\u00f4nio hist\u00f3rico e cultural da cidade, e inclu\u00edram a recupera\u00e7\u00e3o de todas as imagens do altar, da sacristia, dos vitrais e sinos, al\u00e9m da reforma estrutural para corre\u00e7\u00e3o de rachaduras.<\/p>\n<p>Durante os trabalhos, foi descoberto um piso em ladrilho hidr\u00e1ulico da capela anterior, erguida em 1834. Em estilo barroco, o piso est\u00e1 exposto aos visitantes, que podem observ\u00e1-lo atrav\u00e9s de uma forte camada de vidro. Participaram da missa o prefeito Eduardo Paes, o presidente do Instituto Rio Patrim\u00f4nio da Humanidade, Washington Fajardo, a Chefe de Pol\u00edcia Civil do Rio, delegada Martha Rocha, e o c\u00f4nsul de Portugal, Nuno Bello.<\/p>\n<p>&#8211; Costumo dizer que uma cidade sem Centro \u00e9 uma cidade sem alma, sem hist\u00f3ria, e que n\u00e3o permite que seu povo tome conhecimento de sua import\u00e2ncia. Por isso, a restaura\u00e7\u00e3o desse patrim\u00f4nio \u00e9 de grande import\u00e2ncia para os cariocas. Sem falar que se trata de mais um espa\u00e7o de f\u00e9 crist\u00e3, de amor ao pr\u00f3ximo, onde as pessoas podem se encontrar &#8211; afirmou Paes, garantindo que a <a title=\"Prefeitura do Rio de Janeiro\" href=\"http:\/\/www.encontracentroriodejaneiro.com.br\/centro-rj\/prefeitura-municipal-do-rio-de-janeiro.shtml\" target=\"_blank\">Prefeitura do Rio de Janeiro<\/a> se responsabilizar\u00e1 pela manuten\u00e7\u00e3o da igreja no Centro do Rio de Janeiro.<\/p>\n<p>O presidente do Instituto Rio Patrim\u00f4nio da Humanidade, Washington Fajardo, deu mais detalhes sobre o servi\u00e7o executado:<\/p>\n<p>&#8211; A constru\u00e7\u00e3o de um empreendimento pr\u00f3ximo provocou um problema estrutural na igreja. Acompanhamos o trabalho de escoramento do pr\u00e9dio e de avalia\u00e7\u00e3o de sua estrutura. Al\u00e9m disso, com a descoberta do piso da igreja antiga, fizemos um trabalho de registro e de exposi\u00e7\u00e3o desse achado arqueol\u00f3gico.<\/p>\n<p>Ap\u00f3s a celebra\u00e7\u00e3o da missa, o arcebispo do Rio tamb\u00e9m falou sobre este mais novo equipamento restaurado e entregue \u00e0 cidade:<\/p>\n<p>&#8211; \u00c9 um pr\u00e9dio que conta um pouco da hist\u00f3ria do Centro antigo do Rio de Janeiro. Recupera-se um lugar de culto e de acolhida, tanto dos paroquianos como tamb\u00e9m daqueles que passam por aqui, uma vez que este espa\u00e7o tamb\u00e9m ter\u00e1 um papel cultural, com a descoberta do piso da antiga igreja e de seu fabuloso \u00f3rg\u00e3o. \u00c9 a recupera\u00e7\u00e3o do centro hist\u00f3rico e das tradi\u00e7\u00f5es crist\u00e3s dessa cidade.<\/p>\n<p>Morador do Centro h\u00e1 mais de 50 anos, Eri Siqueira, 75 anos, foi um dos primeiros a chegar para a missa de reinaugura\u00e7\u00e3o da igreja, local que frequenta h\u00e1 anos. Segundo ele, &#8220;valeu a pena esperar&#8221;:<\/p>\n<p>&#8211; Foi uma grande obra, da qual a igreja estava precisando. O pr\u00e9dio est\u00e1 lindo, tanto por dentro quanto por fora. Fui batizado na Igreja de Santo Ant\u00f4nio, no Piau\u00ed, e aprendi com minha fam\u00edlia a import\u00e2ncia desse santo, a quem admiro muito. N\u00e3o perderei uma misa sequer.<\/p>\n<p>A Igreja Santo Ant\u00f4nio dos Pobres fica na Rua dos Inv\u00e1lidos, 42, no Centro.<\/p>\n<p><em>Fonte: Prefeitura do Rio<\/em><\/p>\n","protected":false},"excerpt":{"rendered":"<p>Os moradores do Centro do Estado do RJ, que passa por extenso processo de revitaliza\u00e7\u00e3o, t\u00eam mais um motivo para comemorar: ap\u00f3s tr\u00eas anos e meio de obras, a Igreja Santo Ant\u00f4nio dos Pobres foi reinaugurada neste domingo (26\/5) com missa celebrada pelo arcebispo do Rio de Janeiro, Dom Orani Tempesta. As obras de restaura\u00e7\u00e3o [&hellip;]<\/p>\n","protected":false},"author":1,"featured_media":0,"comment_status":"open","ping_status":"open","sticky":false,"template":"","format":"standard","meta":{"footnotes":""},"categories":[6],"tags":[],"class_list":["post-689","post","type-post","status-publish","format-standard","hentry","category-noticias"],"yoast_head":"<!-- This site is optimized with the Yoast SEO plugin v25.9 - https:\/\/yoast.com\/wordpress\/plugins\/seo\/ -->\n<title>Igreja Santo Ant\u00f4nio dos Pobres \u00e9 reinaugurada no Centro do Rio - Not\u00edcias do Bairro Centro RJ<\/title>\n<meta name=\"robots\" content=\"index, follow, max-snippet:-1, max-image-preview:large, max-video-preview:-1\" \/>\n<link rel=\"canonical\" href=\"https:\/\/www.encontracentroriodejaneiro.com.br\/noticias\/igreja-santo-antonio-dos-pobres-e-reinaugurada-no-centro-do-rio\/\" \/>\n<meta property=\"og:locale\" content=\"pt_BR\" \/>\n<meta property=\"og:type\" content=\"article\" \/>\n<meta property=\"og:title\" content=\"Igreja Santo Ant\u00f4nio dos Pobres \u00e9 reinaugurada no Centro do Rio - Not\u00edcias do Bairro Centro RJ\" \/>\n<meta property=\"og:description\" content=\"Os moradores do Centro do Estado do RJ, que passa por extenso processo de revitaliza\u00e7\u00e3o, t\u00eam mais um motivo para comemorar: ap\u00f3s tr\u00eas anos e meio de obras, a Igreja Santo Ant\u00f4nio dos Pobres foi reinaugurada neste domingo (26\/5) com missa celebrada pelo arcebispo do Rio de Janeiro, Dom Orani Tempesta. As obras de restaura\u00e7\u00e3o [&hellip;]\" \/>\n<meta property=\"og:url\" content=\"https:\/\/www.encontracentroriodejaneiro.com.br\/noticias\/igreja-santo-antonio-dos-pobres-e-reinaugurada-no-centro-do-rio\/\" \/>\n<meta property=\"og:site_name\" content=\"Not\u00edcias do Bairro Centro RJ\" \/>\n<meta property=\"article:published_time\" content=\"2013-05-27T16:09:10+00:00\" \/>\n<meta property=\"article:modified_time\" content=\"2013-08-15T16:18:36+00:00\" \/>\n<meta name=\"author\" content=\"Encontra Centro RJ\" \/>\n<meta name=\"twitter:card\" content=\"summary_large_image\" \/>\n<meta name=\"twitter:label1\" content=\"Escrito por\" \/>\n\t<meta name=\"twitter:data1\" content=\"Encontra Centro RJ\" \/>\n\t<meta name=\"twitter:label2\" content=\"Est. tempo de leitura\" \/>\n\t<meta name=\"twitter:data2\" content=\"3 minutos\" \/>\n<script type=\"application\/ld+json\" class=\"yoast-schema-graph\">{\"@context\":\"https:\/\/schema.org\",\"@graph\":[{\"@type\":\"WebPage\",\"@id\":\"https:\/\/www.encontracentroriodejaneiro.com.br\/noticias\/igreja-santo-antonio-dos-pobres-e-reinaugurada-no-centro-do-rio\/\",\"url\":\"https:\/\/www.encontracentroriodejaneiro.com.br\/noticias\/igreja-santo-antonio-dos-pobres-e-reinaugurada-no-centro-do-rio\/\",\"name\":\"Igreja Santo Ant\u00f4nio dos Pobres \u00e9 reinaugurada no Centro do Rio - Not\u00edcias do Bairro Centro RJ\",\"isPartOf\":{\"@id\":\"https:\/\/www.encontracentroriodejaneiro.com.br\/noticias\/#website\"},\"datePublished\":\"2013-05-27T16:09:10+00:00\",\"dateModified\":\"2013-08-15T16:18:36+00:00\",\"author\":{\"@id\":\"https:\/\/www.encontracentroriodejaneiro.com.br\/noticias\/#\/schema\/person\/d3a6c0305ffb5ffec8e9c6aefa0cbbce\"},\"breadcrumb\":{\"@id\":\"https:\/\/www.encontracentroriodejaneiro.com.br\/noticias\/igreja-santo-antonio-dos-pobres-e-reinaugurada-no-centro-do-rio\/#breadcrumb\"},\"inLanguage\":\"pt-BR\",\"potentialAction\":[{\"@type\":\"ReadAction\",\"target\":[\"https:\/\/www.encontracentroriodejaneiro.com.br\/noticias\/igreja-santo-antonio-dos-pobres-e-reinaugurada-no-centro-do-rio\/\"]}]},{\"@type\":\"BreadcrumbList\",\"@id\":\"https:\/\/www.encontracentroriodejaneiro.com.br\/noticias\/igreja-santo-antonio-dos-pobres-e-reinaugurada-no-centro-do-rio\/#breadcrumb\",\"itemListElement\":[{\"@type\":\"ListItem\",\"position\":1,\"name\":\"In\u00edcio\",\"item\":\"https:\/\/www.encontracentroriodejaneiro.com.br\/noticias\/\"},{\"@type\":\"ListItem\",\"position\":2,\"name\":\"Igreja Santo Ant\u00f4nio dos Pobres \u00e9 reinaugurada no Centro do Rio\"}]},{\"@type\":\"WebSite\",\"@id\":\"https:\/\/www.encontracentroriodejaneiro.com.br\/noticias\/#website\",\"url\":\"https:\/\/www.encontracentroriodejaneiro.com.br\/noticias\/\",\"name\":\"Not\u00edcias do Bairro Centro RJ\",\"description\":\"Not\u00edcias, eventos, informa\u00e7\u00f5es e dicas no Bairro Centro RJ e regi\u00e3o\",\"potentialAction\":[{\"@type\":\"SearchAction\",\"target\":{\"@type\":\"EntryPoint\",\"urlTemplate\":\"https:\/\/www.encontracentroriodejaneiro.com.br\/noticias\/?s={search_term_string}\"},\"query-input\":{\"@type\":\"PropertyValueSpecification\",\"valueRequired\":true,\"valueName\":\"search_term_string\"}}],\"inLanguage\":\"pt-BR\"},{\"@type\":\"Person\",\"@id\":\"https:\/\/www.encontracentroriodejaneiro.com.br\/noticias\/#\/schema\/person\/d3a6c0305ffb5ffec8e9c6aefa0cbbce\",\"name\":\"Encontra Centro RJ\",\"image\":{\"@type\":\"ImageObject\",\"inLanguage\":\"pt-BR\",\"@id\":\"https:\/\/www.encontracentroriodejaneiro.com.br\/noticias\/#\/schema\/person\/image\/\",\"url\":\"https:\/\/secure.gravatar.com\/avatar\/507340682b8270222e1f208e23198b6ae7e2c6a1033ae84e99bc6bce4f82a387?s=96&d=mm&r=g\",\"contentUrl\":\"https:\/\/secure.gravatar.com\/avatar\/507340682b8270222e1f208e23198b6ae7e2c6a1033ae84e99bc6bce4f82a387?s=96&d=mm&r=g\",\"caption\":\"Encontra Centro RJ\"},\"sameAs\":[\"http:\/\/www.encontracentroriodejaneiro.com.br\"],\"url\":\"https:\/\/www.encontracentroriodejaneiro.com.br\/noticias\/author\/ecentroriodejaneiro\/\"}]}<\/script>\n<!-- \/ Yoast SEO plugin. -->","yoast_head_json":{"title":"Igreja Santo Ant\u00f4nio dos Pobres \u00e9 reinaugurada no Centro do Rio - Not\u00edcias do Bairro Centro RJ","robots":{"index":"index","follow":"follow","max-snippet":"max-snippet:-1","max-image-preview":"max-image-preview:large","max-video-preview":"max-video-preview:-1"},"canonical":"https:\/\/www.encontracentroriodejaneiro.com.br\/noticias\/igreja-santo-antonio-dos-pobres-e-reinaugurada-no-centro-do-rio\/","og_locale":"pt_BR","og_type":"article","og_title":"Igreja Santo Ant\u00f4nio dos Pobres \u00e9 reinaugurada no Centro do Rio - Not\u00edcias do Bairro Centro RJ","og_description":"Os moradores do Centro do Estado do RJ, que passa por extenso processo de revitaliza\u00e7\u00e3o, t\u00eam mais um motivo para comemorar: ap\u00f3s tr\u00eas anos e meio de obras, a Igreja Santo Ant\u00f4nio dos Pobres foi reinaugurada neste domingo (26\/5) com missa celebrada pelo arcebispo do Rio de Janeiro, Dom Orani Tempesta. As obras de restaura\u00e7\u00e3o [&hellip;]","og_url":"https:\/\/www.encontracentroriodejaneiro.com.br\/noticias\/igreja-santo-antonio-dos-pobres-e-reinaugurada-no-centro-do-rio\/","og_site_name":"Not\u00edcias do Bairro Centro RJ","article_published_time":"2013-05-27T16:09:10+00:00","article_modified_time":"2013-08-15T16:18:36+00:00","author":"Encontra Centro RJ","twitter_card":"summary_large_image","twitter_misc":{"Escrito por":"Encontra Centro RJ","Est. tempo de leitura":"3 minutos"},"schema":{"@context":"https:\/\/schema.org","@graph":[{"@type":"WebPage","@id":"https:\/\/www.encontracentroriodejaneiro.com.br\/noticias\/igreja-santo-antonio-dos-pobres-e-reinaugurada-no-centro-do-rio\/","url":"https:\/\/www.encontracentroriodejaneiro.com.br\/noticias\/igreja-santo-antonio-dos-pobres-e-reinaugurada-no-centro-do-rio\/","name":"Igreja Santo Ant\u00f4nio dos Pobres \u00e9 reinaugurada no Centro do Rio - Not\u00edcias do Bairro Centro RJ","isPartOf":{"@id":"https:\/\/www.encontracentroriodejaneiro.com.br\/noticias\/#website"},"datePublished":"2013-05-27T16:09:10+00:00","dateModified":"2013-08-15T16:18:36+00:00","author":{"@id":"https:\/\/www.encontracentroriodejaneiro.com.br\/noticias\/#\/schema\/person\/d3a6c0305ffb5ffec8e9c6aefa0cbbce"},"breadcrumb":{"@id":"https:\/\/www.encontracentroriodejaneiro.com.br\/noticias\/igreja-santo-antonio-dos-pobres-e-reinaugurada-no-centro-do-rio\/#breadcrumb"},"inLanguage":"pt-BR","potentialAction":[{"@type":"ReadAction","target":["https:\/\/www.encontracentroriodejaneiro.com.br\/noticias\/igreja-santo-antonio-dos-pobres-e-reinaugurada-no-centro-do-rio\/"]}]},{"@type":"BreadcrumbList","@id":"https:\/\/www.encontracentroriodejaneiro.com.br\/noticias\/igreja-santo-antonio-dos-pobres-e-reinaugurada-no-centro-do-rio\/#breadcrumb","itemListElement":[{"@type":"ListItem","position":1,"name":"In\u00edcio","item":"https:\/\/www.encontracentroriodejaneiro.com.br\/noticias\/"},{"@type":"ListItem","position":2,"name":"Igreja Santo Ant\u00f4nio dos Pobres \u00e9 reinaugurada no Centro do Rio"}]},{"@type":"WebSite","@id":"https:\/\/www.encontracentroriodejaneiro.com.br\/noticias\/#website","url":"https:\/\/www.encontracentroriodejaneiro.com.br\/noticias\/","name":"Not\u00edcias do Bairro Centro RJ","description":"Not\u00edcias, eventos, informa\u00e7\u00f5es e dicas no Bairro Centro RJ e regi\u00e3o","potentialAction":[{"@type":"SearchAction","target":{"@type":"EntryPoint","urlTemplate":"https:\/\/www.encontracentroriodejaneiro.com.br\/noticias\/?s={search_term_string}"},"query-input":{"@type":"PropertyValueSpecification","valueRequired":true,"valueName":"search_term_string"}}],"inLanguage":"pt-BR"},{"@type":"Person","@id":"https:\/\/www.encontracentroriodejaneiro.com.br\/noticias\/#\/schema\/person\/d3a6c0305ffb5ffec8e9c6aefa0cbbce","name":"Encontra Centro RJ","image":{"@type":"ImageObject","inLanguage":"pt-BR","@id":"https:\/\/www.encontracentroriodejaneiro.com.br\/noticias\/#\/schema\/person\/image\/","url":"https:\/\/secure.gravatar.com\/avatar\/507340682b8270222e1f208e23198b6ae7e2c6a1033ae84e99bc6bce4f82a387?s=96&d=mm&r=g","contentUrl":"https:\/\/secure.gravatar.com\/avatar\/507340682b8270222e1f208e23198b6ae7e2c6a1033ae84e99bc6bce4f82a387?s=96&d=mm&r=g","caption":"Encontra Centro RJ"},"sameAs":["http:\/\/www.encontracentroriodejaneiro.com.br"],"url":"https:\/\/www.encontracentroriodejaneiro.com.br\/noticias\/author\/ecentroriodejaneiro\/"}]}},"_links":{"self":[{"href":"https:\/\/www.encontracentroriodejaneiro.com.br\/noticias\/wp-json\/wp\/v2\/posts\/689","targetHints":{"allow":["GET"]}}],"collection":[{"href":"https:\/\/www.encontracentroriodejaneiro.com.br\/noticias\/wp-json\/wp\/v2\/posts"}],"about":[{"href":"https:\/\/www.encontracentroriodejaneiro.com.br\/noticias\/wp-json\/wp\/v2\/types\/post"}],"author":[{"embeddable":true,"href":"https:\/\/www.encontracentroriodejaneiro.com.br\/noticias\/wp-json\/wp\/v2\/users\/1"}],"replies":[{"embeddable":true,"href":"https:\/\/www.encontracentroriodejaneiro.com.br\/noticias\/wp-json\/wp\/v2\/comments?post=689"}],"version-history":[{"count":3,"href":"https:\/\/www.encontracentroriodejaneiro.com.br\/noticias\/wp-json\/wp\/v2\/posts\/689\/revisions"}],"predecessor-version":[{"id":1030,"href":"https:\/\/www.encontracentroriodejaneiro.com.br\/noticias\/wp-json\/wp\/v2\/posts\/689\/revisions\/1030"}],"wp:attachment":[{"href":"https:\/\/www.encontracentroriodejaneiro.com.br\/noticias\/wp-json\/wp\/v2\/media?parent=689"}],"wp:term":[{"taxonomy":"category","embeddable":true,"href":"https:\/\/www.encontracentroriodejaneiro.com.br\/noticias\/wp-json\/wp\/v2\/categories?post=689"},{"taxonomy":"post_tag","embeddable":true,"href":"https:\/\/www.encontracentroriodejaneiro.com.br\/noticias\/wp-json\/wp\/v2\/tags?post=689"}],"curies":[{"name":"wp","href":"https:\/\/api.w.org\/{rel}","templated":true}]}}