{"id":69,"date":"2011-12-30T12:26:15","date_gmt":"2011-12-30T14:26:15","guid":{"rendered":"http:\/\/www.encontracentroriodejaneiro.com.br\/noticias\/?p=69"},"modified":"2013-08-15T14:18:29","modified_gmt":"2013-08-15T16:18:29","slug":"centro-do-rj-oferece-atracoes","status":"publish","type":"post","link":"https:\/\/www.encontracentroriodejaneiro.com.br\/noticias\/centro-do-rj-oferece-atracoes\/","title":{"rendered":"Centro do RJ oferece atra\u00e7\u00f5es"},"content":{"rendered":"<p>Destaques da programa\u00e7\u00e3o do CCBB Rio, de 29 de dezembro de 2011 a 09 de janeiro de 2012 (interrompendo suas atividades somente nos dias 31 de dezembro e no dia 1\u00ba de janeiro.)<\/p>\n<p>Estreias.:Fachada Proje\u00e7\u00f5es -Homenagem aos 80 anos de Augusto de Campos, um dos principais articuladores do movimento internacional da poesia concreta e que nos \u00faltimos anos vem se dedicando \u00e0 experimenta\u00e7\u00e3o com poemas em m\u00eddias digitais.<\/p>\n<p>A fachada do pr\u00e9dio centen\u00e1rio ser\u00e1 transformada a partir de uma s\u00e9rie de proje\u00e7\u00f5es em 3D, resultando em espet\u00e1culo de poesia visual. 29 de dezembro (quinta-feira), entre 20h e 23h \u2013 Participa\u00e7\u00e3o de Arnaldo Antunes e United Vjs, 30 de dezembro(sexta-feira), entre 19h e 23h &#8211; Participa\u00e7\u00e3o de Arnaldo Antunes e DJ Nepal.<\/p>\n<p>Cinema:Straub-Huillet &#8211; 3 a 15 de janeiro-Primeira mostra no Brasil dedicada \u00e0 obra do casal de cineastas franceses Jean-Marie Straub e Dani\u00e8le Huillet, exibindo 40 filmes, entre curtas, m\u00e9dias e longas-metragens: 26 filmes por eles realizados de 1962 a 2006 e 9 filmes realizados por Jean-Marie desde a morte de Dani\u00e8le, al\u00e9m de 5 filmes que documentam seu processo de trabalho. Os filmes ser\u00e3o projetados em seus formatos originais \u2013 35 mm, 16 mm e betadigital \u2013 com legendas eletr\u00f4nicas em portugu\u00eas.<\/p>\n<p>Exposi\u00e7\u00e3o:\u00cdndia &#8211; at\u00e9 29 de janeiro de 2012 -A partir de 380 pe\u00e7as o p\u00fablico \u00e9 convidado a mergulhar numa viagem pelos \u00faltimos dois mil e duzentos anos de hist\u00f3ria deste Pa\u00eds. S\u00e3o obras pertencentes ao Museu de Arte Asi\u00e1tica de Berlim (Alemanha), ao Museu Rietberg de Zurique (Su\u00ed\u00e7a), ao Museu Nacional de Etnologia de Leiden (Holanda) e a cole\u00e7\u00f5es particulares, al\u00e9m de fotografias antigas, itens de arte popular e cedidos por artistas e institui\u00e7\u00f5es privadas na \u00cdndia. No primeiro andar, s\u00e3o expostas as obras que contemplam a parte cl\u00e1ssica. No segundo andar, localiza-se o vi\u00e9s da arte contempor\u00e2nea com trabalhos de artistas de grande relev\u00e2ncia na cena indiana.<\/p>\n<p>Teatro:N\u00e3o me Diga Adeus &#8211; at\u00e9 8 de janeiro -A montagem do texto vencedor da quarta edi\u00e7\u00e3o do concurso de dramaturgia do CCBB Rio Sele\u00e7\u00e3o Brasil em Cena traz o diretor Gilberto Gavronski. Nesta com\u00e9dia, um homem, antes de se matar, repassa com a Morte toda a sua trajet\u00f3ria, n\u00e3o entendendo em que ponto perdeu o grande amor da sua vida. Texto: Juliano Marciano.<\/p>\n<p>.[Centro Cultural Banco do Brasil,aberto ao p\u00fablico de ter\u00e7a a domingo, das 09h \u00e0s 21h,Rua Primeiro de Mar\u00e7o, 66, Guia Centro do Rj\u2013 Rio de Janeiro &#8211; RJ.]<\/p>\n<p><em>Fonte: O Fator Brasil<\/em><\/p>\n","protected":false},"excerpt":{"rendered":"<p>Destaques da programa\u00e7\u00e3o do CCBB Rio, de 29 de dezembro de 2011 a 09 de janeiro de 2012 (interrompendo suas atividades somente nos dias 31 de dezembro e no dia 1\u00ba de janeiro.) Estreias.:Fachada Proje\u00e7\u00f5es -Homenagem aos 80 anos de Augusto de Campos, um dos principais articuladores do movimento internacional da poesia concreta e que [&hellip;]<\/p>\n","protected":false},"author":1,"featured_media":0,"comment_status":"open","ping_status":"open","sticky":false,"template":"","format":"standard","meta":{"footnotes":""},"categories":[6],"tags":[],"class_list":["post-69","post","type-post","status-publish","format-standard","hentry","category-noticias"],"yoast_head":"<!-- This site is optimized with the Yoast SEO plugin v25.9 - https:\/\/yoast.com\/wordpress\/plugins\/seo\/ -->\n<title>Centro do RJ oferece atra\u00e7\u00f5es - Not\u00edcias do Bairro Centro RJ<\/title>\n<meta name=\"robots\" content=\"index, follow, max-snippet:-1, max-image-preview:large, max-video-preview:-1\" \/>\n<link rel=\"canonical\" href=\"https:\/\/www.encontracentroriodejaneiro.com.br\/noticias\/centro-do-rj-oferece-atracoes\/\" \/>\n<meta property=\"og:locale\" content=\"pt_BR\" \/>\n<meta property=\"og:type\" content=\"article\" \/>\n<meta property=\"og:title\" content=\"Centro do RJ oferece atra\u00e7\u00f5es - Not\u00edcias do Bairro Centro RJ\" \/>\n<meta property=\"og:description\" content=\"Destaques da programa\u00e7\u00e3o do CCBB Rio, de 29 de dezembro de 2011 a 09 de janeiro de 2012 (interrompendo suas atividades somente nos dias 31 de dezembro e no dia 1\u00ba de janeiro.) Estreias.:Fachada Proje\u00e7\u00f5es -Homenagem aos 80 anos de Augusto de Campos, um dos principais articuladores do movimento internacional da poesia concreta e que [&hellip;]\" \/>\n<meta property=\"og:url\" content=\"https:\/\/www.encontracentroriodejaneiro.com.br\/noticias\/centro-do-rj-oferece-atracoes\/\" \/>\n<meta property=\"og:site_name\" content=\"Not\u00edcias do Bairro Centro RJ\" \/>\n<meta property=\"article:published_time\" content=\"2011-12-30T14:26:15+00:00\" \/>\n<meta property=\"article:modified_time\" content=\"2013-08-15T16:18:29+00:00\" \/>\n<meta name=\"author\" content=\"Encontra Centro RJ\" \/>\n<meta name=\"twitter:card\" content=\"summary_large_image\" \/>\n<meta name=\"twitter:label1\" content=\"Escrito por\" \/>\n\t<meta name=\"twitter:data1\" content=\"Encontra Centro RJ\" \/>\n\t<meta name=\"twitter:label2\" content=\"Est. tempo de leitura\" \/>\n\t<meta name=\"twitter:data2\" content=\"2 minutos\" \/>\n<script type=\"application\/ld+json\" class=\"yoast-schema-graph\">{\"@context\":\"https:\/\/schema.org\",\"@graph\":[{\"@type\":\"WebPage\",\"@id\":\"https:\/\/www.encontracentroriodejaneiro.com.br\/noticias\/centro-do-rj-oferece-atracoes\/\",\"url\":\"https:\/\/www.encontracentroriodejaneiro.com.br\/noticias\/centro-do-rj-oferece-atracoes\/\",\"name\":\"Centro do RJ oferece atra\u00e7\u00f5es - Not\u00edcias do Bairro Centro RJ\",\"isPartOf\":{\"@id\":\"https:\/\/www.encontracentroriodejaneiro.com.br\/noticias\/#website\"},\"datePublished\":\"2011-12-30T14:26:15+00:00\",\"dateModified\":\"2013-08-15T16:18:29+00:00\",\"author\":{\"@id\":\"https:\/\/www.encontracentroriodejaneiro.com.br\/noticias\/#\/schema\/person\/d3a6c0305ffb5ffec8e9c6aefa0cbbce\"},\"breadcrumb\":{\"@id\":\"https:\/\/www.encontracentroriodejaneiro.com.br\/noticias\/centro-do-rj-oferece-atracoes\/#breadcrumb\"},\"inLanguage\":\"pt-BR\",\"potentialAction\":[{\"@type\":\"ReadAction\",\"target\":[\"https:\/\/www.encontracentroriodejaneiro.com.br\/noticias\/centro-do-rj-oferece-atracoes\/\"]}]},{\"@type\":\"BreadcrumbList\",\"@id\":\"https:\/\/www.encontracentroriodejaneiro.com.br\/noticias\/centro-do-rj-oferece-atracoes\/#breadcrumb\",\"itemListElement\":[{\"@type\":\"ListItem\",\"position\":1,\"name\":\"In\u00edcio\",\"item\":\"https:\/\/www.encontracentroriodejaneiro.com.br\/noticias\/\"},{\"@type\":\"ListItem\",\"position\":2,\"name\":\"Centro do RJ oferece atra\u00e7\u00f5es\"}]},{\"@type\":\"WebSite\",\"@id\":\"https:\/\/www.encontracentroriodejaneiro.com.br\/noticias\/#website\",\"url\":\"https:\/\/www.encontracentroriodejaneiro.com.br\/noticias\/\",\"name\":\"Not\u00edcias do Bairro Centro RJ\",\"description\":\"Not\u00edcias, eventos, informa\u00e7\u00f5es e dicas no Bairro Centro RJ e regi\u00e3o\",\"potentialAction\":[{\"@type\":\"SearchAction\",\"target\":{\"@type\":\"EntryPoint\",\"urlTemplate\":\"https:\/\/www.encontracentroriodejaneiro.com.br\/noticias\/?s={search_term_string}\"},\"query-input\":{\"@type\":\"PropertyValueSpecification\",\"valueRequired\":true,\"valueName\":\"search_term_string\"}}],\"inLanguage\":\"pt-BR\"},{\"@type\":\"Person\",\"@id\":\"https:\/\/www.encontracentroriodejaneiro.com.br\/noticias\/#\/schema\/person\/d3a6c0305ffb5ffec8e9c6aefa0cbbce\",\"name\":\"Encontra Centro RJ\",\"image\":{\"@type\":\"ImageObject\",\"inLanguage\":\"pt-BR\",\"@id\":\"https:\/\/www.encontracentroriodejaneiro.com.br\/noticias\/#\/schema\/person\/image\/\",\"url\":\"https:\/\/secure.gravatar.com\/avatar\/507340682b8270222e1f208e23198b6ae7e2c6a1033ae84e99bc6bce4f82a387?s=96&d=mm&r=g\",\"contentUrl\":\"https:\/\/secure.gravatar.com\/avatar\/507340682b8270222e1f208e23198b6ae7e2c6a1033ae84e99bc6bce4f82a387?s=96&d=mm&r=g\",\"caption\":\"Encontra Centro RJ\"},\"sameAs\":[\"http:\/\/www.encontracentroriodejaneiro.com.br\"],\"url\":\"https:\/\/www.encontracentroriodejaneiro.com.br\/noticias\/author\/ecentroriodejaneiro\/\"}]}<\/script>\n<!-- \/ Yoast SEO plugin. -->","yoast_head_json":{"title":"Centro do RJ oferece atra\u00e7\u00f5es - Not\u00edcias do Bairro Centro RJ","robots":{"index":"index","follow":"follow","max-snippet":"max-snippet:-1","max-image-preview":"max-image-preview:large","max-video-preview":"max-video-preview:-1"},"canonical":"https:\/\/www.encontracentroriodejaneiro.com.br\/noticias\/centro-do-rj-oferece-atracoes\/","og_locale":"pt_BR","og_type":"article","og_title":"Centro do RJ oferece atra\u00e7\u00f5es - Not\u00edcias do Bairro Centro RJ","og_description":"Destaques da programa\u00e7\u00e3o do CCBB Rio, de 29 de dezembro de 2011 a 09 de janeiro de 2012 (interrompendo suas atividades somente nos dias 31 de dezembro e no dia 1\u00ba de janeiro.) Estreias.:Fachada Proje\u00e7\u00f5es -Homenagem aos 80 anos de Augusto de Campos, um dos principais articuladores do movimento internacional da poesia concreta e que [&hellip;]","og_url":"https:\/\/www.encontracentroriodejaneiro.com.br\/noticias\/centro-do-rj-oferece-atracoes\/","og_site_name":"Not\u00edcias do Bairro Centro RJ","article_published_time":"2011-12-30T14:26:15+00:00","article_modified_time":"2013-08-15T16:18:29+00:00","author":"Encontra Centro RJ","twitter_card":"summary_large_image","twitter_misc":{"Escrito por":"Encontra Centro RJ","Est. tempo de leitura":"2 minutos"},"schema":{"@context":"https:\/\/schema.org","@graph":[{"@type":"WebPage","@id":"https:\/\/www.encontracentroriodejaneiro.com.br\/noticias\/centro-do-rj-oferece-atracoes\/","url":"https:\/\/www.encontracentroriodejaneiro.com.br\/noticias\/centro-do-rj-oferece-atracoes\/","name":"Centro do RJ oferece atra\u00e7\u00f5es - Not\u00edcias do Bairro Centro RJ","isPartOf":{"@id":"https:\/\/www.encontracentroriodejaneiro.com.br\/noticias\/#website"},"datePublished":"2011-12-30T14:26:15+00:00","dateModified":"2013-08-15T16:18:29+00:00","author":{"@id":"https:\/\/www.encontracentroriodejaneiro.com.br\/noticias\/#\/schema\/person\/d3a6c0305ffb5ffec8e9c6aefa0cbbce"},"breadcrumb":{"@id":"https:\/\/www.encontracentroriodejaneiro.com.br\/noticias\/centro-do-rj-oferece-atracoes\/#breadcrumb"},"inLanguage":"pt-BR","potentialAction":[{"@type":"ReadAction","target":["https:\/\/www.encontracentroriodejaneiro.com.br\/noticias\/centro-do-rj-oferece-atracoes\/"]}]},{"@type":"BreadcrumbList","@id":"https:\/\/www.encontracentroriodejaneiro.com.br\/noticias\/centro-do-rj-oferece-atracoes\/#breadcrumb","itemListElement":[{"@type":"ListItem","position":1,"name":"In\u00edcio","item":"https:\/\/www.encontracentroriodejaneiro.com.br\/noticias\/"},{"@type":"ListItem","position":2,"name":"Centro do RJ oferece atra\u00e7\u00f5es"}]},{"@type":"WebSite","@id":"https:\/\/www.encontracentroriodejaneiro.com.br\/noticias\/#website","url":"https:\/\/www.encontracentroriodejaneiro.com.br\/noticias\/","name":"Not\u00edcias do Bairro Centro RJ","description":"Not\u00edcias, eventos, informa\u00e7\u00f5es e dicas no Bairro Centro RJ e regi\u00e3o","potentialAction":[{"@type":"SearchAction","target":{"@type":"EntryPoint","urlTemplate":"https:\/\/www.encontracentroriodejaneiro.com.br\/noticias\/?s={search_term_string}"},"query-input":{"@type":"PropertyValueSpecification","valueRequired":true,"valueName":"search_term_string"}}],"inLanguage":"pt-BR"},{"@type":"Person","@id":"https:\/\/www.encontracentroriodejaneiro.com.br\/noticias\/#\/schema\/person\/d3a6c0305ffb5ffec8e9c6aefa0cbbce","name":"Encontra Centro RJ","image":{"@type":"ImageObject","inLanguage":"pt-BR","@id":"https:\/\/www.encontracentroriodejaneiro.com.br\/noticias\/#\/schema\/person\/image\/","url":"https:\/\/secure.gravatar.com\/avatar\/507340682b8270222e1f208e23198b6ae7e2c6a1033ae84e99bc6bce4f82a387?s=96&d=mm&r=g","contentUrl":"https:\/\/secure.gravatar.com\/avatar\/507340682b8270222e1f208e23198b6ae7e2c6a1033ae84e99bc6bce4f82a387?s=96&d=mm&r=g","caption":"Encontra Centro RJ"},"sameAs":["http:\/\/www.encontracentroriodejaneiro.com.br"],"url":"https:\/\/www.encontracentroriodejaneiro.com.br\/noticias\/author\/ecentroriodejaneiro\/"}]}},"_links":{"self":[{"href":"https:\/\/www.encontracentroriodejaneiro.com.br\/noticias\/wp-json\/wp\/v2\/posts\/69","targetHints":{"allow":["GET"]}}],"collection":[{"href":"https:\/\/www.encontracentroriodejaneiro.com.br\/noticias\/wp-json\/wp\/v2\/posts"}],"about":[{"href":"https:\/\/www.encontracentroriodejaneiro.com.br\/noticias\/wp-json\/wp\/v2\/types\/post"}],"author":[{"embeddable":true,"href":"https:\/\/www.encontracentroriodejaneiro.com.br\/noticias\/wp-json\/wp\/v2\/users\/1"}],"replies":[{"embeddable":true,"href":"https:\/\/www.encontracentroriodejaneiro.com.br\/noticias\/wp-json\/wp\/v2\/comments?post=69"}],"version-history":[{"count":2,"href":"https:\/\/www.encontracentroriodejaneiro.com.br\/noticias\/wp-json\/wp\/v2\/posts\/69\/revisions"}],"predecessor-version":[{"id":753,"href":"https:\/\/www.encontracentroriodejaneiro.com.br\/noticias\/wp-json\/wp\/v2\/posts\/69\/revisions\/753"}],"wp:attachment":[{"href":"https:\/\/www.encontracentroriodejaneiro.com.br\/noticias\/wp-json\/wp\/v2\/media?parent=69"}],"wp:term":[{"taxonomy":"category","embeddable":true,"href":"https:\/\/www.encontracentroriodejaneiro.com.br\/noticias\/wp-json\/wp\/v2\/categories?post=69"},{"taxonomy":"post_tag","embeddable":true,"href":"https:\/\/www.encontracentroriodejaneiro.com.br\/noticias\/wp-json\/wp\/v2\/tags?post=69"}],"curies":[{"name":"wp","href":"https:\/\/api.w.org\/{rel}","templated":true}]}}