{"id":693,"date":"2013-06-04T07:51:38","date_gmt":"2013-06-04T09:51:38","guid":{"rendered":"http:\/\/www.encontracentroriodejaneiro.com.br\/noticias\/?p=693"},"modified":"2013-08-15T14:18:35","modified_gmt":"2013-08-15T16:18:35","slug":"aeroporto-santos-dumont-nao-consegue-operar-por-falta-de-avioes","status":"publish","type":"post","link":"https:\/\/www.encontracentroriodejaneiro.com.br\/noticias\/aeroporto-santos-dumont-nao-consegue-operar-por-falta-de-avioes\/","title":{"rendered":"Aeroporto Santos Dumont n\u00e3o consegue operar por falta de avi\u00f5es"},"content":{"rendered":"<div id=\"materia-letra\">\n<div>\n<div>\n<p>O <a title=\"Aeroporto Santos Dumont\" href=\"http:\/\/www.encontracentroriodejaneiro.com.br\/centro-rj\/aeroporto-santos-dumont-no-centro-rj.shtml\" target=\"_blank\">Aeroporto Santos Dumont<\/a> abriu normalmente para pousos e decolagens, mas praticamente sem avi\u00f5es no p\u00e1tio nesta ter\u00e7a (4). Segundo a Infraero, devido aos problemas, o sagu\u00e3o ficou lotado e diversas filas de formaram.<\/p>\n<p>O problema come\u00e7ou durante o fechamento do terminal na noite de segunda (3), quando os voos foram transferidos para o Gale\u00e3o. Nenhuma aeronave pernoitou no Santos Dumont e, por volta de 7h25, 13 avi\u00f5es haviam chegado no aeroporto, mas ainda n\u00e3o tinha previs\u00e3o de in\u00edcio das opera\u00e7\u00f5es.<\/p>\n<p>Passageiros chegaram a ser levados de \u00f4nibus no Centro do Rio de Janeiro para o embarque no Aeroporto Internacional Tom Jobim. At\u00e9 as 7h, 64,3% dos voos previstos no Santos Dumont tinham sofrido atrasos, segundo a Infraero, ou seja, nove entre 14.<\/p>\n<p>Outros dois tinham sido cancelados at\u00e9 esse hor\u00e1rio. No Gale\u00e3o, das 20 viagens previstas at\u00e9 o mesmo hor\u00e1rio, tr\u00eas tinham sido canceladas e quatro sofrido atrasos.<\/p>\n<p><em>Fonte: G1<\/em><\/p>\n<\/div>\n<\/div>\n<\/div>\n","protected":false},"excerpt":{"rendered":"<p>O Aeroporto Santos Dumont abriu normalmente para pousos e decolagens, mas praticamente sem avi\u00f5es no p\u00e1tio nesta ter\u00e7a (4). Segundo a Infraero, devido aos problemas, o sagu\u00e3o ficou lotado e diversas filas de formaram. O problema come\u00e7ou durante o fechamento do terminal na noite de segunda (3), quando os voos foram transferidos para o Gale\u00e3o. [&hellip;]<\/p>\n","protected":false},"author":1,"featured_media":0,"comment_status":"open","ping_status":"open","sticky":false,"template":"","format":"standard","meta":{"footnotes":""},"categories":[6],"tags":[],"class_list":["post-693","post","type-post","status-publish","format-standard","hentry","category-noticias"],"yoast_head":"<!-- This site is optimized with the Yoast SEO plugin v25.9 - https:\/\/yoast.com\/wordpress\/plugins\/seo\/ -->\n<title>Aeroporto Santos Dumont n\u00e3o consegue operar por falta de avi\u00f5es - Not\u00edcias do Bairro Centro RJ<\/title>\n<meta name=\"robots\" content=\"index, follow, max-snippet:-1, max-image-preview:large, max-video-preview:-1\" \/>\n<link rel=\"canonical\" href=\"https:\/\/www.encontracentroriodejaneiro.com.br\/noticias\/aeroporto-santos-dumont-nao-consegue-operar-por-falta-de-avioes\/\" \/>\n<meta property=\"og:locale\" content=\"pt_BR\" \/>\n<meta property=\"og:type\" content=\"article\" \/>\n<meta property=\"og:title\" content=\"Aeroporto Santos Dumont n\u00e3o consegue operar por falta de avi\u00f5es - Not\u00edcias do Bairro Centro RJ\" \/>\n<meta property=\"og:description\" content=\"O Aeroporto Santos Dumont abriu normalmente para pousos e decolagens, mas praticamente sem avi\u00f5es no p\u00e1tio nesta ter\u00e7a (4). Segundo a Infraero, devido aos problemas, o sagu\u00e3o ficou lotado e diversas filas de formaram. O problema come\u00e7ou durante o fechamento do terminal na noite de segunda (3), quando os voos foram transferidos para o Gale\u00e3o. [&hellip;]\" \/>\n<meta property=\"og:url\" content=\"https:\/\/www.encontracentroriodejaneiro.com.br\/noticias\/aeroporto-santos-dumont-nao-consegue-operar-por-falta-de-avioes\/\" \/>\n<meta property=\"og:site_name\" content=\"Not\u00edcias do Bairro Centro RJ\" \/>\n<meta property=\"article:published_time\" content=\"2013-06-04T09:51:38+00:00\" \/>\n<meta property=\"article:modified_time\" content=\"2013-08-15T16:18:35+00:00\" \/>\n<meta name=\"author\" content=\"Encontra Centro RJ\" \/>\n<meta name=\"twitter:card\" content=\"summary_large_image\" \/>\n<meta name=\"twitter:label1\" content=\"Escrito por\" \/>\n\t<meta name=\"twitter:data1\" content=\"Encontra Centro RJ\" \/>\n\t<meta name=\"twitter:label2\" content=\"Est. tempo de leitura\" \/>\n\t<meta name=\"twitter:data2\" content=\"1 minuto\" \/>\n<script type=\"application\/ld+json\" class=\"yoast-schema-graph\">{\"@context\":\"https:\/\/schema.org\",\"@graph\":[{\"@type\":\"WebPage\",\"@id\":\"https:\/\/www.encontracentroriodejaneiro.com.br\/noticias\/aeroporto-santos-dumont-nao-consegue-operar-por-falta-de-avioes\/\",\"url\":\"https:\/\/www.encontracentroriodejaneiro.com.br\/noticias\/aeroporto-santos-dumont-nao-consegue-operar-por-falta-de-avioes\/\",\"name\":\"Aeroporto Santos Dumont n\u00e3o consegue operar por falta de avi\u00f5es - Not\u00edcias do Bairro Centro RJ\",\"isPartOf\":{\"@id\":\"https:\/\/www.encontracentroriodejaneiro.com.br\/noticias\/#website\"},\"datePublished\":\"2013-06-04T09:51:38+00:00\",\"dateModified\":\"2013-08-15T16:18:35+00:00\",\"author\":{\"@id\":\"https:\/\/www.encontracentroriodejaneiro.com.br\/noticias\/#\/schema\/person\/d3a6c0305ffb5ffec8e9c6aefa0cbbce\"},\"breadcrumb\":{\"@id\":\"https:\/\/www.encontracentroriodejaneiro.com.br\/noticias\/aeroporto-santos-dumont-nao-consegue-operar-por-falta-de-avioes\/#breadcrumb\"},\"inLanguage\":\"pt-BR\",\"potentialAction\":[{\"@type\":\"ReadAction\",\"target\":[\"https:\/\/www.encontracentroriodejaneiro.com.br\/noticias\/aeroporto-santos-dumont-nao-consegue-operar-por-falta-de-avioes\/\"]}]},{\"@type\":\"BreadcrumbList\",\"@id\":\"https:\/\/www.encontracentroriodejaneiro.com.br\/noticias\/aeroporto-santos-dumont-nao-consegue-operar-por-falta-de-avioes\/#breadcrumb\",\"itemListElement\":[{\"@type\":\"ListItem\",\"position\":1,\"name\":\"In\u00edcio\",\"item\":\"https:\/\/www.encontracentroriodejaneiro.com.br\/noticias\/\"},{\"@type\":\"ListItem\",\"position\":2,\"name\":\"Aeroporto Santos Dumont n\u00e3o consegue operar por falta de avi\u00f5es\"}]},{\"@type\":\"WebSite\",\"@id\":\"https:\/\/www.encontracentroriodejaneiro.com.br\/noticias\/#website\",\"url\":\"https:\/\/www.encontracentroriodejaneiro.com.br\/noticias\/\",\"name\":\"Not\u00edcias do Bairro Centro RJ\",\"description\":\"Not\u00edcias, eventos, informa\u00e7\u00f5es e dicas no Bairro Centro RJ e regi\u00e3o\",\"potentialAction\":[{\"@type\":\"SearchAction\",\"target\":{\"@type\":\"EntryPoint\",\"urlTemplate\":\"https:\/\/www.encontracentroriodejaneiro.com.br\/noticias\/?s={search_term_string}\"},\"query-input\":{\"@type\":\"PropertyValueSpecification\",\"valueRequired\":true,\"valueName\":\"search_term_string\"}}],\"inLanguage\":\"pt-BR\"},{\"@type\":\"Person\",\"@id\":\"https:\/\/www.encontracentroriodejaneiro.com.br\/noticias\/#\/schema\/person\/d3a6c0305ffb5ffec8e9c6aefa0cbbce\",\"name\":\"Encontra Centro RJ\",\"image\":{\"@type\":\"ImageObject\",\"inLanguage\":\"pt-BR\",\"@id\":\"https:\/\/www.encontracentroriodejaneiro.com.br\/noticias\/#\/schema\/person\/image\/\",\"url\":\"https:\/\/secure.gravatar.com\/avatar\/507340682b8270222e1f208e23198b6ae7e2c6a1033ae84e99bc6bce4f82a387?s=96&d=mm&r=g\",\"contentUrl\":\"https:\/\/secure.gravatar.com\/avatar\/507340682b8270222e1f208e23198b6ae7e2c6a1033ae84e99bc6bce4f82a387?s=96&d=mm&r=g\",\"caption\":\"Encontra Centro RJ\"},\"sameAs\":[\"http:\/\/www.encontracentroriodejaneiro.com.br\"],\"url\":\"https:\/\/www.encontracentroriodejaneiro.com.br\/noticias\/author\/ecentroriodejaneiro\/\"}]}<\/script>\n<!-- \/ Yoast SEO plugin. -->","yoast_head_json":{"title":"Aeroporto Santos Dumont n\u00e3o consegue operar por falta de avi\u00f5es - Not\u00edcias do Bairro Centro RJ","robots":{"index":"index","follow":"follow","max-snippet":"max-snippet:-1","max-image-preview":"max-image-preview:large","max-video-preview":"max-video-preview:-1"},"canonical":"https:\/\/www.encontracentroriodejaneiro.com.br\/noticias\/aeroporto-santos-dumont-nao-consegue-operar-por-falta-de-avioes\/","og_locale":"pt_BR","og_type":"article","og_title":"Aeroporto Santos Dumont n\u00e3o consegue operar por falta de avi\u00f5es - Not\u00edcias do Bairro Centro RJ","og_description":"O Aeroporto Santos Dumont abriu normalmente para pousos e decolagens, mas praticamente sem avi\u00f5es no p\u00e1tio nesta ter\u00e7a (4). Segundo a Infraero, devido aos problemas, o sagu\u00e3o ficou lotado e diversas filas de formaram. O problema come\u00e7ou durante o fechamento do terminal na noite de segunda (3), quando os voos foram transferidos para o Gale\u00e3o. [&hellip;]","og_url":"https:\/\/www.encontracentroriodejaneiro.com.br\/noticias\/aeroporto-santos-dumont-nao-consegue-operar-por-falta-de-avioes\/","og_site_name":"Not\u00edcias do Bairro Centro RJ","article_published_time":"2013-06-04T09:51:38+00:00","article_modified_time":"2013-08-15T16:18:35+00:00","author":"Encontra Centro RJ","twitter_card":"summary_large_image","twitter_misc":{"Escrito por":"Encontra Centro RJ","Est. tempo de leitura":"1 minuto"},"schema":{"@context":"https:\/\/schema.org","@graph":[{"@type":"WebPage","@id":"https:\/\/www.encontracentroriodejaneiro.com.br\/noticias\/aeroporto-santos-dumont-nao-consegue-operar-por-falta-de-avioes\/","url":"https:\/\/www.encontracentroriodejaneiro.com.br\/noticias\/aeroporto-santos-dumont-nao-consegue-operar-por-falta-de-avioes\/","name":"Aeroporto Santos Dumont n\u00e3o consegue operar por falta de avi\u00f5es - Not\u00edcias do Bairro Centro RJ","isPartOf":{"@id":"https:\/\/www.encontracentroriodejaneiro.com.br\/noticias\/#website"},"datePublished":"2013-06-04T09:51:38+00:00","dateModified":"2013-08-15T16:18:35+00:00","author":{"@id":"https:\/\/www.encontracentroriodejaneiro.com.br\/noticias\/#\/schema\/person\/d3a6c0305ffb5ffec8e9c6aefa0cbbce"},"breadcrumb":{"@id":"https:\/\/www.encontracentroriodejaneiro.com.br\/noticias\/aeroporto-santos-dumont-nao-consegue-operar-por-falta-de-avioes\/#breadcrumb"},"inLanguage":"pt-BR","potentialAction":[{"@type":"ReadAction","target":["https:\/\/www.encontracentroriodejaneiro.com.br\/noticias\/aeroporto-santos-dumont-nao-consegue-operar-por-falta-de-avioes\/"]}]},{"@type":"BreadcrumbList","@id":"https:\/\/www.encontracentroriodejaneiro.com.br\/noticias\/aeroporto-santos-dumont-nao-consegue-operar-por-falta-de-avioes\/#breadcrumb","itemListElement":[{"@type":"ListItem","position":1,"name":"In\u00edcio","item":"https:\/\/www.encontracentroriodejaneiro.com.br\/noticias\/"},{"@type":"ListItem","position":2,"name":"Aeroporto Santos Dumont n\u00e3o consegue operar por falta de avi\u00f5es"}]},{"@type":"WebSite","@id":"https:\/\/www.encontracentroriodejaneiro.com.br\/noticias\/#website","url":"https:\/\/www.encontracentroriodejaneiro.com.br\/noticias\/","name":"Not\u00edcias do Bairro Centro RJ","description":"Not\u00edcias, eventos, informa\u00e7\u00f5es e dicas no Bairro Centro RJ e regi\u00e3o","potentialAction":[{"@type":"SearchAction","target":{"@type":"EntryPoint","urlTemplate":"https:\/\/www.encontracentroriodejaneiro.com.br\/noticias\/?s={search_term_string}"},"query-input":{"@type":"PropertyValueSpecification","valueRequired":true,"valueName":"search_term_string"}}],"inLanguage":"pt-BR"},{"@type":"Person","@id":"https:\/\/www.encontracentroriodejaneiro.com.br\/noticias\/#\/schema\/person\/d3a6c0305ffb5ffec8e9c6aefa0cbbce","name":"Encontra Centro RJ","image":{"@type":"ImageObject","inLanguage":"pt-BR","@id":"https:\/\/www.encontracentroriodejaneiro.com.br\/noticias\/#\/schema\/person\/image\/","url":"https:\/\/secure.gravatar.com\/avatar\/507340682b8270222e1f208e23198b6ae7e2c6a1033ae84e99bc6bce4f82a387?s=96&d=mm&r=g","contentUrl":"https:\/\/secure.gravatar.com\/avatar\/507340682b8270222e1f208e23198b6ae7e2c6a1033ae84e99bc6bce4f82a387?s=96&d=mm&r=g","caption":"Encontra Centro RJ"},"sameAs":["http:\/\/www.encontracentroriodejaneiro.com.br"],"url":"https:\/\/www.encontracentroriodejaneiro.com.br\/noticias\/author\/ecentroriodejaneiro\/"}]}},"_links":{"self":[{"href":"https:\/\/www.encontracentroriodejaneiro.com.br\/noticias\/wp-json\/wp\/v2\/posts\/693","targetHints":{"allow":["GET"]}}],"collection":[{"href":"https:\/\/www.encontracentroriodejaneiro.com.br\/noticias\/wp-json\/wp\/v2\/posts"}],"about":[{"href":"https:\/\/www.encontracentroriodejaneiro.com.br\/noticias\/wp-json\/wp\/v2\/types\/post"}],"author":[{"embeddable":true,"href":"https:\/\/www.encontracentroriodejaneiro.com.br\/noticias\/wp-json\/wp\/v2\/users\/1"}],"replies":[{"embeddable":true,"href":"https:\/\/www.encontracentroriodejaneiro.com.br\/noticias\/wp-json\/wp\/v2\/comments?post=693"}],"version-history":[{"count":2,"href":"https:\/\/www.encontracentroriodejaneiro.com.br\/noticias\/wp-json\/wp\/v2\/posts\/693\/revisions"}],"predecessor-version":[{"id":966,"href":"https:\/\/www.encontracentroriodejaneiro.com.br\/noticias\/wp-json\/wp\/v2\/posts\/693\/revisions\/966"}],"wp:attachment":[{"href":"https:\/\/www.encontracentroriodejaneiro.com.br\/noticias\/wp-json\/wp\/v2\/media?parent=693"}],"wp:term":[{"taxonomy":"category","embeddable":true,"href":"https:\/\/www.encontracentroriodejaneiro.com.br\/noticias\/wp-json\/wp\/v2\/categories?post=693"},{"taxonomy":"post_tag","embeddable":true,"href":"https:\/\/www.encontracentroriodejaneiro.com.br\/noticias\/wp-json\/wp\/v2\/tags?post=693"}],"curies":[{"name":"wp","href":"https:\/\/api.w.org\/{rel}","templated":true}]}}