{"id":695,"date":"2013-06-05T14:06:15","date_gmt":"2013-06-05T16:06:15","guid":{"rendered":"http:\/\/www.encontracentroriodejaneiro.com.br\/noticias\/?p=695"},"modified":"2013-08-15T14:18:40","modified_gmt":"2013-08-15T16:18:40","slug":"centro-rj-smte-oferece-299-vagas-para-pessoas-com-deficiencia","status":"publish","type":"post","link":"https:\/\/www.encontracentroriodejaneiro.com.br\/noticias\/centro-rj-smte-oferece-299-vagas-para-pessoas-com-deficiencia\/","title":{"rendered":"Centro RJ: SMTE oferece 299 vagas para pessoas com defici\u00eancia"},"content":{"rendered":"<p>Mais 299 oportunidades de trabalho em empresas do Rio, oferecidas por interm\u00e9dio da Secretaria Municipal de Trabalho e Emprego, beneficiam pessoas com defici\u00eancia, conforme seu grau de escolaridade. A rela\u00e7\u00e3o das vagas est\u00e1 no Di\u00e1rio Oficial do Munic\u00edpio, para cadastramento dos interessados com documento de identidade, CPF, carteira profissional e PIS, na Avenida Presidente Vargas, 1.997, Centro (Ciad Mestre Candeia), das 8h \u00e0s 17h, de segunda a sexta-feira.<\/p>\n<p>Com ensino fundamental incompleto, as vagas s\u00e3o para auxiliar de limpeza (26), operador de vendas (100), cobrador de transportes coletivos, exceto trem (12), empacotador a m\u00e3o (7), ascensorista (2) e pedreiro (4). Com fundamental completo, estoquista (5 vagas), ajudante de cozinha (3), lavador de ve\u00edculos (10), auxiliar administrativo e de escrit\u00f3rio (68), auxiliar de cozinha (4), vigia (1), auxiliar de estoque (8), operador de vendas (2), operador de supermercados (10), ajudante de obras (9), porteiro (1), auxiliar de sushiman (4), copeiro (4) e eletricista (1).<\/p>\n<p>Com ensino m\u00e9dio incompleto, auxiliar de telemarketing receptivo (2). Com m\u00e9dio completo, recepcionista atendente (1), operador de telemarketing ativo (2), auxiliar de dep\u00f3sito (4), arquivista de documentos (7) e analista de suporte t\u00e9cnico (1). Com ensino superior completo, analista cont\u00e1bil (1).<\/p>\n<p><strong>Confira os endere\u00e7os:<\/strong><\/p>\n<p>Tijuca: rua Camaragibe, 25<br \/>\nJacarepagu\u00e1: Estrada do Guerengu\u00ea, 1.630<br \/>\nCampo Grande: rua Barcelos Domingos, 162<br \/>\nBairro da Ilha do Governador: Estrada do Dend\u00ea, 2.080<br \/>\nM\u00e9ier: Rua Vinte e Quatro de Maio, 931<br \/>\nRegi\u00e3o portu\u00e1ria: rua da Am\u00e9rica, 81, Santo Cristo, morro da Provid\u00eancia<\/p>\n<p>O servi\u00e7o no Centro do Rio de Janeiro acontece na avenida Presidente Vargas, 1997<\/p>\n<p><em>Fonte: Prefeitura do Rio<\/em><\/p>\n","protected":false},"excerpt":{"rendered":"<p>Mais 299 oportunidades de trabalho em empresas do Rio, oferecidas por interm\u00e9dio da Secretaria Municipal de Trabalho e Emprego, beneficiam pessoas com defici\u00eancia, conforme seu grau de escolaridade. A rela\u00e7\u00e3o das vagas est\u00e1 no Di\u00e1rio Oficial do Munic\u00edpio, para cadastramento dos interessados com documento de identidade, CPF, carteira profissional e PIS, na Avenida Presidente Vargas, [&hellip;]<\/p>\n","protected":false},"author":1,"featured_media":0,"comment_status":"open","ping_status":"open","sticky":false,"template":"","format":"standard","meta":{"footnotes":""},"categories":[4],"tags":[],"class_list":["post-695","post","type-post","status-publish","format-standard","hentry","category-empregos"],"yoast_head":"<!-- This site is optimized with the Yoast SEO plugin v25.9 - https:\/\/yoast.com\/wordpress\/plugins\/seo\/ -->\n<title>Centro RJ: SMTE oferece 299 vagas para pessoas com defici\u00eancia - Not\u00edcias do Bairro Centro RJ<\/title>\n<meta name=\"robots\" content=\"index, follow, max-snippet:-1, max-image-preview:large, max-video-preview:-1\" \/>\n<link rel=\"canonical\" href=\"https:\/\/www.encontracentroriodejaneiro.com.br\/noticias\/centro-rj-smte-oferece-299-vagas-para-pessoas-com-deficiencia\/\" \/>\n<meta property=\"og:locale\" content=\"pt_BR\" \/>\n<meta property=\"og:type\" content=\"article\" \/>\n<meta property=\"og:title\" content=\"Centro RJ: SMTE oferece 299 vagas para pessoas com defici\u00eancia - Not\u00edcias do Bairro Centro RJ\" \/>\n<meta property=\"og:description\" content=\"Mais 299 oportunidades de trabalho em empresas do Rio, oferecidas por interm\u00e9dio da Secretaria Municipal de Trabalho e Emprego, beneficiam pessoas com defici\u00eancia, conforme seu grau de escolaridade. A rela\u00e7\u00e3o das vagas est\u00e1 no Di\u00e1rio Oficial do Munic\u00edpio, para cadastramento dos interessados com documento de identidade, CPF, carteira profissional e PIS, na Avenida Presidente Vargas, [&hellip;]\" \/>\n<meta property=\"og:url\" content=\"https:\/\/www.encontracentroriodejaneiro.com.br\/noticias\/centro-rj-smte-oferece-299-vagas-para-pessoas-com-deficiencia\/\" \/>\n<meta property=\"og:site_name\" content=\"Not\u00edcias do Bairro Centro RJ\" \/>\n<meta property=\"article:published_time\" content=\"2013-06-05T16:06:15+00:00\" \/>\n<meta property=\"article:modified_time\" content=\"2013-08-15T16:18:40+00:00\" \/>\n<meta name=\"author\" content=\"Encontra Centro RJ\" \/>\n<meta name=\"twitter:card\" content=\"summary_large_image\" \/>\n<meta name=\"twitter:label1\" content=\"Escrito por\" \/>\n\t<meta name=\"twitter:data1\" content=\"Encontra Centro RJ\" \/>\n\t<meta name=\"twitter:label2\" content=\"Est. tempo de leitura\" \/>\n\t<meta name=\"twitter:data2\" content=\"1 minuto\" \/>\n<script type=\"application\/ld+json\" class=\"yoast-schema-graph\">{\"@context\":\"https:\/\/schema.org\",\"@graph\":[{\"@type\":\"WebPage\",\"@id\":\"https:\/\/www.encontracentroriodejaneiro.com.br\/noticias\/centro-rj-smte-oferece-299-vagas-para-pessoas-com-deficiencia\/\",\"url\":\"https:\/\/www.encontracentroriodejaneiro.com.br\/noticias\/centro-rj-smte-oferece-299-vagas-para-pessoas-com-deficiencia\/\",\"name\":\"Centro RJ: SMTE oferece 299 vagas para pessoas com defici\u00eancia - Not\u00edcias do Bairro Centro RJ\",\"isPartOf\":{\"@id\":\"https:\/\/www.encontracentroriodejaneiro.com.br\/noticias\/#website\"},\"datePublished\":\"2013-06-05T16:06:15+00:00\",\"dateModified\":\"2013-08-15T16:18:40+00:00\",\"author\":{\"@id\":\"https:\/\/www.encontracentroriodejaneiro.com.br\/noticias\/#\/schema\/person\/d3a6c0305ffb5ffec8e9c6aefa0cbbce\"},\"breadcrumb\":{\"@id\":\"https:\/\/www.encontracentroriodejaneiro.com.br\/noticias\/centro-rj-smte-oferece-299-vagas-para-pessoas-com-deficiencia\/#breadcrumb\"},\"inLanguage\":\"pt-BR\",\"potentialAction\":[{\"@type\":\"ReadAction\",\"target\":[\"https:\/\/www.encontracentroriodejaneiro.com.br\/noticias\/centro-rj-smte-oferece-299-vagas-para-pessoas-com-deficiencia\/\"]}]},{\"@type\":\"BreadcrumbList\",\"@id\":\"https:\/\/www.encontracentroriodejaneiro.com.br\/noticias\/centro-rj-smte-oferece-299-vagas-para-pessoas-com-deficiencia\/#breadcrumb\",\"itemListElement\":[{\"@type\":\"ListItem\",\"position\":1,\"name\":\"In\u00edcio\",\"item\":\"https:\/\/www.encontracentroriodejaneiro.com.br\/noticias\/\"},{\"@type\":\"ListItem\",\"position\":2,\"name\":\"Centro RJ: SMTE oferece 299 vagas para pessoas com defici\u00eancia\"}]},{\"@type\":\"WebSite\",\"@id\":\"https:\/\/www.encontracentroriodejaneiro.com.br\/noticias\/#website\",\"url\":\"https:\/\/www.encontracentroriodejaneiro.com.br\/noticias\/\",\"name\":\"Not\u00edcias do Bairro Centro RJ\",\"description\":\"Not\u00edcias, eventos, informa\u00e7\u00f5es e dicas no Bairro Centro RJ e regi\u00e3o\",\"potentialAction\":[{\"@type\":\"SearchAction\",\"target\":{\"@type\":\"EntryPoint\",\"urlTemplate\":\"https:\/\/www.encontracentroriodejaneiro.com.br\/noticias\/?s={search_term_string}\"},\"query-input\":{\"@type\":\"PropertyValueSpecification\",\"valueRequired\":true,\"valueName\":\"search_term_string\"}}],\"inLanguage\":\"pt-BR\"},{\"@type\":\"Person\",\"@id\":\"https:\/\/www.encontracentroriodejaneiro.com.br\/noticias\/#\/schema\/person\/d3a6c0305ffb5ffec8e9c6aefa0cbbce\",\"name\":\"Encontra Centro RJ\",\"image\":{\"@type\":\"ImageObject\",\"inLanguage\":\"pt-BR\",\"@id\":\"https:\/\/www.encontracentroriodejaneiro.com.br\/noticias\/#\/schema\/person\/image\/\",\"url\":\"https:\/\/secure.gravatar.com\/avatar\/507340682b8270222e1f208e23198b6ae7e2c6a1033ae84e99bc6bce4f82a387?s=96&d=mm&r=g\",\"contentUrl\":\"https:\/\/secure.gravatar.com\/avatar\/507340682b8270222e1f208e23198b6ae7e2c6a1033ae84e99bc6bce4f82a387?s=96&d=mm&r=g\",\"caption\":\"Encontra Centro RJ\"},\"sameAs\":[\"http:\/\/www.encontracentroriodejaneiro.com.br\"],\"url\":\"https:\/\/www.encontracentroriodejaneiro.com.br\/noticias\/author\/ecentroriodejaneiro\/\"}]}<\/script>\n<!-- \/ Yoast SEO plugin. -->","yoast_head_json":{"title":"Centro RJ: SMTE oferece 299 vagas para pessoas com defici\u00eancia - Not\u00edcias do Bairro Centro RJ","robots":{"index":"index","follow":"follow","max-snippet":"max-snippet:-1","max-image-preview":"max-image-preview:large","max-video-preview":"max-video-preview:-1"},"canonical":"https:\/\/www.encontracentroriodejaneiro.com.br\/noticias\/centro-rj-smte-oferece-299-vagas-para-pessoas-com-deficiencia\/","og_locale":"pt_BR","og_type":"article","og_title":"Centro RJ: SMTE oferece 299 vagas para pessoas com defici\u00eancia - Not\u00edcias do Bairro Centro RJ","og_description":"Mais 299 oportunidades de trabalho em empresas do Rio, oferecidas por interm\u00e9dio da Secretaria Municipal de Trabalho e Emprego, beneficiam pessoas com defici\u00eancia, conforme seu grau de escolaridade. A rela\u00e7\u00e3o das vagas est\u00e1 no Di\u00e1rio Oficial do Munic\u00edpio, para cadastramento dos interessados com documento de identidade, CPF, carteira profissional e PIS, na Avenida Presidente Vargas, [&hellip;]","og_url":"https:\/\/www.encontracentroriodejaneiro.com.br\/noticias\/centro-rj-smte-oferece-299-vagas-para-pessoas-com-deficiencia\/","og_site_name":"Not\u00edcias do Bairro Centro RJ","article_published_time":"2013-06-05T16:06:15+00:00","article_modified_time":"2013-08-15T16:18:40+00:00","author":"Encontra Centro RJ","twitter_card":"summary_large_image","twitter_misc":{"Escrito por":"Encontra Centro RJ","Est. tempo de leitura":"1 minuto"},"schema":{"@context":"https:\/\/schema.org","@graph":[{"@type":"WebPage","@id":"https:\/\/www.encontracentroriodejaneiro.com.br\/noticias\/centro-rj-smte-oferece-299-vagas-para-pessoas-com-deficiencia\/","url":"https:\/\/www.encontracentroriodejaneiro.com.br\/noticias\/centro-rj-smte-oferece-299-vagas-para-pessoas-com-deficiencia\/","name":"Centro RJ: SMTE oferece 299 vagas para pessoas com defici\u00eancia - Not\u00edcias do Bairro Centro RJ","isPartOf":{"@id":"https:\/\/www.encontracentroriodejaneiro.com.br\/noticias\/#website"},"datePublished":"2013-06-05T16:06:15+00:00","dateModified":"2013-08-15T16:18:40+00:00","author":{"@id":"https:\/\/www.encontracentroriodejaneiro.com.br\/noticias\/#\/schema\/person\/d3a6c0305ffb5ffec8e9c6aefa0cbbce"},"breadcrumb":{"@id":"https:\/\/www.encontracentroriodejaneiro.com.br\/noticias\/centro-rj-smte-oferece-299-vagas-para-pessoas-com-deficiencia\/#breadcrumb"},"inLanguage":"pt-BR","potentialAction":[{"@type":"ReadAction","target":["https:\/\/www.encontracentroriodejaneiro.com.br\/noticias\/centro-rj-smte-oferece-299-vagas-para-pessoas-com-deficiencia\/"]}]},{"@type":"BreadcrumbList","@id":"https:\/\/www.encontracentroriodejaneiro.com.br\/noticias\/centro-rj-smte-oferece-299-vagas-para-pessoas-com-deficiencia\/#breadcrumb","itemListElement":[{"@type":"ListItem","position":1,"name":"In\u00edcio","item":"https:\/\/www.encontracentroriodejaneiro.com.br\/noticias\/"},{"@type":"ListItem","position":2,"name":"Centro RJ: SMTE oferece 299 vagas para pessoas com defici\u00eancia"}]},{"@type":"WebSite","@id":"https:\/\/www.encontracentroriodejaneiro.com.br\/noticias\/#website","url":"https:\/\/www.encontracentroriodejaneiro.com.br\/noticias\/","name":"Not\u00edcias do Bairro Centro RJ","description":"Not\u00edcias, eventos, informa\u00e7\u00f5es e dicas no Bairro Centro RJ e regi\u00e3o","potentialAction":[{"@type":"SearchAction","target":{"@type":"EntryPoint","urlTemplate":"https:\/\/www.encontracentroriodejaneiro.com.br\/noticias\/?s={search_term_string}"},"query-input":{"@type":"PropertyValueSpecification","valueRequired":true,"valueName":"search_term_string"}}],"inLanguage":"pt-BR"},{"@type":"Person","@id":"https:\/\/www.encontracentroriodejaneiro.com.br\/noticias\/#\/schema\/person\/d3a6c0305ffb5ffec8e9c6aefa0cbbce","name":"Encontra Centro RJ","image":{"@type":"ImageObject","inLanguage":"pt-BR","@id":"https:\/\/www.encontracentroriodejaneiro.com.br\/noticias\/#\/schema\/person\/image\/","url":"https:\/\/secure.gravatar.com\/avatar\/507340682b8270222e1f208e23198b6ae7e2c6a1033ae84e99bc6bce4f82a387?s=96&d=mm&r=g","contentUrl":"https:\/\/secure.gravatar.com\/avatar\/507340682b8270222e1f208e23198b6ae7e2c6a1033ae84e99bc6bce4f82a387?s=96&d=mm&r=g","caption":"Encontra Centro RJ"},"sameAs":["http:\/\/www.encontracentroriodejaneiro.com.br"],"url":"https:\/\/www.encontracentroriodejaneiro.com.br\/noticias\/author\/ecentroriodejaneiro\/"}]}},"_links":{"self":[{"href":"https:\/\/www.encontracentroriodejaneiro.com.br\/noticias\/wp-json\/wp\/v2\/posts\/695","targetHints":{"allow":["GET"]}}],"collection":[{"href":"https:\/\/www.encontracentroriodejaneiro.com.br\/noticias\/wp-json\/wp\/v2\/posts"}],"about":[{"href":"https:\/\/www.encontracentroriodejaneiro.com.br\/noticias\/wp-json\/wp\/v2\/types\/post"}],"author":[{"embeddable":true,"href":"https:\/\/www.encontracentroriodejaneiro.com.br\/noticias\/wp-json\/wp\/v2\/users\/1"}],"replies":[{"embeddable":true,"href":"https:\/\/www.encontracentroriodejaneiro.com.br\/noticias\/wp-json\/wp\/v2\/comments?post=695"}],"version-history":[{"count":4,"href":"https:\/\/www.encontracentroriodejaneiro.com.br\/noticias\/wp-json\/wp\/v2\/posts\/695\/revisions"}],"predecessor-version":[{"id":1215,"href":"https:\/\/www.encontracentroriodejaneiro.com.br\/noticias\/wp-json\/wp\/v2\/posts\/695\/revisions\/1215"}],"wp:attachment":[{"href":"https:\/\/www.encontracentroriodejaneiro.com.br\/noticias\/wp-json\/wp\/v2\/media?parent=695"}],"wp:term":[{"taxonomy":"category","embeddable":true,"href":"https:\/\/www.encontracentroriodejaneiro.com.br\/noticias\/wp-json\/wp\/v2\/categories?post=695"},{"taxonomy":"post_tag","embeddable":true,"href":"https:\/\/www.encontracentroriodejaneiro.com.br\/noticias\/wp-json\/wp\/v2\/tags?post=695"}],"curies":[{"name":"wp","href":"https:\/\/api.w.org\/{rel}","templated":true}]}}