{"id":697,"date":"2013-06-07T10:41:48","date_gmt":"2013-06-07T12:41:48","guid":{"rendered":"http:\/\/www.encontracentroriodejaneiro.com.br\/noticias\/?p=697"},"modified":"2013-08-15T14:18:41","modified_gmt":"2013-08-15T16:18:41","slug":"quatro-sao-detidos-apos-manifestacao-no-centro-do-rio","status":"publish","type":"post","link":"https:\/\/www.encontracentroriodejaneiro.com.br\/noticias\/quatro-sao-detidos-apos-manifestacao-no-centro-do-rio\/","title":{"rendered":"Quatro s\u00e3o detidos ap\u00f3s manifesta\u00e7\u00e3o no Centro do Rio"},"content":{"rendered":"<p>Quatro pessoas foram detidas na 4\u00aa DP (Pra\u00e7a da Rep\u00fablica) ap\u00f3s a manifesta\u00e7\u00e3o contra o aumento da passagem de \u00f4nibus no Centro do Rio, na noite desta quinta-feira, sendo dois estudantes e dois ambulantes que teriam aderido ao protesto que come\u00e7ou \u00e0s 18h na Candel\u00e1ria.<\/p>\n<p>Manifestantes fecharam a Avenida Presidente Vargas e quando o grupo chegou na Central do Brasil, houve confus\u00e3o com policiais militares do Batalh\u00e3o de Choque (BPChq), que acompanhavam o protesto.<\/p>\n<p>Duas pessoas ficaram feridas e foram levadas para a Coordena\u00e7\u00e3o de Emerg\u00eancia Regional, no Centro. Guilherme de Morais, 24 anos, estudante universit\u00e1rio, foi atingido na coxa esquerda por uma bala de borracha. Gabriel Uaconan, 21 anos, estudante que estava vestido de \u00edndio, tamb\u00e9m foi alvejado por disparo de borracha na coxa direita.<\/p>\n<p>&#8220;Primeiro lan\u00e7aram o g\u00e1s no Centro do Rio de Janeiro, depois a bala de borracha. O Choque mirou as pernas dos manifestantes. Eu estava cantando e minha \u00fanica arma era minha arma de reza, um chocalho. N\u00e3o consigo andar direito, estou mancando, o ferimento d\u00f3i&#8221;, disse Gabriel.<\/p>\n<p>Segundo estudantes, os policiais lan\u00e7aram bombas de efeito moral, spray de pimenta e balas de borracha, atingindo uma pessoa na perna. Eles prometem novo protesto para segunda-feira, na porta da Assembleia Legislativa do Rio de Janeiro (Alerj).<\/p>\n<p>A manifesta\u00e7\u00e3o que teria contado com mais de 200 participantes, foi organizada via Facebook pelo F\u00f3rum de Luta contra o Aumento de Passagens, formado por estudantes do ensino m\u00e9dio, universit\u00e1rios e trabalhadores, que conta com mais de 100 membros.<\/p>\n<p>O policiamento foi refor\u00e7ado pelo 5\u00ba BPM (Pra\u00e7a da Harmonia). Segundo PMs do Choque, foram apreendidas pedras portuguesas que teriam sido usadas contra viaturas.<\/p>\n<p>Vitor Hugo Ferraz, 16 anos, estudante da Rede MV1, na Ilha, falou da viol\u00eancia policial. &#8220;O Choque foi bastante hostil, pois era uma manifesta\u00e7\u00e3o pac\u00edfica, teve gente ferida na perna, um absurdo&#8221;, disse.<\/p>\n<p>Tayna Paelino, 21 anos, universit\u00e1ria na Unirio e coordenadoda do DCE, revelou as causas da manifesta\u00e7\u00e3o. &#8220;Somos contra o valor da passagem e a qualidade do valor oferecido aos estudantes e trabalhadores. Somos a favor do passe livre restrito para estudantes e desempregados. Tentamos dialogar com a popula\u00e7\u00e3o com a Central, quando o Choque come\u00e7ou a jogar bombas, foi muita correria. Fugimos para a esta\u00e7\u00e3o Central, mas fomos barrados por seguran\u00e7as da SuperVia. Tive medo de ser atingida por uma bomba, os PMs foram muito violentos&#8221;, revelou.<\/p>\n<p><em>Fonte: O Dia<\/em><\/p>\n","protected":false},"excerpt":{"rendered":"<p>Quatro pessoas foram detidas na 4\u00aa DP (Pra\u00e7a da Rep\u00fablica) ap\u00f3s a manifesta\u00e7\u00e3o contra o aumento da passagem de \u00f4nibus no Centro do Rio, na noite desta quinta-feira, sendo dois estudantes e dois ambulantes que teriam aderido ao protesto que come\u00e7ou \u00e0s 18h na Candel\u00e1ria. Manifestantes fecharam a Avenida Presidente Vargas e quando o grupo [&hellip;]<\/p>\n","protected":false},"author":1,"featured_media":0,"comment_status":"open","ping_status":"open","sticky":false,"template":"","format":"standard","meta":{"footnotes":""},"categories":[6],"tags":[],"class_list":["post-697","post","type-post","status-publish","format-standard","hentry","category-noticias"],"yoast_head":"<!-- This site is optimized with the Yoast SEO plugin v25.9 - https:\/\/yoast.com\/wordpress\/plugins\/seo\/ -->\n<title>Quatro s\u00e3o detidos ap\u00f3s manifesta\u00e7\u00e3o no Centro do Rio - Not\u00edcias do Bairro Centro RJ<\/title>\n<meta name=\"robots\" content=\"index, follow, max-snippet:-1, max-image-preview:large, max-video-preview:-1\" \/>\n<link rel=\"canonical\" href=\"https:\/\/www.encontracentroriodejaneiro.com.br\/noticias\/quatro-sao-detidos-apos-manifestacao-no-centro-do-rio\/\" \/>\n<meta property=\"og:locale\" content=\"pt_BR\" \/>\n<meta property=\"og:type\" content=\"article\" \/>\n<meta property=\"og:title\" content=\"Quatro s\u00e3o detidos ap\u00f3s manifesta\u00e7\u00e3o no Centro do Rio - Not\u00edcias do Bairro Centro RJ\" \/>\n<meta property=\"og:description\" content=\"Quatro pessoas foram detidas na 4\u00aa DP (Pra\u00e7a da Rep\u00fablica) ap\u00f3s a manifesta\u00e7\u00e3o contra o aumento da passagem de \u00f4nibus no Centro do Rio, na noite desta quinta-feira, sendo dois estudantes e dois ambulantes que teriam aderido ao protesto que come\u00e7ou \u00e0s 18h na Candel\u00e1ria. Manifestantes fecharam a Avenida Presidente Vargas e quando o grupo [&hellip;]\" \/>\n<meta property=\"og:url\" content=\"https:\/\/www.encontracentroriodejaneiro.com.br\/noticias\/quatro-sao-detidos-apos-manifestacao-no-centro-do-rio\/\" \/>\n<meta property=\"og:site_name\" content=\"Not\u00edcias do Bairro Centro RJ\" \/>\n<meta property=\"article:published_time\" content=\"2013-06-07T12:41:48+00:00\" \/>\n<meta property=\"article:modified_time\" content=\"2013-08-15T16:18:41+00:00\" \/>\n<meta name=\"author\" content=\"Encontra Centro RJ\" \/>\n<meta name=\"twitter:card\" content=\"summary_large_image\" \/>\n<meta name=\"twitter:label1\" content=\"Escrito por\" \/>\n\t<meta name=\"twitter:data1\" content=\"Encontra Centro RJ\" \/>\n\t<meta name=\"twitter:label2\" content=\"Est. tempo de leitura\" \/>\n\t<meta name=\"twitter:data2\" content=\"2 minutos\" \/>\n<script type=\"application\/ld+json\" class=\"yoast-schema-graph\">{\"@context\":\"https:\/\/schema.org\",\"@graph\":[{\"@type\":\"WebPage\",\"@id\":\"https:\/\/www.encontracentroriodejaneiro.com.br\/noticias\/quatro-sao-detidos-apos-manifestacao-no-centro-do-rio\/\",\"url\":\"https:\/\/www.encontracentroriodejaneiro.com.br\/noticias\/quatro-sao-detidos-apos-manifestacao-no-centro-do-rio\/\",\"name\":\"Quatro s\u00e3o detidos ap\u00f3s manifesta\u00e7\u00e3o no Centro do Rio - Not\u00edcias do Bairro Centro RJ\",\"isPartOf\":{\"@id\":\"https:\/\/www.encontracentroriodejaneiro.com.br\/noticias\/#website\"},\"datePublished\":\"2013-06-07T12:41:48+00:00\",\"dateModified\":\"2013-08-15T16:18:41+00:00\",\"author\":{\"@id\":\"https:\/\/www.encontracentroriodejaneiro.com.br\/noticias\/#\/schema\/person\/d3a6c0305ffb5ffec8e9c6aefa0cbbce\"},\"breadcrumb\":{\"@id\":\"https:\/\/www.encontracentroriodejaneiro.com.br\/noticias\/quatro-sao-detidos-apos-manifestacao-no-centro-do-rio\/#breadcrumb\"},\"inLanguage\":\"pt-BR\",\"potentialAction\":[{\"@type\":\"ReadAction\",\"target\":[\"https:\/\/www.encontracentroriodejaneiro.com.br\/noticias\/quatro-sao-detidos-apos-manifestacao-no-centro-do-rio\/\"]}]},{\"@type\":\"BreadcrumbList\",\"@id\":\"https:\/\/www.encontracentroriodejaneiro.com.br\/noticias\/quatro-sao-detidos-apos-manifestacao-no-centro-do-rio\/#breadcrumb\",\"itemListElement\":[{\"@type\":\"ListItem\",\"position\":1,\"name\":\"In\u00edcio\",\"item\":\"https:\/\/www.encontracentroriodejaneiro.com.br\/noticias\/\"},{\"@type\":\"ListItem\",\"position\":2,\"name\":\"Quatro s\u00e3o detidos ap\u00f3s manifesta\u00e7\u00e3o no Centro do Rio\"}]},{\"@type\":\"WebSite\",\"@id\":\"https:\/\/www.encontracentroriodejaneiro.com.br\/noticias\/#website\",\"url\":\"https:\/\/www.encontracentroriodejaneiro.com.br\/noticias\/\",\"name\":\"Not\u00edcias do Bairro Centro RJ\",\"description\":\"Not\u00edcias, eventos, informa\u00e7\u00f5es e dicas no Bairro Centro RJ e regi\u00e3o\",\"potentialAction\":[{\"@type\":\"SearchAction\",\"target\":{\"@type\":\"EntryPoint\",\"urlTemplate\":\"https:\/\/www.encontracentroriodejaneiro.com.br\/noticias\/?s={search_term_string}\"},\"query-input\":{\"@type\":\"PropertyValueSpecification\",\"valueRequired\":true,\"valueName\":\"search_term_string\"}}],\"inLanguage\":\"pt-BR\"},{\"@type\":\"Person\",\"@id\":\"https:\/\/www.encontracentroriodejaneiro.com.br\/noticias\/#\/schema\/person\/d3a6c0305ffb5ffec8e9c6aefa0cbbce\",\"name\":\"Encontra Centro RJ\",\"image\":{\"@type\":\"ImageObject\",\"inLanguage\":\"pt-BR\",\"@id\":\"https:\/\/www.encontracentroriodejaneiro.com.br\/noticias\/#\/schema\/person\/image\/\",\"url\":\"https:\/\/secure.gravatar.com\/avatar\/507340682b8270222e1f208e23198b6ae7e2c6a1033ae84e99bc6bce4f82a387?s=96&d=mm&r=g\",\"contentUrl\":\"https:\/\/secure.gravatar.com\/avatar\/507340682b8270222e1f208e23198b6ae7e2c6a1033ae84e99bc6bce4f82a387?s=96&d=mm&r=g\",\"caption\":\"Encontra Centro RJ\"},\"sameAs\":[\"http:\/\/www.encontracentroriodejaneiro.com.br\"],\"url\":\"https:\/\/www.encontracentroriodejaneiro.com.br\/noticias\/author\/ecentroriodejaneiro\/\"}]}<\/script>\n<!-- \/ Yoast SEO plugin. -->","yoast_head_json":{"title":"Quatro s\u00e3o detidos ap\u00f3s manifesta\u00e7\u00e3o no Centro do Rio - Not\u00edcias do Bairro Centro RJ","robots":{"index":"index","follow":"follow","max-snippet":"max-snippet:-1","max-image-preview":"max-image-preview:large","max-video-preview":"max-video-preview:-1"},"canonical":"https:\/\/www.encontracentroriodejaneiro.com.br\/noticias\/quatro-sao-detidos-apos-manifestacao-no-centro-do-rio\/","og_locale":"pt_BR","og_type":"article","og_title":"Quatro s\u00e3o detidos ap\u00f3s manifesta\u00e7\u00e3o no Centro do Rio - Not\u00edcias do Bairro Centro RJ","og_description":"Quatro pessoas foram detidas na 4\u00aa DP (Pra\u00e7a da Rep\u00fablica) ap\u00f3s a manifesta\u00e7\u00e3o contra o aumento da passagem de \u00f4nibus no Centro do Rio, na noite desta quinta-feira, sendo dois estudantes e dois ambulantes que teriam aderido ao protesto que come\u00e7ou \u00e0s 18h na Candel\u00e1ria. Manifestantes fecharam a Avenida Presidente Vargas e quando o grupo [&hellip;]","og_url":"https:\/\/www.encontracentroriodejaneiro.com.br\/noticias\/quatro-sao-detidos-apos-manifestacao-no-centro-do-rio\/","og_site_name":"Not\u00edcias do Bairro Centro RJ","article_published_time":"2013-06-07T12:41:48+00:00","article_modified_time":"2013-08-15T16:18:41+00:00","author":"Encontra Centro RJ","twitter_card":"summary_large_image","twitter_misc":{"Escrito por":"Encontra Centro RJ","Est. tempo de leitura":"2 minutos"},"schema":{"@context":"https:\/\/schema.org","@graph":[{"@type":"WebPage","@id":"https:\/\/www.encontracentroriodejaneiro.com.br\/noticias\/quatro-sao-detidos-apos-manifestacao-no-centro-do-rio\/","url":"https:\/\/www.encontracentroriodejaneiro.com.br\/noticias\/quatro-sao-detidos-apos-manifestacao-no-centro-do-rio\/","name":"Quatro s\u00e3o detidos ap\u00f3s manifesta\u00e7\u00e3o no Centro do Rio - Not\u00edcias do Bairro Centro RJ","isPartOf":{"@id":"https:\/\/www.encontracentroriodejaneiro.com.br\/noticias\/#website"},"datePublished":"2013-06-07T12:41:48+00:00","dateModified":"2013-08-15T16:18:41+00:00","author":{"@id":"https:\/\/www.encontracentroriodejaneiro.com.br\/noticias\/#\/schema\/person\/d3a6c0305ffb5ffec8e9c6aefa0cbbce"},"breadcrumb":{"@id":"https:\/\/www.encontracentroriodejaneiro.com.br\/noticias\/quatro-sao-detidos-apos-manifestacao-no-centro-do-rio\/#breadcrumb"},"inLanguage":"pt-BR","potentialAction":[{"@type":"ReadAction","target":["https:\/\/www.encontracentroriodejaneiro.com.br\/noticias\/quatro-sao-detidos-apos-manifestacao-no-centro-do-rio\/"]}]},{"@type":"BreadcrumbList","@id":"https:\/\/www.encontracentroriodejaneiro.com.br\/noticias\/quatro-sao-detidos-apos-manifestacao-no-centro-do-rio\/#breadcrumb","itemListElement":[{"@type":"ListItem","position":1,"name":"In\u00edcio","item":"https:\/\/www.encontracentroriodejaneiro.com.br\/noticias\/"},{"@type":"ListItem","position":2,"name":"Quatro s\u00e3o detidos ap\u00f3s manifesta\u00e7\u00e3o no Centro do Rio"}]},{"@type":"WebSite","@id":"https:\/\/www.encontracentroriodejaneiro.com.br\/noticias\/#website","url":"https:\/\/www.encontracentroriodejaneiro.com.br\/noticias\/","name":"Not\u00edcias do Bairro Centro RJ","description":"Not\u00edcias, eventos, informa\u00e7\u00f5es e dicas no Bairro Centro RJ e regi\u00e3o","potentialAction":[{"@type":"SearchAction","target":{"@type":"EntryPoint","urlTemplate":"https:\/\/www.encontracentroriodejaneiro.com.br\/noticias\/?s={search_term_string}"},"query-input":{"@type":"PropertyValueSpecification","valueRequired":true,"valueName":"search_term_string"}}],"inLanguage":"pt-BR"},{"@type":"Person","@id":"https:\/\/www.encontracentroriodejaneiro.com.br\/noticias\/#\/schema\/person\/d3a6c0305ffb5ffec8e9c6aefa0cbbce","name":"Encontra Centro RJ","image":{"@type":"ImageObject","inLanguage":"pt-BR","@id":"https:\/\/www.encontracentroriodejaneiro.com.br\/noticias\/#\/schema\/person\/image\/","url":"https:\/\/secure.gravatar.com\/avatar\/507340682b8270222e1f208e23198b6ae7e2c6a1033ae84e99bc6bce4f82a387?s=96&d=mm&r=g","contentUrl":"https:\/\/secure.gravatar.com\/avatar\/507340682b8270222e1f208e23198b6ae7e2c6a1033ae84e99bc6bce4f82a387?s=96&d=mm&r=g","caption":"Encontra Centro RJ"},"sameAs":["http:\/\/www.encontracentroriodejaneiro.com.br"],"url":"https:\/\/www.encontracentroriodejaneiro.com.br\/noticias\/author\/ecentroriodejaneiro\/"}]}},"_links":{"self":[{"href":"https:\/\/www.encontracentroriodejaneiro.com.br\/noticias\/wp-json\/wp\/v2\/posts\/697","targetHints":{"allow":["GET"]}}],"collection":[{"href":"https:\/\/www.encontracentroriodejaneiro.com.br\/noticias\/wp-json\/wp\/v2\/posts"}],"about":[{"href":"https:\/\/www.encontracentroriodejaneiro.com.br\/noticias\/wp-json\/wp\/v2\/types\/post"}],"author":[{"embeddable":true,"href":"https:\/\/www.encontracentroriodejaneiro.com.br\/noticias\/wp-json\/wp\/v2\/users\/1"}],"replies":[{"embeddable":true,"href":"https:\/\/www.encontracentroriodejaneiro.com.br\/noticias\/wp-json\/wp\/v2\/comments?post=697"}],"version-history":[{"count":3,"href":"https:\/\/www.encontracentroriodejaneiro.com.br\/noticias\/wp-json\/wp\/v2\/posts\/697\/revisions"}],"predecessor-version":[{"id":1235,"href":"https:\/\/www.encontracentroriodejaneiro.com.br\/noticias\/wp-json\/wp\/v2\/posts\/697\/revisions\/1235"}],"wp:attachment":[{"href":"https:\/\/www.encontracentroriodejaneiro.com.br\/noticias\/wp-json\/wp\/v2\/media?parent=697"}],"wp:term":[{"taxonomy":"category","embeddable":true,"href":"https:\/\/www.encontracentroriodejaneiro.com.br\/noticias\/wp-json\/wp\/v2\/categories?post=697"},{"taxonomy":"post_tag","embeddable":true,"href":"https:\/\/www.encontracentroriodejaneiro.com.br\/noticias\/wp-json\/wp\/v2\/tags?post=697"}],"curies":[{"name":"wp","href":"https:\/\/api.w.org\/{rel}","templated":true}]}}