{"id":701,"date":"2013-06-11T00:51:02","date_gmt":"2013-06-11T02:51:02","guid":{"rendered":"http:\/\/www.encontracentroriodejaneiro.com.br\/noticias\/?p=701"},"modified":"2013-08-15T14:18:41","modified_gmt":"2013-08-15T16:18:41","slug":"trinta-pessoas-sao-detidas-em-ato-contra-aumento-de-tarifa-no-centro-do-rio","status":"publish","type":"post","link":"https:\/\/www.encontracentroriodejaneiro.com.br\/noticias\/trinta-pessoas-sao-detidas-em-ato-contra-aumento-de-tarifa-no-centro-do-rio\/","title":{"rendered":"Trinta pessoas s\u00e3o detidas em ato contra aumento de tarifa no Centro do Rio"},"content":{"rendered":"<p>Trinta pessoas foram detidas na noite desta segunda-feira durante um protesto contra o aumento das passagens de \u00f4nibus no Centro do Rio de Janeiro que terminou em confronto com a pol\u00edcia na regi\u00e3o central do RJ. As passagens de \u00f4nibus aumentaram de R$ 2,75 para R$ 2,95 no in\u00edcio do m\u00eas.<\/p>\n<p>A manifesta\u00e7\u00e3o come\u00e7ou a tomar forma pouco antes das 18h, quando um grupo come\u00e7ou a se concentrar na Cinel\u00e2ndia, pr\u00f3xima a um dos extremos da avenida. Do outro lado, outro grupo se concentrava na altura da Central do Brasil. A inten\u00e7\u00e3o era reunir as duas turmas de manifestantes na Candel\u00e1ria.<\/p>\n<p>Quando o primeiro grupo chegou perto do F\u00f3rum, policiais da tropa de choque chegaram, e houve a primeira confus\u00e3o. Os PMs jogaram g\u00e1s de pimenta. Os manifestantes correram, espalhando sacos de lixo pelas ruas. Em alguns pontos, atearam fogo.<\/p>\n<p>Na outra ponta, quando o grupo que vinha da Central do Brasil se aproximou do pr\u00e9dio-sede do Banco Central, parte dos manifestantes come\u00e7ou a atirar pedras nas vidra\u00e7as, quebrando algumas. O pr\u00e9dio da Embratel, logo ao lado, tamb\u00e9m foi atingido.<\/p>\n<p>Houve correria. Apavoradas, pessoas que deixavam o trabalho tentavam se abrigar em lojas e restaurantes, que fechavam as portas. Para conter os manifestantes, a pol\u00edcia come\u00e7ou a lan\u00e7ar bombas de efeito moral.<\/p>\n<p>&#8220;Quando a pol\u00edcia chegou alguns manifestantes jogavam pedras para todos os lados. Depois correram para o Saara. Tinha de tudo: sem-teto, estudantes, gente reclamando do pre\u00e7o das passagens&#8230; Agora vou esperar um pouco, para ver se acabou mesmo e se eu posso ir para casa em seguran\u00e7a&#8221;, disse o aposentado Antonio de Souza, 67.<\/p>\n<p>Os trinta detidos foram levados para a 5\u00aa Delegacia Policial, no Centro, onde iriam prestar depoimento.<\/p>\n<p><em>Fonte: Folha de S. Paulo<\/em><\/p>\n","protected":false},"excerpt":{"rendered":"<p>Trinta pessoas foram detidas na noite desta segunda-feira durante um protesto contra o aumento das passagens de \u00f4nibus no Centro do Rio de Janeiro que terminou em confronto com a pol\u00edcia na regi\u00e3o central do RJ. As passagens de \u00f4nibus aumentaram de R$ 2,75 para R$ 2,95 no in\u00edcio do m\u00eas. A manifesta\u00e7\u00e3o come\u00e7ou a [&hellip;]<\/p>\n","protected":false},"author":1,"featured_media":0,"comment_status":"open","ping_status":"open","sticky":false,"template":"","format":"standard","meta":{"footnotes":""},"categories":[6],"tags":[],"class_list":["post-701","post","type-post","status-publish","format-standard","hentry","category-noticias"],"yoast_head":"<!-- This site is optimized with the Yoast SEO plugin v25.9 - https:\/\/yoast.com\/wordpress\/plugins\/seo\/ -->\n<title>Trinta pessoas s\u00e3o detidas em ato contra aumento de tarifa no Centro do Rio - Not\u00edcias do Bairro Centro RJ<\/title>\n<meta name=\"robots\" content=\"index, follow, max-snippet:-1, max-image-preview:large, max-video-preview:-1\" \/>\n<link rel=\"canonical\" href=\"https:\/\/www.encontracentroriodejaneiro.com.br\/noticias\/trinta-pessoas-sao-detidas-em-ato-contra-aumento-de-tarifa-no-centro-do-rio\/\" \/>\n<meta property=\"og:locale\" content=\"pt_BR\" \/>\n<meta property=\"og:type\" content=\"article\" \/>\n<meta property=\"og:title\" content=\"Trinta pessoas s\u00e3o detidas em ato contra aumento de tarifa no Centro do Rio - Not\u00edcias do Bairro Centro RJ\" \/>\n<meta property=\"og:description\" content=\"Trinta pessoas foram detidas na noite desta segunda-feira durante um protesto contra o aumento das passagens de \u00f4nibus no Centro do Rio de Janeiro que terminou em confronto com a pol\u00edcia na regi\u00e3o central do RJ. As passagens de \u00f4nibus aumentaram de R$ 2,75 para R$ 2,95 no in\u00edcio do m\u00eas. A manifesta\u00e7\u00e3o come\u00e7ou a [&hellip;]\" \/>\n<meta property=\"og:url\" content=\"https:\/\/www.encontracentroriodejaneiro.com.br\/noticias\/trinta-pessoas-sao-detidas-em-ato-contra-aumento-de-tarifa-no-centro-do-rio\/\" \/>\n<meta property=\"og:site_name\" content=\"Not\u00edcias do Bairro Centro RJ\" \/>\n<meta property=\"article:published_time\" content=\"2013-06-11T02:51:02+00:00\" \/>\n<meta property=\"article:modified_time\" content=\"2013-08-15T16:18:41+00:00\" \/>\n<meta name=\"author\" content=\"Encontra Centro RJ\" \/>\n<meta name=\"twitter:card\" content=\"summary_large_image\" \/>\n<meta name=\"twitter:label1\" content=\"Escrito por\" \/>\n\t<meta name=\"twitter:data1\" content=\"Encontra Centro RJ\" \/>\n\t<meta name=\"twitter:label2\" content=\"Est. tempo de leitura\" \/>\n\t<meta name=\"twitter:data2\" content=\"2 minutos\" \/>\n<script type=\"application\/ld+json\" class=\"yoast-schema-graph\">{\"@context\":\"https:\/\/schema.org\",\"@graph\":[{\"@type\":\"WebPage\",\"@id\":\"https:\/\/www.encontracentroriodejaneiro.com.br\/noticias\/trinta-pessoas-sao-detidas-em-ato-contra-aumento-de-tarifa-no-centro-do-rio\/\",\"url\":\"https:\/\/www.encontracentroriodejaneiro.com.br\/noticias\/trinta-pessoas-sao-detidas-em-ato-contra-aumento-de-tarifa-no-centro-do-rio\/\",\"name\":\"Trinta pessoas s\u00e3o detidas em ato contra aumento de tarifa no Centro do Rio - Not\u00edcias do Bairro Centro RJ\",\"isPartOf\":{\"@id\":\"https:\/\/www.encontracentroriodejaneiro.com.br\/noticias\/#website\"},\"datePublished\":\"2013-06-11T02:51:02+00:00\",\"dateModified\":\"2013-08-15T16:18:41+00:00\",\"author\":{\"@id\":\"https:\/\/www.encontracentroriodejaneiro.com.br\/noticias\/#\/schema\/person\/d3a6c0305ffb5ffec8e9c6aefa0cbbce\"},\"breadcrumb\":{\"@id\":\"https:\/\/www.encontracentroriodejaneiro.com.br\/noticias\/trinta-pessoas-sao-detidas-em-ato-contra-aumento-de-tarifa-no-centro-do-rio\/#breadcrumb\"},\"inLanguage\":\"pt-BR\",\"potentialAction\":[{\"@type\":\"ReadAction\",\"target\":[\"https:\/\/www.encontracentroriodejaneiro.com.br\/noticias\/trinta-pessoas-sao-detidas-em-ato-contra-aumento-de-tarifa-no-centro-do-rio\/\"]}]},{\"@type\":\"BreadcrumbList\",\"@id\":\"https:\/\/www.encontracentroriodejaneiro.com.br\/noticias\/trinta-pessoas-sao-detidas-em-ato-contra-aumento-de-tarifa-no-centro-do-rio\/#breadcrumb\",\"itemListElement\":[{\"@type\":\"ListItem\",\"position\":1,\"name\":\"In\u00edcio\",\"item\":\"https:\/\/www.encontracentroriodejaneiro.com.br\/noticias\/\"},{\"@type\":\"ListItem\",\"position\":2,\"name\":\"Trinta pessoas s\u00e3o detidas em ato contra aumento de tarifa no Centro do Rio\"}]},{\"@type\":\"WebSite\",\"@id\":\"https:\/\/www.encontracentroriodejaneiro.com.br\/noticias\/#website\",\"url\":\"https:\/\/www.encontracentroriodejaneiro.com.br\/noticias\/\",\"name\":\"Not\u00edcias do Bairro Centro RJ\",\"description\":\"Not\u00edcias, eventos, informa\u00e7\u00f5es e dicas no Bairro Centro RJ e regi\u00e3o\",\"potentialAction\":[{\"@type\":\"SearchAction\",\"target\":{\"@type\":\"EntryPoint\",\"urlTemplate\":\"https:\/\/www.encontracentroriodejaneiro.com.br\/noticias\/?s={search_term_string}\"},\"query-input\":{\"@type\":\"PropertyValueSpecification\",\"valueRequired\":true,\"valueName\":\"search_term_string\"}}],\"inLanguage\":\"pt-BR\"},{\"@type\":\"Person\",\"@id\":\"https:\/\/www.encontracentroriodejaneiro.com.br\/noticias\/#\/schema\/person\/d3a6c0305ffb5ffec8e9c6aefa0cbbce\",\"name\":\"Encontra Centro RJ\",\"image\":{\"@type\":\"ImageObject\",\"inLanguage\":\"pt-BR\",\"@id\":\"https:\/\/www.encontracentroriodejaneiro.com.br\/noticias\/#\/schema\/person\/image\/\",\"url\":\"https:\/\/secure.gravatar.com\/avatar\/507340682b8270222e1f208e23198b6ae7e2c6a1033ae84e99bc6bce4f82a387?s=96&d=mm&r=g\",\"contentUrl\":\"https:\/\/secure.gravatar.com\/avatar\/507340682b8270222e1f208e23198b6ae7e2c6a1033ae84e99bc6bce4f82a387?s=96&d=mm&r=g\",\"caption\":\"Encontra Centro RJ\"},\"sameAs\":[\"http:\/\/www.encontracentroriodejaneiro.com.br\"],\"url\":\"https:\/\/www.encontracentroriodejaneiro.com.br\/noticias\/author\/ecentroriodejaneiro\/\"}]}<\/script>\n<!-- \/ Yoast SEO plugin. -->","yoast_head_json":{"title":"Trinta pessoas s\u00e3o detidas em ato contra aumento de tarifa no Centro do Rio - Not\u00edcias do Bairro Centro RJ","robots":{"index":"index","follow":"follow","max-snippet":"max-snippet:-1","max-image-preview":"max-image-preview:large","max-video-preview":"max-video-preview:-1"},"canonical":"https:\/\/www.encontracentroriodejaneiro.com.br\/noticias\/trinta-pessoas-sao-detidas-em-ato-contra-aumento-de-tarifa-no-centro-do-rio\/","og_locale":"pt_BR","og_type":"article","og_title":"Trinta pessoas s\u00e3o detidas em ato contra aumento de tarifa no Centro do Rio - Not\u00edcias do Bairro Centro RJ","og_description":"Trinta pessoas foram detidas na noite desta segunda-feira durante um protesto contra o aumento das passagens de \u00f4nibus no Centro do Rio de Janeiro que terminou em confronto com a pol\u00edcia na regi\u00e3o central do RJ. As passagens de \u00f4nibus aumentaram de R$ 2,75 para R$ 2,95 no in\u00edcio do m\u00eas. A manifesta\u00e7\u00e3o come\u00e7ou a [&hellip;]","og_url":"https:\/\/www.encontracentroriodejaneiro.com.br\/noticias\/trinta-pessoas-sao-detidas-em-ato-contra-aumento-de-tarifa-no-centro-do-rio\/","og_site_name":"Not\u00edcias do Bairro Centro RJ","article_published_time":"2013-06-11T02:51:02+00:00","article_modified_time":"2013-08-15T16:18:41+00:00","author":"Encontra Centro RJ","twitter_card":"summary_large_image","twitter_misc":{"Escrito por":"Encontra Centro RJ","Est. tempo de leitura":"2 minutos"},"schema":{"@context":"https:\/\/schema.org","@graph":[{"@type":"WebPage","@id":"https:\/\/www.encontracentroriodejaneiro.com.br\/noticias\/trinta-pessoas-sao-detidas-em-ato-contra-aumento-de-tarifa-no-centro-do-rio\/","url":"https:\/\/www.encontracentroriodejaneiro.com.br\/noticias\/trinta-pessoas-sao-detidas-em-ato-contra-aumento-de-tarifa-no-centro-do-rio\/","name":"Trinta pessoas s\u00e3o detidas em ato contra aumento de tarifa no Centro do Rio - Not\u00edcias do Bairro Centro RJ","isPartOf":{"@id":"https:\/\/www.encontracentroriodejaneiro.com.br\/noticias\/#website"},"datePublished":"2013-06-11T02:51:02+00:00","dateModified":"2013-08-15T16:18:41+00:00","author":{"@id":"https:\/\/www.encontracentroriodejaneiro.com.br\/noticias\/#\/schema\/person\/d3a6c0305ffb5ffec8e9c6aefa0cbbce"},"breadcrumb":{"@id":"https:\/\/www.encontracentroriodejaneiro.com.br\/noticias\/trinta-pessoas-sao-detidas-em-ato-contra-aumento-de-tarifa-no-centro-do-rio\/#breadcrumb"},"inLanguage":"pt-BR","potentialAction":[{"@type":"ReadAction","target":["https:\/\/www.encontracentroriodejaneiro.com.br\/noticias\/trinta-pessoas-sao-detidas-em-ato-contra-aumento-de-tarifa-no-centro-do-rio\/"]}]},{"@type":"BreadcrumbList","@id":"https:\/\/www.encontracentroriodejaneiro.com.br\/noticias\/trinta-pessoas-sao-detidas-em-ato-contra-aumento-de-tarifa-no-centro-do-rio\/#breadcrumb","itemListElement":[{"@type":"ListItem","position":1,"name":"In\u00edcio","item":"https:\/\/www.encontracentroriodejaneiro.com.br\/noticias\/"},{"@type":"ListItem","position":2,"name":"Trinta pessoas s\u00e3o detidas em ato contra aumento de tarifa no Centro do Rio"}]},{"@type":"WebSite","@id":"https:\/\/www.encontracentroriodejaneiro.com.br\/noticias\/#website","url":"https:\/\/www.encontracentroriodejaneiro.com.br\/noticias\/","name":"Not\u00edcias do Bairro Centro RJ","description":"Not\u00edcias, eventos, informa\u00e7\u00f5es e dicas no Bairro Centro RJ e regi\u00e3o","potentialAction":[{"@type":"SearchAction","target":{"@type":"EntryPoint","urlTemplate":"https:\/\/www.encontracentroriodejaneiro.com.br\/noticias\/?s={search_term_string}"},"query-input":{"@type":"PropertyValueSpecification","valueRequired":true,"valueName":"search_term_string"}}],"inLanguage":"pt-BR"},{"@type":"Person","@id":"https:\/\/www.encontracentroriodejaneiro.com.br\/noticias\/#\/schema\/person\/d3a6c0305ffb5ffec8e9c6aefa0cbbce","name":"Encontra Centro RJ","image":{"@type":"ImageObject","inLanguage":"pt-BR","@id":"https:\/\/www.encontracentroriodejaneiro.com.br\/noticias\/#\/schema\/person\/image\/","url":"https:\/\/secure.gravatar.com\/avatar\/507340682b8270222e1f208e23198b6ae7e2c6a1033ae84e99bc6bce4f82a387?s=96&d=mm&r=g","contentUrl":"https:\/\/secure.gravatar.com\/avatar\/507340682b8270222e1f208e23198b6ae7e2c6a1033ae84e99bc6bce4f82a387?s=96&d=mm&r=g","caption":"Encontra Centro RJ"},"sameAs":["http:\/\/www.encontracentroriodejaneiro.com.br"],"url":"https:\/\/www.encontracentroriodejaneiro.com.br\/noticias\/author\/ecentroriodejaneiro\/"}]}},"_links":{"self":[{"href":"https:\/\/www.encontracentroriodejaneiro.com.br\/noticias\/wp-json\/wp\/v2\/posts\/701","targetHints":{"allow":["GET"]}}],"collection":[{"href":"https:\/\/www.encontracentroriodejaneiro.com.br\/noticias\/wp-json\/wp\/v2\/posts"}],"about":[{"href":"https:\/\/www.encontracentroriodejaneiro.com.br\/noticias\/wp-json\/wp\/v2\/types\/post"}],"author":[{"embeddable":true,"href":"https:\/\/www.encontracentroriodejaneiro.com.br\/noticias\/wp-json\/wp\/v2\/users\/1"}],"replies":[{"embeddable":true,"href":"https:\/\/www.encontracentroriodejaneiro.com.br\/noticias\/wp-json\/wp\/v2\/comments?post=701"}],"version-history":[{"count":5,"href":"https:\/\/www.encontracentroriodejaneiro.com.br\/noticias\/wp-json\/wp\/v2\/posts\/701\/revisions"}],"predecessor-version":[{"id":1236,"href":"https:\/\/www.encontracentroriodejaneiro.com.br\/noticias\/wp-json\/wp\/v2\/posts\/701\/revisions\/1236"}],"wp:attachment":[{"href":"https:\/\/www.encontracentroriodejaneiro.com.br\/noticias\/wp-json\/wp\/v2\/media?parent=701"}],"wp:term":[{"taxonomy":"category","embeddable":true,"href":"https:\/\/www.encontracentroriodejaneiro.com.br\/noticias\/wp-json\/wp\/v2\/categories?post=701"},{"taxonomy":"post_tag","embeddable":true,"href":"https:\/\/www.encontracentroriodejaneiro.com.br\/noticias\/wp-json\/wp\/v2\/tags?post=701"}],"curies":[{"name":"wp","href":"https:\/\/api.w.org\/{rel}","templated":true}]}}