{"id":708,"date":"2013-06-12T16:35:19","date_gmt":"2013-06-12T18:35:19","guid":{"rendered":"http:\/\/www.encontracentroriodejaneiro.com.br\/noticias\/?p=708"},"modified":"2013-06-12T16:35:19","modified_gmt":"2013-06-12T18:35:19","slug":"smte-centro-rj-oferece-123-vagas-para-pessoas-com-deficiencia","status":"publish","type":"post","link":"https:\/\/www.encontracentroriodejaneiro.com.br\/noticias\/smte-centro-rj-oferece-123-vagas-para-pessoas-com-deficiencia\/","title":{"rendered":"SMTE Centro RJ oferece 123 vagas para pessoas com defici\u00eancia"},"content":{"rendered":"<p>Empresas comerciais e industriais no Rio, por interm\u00e9dio da Secretaria Municipal de Trabalho e Emprego, est\u00e3o oferecendo 123 vagas de empregos a pessoas com defici\u00eancia, de acordo com seu grau de escolaridades.<\/p>\n<p>O Di\u00e1rio Oficial do Munic\u00edpio desta ter\u00e7a-feira (11\/06) lista novas oportunidades de trabalho.<\/p>\n<p><strong>Ensino Fundamental Incompleto<\/strong> \u2013 11 vagas para auxiliar de limpeza, duas para operador de vendas, sete para empacotador, duas para ascensorista e quatro para pedreiro.<\/p>\n<p><strong>Ensino Fundamental Completo <\/strong>\u2013 cinco vagas para estoquista, tr\u00eas para ajudante de cozinha, dez para lavador de ve\u00edculos, 17 para auxiliar administrativo e de escrit\u00f3rio, quatro para auxiliar de cozinha, uma para vigia, oito para auxiliar de estoque, duas para operador de vendas, dez para operador de supermercados, nove para ajudante de obras, uma para porteiro, quatro para auxiliar de sushiman, quatro para copeiro e uma para eletricista.<\/p>\n<p><strong>Ensino M\u00e9dio Incompleto<\/strong> \u2013 duas vagas para operador de telemarketing receptivo.<\/p>\n<p><strong>Ensino M\u00e9dio Completo <\/strong>\u2013 uma vaga para recepcionista atendente, duas para operador de telemarketing ativo, quatro para auxiliar de dep\u00f3sito, sete para arquivista de documentos e uma para analista de suporte t\u00e9cnico.<\/p>\n<p><strong>Ensino Superior Completo<\/strong> \u2013 uma vaga para analista cont\u00e1bil.<\/p>\n<p>As inscri\u00e7\u00f5es podem ser feitas de segunda a sexta-feira, das 8h \u00e0s 17h, no Ciad Mestre Candeia, que fica na Avenida Presidente Vargas, 1.997. Os candidatos devem levar documento de identidade, CPF, carteira profissional e PIS.<\/p>\n<p><strong>Confira os endere\u00e7os:<\/strong><\/p>\n<p>Tijuca: rua Camaragibe, 25<br \/>\nJacarepagu\u00e1: Estrada do Guerengu\u00ea, 1.630<br \/>\nCampo Grande: rua Barcelos Domingos, 162<br \/>\nIlha do Governador: Estrada do Dend\u00ea, 2.080<br \/>\nM\u00e9ier: Rua Vinte e Quatro de Maio, 931<br \/>\nRegi\u00e3o portu\u00e1ria: rua da Am\u00e9rica, 81, Santo Cristo, morro da Provid\u00eancia<br \/>\nCentro RJ : avenida Presidente Vargas, 1997<\/p>\n<p><em>Fonte: Prefeitura do Rio<\/em><\/p>\n","protected":false},"excerpt":{"rendered":"<p>Empresas comerciais e industriais no Rio, por interm\u00e9dio da Secretaria Municipal de Trabalho e Emprego, est\u00e3o oferecendo 123 vagas de empregos a pessoas com defici\u00eancia, de acordo com seu grau de escolaridades. O Di\u00e1rio Oficial do Munic\u00edpio desta ter\u00e7a-feira (11\/06) lista novas oportunidades de trabalho. Ensino Fundamental Incompleto \u2013 11 vagas para auxiliar de limpeza, [&hellip;]<\/p>\n","protected":false},"author":1,"featured_media":0,"comment_status":"open","ping_status":"open","sticky":false,"template":"","format":"standard","meta":{"footnotes":""},"categories":[6],"tags":[],"class_list":["post-708","post","type-post","status-publish","format-standard","hentry","category-noticias"],"yoast_head":"<!-- This site is optimized with the Yoast SEO plugin v25.9 - https:\/\/yoast.com\/wordpress\/plugins\/seo\/ -->\n<title>SMTE Centro RJ oferece 123 vagas para pessoas com defici\u00eancia - Not\u00edcias do Bairro Centro RJ<\/title>\n<meta name=\"robots\" content=\"index, follow, max-snippet:-1, max-image-preview:large, max-video-preview:-1\" \/>\n<link rel=\"canonical\" href=\"https:\/\/www.encontracentroriodejaneiro.com.br\/noticias\/smte-centro-rj-oferece-123-vagas-para-pessoas-com-deficiencia\/\" \/>\n<meta property=\"og:locale\" content=\"pt_BR\" \/>\n<meta property=\"og:type\" content=\"article\" \/>\n<meta property=\"og:title\" content=\"SMTE Centro RJ oferece 123 vagas para pessoas com defici\u00eancia - Not\u00edcias do Bairro Centro RJ\" \/>\n<meta property=\"og:description\" content=\"Empresas comerciais e industriais no Rio, por interm\u00e9dio da Secretaria Municipal de Trabalho e Emprego, est\u00e3o oferecendo 123 vagas de empregos a pessoas com defici\u00eancia, de acordo com seu grau de escolaridades. O Di\u00e1rio Oficial do Munic\u00edpio desta ter\u00e7a-feira (11\/06) lista novas oportunidades de trabalho. Ensino Fundamental Incompleto \u2013 11 vagas para auxiliar de limpeza, [&hellip;]\" \/>\n<meta property=\"og:url\" content=\"https:\/\/www.encontracentroriodejaneiro.com.br\/noticias\/smte-centro-rj-oferece-123-vagas-para-pessoas-com-deficiencia\/\" \/>\n<meta property=\"og:site_name\" content=\"Not\u00edcias do Bairro Centro RJ\" \/>\n<meta property=\"article:published_time\" content=\"2013-06-12T18:35:19+00:00\" \/>\n<meta name=\"author\" content=\"Encontra Centro RJ\" \/>\n<meta name=\"twitter:card\" content=\"summary_large_image\" \/>\n<meta name=\"twitter:label1\" content=\"Escrito por\" \/>\n\t<meta name=\"twitter:data1\" content=\"Encontra Centro RJ\" \/>\n\t<meta name=\"twitter:label2\" content=\"Est. tempo de leitura\" \/>\n\t<meta name=\"twitter:data2\" content=\"1 minuto\" \/>\n<script type=\"application\/ld+json\" class=\"yoast-schema-graph\">{\"@context\":\"https:\/\/schema.org\",\"@graph\":[{\"@type\":\"WebPage\",\"@id\":\"https:\/\/www.encontracentroriodejaneiro.com.br\/noticias\/smte-centro-rj-oferece-123-vagas-para-pessoas-com-deficiencia\/\",\"url\":\"https:\/\/www.encontracentroriodejaneiro.com.br\/noticias\/smte-centro-rj-oferece-123-vagas-para-pessoas-com-deficiencia\/\",\"name\":\"SMTE Centro RJ oferece 123 vagas para pessoas com defici\u00eancia - Not\u00edcias do Bairro Centro RJ\",\"isPartOf\":{\"@id\":\"https:\/\/www.encontracentroriodejaneiro.com.br\/noticias\/#website\"},\"datePublished\":\"2013-06-12T18:35:19+00:00\",\"author\":{\"@id\":\"https:\/\/www.encontracentroriodejaneiro.com.br\/noticias\/#\/schema\/person\/d3a6c0305ffb5ffec8e9c6aefa0cbbce\"},\"breadcrumb\":{\"@id\":\"https:\/\/www.encontracentroriodejaneiro.com.br\/noticias\/smte-centro-rj-oferece-123-vagas-para-pessoas-com-deficiencia\/#breadcrumb\"},\"inLanguage\":\"pt-BR\",\"potentialAction\":[{\"@type\":\"ReadAction\",\"target\":[\"https:\/\/www.encontracentroriodejaneiro.com.br\/noticias\/smte-centro-rj-oferece-123-vagas-para-pessoas-com-deficiencia\/\"]}]},{\"@type\":\"BreadcrumbList\",\"@id\":\"https:\/\/www.encontracentroriodejaneiro.com.br\/noticias\/smte-centro-rj-oferece-123-vagas-para-pessoas-com-deficiencia\/#breadcrumb\",\"itemListElement\":[{\"@type\":\"ListItem\",\"position\":1,\"name\":\"In\u00edcio\",\"item\":\"https:\/\/www.encontracentroriodejaneiro.com.br\/noticias\/\"},{\"@type\":\"ListItem\",\"position\":2,\"name\":\"SMTE Centro RJ oferece 123 vagas para pessoas com defici\u00eancia\"}]},{\"@type\":\"WebSite\",\"@id\":\"https:\/\/www.encontracentroriodejaneiro.com.br\/noticias\/#website\",\"url\":\"https:\/\/www.encontracentroriodejaneiro.com.br\/noticias\/\",\"name\":\"Not\u00edcias do Bairro Centro RJ\",\"description\":\"Not\u00edcias, eventos, informa\u00e7\u00f5es e dicas no Bairro Centro RJ e regi\u00e3o\",\"potentialAction\":[{\"@type\":\"SearchAction\",\"target\":{\"@type\":\"EntryPoint\",\"urlTemplate\":\"https:\/\/www.encontracentroriodejaneiro.com.br\/noticias\/?s={search_term_string}\"},\"query-input\":{\"@type\":\"PropertyValueSpecification\",\"valueRequired\":true,\"valueName\":\"search_term_string\"}}],\"inLanguage\":\"pt-BR\"},{\"@type\":\"Person\",\"@id\":\"https:\/\/www.encontracentroriodejaneiro.com.br\/noticias\/#\/schema\/person\/d3a6c0305ffb5ffec8e9c6aefa0cbbce\",\"name\":\"Encontra Centro RJ\",\"image\":{\"@type\":\"ImageObject\",\"inLanguage\":\"pt-BR\",\"@id\":\"https:\/\/www.encontracentroriodejaneiro.com.br\/noticias\/#\/schema\/person\/image\/\",\"url\":\"https:\/\/secure.gravatar.com\/avatar\/507340682b8270222e1f208e23198b6ae7e2c6a1033ae84e99bc6bce4f82a387?s=96&d=mm&r=g\",\"contentUrl\":\"https:\/\/secure.gravatar.com\/avatar\/507340682b8270222e1f208e23198b6ae7e2c6a1033ae84e99bc6bce4f82a387?s=96&d=mm&r=g\",\"caption\":\"Encontra Centro RJ\"},\"sameAs\":[\"http:\/\/www.encontracentroriodejaneiro.com.br\"],\"url\":\"https:\/\/www.encontracentroriodejaneiro.com.br\/noticias\/author\/ecentroriodejaneiro\/\"}]}<\/script>\n<!-- \/ Yoast SEO plugin. -->","yoast_head_json":{"title":"SMTE Centro RJ oferece 123 vagas para pessoas com defici\u00eancia - Not\u00edcias do Bairro Centro RJ","robots":{"index":"index","follow":"follow","max-snippet":"max-snippet:-1","max-image-preview":"max-image-preview:large","max-video-preview":"max-video-preview:-1"},"canonical":"https:\/\/www.encontracentroriodejaneiro.com.br\/noticias\/smte-centro-rj-oferece-123-vagas-para-pessoas-com-deficiencia\/","og_locale":"pt_BR","og_type":"article","og_title":"SMTE Centro RJ oferece 123 vagas para pessoas com defici\u00eancia - Not\u00edcias do Bairro Centro RJ","og_description":"Empresas comerciais e industriais no Rio, por interm\u00e9dio da Secretaria Municipal de Trabalho e Emprego, est\u00e3o oferecendo 123 vagas de empregos a pessoas com defici\u00eancia, de acordo com seu grau de escolaridades. O Di\u00e1rio Oficial do Munic\u00edpio desta ter\u00e7a-feira (11\/06) lista novas oportunidades de trabalho. Ensino Fundamental Incompleto \u2013 11 vagas para auxiliar de limpeza, [&hellip;]","og_url":"https:\/\/www.encontracentroriodejaneiro.com.br\/noticias\/smte-centro-rj-oferece-123-vagas-para-pessoas-com-deficiencia\/","og_site_name":"Not\u00edcias do Bairro Centro RJ","article_published_time":"2013-06-12T18:35:19+00:00","author":"Encontra Centro RJ","twitter_card":"summary_large_image","twitter_misc":{"Escrito por":"Encontra Centro RJ","Est. tempo de leitura":"1 minuto"},"schema":{"@context":"https:\/\/schema.org","@graph":[{"@type":"WebPage","@id":"https:\/\/www.encontracentroriodejaneiro.com.br\/noticias\/smte-centro-rj-oferece-123-vagas-para-pessoas-com-deficiencia\/","url":"https:\/\/www.encontracentroriodejaneiro.com.br\/noticias\/smte-centro-rj-oferece-123-vagas-para-pessoas-com-deficiencia\/","name":"SMTE Centro RJ oferece 123 vagas para pessoas com defici\u00eancia - Not\u00edcias do Bairro Centro RJ","isPartOf":{"@id":"https:\/\/www.encontracentroriodejaneiro.com.br\/noticias\/#website"},"datePublished":"2013-06-12T18:35:19+00:00","author":{"@id":"https:\/\/www.encontracentroriodejaneiro.com.br\/noticias\/#\/schema\/person\/d3a6c0305ffb5ffec8e9c6aefa0cbbce"},"breadcrumb":{"@id":"https:\/\/www.encontracentroriodejaneiro.com.br\/noticias\/smte-centro-rj-oferece-123-vagas-para-pessoas-com-deficiencia\/#breadcrumb"},"inLanguage":"pt-BR","potentialAction":[{"@type":"ReadAction","target":["https:\/\/www.encontracentroriodejaneiro.com.br\/noticias\/smte-centro-rj-oferece-123-vagas-para-pessoas-com-deficiencia\/"]}]},{"@type":"BreadcrumbList","@id":"https:\/\/www.encontracentroriodejaneiro.com.br\/noticias\/smte-centro-rj-oferece-123-vagas-para-pessoas-com-deficiencia\/#breadcrumb","itemListElement":[{"@type":"ListItem","position":1,"name":"In\u00edcio","item":"https:\/\/www.encontracentroriodejaneiro.com.br\/noticias\/"},{"@type":"ListItem","position":2,"name":"SMTE Centro RJ oferece 123 vagas para pessoas com defici\u00eancia"}]},{"@type":"WebSite","@id":"https:\/\/www.encontracentroriodejaneiro.com.br\/noticias\/#website","url":"https:\/\/www.encontracentroriodejaneiro.com.br\/noticias\/","name":"Not\u00edcias do Bairro Centro RJ","description":"Not\u00edcias, eventos, informa\u00e7\u00f5es e dicas no Bairro Centro RJ e regi\u00e3o","potentialAction":[{"@type":"SearchAction","target":{"@type":"EntryPoint","urlTemplate":"https:\/\/www.encontracentroriodejaneiro.com.br\/noticias\/?s={search_term_string}"},"query-input":{"@type":"PropertyValueSpecification","valueRequired":true,"valueName":"search_term_string"}}],"inLanguage":"pt-BR"},{"@type":"Person","@id":"https:\/\/www.encontracentroriodejaneiro.com.br\/noticias\/#\/schema\/person\/d3a6c0305ffb5ffec8e9c6aefa0cbbce","name":"Encontra Centro RJ","image":{"@type":"ImageObject","inLanguage":"pt-BR","@id":"https:\/\/www.encontracentroriodejaneiro.com.br\/noticias\/#\/schema\/person\/image\/","url":"https:\/\/secure.gravatar.com\/avatar\/507340682b8270222e1f208e23198b6ae7e2c6a1033ae84e99bc6bce4f82a387?s=96&d=mm&r=g","contentUrl":"https:\/\/secure.gravatar.com\/avatar\/507340682b8270222e1f208e23198b6ae7e2c6a1033ae84e99bc6bce4f82a387?s=96&d=mm&r=g","caption":"Encontra Centro RJ"},"sameAs":["http:\/\/www.encontracentroriodejaneiro.com.br"],"url":"https:\/\/www.encontracentroriodejaneiro.com.br\/noticias\/author\/ecentroriodejaneiro\/"}]}},"_links":{"self":[{"href":"https:\/\/www.encontracentroriodejaneiro.com.br\/noticias\/wp-json\/wp\/v2\/posts\/708","targetHints":{"allow":["GET"]}}],"collection":[{"href":"https:\/\/www.encontracentroriodejaneiro.com.br\/noticias\/wp-json\/wp\/v2\/posts"}],"about":[{"href":"https:\/\/www.encontracentroriodejaneiro.com.br\/noticias\/wp-json\/wp\/v2\/types\/post"}],"author":[{"embeddable":true,"href":"https:\/\/www.encontracentroriodejaneiro.com.br\/noticias\/wp-json\/wp\/v2\/users\/1"}],"replies":[{"embeddable":true,"href":"https:\/\/www.encontracentroriodejaneiro.com.br\/noticias\/wp-json\/wp\/v2\/comments?post=708"}],"version-history":[{"count":1,"href":"https:\/\/www.encontracentroriodejaneiro.com.br\/noticias\/wp-json\/wp\/v2\/posts\/708\/revisions"}],"predecessor-version":[{"id":709,"href":"https:\/\/www.encontracentroriodejaneiro.com.br\/noticias\/wp-json\/wp\/v2\/posts\/708\/revisions\/709"}],"wp:attachment":[{"href":"https:\/\/www.encontracentroriodejaneiro.com.br\/noticias\/wp-json\/wp\/v2\/media?parent=708"}],"wp:term":[{"taxonomy":"category","embeddable":true,"href":"https:\/\/www.encontracentroriodejaneiro.com.br\/noticias\/wp-json\/wp\/v2\/categories?post=708"},{"taxonomy":"post_tag","embeddable":true,"href":"https:\/\/www.encontracentroriodejaneiro.com.br\/noticias\/wp-json\/wp\/v2\/tags?post=708"}],"curies":[{"name":"wp","href":"https:\/\/api.w.org\/{rel}","templated":true}]}}