{"id":710,"date":"2013-06-14T14:35:43","date_gmt":"2013-06-14T16:35:43","guid":{"rendered":"http:\/\/www.encontracentroriodejaneiro.com.br\/noticias\/?p=710"},"modified":"2013-06-14T14:36:07","modified_gmt":"2013-06-14T16:36:07","slug":"centro-rj-correios-rj-apresenta-antanas-sutkus","status":"publish","type":"post","link":"https:\/\/www.encontracentroriodejaneiro.com.br\/noticias\/centro-rj-correios-rj-apresenta-antanas-sutkus\/","title":{"rendered":"Centro RJ: Correios RJ apresenta Antanas Sutkus"},"content":{"rendered":"<p>O Centro Cultural Correios inaugura dia 25 de junho, \u00e0s 19h, (para convidados) a exposi\u00e7\u00e3o ANTANAS SUTKUS: UM OLHAR LIVRE. Ser\u00e3o apresentadas cerca de 100 imagens em preto e branco que revelam o talento de Sutkus, considerado um dos maiores fot\u00f3grafos da antiga Uni\u00e3o Sovi\u00e9tica e um dos mais expressivos em \u00e2mbito mundial. Visita\u00e7\u00e3o de 26 de junho at\u00e9 o dia 21 de julho. O Centro Cultural dos Correios fica na Rua Visconde de Itabora\u00ed, 20. Centro -Corredor Cultural. Entrada franca.<\/p>\n<p>Nascido na Litu\u00e2nia, Antanas Sutkus come\u00e7ou a fotografar construindo toda sua obra durante o regime comunista. Seu principal interesse eram as pessoas simples, a sua vida quotidiana, e a express\u00e3o particular de cada um destes indiv\u00edduos. Tudo isto\u00a0 contradizia a censura socialista e as linhas est\u00e9ticas que eram ditadas pelos poderes: o coletivismo das massas.<\/p>\n<p>Sutkus passou a ser um dos fot\u00f3grafos que mais fugia ao formalismo sovi\u00e9tico. Ao criar a Sociedade da Arte Fotogr\u00e1fica em Vilnius ele comentou\u00a0 \u201ccom as nossas fotografias quer\u00edamos mostrar que \u00e9ramos diferentes de todo o resto da Uni\u00e3o Sovi\u00e9tica.\u00a0 Aspir\u00e1vamos\u00a0 mostrar o esp\u00edrito do povo, nossa\u00a0 mentalidade\u201d.<\/p>\n<p>Depois de ser apresentada nas em Toulouse (Fran\u00e7a), Fortaleza, Salvador, Tiradentes, Belo Horizonte, Curitiba, Bras\u00edlia S\u00e3o Paulo, a exposi\u00e7\u00e3o ANTANAS SUTKUS:UM OLHAR LIVRE, chega ao Rio de Janeiro.\u00a0 Os cariocas ter\u00e3o a oportunidade de conhecer a obra de um dos fot\u00f3grafos mais importantes do s\u00e9culo 20.\u00a0 Para o artista,sua obra \u201cn\u00e3o s\u00e3o retratos nem caracteres. \u00c9 a linguagem de meus her\u00f3is. Esta \u00e9 a chave da minha fotografia. Minhas Imagens s\u00e3o resistentes ao tempo. Problemas existenciais eram e continuam a ser o mais importantes para mim\u201d.<\/p>\n<p><strong>Servi\u00e7o<\/strong><\/p>\n<p><b>ANTANAS SUTKUS: UM OLHAR LIVRE<\/b> &#8211; 120 fotografias em preto e branco<\/p>\n<p>Abertura para convidados dia\u00a0 25 de junho, \u00e0s 19 horas.<\/p>\n<p>Visita\u00e7\u00e3o de 26 de junho at\u00e9 dia\u00a021 de julho de 2013.<\/p>\n<p>Hor\u00e1rio de funcionamento: de ter\u00e7a-feira a domingo, das 12 \u00e0s 19h<\/p>\n<p>Entrada franca.<\/p>\n<p>Centro Cultural Correios do\u00a0 Rio de Janeiro<\/p>\n<p>Rua Visconde de Itabora\u00ed, 20 . Centro,\u2028Corredor Cultural<\/p>\n<p>Telefone: (21) 2253-1580<\/p>\n","protected":false},"excerpt":{"rendered":"<p>O Centro Cultural Correios inaugura dia 25 de junho, \u00e0s 19h, (para convidados) a exposi\u00e7\u00e3o ANTANAS SUTKUS: UM OLHAR LIVRE. Ser\u00e3o apresentadas cerca de 100 imagens em preto e branco que revelam o talento de Sutkus, considerado um dos maiores fot\u00f3grafos da antiga Uni\u00e3o Sovi\u00e9tica e um dos mais expressivos em \u00e2mbito mundial. Visita\u00e7\u00e3o de [&hellip;]<\/p>\n","protected":false},"author":1,"featured_media":0,"comment_status":"open","ping_status":"open","sticky":false,"template":"","format":"standard","meta":{"footnotes":""},"categories":[6],"tags":[],"class_list":["post-710","post","type-post","status-publish","format-standard","hentry","category-noticias"],"yoast_head":"<!-- This site is optimized with the Yoast SEO plugin v25.9 - https:\/\/yoast.com\/wordpress\/plugins\/seo\/ -->\n<title>Centro RJ: Correios RJ apresenta Antanas Sutkus - Not\u00edcias do Bairro Centro RJ<\/title>\n<meta name=\"robots\" content=\"index, follow, max-snippet:-1, max-image-preview:large, max-video-preview:-1\" \/>\n<link rel=\"canonical\" href=\"https:\/\/www.encontracentroriodejaneiro.com.br\/noticias\/centro-rj-correios-rj-apresenta-antanas-sutkus\/\" \/>\n<meta property=\"og:locale\" content=\"pt_BR\" \/>\n<meta property=\"og:type\" content=\"article\" \/>\n<meta property=\"og:title\" content=\"Centro RJ: Correios RJ apresenta Antanas Sutkus - Not\u00edcias do Bairro Centro RJ\" \/>\n<meta property=\"og:description\" content=\"O Centro Cultural Correios inaugura dia 25 de junho, \u00e0s 19h, (para convidados) a exposi\u00e7\u00e3o ANTANAS SUTKUS: UM OLHAR LIVRE. Ser\u00e3o apresentadas cerca de 100 imagens em preto e branco que revelam o talento de Sutkus, considerado um dos maiores fot\u00f3grafos da antiga Uni\u00e3o Sovi\u00e9tica e um dos mais expressivos em \u00e2mbito mundial. Visita\u00e7\u00e3o de [&hellip;]\" \/>\n<meta property=\"og:url\" content=\"https:\/\/www.encontracentroriodejaneiro.com.br\/noticias\/centro-rj-correios-rj-apresenta-antanas-sutkus\/\" \/>\n<meta property=\"og:site_name\" content=\"Not\u00edcias do Bairro Centro RJ\" \/>\n<meta property=\"article:published_time\" content=\"2013-06-14T16:35:43+00:00\" \/>\n<meta property=\"article:modified_time\" content=\"2013-06-14T16:36:07+00:00\" \/>\n<meta name=\"author\" content=\"Encontra Centro RJ\" \/>\n<meta name=\"twitter:card\" content=\"summary_large_image\" \/>\n<meta name=\"twitter:label1\" content=\"Escrito por\" \/>\n\t<meta name=\"twitter:data1\" content=\"Encontra Centro RJ\" \/>\n\t<meta name=\"twitter:label2\" content=\"Est. tempo de leitura\" \/>\n\t<meta name=\"twitter:data2\" content=\"2 minutos\" \/>\n<script type=\"application\/ld+json\" class=\"yoast-schema-graph\">{\"@context\":\"https:\/\/schema.org\",\"@graph\":[{\"@type\":\"WebPage\",\"@id\":\"https:\/\/www.encontracentroriodejaneiro.com.br\/noticias\/centro-rj-correios-rj-apresenta-antanas-sutkus\/\",\"url\":\"https:\/\/www.encontracentroriodejaneiro.com.br\/noticias\/centro-rj-correios-rj-apresenta-antanas-sutkus\/\",\"name\":\"Centro RJ: Correios RJ apresenta Antanas Sutkus - Not\u00edcias do Bairro Centro RJ\",\"isPartOf\":{\"@id\":\"https:\/\/www.encontracentroriodejaneiro.com.br\/noticias\/#website\"},\"datePublished\":\"2013-06-14T16:35:43+00:00\",\"dateModified\":\"2013-06-14T16:36:07+00:00\",\"author\":{\"@id\":\"https:\/\/www.encontracentroriodejaneiro.com.br\/noticias\/#\/schema\/person\/d3a6c0305ffb5ffec8e9c6aefa0cbbce\"},\"breadcrumb\":{\"@id\":\"https:\/\/www.encontracentroriodejaneiro.com.br\/noticias\/centro-rj-correios-rj-apresenta-antanas-sutkus\/#breadcrumb\"},\"inLanguage\":\"pt-BR\",\"potentialAction\":[{\"@type\":\"ReadAction\",\"target\":[\"https:\/\/www.encontracentroriodejaneiro.com.br\/noticias\/centro-rj-correios-rj-apresenta-antanas-sutkus\/\"]}]},{\"@type\":\"BreadcrumbList\",\"@id\":\"https:\/\/www.encontracentroriodejaneiro.com.br\/noticias\/centro-rj-correios-rj-apresenta-antanas-sutkus\/#breadcrumb\",\"itemListElement\":[{\"@type\":\"ListItem\",\"position\":1,\"name\":\"In\u00edcio\",\"item\":\"https:\/\/www.encontracentroriodejaneiro.com.br\/noticias\/\"},{\"@type\":\"ListItem\",\"position\":2,\"name\":\"Centro RJ: Correios RJ apresenta Antanas Sutkus\"}]},{\"@type\":\"WebSite\",\"@id\":\"https:\/\/www.encontracentroriodejaneiro.com.br\/noticias\/#website\",\"url\":\"https:\/\/www.encontracentroriodejaneiro.com.br\/noticias\/\",\"name\":\"Not\u00edcias do Bairro Centro RJ\",\"description\":\"Not\u00edcias, eventos, informa\u00e7\u00f5es e dicas no Bairro Centro RJ e regi\u00e3o\",\"potentialAction\":[{\"@type\":\"SearchAction\",\"target\":{\"@type\":\"EntryPoint\",\"urlTemplate\":\"https:\/\/www.encontracentroriodejaneiro.com.br\/noticias\/?s={search_term_string}\"},\"query-input\":{\"@type\":\"PropertyValueSpecification\",\"valueRequired\":true,\"valueName\":\"search_term_string\"}}],\"inLanguage\":\"pt-BR\"},{\"@type\":\"Person\",\"@id\":\"https:\/\/www.encontracentroriodejaneiro.com.br\/noticias\/#\/schema\/person\/d3a6c0305ffb5ffec8e9c6aefa0cbbce\",\"name\":\"Encontra Centro RJ\",\"image\":{\"@type\":\"ImageObject\",\"inLanguage\":\"pt-BR\",\"@id\":\"https:\/\/www.encontracentroriodejaneiro.com.br\/noticias\/#\/schema\/person\/image\/\",\"url\":\"https:\/\/secure.gravatar.com\/avatar\/507340682b8270222e1f208e23198b6ae7e2c6a1033ae84e99bc6bce4f82a387?s=96&d=mm&r=g\",\"contentUrl\":\"https:\/\/secure.gravatar.com\/avatar\/507340682b8270222e1f208e23198b6ae7e2c6a1033ae84e99bc6bce4f82a387?s=96&d=mm&r=g\",\"caption\":\"Encontra Centro RJ\"},\"sameAs\":[\"http:\/\/www.encontracentroriodejaneiro.com.br\"],\"url\":\"https:\/\/www.encontracentroriodejaneiro.com.br\/noticias\/author\/ecentroriodejaneiro\/\"}]}<\/script>\n<!-- \/ Yoast SEO plugin. -->","yoast_head_json":{"title":"Centro RJ: Correios RJ apresenta Antanas Sutkus - Not\u00edcias do Bairro Centro RJ","robots":{"index":"index","follow":"follow","max-snippet":"max-snippet:-1","max-image-preview":"max-image-preview:large","max-video-preview":"max-video-preview:-1"},"canonical":"https:\/\/www.encontracentroriodejaneiro.com.br\/noticias\/centro-rj-correios-rj-apresenta-antanas-sutkus\/","og_locale":"pt_BR","og_type":"article","og_title":"Centro RJ: Correios RJ apresenta Antanas Sutkus - Not\u00edcias do Bairro Centro RJ","og_description":"O Centro Cultural Correios inaugura dia 25 de junho, \u00e0s 19h, (para convidados) a exposi\u00e7\u00e3o ANTANAS SUTKUS: UM OLHAR LIVRE. Ser\u00e3o apresentadas cerca de 100 imagens em preto e branco que revelam o talento de Sutkus, considerado um dos maiores fot\u00f3grafos da antiga Uni\u00e3o Sovi\u00e9tica e um dos mais expressivos em \u00e2mbito mundial. Visita\u00e7\u00e3o de [&hellip;]","og_url":"https:\/\/www.encontracentroriodejaneiro.com.br\/noticias\/centro-rj-correios-rj-apresenta-antanas-sutkus\/","og_site_name":"Not\u00edcias do Bairro Centro RJ","article_published_time":"2013-06-14T16:35:43+00:00","article_modified_time":"2013-06-14T16:36:07+00:00","author":"Encontra Centro RJ","twitter_card":"summary_large_image","twitter_misc":{"Escrito por":"Encontra Centro RJ","Est. tempo de leitura":"2 minutos"},"schema":{"@context":"https:\/\/schema.org","@graph":[{"@type":"WebPage","@id":"https:\/\/www.encontracentroriodejaneiro.com.br\/noticias\/centro-rj-correios-rj-apresenta-antanas-sutkus\/","url":"https:\/\/www.encontracentroriodejaneiro.com.br\/noticias\/centro-rj-correios-rj-apresenta-antanas-sutkus\/","name":"Centro RJ: Correios RJ apresenta Antanas Sutkus - Not\u00edcias do Bairro Centro RJ","isPartOf":{"@id":"https:\/\/www.encontracentroriodejaneiro.com.br\/noticias\/#website"},"datePublished":"2013-06-14T16:35:43+00:00","dateModified":"2013-06-14T16:36:07+00:00","author":{"@id":"https:\/\/www.encontracentroriodejaneiro.com.br\/noticias\/#\/schema\/person\/d3a6c0305ffb5ffec8e9c6aefa0cbbce"},"breadcrumb":{"@id":"https:\/\/www.encontracentroriodejaneiro.com.br\/noticias\/centro-rj-correios-rj-apresenta-antanas-sutkus\/#breadcrumb"},"inLanguage":"pt-BR","potentialAction":[{"@type":"ReadAction","target":["https:\/\/www.encontracentroriodejaneiro.com.br\/noticias\/centro-rj-correios-rj-apresenta-antanas-sutkus\/"]}]},{"@type":"BreadcrumbList","@id":"https:\/\/www.encontracentroriodejaneiro.com.br\/noticias\/centro-rj-correios-rj-apresenta-antanas-sutkus\/#breadcrumb","itemListElement":[{"@type":"ListItem","position":1,"name":"In\u00edcio","item":"https:\/\/www.encontracentroriodejaneiro.com.br\/noticias\/"},{"@type":"ListItem","position":2,"name":"Centro RJ: Correios RJ apresenta Antanas Sutkus"}]},{"@type":"WebSite","@id":"https:\/\/www.encontracentroriodejaneiro.com.br\/noticias\/#website","url":"https:\/\/www.encontracentroriodejaneiro.com.br\/noticias\/","name":"Not\u00edcias do Bairro Centro RJ","description":"Not\u00edcias, eventos, informa\u00e7\u00f5es e dicas no Bairro Centro RJ e regi\u00e3o","potentialAction":[{"@type":"SearchAction","target":{"@type":"EntryPoint","urlTemplate":"https:\/\/www.encontracentroriodejaneiro.com.br\/noticias\/?s={search_term_string}"},"query-input":{"@type":"PropertyValueSpecification","valueRequired":true,"valueName":"search_term_string"}}],"inLanguage":"pt-BR"},{"@type":"Person","@id":"https:\/\/www.encontracentroriodejaneiro.com.br\/noticias\/#\/schema\/person\/d3a6c0305ffb5ffec8e9c6aefa0cbbce","name":"Encontra Centro RJ","image":{"@type":"ImageObject","inLanguage":"pt-BR","@id":"https:\/\/www.encontracentroriodejaneiro.com.br\/noticias\/#\/schema\/person\/image\/","url":"https:\/\/secure.gravatar.com\/avatar\/507340682b8270222e1f208e23198b6ae7e2c6a1033ae84e99bc6bce4f82a387?s=96&d=mm&r=g","contentUrl":"https:\/\/secure.gravatar.com\/avatar\/507340682b8270222e1f208e23198b6ae7e2c6a1033ae84e99bc6bce4f82a387?s=96&d=mm&r=g","caption":"Encontra Centro RJ"},"sameAs":["http:\/\/www.encontracentroriodejaneiro.com.br"],"url":"https:\/\/www.encontracentroriodejaneiro.com.br\/noticias\/author\/ecentroriodejaneiro\/"}]}},"_links":{"self":[{"href":"https:\/\/www.encontracentroriodejaneiro.com.br\/noticias\/wp-json\/wp\/v2\/posts\/710","targetHints":{"allow":["GET"]}}],"collection":[{"href":"https:\/\/www.encontracentroriodejaneiro.com.br\/noticias\/wp-json\/wp\/v2\/posts"}],"about":[{"href":"https:\/\/www.encontracentroriodejaneiro.com.br\/noticias\/wp-json\/wp\/v2\/types\/post"}],"author":[{"embeddable":true,"href":"https:\/\/www.encontracentroriodejaneiro.com.br\/noticias\/wp-json\/wp\/v2\/users\/1"}],"replies":[{"embeddable":true,"href":"https:\/\/www.encontracentroriodejaneiro.com.br\/noticias\/wp-json\/wp\/v2\/comments?post=710"}],"version-history":[{"count":2,"href":"https:\/\/www.encontracentroriodejaneiro.com.br\/noticias\/wp-json\/wp\/v2\/posts\/710\/revisions"}],"predecessor-version":[{"id":712,"href":"https:\/\/www.encontracentroriodejaneiro.com.br\/noticias\/wp-json\/wp\/v2\/posts\/710\/revisions\/712"}],"wp:attachment":[{"href":"https:\/\/www.encontracentroriodejaneiro.com.br\/noticias\/wp-json\/wp\/v2\/media?parent=710"}],"wp:term":[{"taxonomy":"category","embeddable":true,"href":"https:\/\/www.encontracentroriodejaneiro.com.br\/noticias\/wp-json\/wp\/v2\/categories?post=710"},{"taxonomy":"post_tag","embeddable":true,"href":"https:\/\/www.encontracentroriodejaneiro.com.br\/noticias\/wp-json\/wp\/v2\/tags?post=710"}],"curies":[{"name":"wp","href":"https:\/\/api.w.org\/{rel}","templated":true}]}}