{"id":719,"date":"2013-06-24T12:00:44","date_gmt":"2013-06-24T14:00:44","guid":{"rendered":"http:\/\/www.encontracentroriodejaneiro.com.br\/noticias\/?p=719"},"modified":"2013-06-24T12:00:44","modified_gmt":"2013-06-24T14:00:44","slug":"prejuizo-apos-quebra-quebra-no-centro-e-de-r-15-milhao-diz-prefeitura-do-rio","status":"publish","type":"post","link":"https:\/\/www.encontracentroriodejaneiro.com.br\/noticias\/prejuizo-apos-quebra-quebra-no-centro-e-de-r-15-milhao-diz-prefeitura-do-rio\/","title":{"rendered":"Preju\u00edzo ap\u00f3s quebra-quebra no Centro \u00e9 de R$ 1,5 milh\u00e3o, diz prefeitura do Rio"},"content":{"rendered":"<p>A Prefeitura do Rio de Janeiro informou nesta segunda-feira (24) que o preju\u00edzo ap\u00f3s o quebra-quebra ocorrido nas ruas do centro, durante uma manifesta\u00e7\u00e3o na \u00faltima quinta-feira (20), foi de R$ 1,5 milh\u00e3o.<\/p>\n<p>De acordo com a Secretaria de Conserva\u00e7\u00e3o, somente para a reposi\u00e7\u00e3o de sinais de tr\u00e2nsito, placas de sinaliza\u00e7\u00e3o e equipamentos de fiscaliza\u00e7\u00e3o do BRS, corredor exclusivo de \u00f4nibus da avenida Presidente Vargas, ser\u00e3o gastos R$ 800 mil.<\/p>\n<p>Os pontos de \u00f4nibus, que tamb\u00e9m foram depredados, os rel\u00f3gios p\u00fablicos e totens que foram destru\u00eddos custar\u00e3o aproximadamente R$ 400 mil para serem repostos. Para repor as papeleiras e efetuar a limpeza das picha\u00e7\u00f5es os custos ser\u00e3o de R$ 65 mil, segundo a secretaria.<\/p>\n<p>Ainda haver\u00e1 reparo em cal\u00e7adas de pedras portuguesas, no monumento Zumbi dos Palmares, no Terreir\u00e3o do Samba, no Samb\u00f3dromo, na sede da 1\u00aa Ger\u00eancia de Conserva\u00e7\u00e3o (parque Noronha Santos) e na UOP (Unidade de Ordem P\u00fablica) do Centro.<\/p>\n<p>Na Alerj (Assembleia Legislativa do Rio), o presidente da Casa,Paulo Melo, afirmou na ter\u00e7a-feira (18) que o ato de vandalismo que depredou a sede na noite de ter\u00e7a (17) gerou um preju\u00edzo de cerca de R$ 2 milh\u00f5es. O pr\u00e9dio hist\u00f3rico foi alvo de um grupo de v\u00e2ndalos, que se misturou \u00e0 multid\u00e3o de 100 mil pessoas durante protesto contra aumento das passagens de \u00f4nibus e gastos com Copa e Olimp\u00edada.<\/p>\n<p>\u2014 \u00c9 inconceb\u00edvel qualquer destrui\u00e7\u00e3o ao patrim\u00f4nio hist\u00f3rico. A manifesta\u00e7\u00e3o aconteceu na Rio Branco, o que houve aqui foi vandalismo.<\/p>\n<p><strong>Eduardo Paes reclama de a\u00e7\u00e3o de v\u00e2ndalos<\/strong><\/p>\n<p>O prefeito do Rio de Janeiro, Eduardo Paes, diz temer que o movimento que vem tomando as ruas da cidade e de todo o Brasil fique marcado pela a\u00e7\u00e3o de uma \u201cminoria de v\u00e2ndalos\u201d. Entre a tarde e noite de quinta-feira (20), mais de 300 mil pessoas foram \u00e0s ruas do centro da capital fluminense cobrar sa\u00fade e educa\u00e7\u00e3o de qualidade, al\u00e9m de criticar os investimentos em Copa e Olimp\u00edada. O movimento terminou em quebra-quebra e com ao menos 62 feridos.<\/p>\n<p>As declara\u00e7\u00f5es do prefeito foram dadas durante coletiva na sexta-feira (21), no Centro de Opera\u00e7\u00f5es. Paes apresentou o balan\u00e7o das cenas de guerra registradas no centro.<\/p>\n<p>De acordo com levantamento feito ao longo da madrugada, foram 98 sinais de tr\u00e2nsito quebrados, 31 placas derrubadas, 62 pontos de \u00f4nibus depredados, cinco rel\u00f3gios p\u00fablicos apedrejados e 46 placas de rua arrancadas.<\/p>\n<p>Foram danificadas ainda 340 lixeiras, sendo muitas delas usadas para fazer fogueira, al\u00e9m de sete carros, duas cabines da Pol\u00edcia Militar, a sede da Unidade e Ordem P\u00fablica do centro e 26 dos 28 radares do sistema BRS de \u00f4nibus. A maioria dos danos foi causado na avenida Presidente Vargas.<\/p>\n<p>Paes lamentou tamb\u00e9m o quebra-quebra no Terreir\u00e3o do Samba, na Pra\u00e7a Onze, onde ocorria um evento da Copa das Confedera\u00e7\u00f5es.<\/p>\n<p>\u2014 \u00c9 muito triste ver um local de tradi\u00e7\u00e3o, que representa o nosso samba, ser destru\u00eddo dessa maneira.<\/p>\n<p><em>Fonte: R7<\/em><\/p>\n","protected":false},"excerpt":{"rendered":"<p>A Prefeitura do Rio de Janeiro informou nesta segunda-feira (24) que o preju\u00edzo ap\u00f3s o quebra-quebra ocorrido nas ruas do centro, durante uma manifesta\u00e7\u00e3o na \u00faltima quinta-feira (20), foi de R$ 1,5 milh\u00e3o. De acordo com a Secretaria de Conserva\u00e7\u00e3o, somente para a reposi\u00e7\u00e3o de sinais de tr\u00e2nsito, placas de sinaliza\u00e7\u00e3o e equipamentos de fiscaliza\u00e7\u00e3o [&hellip;]<\/p>\n","protected":false},"author":1,"featured_media":0,"comment_status":"open","ping_status":"open","sticky":false,"template":"","format":"standard","meta":{"footnotes":""},"categories":[6],"tags":[],"class_list":["post-719","post","type-post","status-publish","format-standard","hentry","category-noticias"],"yoast_head":"<!-- This site is optimized with the Yoast SEO plugin v25.9 - https:\/\/yoast.com\/wordpress\/plugins\/seo\/ -->\n<title>Preju\u00edzo ap\u00f3s quebra-quebra no Centro \u00e9 de R$ 1,5 milh\u00e3o, diz prefeitura do Rio - Not\u00edcias do Bairro Centro RJ<\/title>\n<meta name=\"robots\" content=\"index, follow, max-snippet:-1, max-image-preview:large, max-video-preview:-1\" \/>\n<link rel=\"canonical\" href=\"https:\/\/www.encontracentroriodejaneiro.com.br\/noticias\/prejuizo-apos-quebra-quebra-no-centro-e-de-r-15-milhao-diz-prefeitura-do-rio\/\" \/>\n<meta property=\"og:locale\" content=\"pt_BR\" \/>\n<meta property=\"og:type\" content=\"article\" \/>\n<meta property=\"og:title\" content=\"Preju\u00edzo ap\u00f3s quebra-quebra no Centro \u00e9 de R$ 1,5 milh\u00e3o, diz prefeitura do Rio - Not\u00edcias do Bairro Centro RJ\" \/>\n<meta property=\"og:description\" content=\"A Prefeitura do Rio de Janeiro informou nesta segunda-feira (24) que o preju\u00edzo ap\u00f3s o quebra-quebra ocorrido nas ruas do centro, durante uma manifesta\u00e7\u00e3o na \u00faltima quinta-feira (20), foi de R$ 1,5 milh\u00e3o. De acordo com a Secretaria de Conserva\u00e7\u00e3o, somente para a reposi\u00e7\u00e3o de sinais de tr\u00e2nsito, placas de sinaliza\u00e7\u00e3o e equipamentos de fiscaliza\u00e7\u00e3o [&hellip;]\" \/>\n<meta property=\"og:url\" content=\"https:\/\/www.encontracentroriodejaneiro.com.br\/noticias\/prejuizo-apos-quebra-quebra-no-centro-e-de-r-15-milhao-diz-prefeitura-do-rio\/\" \/>\n<meta property=\"og:site_name\" content=\"Not\u00edcias do Bairro Centro RJ\" \/>\n<meta property=\"article:published_time\" content=\"2013-06-24T14:00:44+00:00\" \/>\n<meta name=\"author\" content=\"Encontra Centro RJ\" \/>\n<meta name=\"twitter:card\" content=\"summary_large_image\" \/>\n<meta name=\"twitter:label1\" content=\"Escrito por\" \/>\n\t<meta name=\"twitter:data1\" content=\"Encontra Centro RJ\" \/>\n\t<meta name=\"twitter:label2\" content=\"Est. tempo de leitura\" \/>\n\t<meta name=\"twitter:data2\" content=\"3 minutos\" \/>\n<script type=\"application\/ld+json\" class=\"yoast-schema-graph\">{\"@context\":\"https:\/\/schema.org\",\"@graph\":[{\"@type\":\"WebPage\",\"@id\":\"https:\/\/www.encontracentroriodejaneiro.com.br\/noticias\/prejuizo-apos-quebra-quebra-no-centro-e-de-r-15-milhao-diz-prefeitura-do-rio\/\",\"url\":\"https:\/\/www.encontracentroriodejaneiro.com.br\/noticias\/prejuizo-apos-quebra-quebra-no-centro-e-de-r-15-milhao-diz-prefeitura-do-rio\/\",\"name\":\"Preju\u00edzo ap\u00f3s quebra-quebra no Centro \u00e9 de R$ 1,5 milh\u00e3o, diz prefeitura do Rio - Not\u00edcias do Bairro Centro RJ\",\"isPartOf\":{\"@id\":\"https:\/\/www.encontracentroriodejaneiro.com.br\/noticias\/#website\"},\"datePublished\":\"2013-06-24T14:00:44+00:00\",\"author\":{\"@id\":\"https:\/\/www.encontracentroriodejaneiro.com.br\/noticias\/#\/schema\/person\/d3a6c0305ffb5ffec8e9c6aefa0cbbce\"},\"breadcrumb\":{\"@id\":\"https:\/\/www.encontracentroriodejaneiro.com.br\/noticias\/prejuizo-apos-quebra-quebra-no-centro-e-de-r-15-milhao-diz-prefeitura-do-rio\/#breadcrumb\"},\"inLanguage\":\"pt-BR\",\"potentialAction\":[{\"@type\":\"ReadAction\",\"target\":[\"https:\/\/www.encontracentroriodejaneiro.com.br\/noticias\/prejuizo-apos-quebra-quebra-no-centro-e-de-r-15-milhao-diz-prefeitura-do-rio\/\"]}]},{\"@type\":\"BreadcrumbList\",\"@id\":\"https:\/\/www.encontracentroriodejaneiro.com.br\/noticias\/prejuizo-apos-quebra-quebra-no-centro-e-de-r-15-milhao-diz-prefeitura-do-rio\/#breadcrumb\",\"itemListElement\":[{\"@type\":\"ListItem\",\"position\":1,\"name\":\"In\u00edcio\",\"item\":\"https:\/\/www.encontracentroriodejaneiro.com.br\/noticias\/\"},{\"@type\":\"ListItem\",\"position\":2,\"name\":\"Preju\u00edzo ap\u00f3s quebra-quebra no Centro \u00e9 de R$ 1,5 milh\u00e3o, diz prefeitura do Rio\"}]},{\"@type\":\"WebSite\",\"@id\":\"https:\/\/www.encontracentroriodejaneiro.com.br\/noticias\/#website\",\"url\":\"https:\/\/www.encontracentroriodejaneiro.com.br\/noticias\/\",\"name\":\"Not\u00edcias do Bairro Centro RJ\",\"description\":\"Not\u00edcias, eventos, informa\u00e7\u00f5es e dicas no Bairro Centro RJ e regi\u00e3o\",\"potentialAction\":[{\"@type\":\"SearchAction\",\"target\":{\"@type\":\"EntryPoint\",\"urlTemplate\":\"https:\/\/www.encontracentroriodejaneiro.com.br\/noticias\/?s={search_term_string}\"},\"query-input\":{\"@type\":\"PropertyValueSpecification\",\"valueRequired\":true,\"valueName\":\"search_term_string\"}}],\"inLanguage\":\"pt-BR\"},{\"@type\":\"Person\",\"@id\":\"https:\/\/www.encontracentroriodejaneiro.com.br\/noticias\/#\/schema\/person\/d3a6c0305ffb5ffec8e9c6aefa0cbbce\",\"name\":\"Encontra Centro RJ\",\"image\":{\"@type\":\"ImageObject\",\"inLanguage\":\"pt-BR\",\"@id\":\"https:\/\/www.encontracentroriodejaneiro.com.br\/noticias\/#\/schema\/person\/image\/\",\"url\":\"https:\/\/secure.gravatar.com\/avatar\/507340682b8270222e1f208e23198b6ae7e2c6a1033ae84e99bc6bce4f82a387?s=96&d=mm&r=g\",\"contentUrl\":\"https:\/\/secure.gravatar.com\/avatar\/507340682b8270222e1f208e23198b6ae7e2c6a1033ae84e99bc6bce4f82a387?s=96&d=mm&r=g\",\"caption\":\"Encontra Centro RJ\"},\"sameAs\":[\"http:\/\/www.encontracentroriodejaneiro.com.br\"],\"url\":\"https:\/\/www.encontracentroriodejaneiro.com.br\/noticias\/author\/ecentroriodejaneiro\/\"}]}<\/script>\n<!-- \/ Yoast SEO plugin. -->","yoast_head_json":{"title":"Preju\u00edzo ap\u00f3s quebra-quebra no Centro \u00e9 de R$ 1,5 milh\u00e3o, diz prefeitura do Rio - Not\u00edcias do Bairro Centro RJ","robots":{"index":"index","follow":"follow","max-snippet":"max-snippet:-1","max-image-preview":"max-image-preview:large","max-video-preview":"max-video-preview:-1"},"canonical":"https:\/\/www.encontracentroriodejaneiro.com.br\/noticias\/prejuizo-apos-quebra-quebra-no-centro-e-de-r-15-milhao-diz-prefeitura-do-rio\/","og_locale":"pt_BR","og_type":"article","og_title":"Preju\u00edzo ap\u00f3s quebra-quebra no Centro \u00e9 de R$ 1,5 milh\u00e3o, diz prefeitura do Rio - Not\u00edcias do Bairro Centro RJ","og_description":"A Prefeitura do Rio de Janeiro informou nesta segunda-feira (24) que o preju\u00edzo ap\u00f3s o quebra-quebra ocorrido nas ruas do centro, durante uma manifesta\u00e7\u00e3o na \u00faltima quinta-feira (20), foi de R$ 1,5 milh\u00e3o. De acordo com a Secretaria de Conserva\u00e7\u00e3o, somente para a reposi\u00e7\u00e3o de sinais de tr\u00e2nsito, placas de sinaliza\u00e7\u00e3o e equipamentos de fiscaliza\u00e7\u00e3o [&hellip;]","og_url":"https:\/\/www.encontracentroriodejaneiro.com.br\/noticias\/prejuizo-apos-quebra-quebra-no-centro-e-de-r-15-milhao-diz-prefeitura-do-rio\/","og_site_name":"Not\u00edcias do Bairro Centro RJ","article_published_time":"2013-06-24T14:00:44+00:00","author":"Encontra Centro RJ","twitter_card":"summary_large_image","twitter_misc":{"Escrito por":"Encontra Centro RJ","Est. tempo de leitura":"3 minutos"},"schema":{"@context":"https:\/\/schema.org","@graph":[{"@type":"WebPage","@id":"https:\/\/www.encontracentroriodejaneiro.com.br\/noticias\/prejuizo-apos-quebra-quebra-no-centro-e-de-r-15-milhao-diz-prefeitura-do-rio\/","url":"https:\/\/www.encontracentroriodejaneiro.com.br\/noticias\/prejuizo-apos-quebra-quebra-no-centro-e-de-r-15-milhao-diz-prefeitura-do-rio\/","name":"Preju\u00edzo ap\u00f3s quebra-quebra no Centro \u00e9 de R$ 1,5 milh\u00e3o, diz prefeitura do Rio - Not\u00edcias do Bairro Centro RJ","isPartOf":{"@id":"https:\/\/www.encontracentroriodejaneiro.com.br\/noticias\/#website"},"datePublished":"2013-06-24T14:00:44+00:00","author":{"@id":"https:\/\/www.encontracentroriodejaneiro.com.br\/noticias\/#\/schema\/person\/d3a6c0305ffb5ffec8e9c6aefa0cbbce"},"breadcrumb":{"@id":"https:\/\/www.encontracentroriodejaneiro.com.br\/noticias\/prejuizo-apos-quebra-quebra-no-centro-e-de-r-15-milhao-diz-prefeitura-do-rio\/#breadcrumb"},"inLanguage":"pt-BR","potentialAction":[{"@type":"ReadAction","target":["https:\/\/www.encontracentroriodejaneiro.com.br\/noticias\/prejuizo-apos-quebra-quebra-no-centro-e-de-r-15-milhao-diz-prefeitura-do-rio\/"]}]},{"@type":"BreadcrumbList","@id":"https:\/\/www.encontracentroriodejaneiro.com.br\/noticias\/prejuizo-apos-quebra-quebra-no-centro-e-de-r-15-milhao-diz-prefeitura-do-rio\/#breadcrumb","itemListElement":[{"@type":"ListItem","position":1,"name":"In\u00edcio","item":"https:\/\/www.encontracentroriodejaneiro.com.br\/noticias\/"},{"@type":"ListItem","position":2,"name":"Preju\u00edzo ap\u00f3s quebra-quebra no Centro \u00e9 de R$ 1,5 milh\u00e3o, diz prefeitura do Rio"}]},{"@type":"WebSite","@id":"https:\/\/www.encontracentroriodejaneiro.com.br\/noticias\/#website","url":"https:\/\/www.encontracentroriodejaneiro.com.br\/noticias\/","name":"Not\u00edcias do Bairro Centro RJ","description":"Not\u00edcias, eventos, informa\u00e7\u00f5es e dicas no Bairro Centro RJ e regi\u00e3o","potentialAction":[{"@type":"SearchAction","target":{"@type":"EntryPoint","urlTemplate":"https:\/\/www.encontracentroriodejaneiro.com.br\/noticias\/?s={search_term_string}"},"query-input":{"@type":"PropertyValueSpecification","valueRequired":true,"valueName":"search_term_string"}}],"inLanguage":"pt-BR"},{"@type":"Person","@id":"https:\/\/www.encontracentroriodejaneiro.com.br\/noticias\/#\/schema\/person\/d3a6c0305ffb5ffec8e9c6aefa0cbbce","name":"Encontra Centro RJ","image":{"@type":"ImageObject","inLanguage":"pt-BR","@id":"https:\/\/www.encontracentroriodejaneiro.com.br\/noticias\/#\/schema\/person\/image\/","url":"https:\/\/secure.gravatar.com\/avatar\/507340682b8270222e1f208e23198b6ae7e2c6a1033ae84e99bc6bce4f82a387?s=96&d=mm&r=g","contentUrl":"https:\/\/secure.gravatar.com\/avatar\/507340682b8270222e1f208e23198b6ae7e2c6a1033ae84e99bc6bce4f82a387?s=96&d=mm&r=g","caption":"Encontra Centro RJ"},"sameAs":["http:\/\/www.encontracentroriodejaneiro.com.br"],"url":"https:\/\/www.encontracentroriodejaneiro.com.br\/noticias\/author\/ecentroriodejaneiro\/"}]}},"_links":{"self":[{"href":"https:\/\/www.encontracentroriodejaneiro.com.br\/noticias\/wp-json\/wp\/v2\/posts\/719","targetHints":{"allow":["GET"]}}],"collection":[{"href":"https:\/\/www.encontracentroriodejaneiro.com.br\/noticias\/wp-json\/wp\/v2\/posts"}],"about":[{"href":"https:\/\/www.encontracentroriodejaneiro.com.br\/noticias\/wp-json\/wp\/v2\/types\/post"}],"author":[{"embeddable":true,"href":"https:\/\/www.encontracentroriodejaneiro.com.br\/noticias\/wp-json\/wp\/v2\/users\/1"}],"replies":[{"embeddable":true,"href":"https:\/\/www.encontracentroriodejaneiro.com.br\/noticias\/wp-json\/wp\/v2\/comments?post=719"}],"version-history":[{"count":1,"href":"https:\/\/www.encontracentroriodejaneiro.com.br\/noticias\/wp-json\/wp\/v2\/posts\/719\/revisions"}],"predecessor-version":[{"id":720,"href":"https:\/\/www.encontracentroriodejaneiro.com.br\/noticias\/wp-json\/wp\/v2\/posts\/719\/revisions\/720"}],"wp:attachment":[{"href":"https:\/\/www.encontracentroriodejaneiro.com.br\/noticias\/wp-json\/wp\/v2\/media?parent=719"}],"wp:term":[{"taxonomy":"category","embeddable":true,"href":"https:\/\/www.encontracentroriodejaneiro.com.br\/noticias\/wp-json\/wp\/v2\/categories?post=719"},{"taxonomy":"post_tag","embeddable":true,"href":"https:\/\/www.encontracentroriodejaneiro.com.br\/noticias\/wp-json\/wp\/v2\/tags?post=719"}],"curies":[{"name":"wp","href":"https:\/\/api.w.org\/{rel}","templated":true}]}}