{"id":724,"date":"2013-06-25T12:15:42","date_gmt":"2013-06-25T14:15:42","guid":{"rendered":"http:\/\/www.encontracentroriodejaneiro.com.br\/noticias\/?p=724"},"modified":"2013-06-25T12:16:00","modified_gmt":"2013-06-25T14:16:00","slug":"exposicao-rio-de-imagens-uma-paisagem-em-construcao-e-atracao-no-centro-do-rio","status":"publish","type":"post","link":"https:\/\/www.encontracentroriodejaneiro.com.br\/noticias\/exposicao-rio-de-imagens-uma-paisagem-em-construcao-e-atracao-no-centro-do-rio\/","title":{"rendered":"Exposi\u00e7\u00e3o Rio de Imagens &#8211; Uma paisagem em constru\u00e7\u00e3o \u00e9 atra\u00e7\u00e3o no Centro do Rio"},"content":{"rendered":"<div>\n<p>O rec\u00e9m-inaugurado Museu de Arte do Rio &#8211; MAR apresenta, at\u00e9 28 de julho de 2013, a exposi\u00e7\u00e3o Rio de Imagens &#8211; Uma paisagem em constru\u00e7\u00e3o, com pre\u00e7os populares.<\/p>\n<p>Tomando o terceiro andar do novo museu na Zona Portu\u00e1ria, s\u00e3o cerca de 400 pe\u00e7as em exibi\u00e7\u00e3o.<\/p>\n<p>Da cartografia ao v\u00eddeo, passando por pintura, gravura, desenho, fotografia, escultura e objetos de design -, a exposi\u00e7\u00e3o enfoca a cria\u00e7\u00e3o de um imagin\u00e1rio sobre a cidade, seus desdobramentos e transforma\u00e7\u00f5es.<\/p>\n<p><strong>O que voc\u00ea precisa saber sobre o evento:<\/strong><\/p>\n<p><strong>O que:<\/strong> Exposi\u00e7\u00e3o Rio de Imagens &#8211; Uma paisagem em constru\u00e7\u00e3o<br \/>\n<strong>Onde:<\/strong> MAR &#8211; Museu de Arte do Rio<br \/>\n<strong>Endere\u00e7o:<\/strong> Pra\u00e7a Mau\u00e1, 10 &#8211; Centro RJ<br \/>\n<strong>Datas:<\/strong> At\u00e9 28 de julho de 2013.<br \/>\n<strong>Hor\u00e1rios:<\/strong> A partir das 12:30<br \/>\n<strong>Pre\u00e7os:<\/strong> R$ 4 e R$ 8<\/p>\n<p><em>Fonte: Guia da Semana<\/em><\/p>\n<\/div>\n","protected":false},"excerpt":{"rendered":"<p>O rec\u00e9m-inaugurado Museu de Arte do Rio &#8211; MAR apresenta, at\u00e9 28 de julho de 2013, a exposi\u00e7\u00e3o Rio de Imagens &#8211; Uma paisagem em constru\u00e7\u00e3o, com pre\u00e7os populares. Tomando o terceiro andar do novo museu na Zona Portu\u00e1ria, s\u00e3o cerca de 400 pe\u00e7as em exibi\u00e7\u00e3o. Da cartografia ao v\u00eddeo, passando por pintura, gravura, desenho, [&hellip;]<\/p>\n","protected":false},"author":1,"featured_media":0,"comment_status":"open","ping_status":"open","sticky":false,"template":"","format":"standard","meta":{"footnotes":""},"categories":[6],"tags":[],"class_list":["post-724","post","type-post","status-publish","format-standard","hentry","category-noticias"],"yoast_head":"<!-- This site is optimized with the Yoast SEO plugin v25.9 - https:\/\/yoast.com\/wordpress\/plugins\/seo\/ -->\n<title>Exposi\u00e7\u00e3o Rio de Imagens - Uma paisagem em constru\u00e7\u00e3o \u00e9 atra\u00e7\u00e3o no Centro do Rio - Not\u00edcias do Bairro Centro RJ<\/title>\n<meta name=\"robots\" content=\"index, follow, max-snippet:-1, max-image-preview:large, max-video-preview:-1\" \/>\n<link rel=\"canonical\" href=\"https:\/\/www.encontracentroriodejaneiro.com.br\/noticias\/exposicao-rio-de-imagens-uma-paisagem-em-construcao-e-atracao-no-centro-do-rio\/\" \/>\n<meta property=\"og:locale\" content=\"pt_BR\" \/>\n<meta property=\"og:type\" content=\"article\" \/>\n<meta property=\"og:title\" content=\"Exposi\u00e7\u00e3o Rio de Imagens - Uma paisagem em constru\u00e7\u00e3o \u00e9 atra\u00e7\u00e3o no Centro do Rio - Not\u00edcias do Bairro Centro RJ\" \/>\n<meta property=\"og:description\" content=\"O rec\u00e9m-inaugurado Museu de Arte do Rio &#8211; MAR apresenta, at\u00e9 28 de julho de 2013, a exposi\u00e7\u00e3o Rio de Imagens &#8211; Uma paisagem em constru\u00e7\u00e3o, com pre\u00e7os populares. Tomando o terceiro andar do novo museu na Zona Portu\u00e1ria, s\u00e3o cerca de 400 pe\u00e7as em exibi\u00e7\u00e3o. Da cartografia ao v\u00eddeo, passando por pintura, gravura, desenho, [&hellip;]\" \/>\n<meta property=\"og:url\" content=\"https:\/\/www.encontracentroriodejaneiro.com.br\/noticias\/exposicao-rio-de-imagens-uma-paisagem-em-construcao-e-atracao-no-centro-do-rio\/\" \/>\n<meta property=\"og:site_name\" content=\"Not\u00edcias do Bairro Centro RJ\" \/>\n<meta property=\"article:published_time\" content=\"2013-06-25T14:15:42+00:00\" \/>\n<meta property=\"article:modified_time\" content=\"2013-06-25T14:16:00+00:00\" \/>\n<meta name=\"author\" content=\"Encontra Centro RJ\" \/>\n<meta name=\"twitter:card\" content=\"summary_large_image\" \/>\n<meta name=\"twitter:label1\" content=\"Escrito por\" \/>\n\t<meta name=\"twitter:data1\" content=\"Encontra Centro RJ\" \/>\n\t<meta name=\"twitter:label2\" content=\"Est. tempo de leitura\" \/>\n\t<meta name=\"twitter:data2\" content=\"1 minuto\" \/>\n<script type=\"application\/ld+json\" class=\"yoast-schema-graph\">{\"@context\":\"https:\/\/schema.org\",\"@graph\":[{\"@type\":\"WebPage\",\"@id\":\"https:\/\/www.encontracentroriodejaneiro.com.br\/noticias\/exposicao-rio-de-imagens-uma-paisagem-em-construcao-e-atracao-no-centro-do-rio\/\",\"url\":\"https:\/\/www.encontracentroriodejaneiro.com.br\/noticias\/exposicao-rio-de-imagens-uma-paisagem-em-construcao-e-atracao-no-centro-do-rio\/\",\"name\":\"Exposi\u00e7\u00e3o Rio de Imagens - Uma paisagem em constru\u00e7\u00e3o \u00e9 atra\u00e7\u00e3o no Centro do Rio - Not\u00edcias do Bairro Centro RJ\",\"isPartOf\":{\"@id\":\"https:\/\/www.encontracentroriodejaneiro.com.br\/noticias\/#website\"},\"datePublished\":\"2013-06-25T14:15:42+00:00\",\"dateModified\":\"2013-06-25T14:16:00+00:00\",\"author\":{\"@id\":\"https:\/\/www.encontracentroriodejaneiro.com.br\/noticias\/#\/schema\/person\/d3a6c0305ffb5ffec8e9c6aefa0cbbce\"},\"breadcrumb\":{\"@id\":\"https:\/\/www.encontracentroriodejaneiro.com.br\/noticias\/exposicao-rio-de-imagens-uma-paisagem-em-construcao-e-atracao-no-centro-do-rio\/#breadcrumb\"},\"inLanguage\":\"pt-BR\",\"potentialAction\":[{\"@type\":\"ReadAction\",\"target\":[\"https:\/\/www.encontracentroriodejaneiro.com.br\/noticias\/exposicao-rio-de-imagens-uma-paisagem-em-construcao-e-atracao-no-centro-do-rio\/\"]}]},{\"@type\":\"BreadcrumbList\",\"@id\":\"https:\/\/www.encontracentroriodejaneiro.com.br\/noticias\/exposicao-rio-de-imagens-uma-paisagem-em-construcao-e-atracao-no-centro-do-rio\/#breadcrumb\",\"itemListElement\":[{\"@type\":\"ListItem\",\"position\":1,\"name\":\"In\u00edcio\",\"item\":\"https:\/\/www.encontracentroriodejaneiro.com.br\/noticias\/\"},{\"@type\":\"ListItem\",\"position\":2,\"name\":\"Exposi\u00e7\u00e3o Rio de Imagens &#8211; Uma paisagem em constru\u00e7\u00e3o \u00e9 atra\u00e7\u00e3o no Centro do Rio\"}]},{\"@type\":\"WebSite\",\"@id\":\"https:\/\/www.encontracentroriodejaneiro.com.br\/noticias\/#website\",\"url\":\"https:\/\/www.encontracentroriodejaneiro.com.br\/noticias\/\",\"name\":\"Not\u00edcias do Bairro Centro RJ\",\"description\":\"Not\u00edcias, eventos, informa\u00e7\u00f5es e dicas no Bairro Centro RJ e regi\u00e3o\",\"potentialAction\":[{\"@type\":\"SearchAction\",\"target\":{\"@type\":\"EntryPoint\",\"urlTemplate\":\"https:\/\/www.encontracentroriodejaneiro.com.br\/noticias\/?s={search_term_string}\"},\"query-input\":{\"@type\":\"PropertyValueSpecification\",\"valueRequired\":true,\"valueName\":\"search_term_string\"}}],\"inLanguage\":\"pt-BR\"},{\"@type\":\"Person\",\"@id\":\"https:\/\/www.encontracentroriodejaneiro.com.br\/noticias\/#\/schema\/person\/d3a6c0305ffb5ffec8e9c6aefa0cbbce\",\"name\":\"Encontra Centro RJ\",\"image\":{\"@type\":\"ImageObject\",\"inLanguage\":\"pt-BR\",\"@id\":\"https:\/\/www.encontracentroriodejaneiro.com.br\/noticias\/#\/schema\/person\/image\/\",\"url\":\"https:\/\/secure.gravatar.com\/avatar\/507340682b8270222e1f208e23198b6ae7e2c6a1033ae84e99bc6bce4f82a387?s=96&d=mm&r=g\",\"contentUrl\":\"https:\/\/secure.gravatar.com\/avatar\/507340682b8270222e1f208e23198b6ae7e2c6a1033ae84e99bc6bce4f82a387?s=96&d=mm&r=g\",\"caption\":\"Encontra Centro RJ\"},\"sameAs\":[\"http:\/\/www.encontracentroriodejaneiro.com.br\"],\"url\":\"https:\/\/www.encontracentroriodejaneiro.com.br\/noticias\/author\/ecentroriodejaneiro\/\"}]}<\/script>\n<!-- \/ Yoast SEO plugin. -->","yoast_head_json":{"title":"Exposi\u00e7\u00e3o Rio de Imagens - Uma paisagem em constru\u00e7\u00e3o \u00e9 atra\u00e7\u00e3o no Centro do Rio - Not\u00edcias do Bairro Centro RJ","robots":{"index":"index","follow":"follow","max-snippet":"max-snippet:-1","max-image-preview":"max-image-preview:large","max-video-preview":"max-video-preview:-1"},"canonical":"https:\/\/www.encontracentroriodejaneiro.com.br\/noticias\/exposicao-rio-de-imagens-uma-paisagem-em-construcao-e-atracao-no-centro-do-rio\/","og_locale":"pt_BR","og_type":"article","og_title":"Exposi\u00e7\u00e3o Rio de Imagens - Uma paisagem em constru\u00e7\u00e3o \u00e9 atra\u00e7\u00e3o no Centro do Rio - Not\u00edcias do Bairro Centro RJ","og_description":"O rec\u00e9m-inaugurado Museu de Arte do Rio &#8211; MAR apresenta, at\u00e9 28 de julho de 2013, a exposi\u00e7\u00e3o Rio de Imagens &#8211; Uma paisagem em constru\u00e7\u00e3o, com pre\u00e7os populares. Tomando o terceiro andar do novo museu na Zona Portu\u00e1ria, s\u00e3o cerca de 400 pe\u00e7as em exibi\u00e7\u00e3o. Da cartografia ao v\u00eddeo, passando por pintura, gravura, desenho, [&hellip;]","og_url":"https:\/\/www.encontracentroriodejaneiro.com.br\/noticias\/exposicao-rio-de-imagens-uma-paisagem-em-construcao-e-atracao-no-centro-do-rio\/","og_site_name":"Not\u00edcias do Bairro Centro RJ","article_published_time":"2013-06-25T14:15:42+00:00","article_modified_time":"2013-06-25T14:16:00+00:00","author":"Encontra Centro RJ","twitter_card":"summary_large_image","twitter_misc":{"Escrito por":"Encontra Centro RJ","Est. tempo de leitura":"1 minuto"},"schema":{"@context":"https:\/\/schema.org","@graph":[{"@type":"WebPage","@id":"https:\/\/www.encontracentroriodejaneiro.com.br\/noticias\/exposicao-rio-de-imagens-uma-paisagem-em-construcao-e-atracao-no-centro-do-rio\/","url":"https:\/\/www.encontracentroriodejaneiro.com.br\/noticias\/exposicao-rio-de-imagens-uma-paisagem-em-construcao-e-atracao-no-centro-do-rio\/","name":"Exposi\u00e7\u00e3o Rio de Imagens - Uma paisagem em constru\u00e7\u00e3o \u00e9 atra\u00e7\u00e3o no Centro do Rio - Not\u00edcias do Bairro Centro RJ","isPartOf":{"@id":"https:\/\/www.encontracentroriodejaneiro.com.br\/noticias\/#website"},"datePublished":"2013-06-25T14:15:42+00:00","dateModified":"2013-06-25T14:16:00+00:00","author":{"@id":"https:\/\/www.encontracentroriodejaneiro.com.br\/noticias\/#\/schema\/person\/d3a6c0305ffb5ffec8e9c6aefa0cbbce"},"breadcrumb":{"@id":"https:\/\/www.encontracentroriodejaneiro.com.br\/noticias\/exposicao-rio-de-imagens-uma-paisagem-em-construcao-e-atracao-no-centro-do-rio\/#breadcrumb"},"inLanguage":"pt-BR","potentialAction":[{"@type":"ReadAction","target":["https:\/\/www.encontracentroriodejaneiro.com.br\/noticias\/exposicao-rio-de-imagens-uma-paisagem-em-construcao-e-atracao-no-centro-do-rio\/"]}]},{"@type":"BreadcrumbList","@id":"https:\/\/www.encontracentroriodejaneiro.com.br\/noticias\/exposicao-rio-de-imagens-uma-paisagem-em-construcao-e-atracao-no-centro-do-rio\/#breadcrumb","itemListElement":[{"@type":"ListItem","position":1,"name":"In\u00edcio","item":"https:\/\/www.encontracentroriodejaneiro.com.br\/noticias\/"},{"@type":"ListItem","position":2,"name":"Exposi\u00e7\u00e3o Rio de Imagens &#8211; Uma paisagem em constru\u00e7\u00e3o \u00e9 atra\u00e7\u00e3o no Centro do Rio"}]},{"@type":"WebSite","@id":"https:\/\/www.encontracentroriodejaneiro.com.br\/noticias\/#website","url":"https:\/\/www.encontracentroriodejaneiro.com.br\/noticias\/","name":"Not\u00edcias do Bairro Centro RJ","description":"Not\u00edcias, eventos, informa\u00e7\u00f5es e dicas no Bairro Centro RJ e regi\u00e3o","potentialAction":[{"@type":"SearchAction","target":{"@type":"EntryPoint","urlTemplate":"https:\/\/www.encontracentroriodejaneiro.com.br\/noticias\/?s={search_term_string}"},"query-input":{"@type":"PropertyValueSpecification","valueRequired":true,"valueName":"search_term_string"}}],"inLanguage":"pt-BR"},{"@type":"Person","@id":"https:\/\/www.encontracentroriodejaneiro.com.br\/noticias\/#\/schema\/person\/d3a6c0305ffb5ffec8e9c6aefa0cbbce","name":"Encontra Centro RJ","image":{"@type":"ImageObject","inLanguage":"pt-BR","@id":"https:\/\/www.encontracentroriodejaneiro.com.br\/noticias\/#\/schema\/person\/image\/","url":"https:\/\/secure.gravatar.com\/avatar\/507340682b8270222e1f208e23198b6ae7e2c6a1033ae84e99bc6bce4f82a387?s=96&d=mm&r=g","contentUrl":"https:\/\/secure.gravatar.com\/avatar\/507340682b8270222e1f208e23198b6ae7e2c6a1033ae84e99bc6bce4f82a387?s=96&d=mm&r=g","caption":"Encontra Centro RJ"},"sameAs":["http:\/\/www.encontracentroriodejaneiro.com.br"],"url":"https:\/\/www.encontracentroriodejaneiro.com.br\/noticias\/author\/ecentroriodejaneiro\/"}]}},"_links":{"self":[{"href":"https:\/\/www.encontracentroriodejaneiro.com.br\/noticias\/wp-json\/wp\/v2\/posts\/724","targetHints":{"allow":["GET"]}}],"collection":[{"href":"https:\/\/www.encontracentroriodejaneiro.com.br\/noticias\/wp-json\/wp\/v2\/posts"}],"about":[{"href":"https:\/\/www.encontracentroriodejaneiro.com.br\/noticias\/wp-json\/wp\/v2\/types\/post"}],"author":[{"embeddable":true,"href":"https:\/\/www.encontracentroriodejaneiro.com.br\/noticias\/wp-json\/wp\/v2\/users\/1"}],"replies":[{"embeddable":true,"href":"https:\/\/www.encontracentroriodejaneiro.com.br\/noticias\/wp-json\/wp\/v2\/comments?post=724"}],"version-history":[{"count":2,"href":"https:\/\/www.encontracentroriodejaneiro.com.br\/noticias\/wp-json\/wp\/v2\/posts\/724\/revisions"}],"predecessor-version":[{"id":726,"href":"https:\/\/www.encontracentroriodejaneiro.com.br\/noticias\/wp-json\/wp\/v2\/posts\/724\/revisions\/726"}],"wp:attachment":[{"href":"https:\/\/www.encontracentroriodejaneiro.com.br\/noticias\/wp-json\/wp\/v2\/media?parent=724"}],"wp:term":[{"taxonomy":"category","embeddable":true,"href":"https:\/\/www.encontracentroriodejaneiro.com.br\/noticias\/wp-json\/wp\/v2\/categories?post=724"},{"taxonomy":"post_tag","embeddable":true,"href":"https:\/\/www.encontracentroriodejaneiro.com.br\/noticias\/wp-json\/wp\/v2\/tags?post=724"}],"curies":[{"name":"wp","href":"https:\/\/api.w.org\/{rel}","templated":true}]}}