{"id":727,"date":"2013-06-26T00:17:51","date_gmt":"2013-06-26T02:17:51","guid":{"rendered":"http:\/\/www.encontracentroriodejaneiro.com.br\/noticias\/?p=727"},"modified":"2013-06-25T21:19:22","modified_gmt":"2013-06-25T23:19:22","slug":"vias-de-copacabana-e-do-centro-do-rio-recebem-servicos-de-sinalizacao-horizontal","status":"publish","type":"post","link":"https:\/\/www.encontracentroriodejaneiro.com.br\/noticias\/vias-de-copacabana-e-do-centro-do-rio-recebem-servicos-de-sinalizacao-horizontal\/","title":{"rendered":"Vias de Copacabana e do Centro do Rio recebem servi\u00e7os de sinaliza\u00e7\u00e3o horizontal"},"content":{"rendered":"<p>A Secretaria de Conserva\u00e7\u00e3o vai concluir, nesta sexta-feira (28.06), servi\u00e7os de sinaliza\u00e7\u00e3o horizontal em trechos das avenidas Atl\u00e2ntica, em Copacabana; Presidente Castelo Branco, na Tijuca; Engenheiro Souza Filho, no Itanhang\u00e1, e Rua Arcos da Lapa, no Centro.<\/p>\n<p>O trabalho executado por equipes da Coordenadoria Geral de Conserva\u00e7\u00e3o ser\u00e1 realizado das 22h \u00e0s 5h, com apoio da CET-Rio.<\/p>\n<p><em>Fonte: Prefeitura do Rio<\/em><\/p>\n","protected":false},"excerpt":{"rendered":"<p>A Secretaria de Conserva\u00e7\u00e3o vai concluir, nesta sexta-feira (28.06), servi\u00e7os de sinaliza\u00e7\u00e3o horizontal em trechos das avenidas Atl\u00e2ntica, em Copacabana; Presidente Castelo Branco, na Tijuca; Engenheiro Souza Filho, no Itanhang\u00e1, e Rua Arcos da Lapa, no Centro. O trabalho executado por equipes da Coordenadoria Geral de Conserva\u00e7\u00e3o ser\u00e1 realizado das 22h \u00e0s 5h, com apoio [&hellip;]<\/p>\n","protected":false},"author":1,"featured_media":0,"comment_status":"open","ping_status":"open","sticky":false,"template":"","format":"standard","meta":{"footnotes":""},"categories":[6],"tags":[],"class_list":["post-727","post","type-post","status-publish","format-standard","hentry","category-noticias"],"yoast_head":"<!-- This site is optimized with the Yoast SEO plugin v25.9 - https:\/\/yoast.com\/wordpress\/plugins\/seo\/ -->\n<title>Vias de Copacabana e do Centro do Rio recebem servi\u00e7os de sinaliza\u00e7\u00e3o horizontal - Not\u00edcias do Bairro Centro RJ<\/title>\n<meta name=\"robots\" content=\"index, follow, max-snippet:-1, max-image-preview:large, max-video-preview:-1\" \/>\n<link rel=\"canonical\" href=\"https:\/\/www.encontracentroriodejaneiro.com.br\/noticias\/vias-de-copacabana-e-do-centro-do-rio-recebem-servicos-de-sinalizacao-horizontal\/\" \/>\n<meta property=\"og:locale\" content=\"pt_BR\" \/>\n<meta property=\"og:type\" content=\"article\" \/>\n<meta property=\"og:title\" content=\"Vias de Copacabana e do Centro do Rio recebem servi\u00e7os de sinaliza\u00e7\u00e3o horizontal - Not\u00edcias do Bairro Centro RJ\" \/>\n<meta property=\"og:description\" content=\"A Secretaria de Conserva\u00e7\u00e3o vai concluir, nesta sexta-feira (28.06), servi\u00e7os de sinaliza\u00e7\u00e3o horizontal em trechos das avenidas Atl\u00e2ntica, em Copacabana; Presidente Castelo Branco, na Tijuca; Engenheiro Souza Filho, no Itanhang\u00e1, e Rua Arcos da Lapa, no Centro. O trabalho executado por equipes da Coordenadoria Geral de Conserva\u00e7\u00e3o ser\u00e1 realizado das 22h \u00e0s 5h, com apoio [&hellip;]\" \/>\n<meta property=\"og:url\" content=\"https:\/\/www.encontracentroriodejaneiro.com.br\/noticias\/vias-de-copacabana-e-do-centro-do-rio-recebem-servicos-de-sinalizacao-horizontal\/\" \/>\n<meta property=\"og:site_name\" content=\"Not\u00edcias do Bairro Centro RJ\" \/>\n<meta property=\"article:published_time\" content=\"2013-06-26T02:17:51+00:00\" \/>\n<meta name=\"author\" content=\"Encontra Centro RJ\" \/>\n<meta name=\"twitter:card\" content=\"summary_large_image\" \/>\n<meta name=\"twitter:label1\" content=\"Escrito por\" \/>\n\t<meta name=\"twitter:data1\" content=\"Encontra Centro RJ\" \/>\n<script type=\"application\/ld+json\" class=\"yoast-schema-graph\">{\"@context\":\"https:\/\/schema.org\",\"@graph\":[{\"@type\":\"WebPage\",\"@id\":\"https:\/\/www.encontracentroriodejaneiro.com.br\/noticias\/vias-de-copacabana-e-do-centro-do-rio-recebem-servicos-de-sinalizacao-horizontal\/\",\"url\":\"https:\/\/www.encontracentroriodejaneiro.com.br\/noticias\/vias-de-copacabana-e-do-centro-do-rio-recebem-servicos-de-sinalizacao-horizontal\/\",\"name\":\"Vias de Copacabana e do Centro do Rio recebem servi\u00e7os de sinaliza\u00e7\u00e3o horizontal - Not\u00edcias do Bairro Centro RJ\",\"isPartOf\":{\"@id\":\"https:\/\/www.encontracentroriodejaneiro.com.br\/noticias\/#website\"},\"datePublished\":\"2013-06-26T02:17:51+00:00\",\"author\":{\"@id\":\"https:\/\/www.encontracentroriodejaneiro.com.br\/noticias\/#\/schema\/person\/d3a6c0305ffb5ffec8e9c6aefa0cbbce\"},\"breadcrumb\":{\"@id\":\"https:\/\/www.encontracentroriodejaneiro.com.br\/noticias\/vias-de-copacabana-e-do-centro-do-rio-recebem-servicos-de-sinalizacao-horizontal\/#breadcrumb\"},\"inLanguage\":\"pt-BR\",\"potentialAction\":[{\"@type\":\"ReadAction\",\"target\":[\"https:\/\/www.encontracentroriodejaneiro.com.br\/noticias\/vias-de-copacabana-e-do-centro-do-rio-recebem-servicos-de-sinalizacao-horizontal\/\"]}]},{\"@type\":\"BreadcrumbList\",\"@id\":\"https:\/\/www.encontracentroriodejaneiro.com.br\/noticias\/vias-de-copacabana-e-do-centro-do-rio-recebem-servicos-de-sinalizacao-horizontal\/#breadcrumb\",\"itemListElement\":[{\"@type\":\"ListItem\",\"position\":1,\"name\":\"In\u00edcio\",\"item\":\"https:\/\/www.encontracentroriodejaneiro.com.br\/noticias\/\"},{\"@type\":\"ListItem\",\"position\":2,\"name\":\"Vias de Copacabana e do Centro do Rio recebem servi\u00e7os de sinaliza\u00e7\u00e3o horizontal\"}]},{\"@type\":\"WebSite\",\"@id\":\"https:\/\/www.encontracentroriodejaneiro.com.br\/noticias\/#website\",\"url\":\"https:\/\/www.encontracentroriodejaneiro.com.br\/noticias\/\",\"name\":\"Not\u00edcias do Bairro Centro RJ\",\"description\":\"Not\u00edcias, eventos, informa\u00e7\u00f5es e dicas no Bairro Centro RJ e regi\u00e3o\",\"potentialAction\":[{\"@type\":\"SearchAction\",\"target\":{\"@type\":\"EntryPoint\",\"urlTemplate\":\"https:\/\/www.encontracentroriodejaneiro.com.br\/noticias\/?s={search_term_string}\"},\"query-input\":{\"@type\":\"PropertyValueSpecification\",\"valueRequired\":true,\"valueName\":\"search_term_string\"}}],\"inLanguage\":\"pt-BR\"},{\"@type\":\"Person\",\"@id\":\"https:\/\/www.encontracentroriodejaneiro.com.br\/noticias\/#\/schema\/person\/d3a6c0305ffb5ffec8e9c6aefa0cbbce\",\"name\":\"Encontra Centro RJ\",\"image\":{\"@type\":\"ImageObject\",\"inLanguage\":\"pt-BR\",\"@id\":\"https:\/\/www.encontracentroriodejaneiro.com.br\/noticias\/#\/schema\/person\/image\/\",\"url\":\"https:\/\/secure.gravatar.com\/avatar\/507340682b8270222e1f208e23198b6ae7e2c6a1033ae84e99bc6bce4f82a387?s=96&d=mm&r=g\",\"contentUrl\":\"https:\/\/secure.gravatar.com\/avatar\/507340682b8270222e1f208e23198b6ae7e2c6a1033ae84e99bc6bce4f82a387?s=96&d=mm&r=g\",\"caption\":\"Encontra Centro RJ\"},\"sameAs\":[\"http:\/\/www.encontracentroriodejaneiro.com.br\"],\"url\":\"https:\/\/www.encontracentroriodejaneiro.com.br\/noticias\/author\/ecentroriodejaneiro\/\"}]}<\/script>\n<!-- \/ Yoast SEO plugin. -->","yoast_head_json":{"title":"Vias de Copacabana e do Centro do Rio recebem servi\u00e7os de sinaliza\u00e7\u00e3o horizontal - Not\u00edcias do Bairro Centro RJ","robots":{"index":"index","follow":"follow","max-snippet":"max-snippet:-1","max-image-preview":"max-image-preview:large","max-video-preview":"max-video-preview:-1"},"canonical":"https:\/\/www.encontracentroriodejaneiro.com.br\/noticias\/vias-de-copacabana-e-do-centro-do-rio-recebem-servicos-de-sinalizacao-horizontal\/","og_locale":"pt_BR","og_type":"article","og_title":"Vias de Copacabana e do Centro do Rio recebem servi\u00e7os de sinaliza\u00e7\u00e3o horizontal - Not\u00edcias do Bairro Centro RJ","og_description":"A Secretaria de Conserva\u00e7\u00e3o vai concluir, nesta sexta-feira (28.06), servi\u00e7os de sinaliza\u00e7\u00e3o horizontal em trechos das avenidas Atl\u00e2ntica, em Copacabana; Presidente Castelo Branco, na Tijuca; Engenheiro Souza Filho, no Itanhang\u00e1, e Rua Arcos da Lapa, no Centro. O trabalho executado por equipes da Coordenadoria Geral de Conserva\u00e7\u00e3o ser\u00e1 realizado das 22h \u00e0s 5h, com apoio [&hellip;]","og_url":"https:\/\/www.encontracentroriodejaneiro.com.br\/noticias\/vias-de-copacabana-e-do-centro-do-rio-recebem-servicos-de-sinalizacao-horizontal\/","og_site_name":"Not\u00edcias do Bairro Centro RJ","article_published_time":"2013-06-26T02:17:51+00:00","author":"Encontra Centro RJ","twitter_card":"summary_large_image","twitter_misc":{"Escrito por":"Encontra Centro RJ"},"schema":{"@context":"https:\/\/schema.org","@graph":[{"@type":"WebPage","@id":"https:\/\/www.encontracentroriodejaneiro.com.br\/noticias\/vias-de-copacabana-e-do-centro-do-rio-recebem-servicos-de-sinalizacao-horizontal\/","url":"https:\/\/www.encontracentroriodejaneiro.com.br\/noticias\/vias-de-copacabana-e-do-centro-do-rio-recebem-servicos-de-sinalizacao-horizontal\/","name":"Vias de Copacabana e do Centro do Rio recebem servi\u00e7os de sinaliza\u00e7\u00e3o horizontal - Not\u00edcias do Bairro Centro RJ","isPartOf":{"@id":"https:\/\/www.encontracentroriodejaneiro.com.br\/noticias\/#website"},"datePublished":"2013-06-26T02:17:51+00:00","author":{"@id":"https:\/\/www.encontracentroriodejaneiro.com.br\/noticias\/#\/schema\/person\/d3a6c0305ffb5ffec8e9c6aefa0cbbce"},"breadcrumb":{"@id":"https:\/\/www.encontracentroriodejaneiro.com.br\/noticias\/vias-de-copacabana-e-do-centro-do-rio-recebem-servicos-de-sinalizacao-horizontal\/#breadcrumb"},"inLanguage":"pt-BR","potentialAction":[{"@type":"ReadAction","target":["https:\/\/www.encontracentroriodejaneiro.com.br\/noticias\/vias-de-copacabana-e-do-centro-do-rio-recebem-servicos-de-sinalizacao-horizontal\/"]}]},{"@type":"BreadcrumbList","@id":"https:\/\/www.encontracentroriodejaneiro.com.br\/noticias\/vias-de-copacabana-e-do-centro-do-rio-recebem-servicos-de-sinalizacao-horizontal\/#breadcrumb","itemListElement":[{"@type":"ListItem","position":1,"name":"In\u00edcio","item":"https:\/\/www.encontracentroriodejaneiro.com.br\/noticias\/"},{"@type":"ListItem","position":2,"name":"Vias de Copacabana e do Centro do Rio recebem servi\u00e7os de sinaliza\u00e7\u00e3o horizontal"}]},{"@type":"WebSite","@id":"https:\/\/www.encontracentroriodejaneiro.com.br\/noticias\/#website","url":"https:\/\/www.encontracentroriodejaneiro.com.br\/noticias\/","name":"Not\u00edcias do Bairro Centro RJ","description":"Not\u00edcias, eventos, informa\u00e7\u00f5es e dicas no Bairro Centro RJ e regi\u00e3o","potentialAction":[{"@type":"SearchAction","target":{"@type":"EntryPoint","urlTemplate":"https:\/\/www.encontracentroriodejaneiro.com.br\/noticias\/?s={search_term_string}"},"query-input":{"@type":"PropertyValueSpecification","valueRequired":true,"valueName":"search_term_string"}}],"inLanguage":"pt-BR"},{"@type":"Person","@id":"https:\/\/www.encontracentroriodejaneiro.com.br\/noticias\/#\/schema\/person\/d3a6c0305ffb5ffec8e9c6aefa0cbbce","name":"Encontra Centro RJ","image":{"@type":"ImageObject","inLanguage":"pt-BR","@id":"https:\/\/www.encontracentroriodejaneiro.com.br\/noticias\/#\/schema\/person\/image\/","url":"https:\/\/secure.gravatar.com\/avatar\/507340682b8270222e1f208e23198b6ae7e2c6a1033ae84e99bc6bce4f82a387?s=96&d=mm&r=g","contentUrl":"https:\/\/secure.gravatar.com\/avatar\/507340682b8270222e1f208e23198b6ae7e2c6a1033ae84e99bc6bce4f82a387?s=96&d=mm&r=g","caption":"Encontra Centro RJ"},"sameAs":["http:\/\/www.encontracentroriodejaneiro.com.br"],"url":"https:\/\/www.encontracentroriodejaneiro.com.br\/noticias\/author\/ecentroriodejaneiro\/"}]}},"_links":{"self":[{"href":"https:\/\/www.encontracentroriodejaneiro.com.br\/noticias\/wp-json\/wp\/v2\/posts\/727","targetHints":{"allow":["GET"]}}],"collection":[{"href":"https:\/\/www.encontracentroriodejaneiro.com.br\/noticias\/wp-json\/wp\/v2\/posts"}],"about":[{"href":"https:\/\/www.encontracentroriodejaneiro.com.br\/noticias\/wp-json\/wp\/v2\/types\/post"}],"author":[{"embeddable":true,"href":"https:\/\/www.encontracentroriodejaneiro.com.br\/noticias\/wp-json\/wp\/v2\/users\/1"}],"replies":[{"embeddable":true,"href":"https:\/\/www.encontracentroriodejaneiro.com.br\/noticias\/wp-json\/wp\/v2\/comments?post=727"}],"version-history":[{"count":2,"href":"https:\/\/www.encontracentroriodejaneiro.com.br\/noticias\/wp-json\/wp\/v2\/posts\/727\/revisions"}],"predecessor-version":[{"id":729,"href":"https:\/\/www.encontracentroriodejaneiro.com.br\/noticias\/wp-json\/wp\/v2\/posts\/727\/revisions\/729"}],"wp:attachment":[{"href":"https:\/\/www.encontracentroriodejaneiro.com.br\/noticias\/wp-json\/wp\/v2\/media?parent=727"}],"wp:term":[{"taxonomy":"category","embeddable":true,"href":"https:\/\/www.encontracentroriodejaneiro.com.br\/noticias\/wp-json\/wp\/v2\/categories?post=727"},{"taxonomy":"post_tag","embeddable":true,"href":"https:\/\/www.encontracentroriodejaneiro.com.br\/noticias\/wp-json\/wp\/v2\/tags?post=727"}],"curies":[{"name":"wp","href":"https:\/\/api.w.org\/{rel}","templated":true}]}}