{"id":730,"date":"2013-06-27T07:16:07","date_gmt":"2013-06-27T09:16:07","guid":{"rendered":"http:\/\/www.encontracentroriodejaneiro.com.br\/noticias\/?p=730"},"modified":"2013-06-27T11:17:26","modified_gmt":"2013-06-27T13:17:26","slug":"batalhao-de-choque-e-forca-nacional-usarao-blindados-em-protesto-de-hoje-no-centro-do-rio","status":"publish","type":"post","link":"https:\/\/www.encontracentroriodejaneiro.com.br\/noticias\/batalhao-de-choque-e-forca-nacional-usarao-blindados-em-protesto-de-hoje-no-centro-do-rio\/","title":{"rendered":"Batalh\u00e3o de Choque e For\u00e7a Nacional usar\u00e3o blindados em protesto de hoje no Centro do Rio"},"content":{"rendered":"<p>Para tentar evitar as cenas de vandalismo que marcaram as \u00faltimas passeatas no Centro \u2014 onde lojas e pr\u00e9dios p\u00fablicos foram saqueados e depredados \u2014, a Pol\u00edcia Militar montou esquema de seguran\u00e7a para as manifesta\u00e7\u00f5es previstas para esta quinta-feira e domingo, quando o Brasil disputa a final da Copa das Confedera\u00e7\u00f5es. Ao menos 500 homens do Batalh\u00e3o de Choque estar\u00e3o nas ruas nesta quinta, a partir das 14h, antes de come\u00e7ar a concentra\u00e7\u00e3o de jovens na Candel\u00e1ria.<\/p>\n<p>No ato da semana passada, que reuniu um milh\u00e3o de pessoas e deixou mais de 40 feridos, a viol\u00eancia de uma minoria chocou a popula\u00e7\u00e3o. Ap\u00f3s estudo do caso, a PM reavaliou a a\u00e7\u00e3o e n\u00e3o deve utilizar a cavalaria.<\/p>\n<p>Os animais formaram cord\u00e3o de isolamento diante do pr\u00e9dio da prefeitura, alvo de bombas lan\u00e7adas pelos manifestantes. No entanto, o susto levado pelos cavalos foi o estopim para confrontos.<\/p>\n<p>Al\u00e9m da tropa de choque, batalh\u00f5es do Centro e de S\u00e3o Crist\u00f3v\u00e3o devem dar apoio. O Bope ficar\u00e1 de prontid\u00e3o no quartel. Policiais ser\u00e3o divididos em grupos, que v\u00e3o percorrer o Centro a p\u00e9 e em viaturas. O Batalh\u00e3o de Choque vai levar um grande aparato: patrulhas, escudos, armamento n\u00e3o letal e carros blindados.<\/p>\n<p>O helic\u00f3ptero da PM tamb\u00e9m dar\u00e1 apoio, caso seja necess\u00e1rio. Esta semana, o batalh\u00e3o recebeu novo carregamento com toneladas de armamentos n\u00e3o letais.<\/p>\n<p>Desde o in\u00edcio do m\u00eas, quando as manifesta\u00e7\u00f5es por mudan\u00e7as pol\u00edticas e sociais proliferaram pela cidade, a escala dos policiais foi mudada para uma folga a cada dia de trabalho. Antes eram duas folgas por turno de 24 horas. Segundo fontes da pol\u00edcia, os agentes foram escalados no sistema de horas extras do Governo do estado (RAIS).<\/p>\n<p><strong>Ato vai parar na C\u00e2mara<\/strong><\/p>\n<p>Os coordenadores do F\u00f3rum de Luta Contra o Aumento das Passagens, grupo que liderou as principais manifesta\u00e7\u00f5es do Rio, decidiu que o trajeto de hoje ser\u00e1 da Candel\u00e1ria \u00e0 Fetranspor, na Rua da Assembleia, com uma parada em frente \u00e0 C\u00e2mara dos Vereadores, na Cinel\u00e2ndia.<\/p>\n<p>\u201cSeguiremos na rua porque nossas pautas n\u00e3o foram atendidas\u201d, explicou Priscila Guedes, de 23 anos, estudante de Hist\u00f3ria na UniRio. A manifesta\u00e7\u00e3o desta quinta-feira foi aprovada na noite de ter\u00e7a-feira, durante uma plen\u00e1ria com a presen\u00e7a de mais de 3 mil estudantes na UFRJ.<\/p>\n<p>As reivindica\u00e7\u00f5es do grupo s\u00e3o: tarifa zero no transporte p\u00fablico para estudantes, desmilitariza\u00e7\u00e3o da pol\u00edcia e liberta\u00e7\u00e3o dos manifestantes presos.<\/p>\n<p>De acordo com o f\u00f3rum, n\u00e3o ser\u00e3o aceitas negocia\u00e7\u00f5es com o governo at\u00e9 que a redu\u00e7\u00e3o das passagens deixe de ser custeada pelo subs\u00eddios aos empres\u00e1rios do setor.<\/p>\n<p><strong>2.500 homens no \u00faltimo jogo<\/strong><\/p>\n<p>Domingo, na final da Copa das Confedera\u00e7\u00f5es, 2.500 policiais v\u00e3o trabalhar na seguran\u00e7a do evento e no policiamento de ato que vem sendo divulgada nas redes sociais. Agentes de todo o estado ser\u00e3o deslocados para dar apoio, sendo cedidos pelos sete Comandos de Policiamento de \u00c1reas da PM. A For\u00e7a Nacional tamb\u00e9m deve ajudar.<\/p>\n<p>O Choque ainda deve utilizar policiais do grupamento de moto e um carro de comando e controle, que capta e envia imagens do evento para a c\u00fapula da Seguran\u00e7a.<\/p>\n<p><em>Fonte: O Dia<\/em><\/p>\n","protected":false},"excerpt":{"rendered":"<p>Para tentar evitar as cenas de vandalismo que marcaram as \u00faltimas passeatas no Centro \u2014 onde lojas e pr\u00e9dios p\u00fablicos foram saqueados e depredados \u2014, a Pol\u00edcia Militar montou esquema de seguran\u00e7a para as manifesta\u00e7\u00f5es previstas para esta quinta-feira e domingo, quando o Brasil disputa a final da Copa das Confedera\u00e7\u00f5es. Ao menos 500 homens [&hellip;]<\/p>\n","protected":false},"author":1,"featured_media":0,"comment_status":"open","ping_status":"open","sticky":false,"template":"","format":"standard","meta":{"footnotes":""},"categories":[6],"tags":[],"class_list":["post-730","post","type-post","status-publish","format-standard","hentry","category-noticias"],"yoast_head":"<!-- This site is optimized with the Yoast SEO plugin v25.9 - https:\/\/yoast.com\/wordpress\/plugins\/seo\/ -->\n<title>Batalh\u00e3o de Choque e For\u00e7a Nacional usar\u00e3o blindados em protesto de hoje no Centro do Rio - Not\u00edcias do Bairro Centro RJ<\/title>\n<meta name=\"robots\" content=\"index, follow, max-snippet:-1, max-image-preview:large, max-video-preview:-1\" \/>\n<link rel=\"canonical\" href=\"https:\/\/www.encontracentroriodejaneiro.com.br\/noticias\/batalhao-de-choque-e-forca-nacional-usarao-blindados-em-protesto-de-hoje-no-centro-do-rio\/\" \/>\n<meta property=\"og:locale\" content=\"pt_BR\" \/>\n<meta property=\"og:type\" content=\"article\" \/>\n<meta property=\"og:title\" content=\"Batalh\u00e3o de Choque e For\u00e7a Nacional usar\u00e3o blindados em protesto de hoje no Centro do Rio - Not\u00edcias do Bairro Centro RJ\" \/>\n<meta property=\"og:description\" content=\"Para tentar evitar as cenas de vandalismo que marcaram as \u00faltimas passeatas no Centro \u2014 onde lojas e pr\u00e9dios p\u00fablicos foram saqueados e depredados \u2014, a Pol\u00edcia Militar montou esquema de seguran\u00e7a para as manifesta\u00e7\u00f5es previstas para esta quinta-feira e domingo, quando o Brasil disputa a final da Copa das Confedera\u00e7\u00f5es. Ao menos 500 homens [&hellip;]\" \/>\n<meta property=\"og:url\" content=\"https:\/\/www.encontracentroriodejaneiro.com.br\/noticias\/batalhao-de-choque-e-forca-nacional-usarao-blindados-em-protesto-de-hoje-no-centro-do-rio\/\" \/>\n<meta property=\"og:site_name\" content=\"Not\u00edcias do Bairro Centro RJ\" \/>\n<meta property=\"article:published_time\" content=\"2013-06-27T09:16:07+00:00\" \/>\n<meta property=\"article:modified_time\" content=\"2013-06-27T13:17:26+00:00\" \/>\n<meta name=\"author\" content=\"Encontra Centro RJ\" \/>\n<meta name=\"twitter:card\" content=\"summary_large_image\" \/>\n<meta name=\"twitter:label1\" content=\"Escrito por\" \/>\n\t<meta name=\"twitter:data1\" content=\"Encontra Centro RJ\" \/>\n\t<meta name=\"twitter:label2\" content=\"Est. tempo de leitura\" \/>\n\t<meta name=\"twitter:data2\" content=\"3 minutos\" \/>\n<script type=\"application\/ld+json\" class=\"yoast-schema-graph\">{\"@context\":\"https:\/\/schema.org\",\"@graph\":[{\"@type\":\"WebPage\",\"@id\":\"https:\/\/www.encontracentroriodejaneiro.com.br\/noticias\/batalhao-de-choque-e-forca-nacional-usarao-blindados-em-protesto-de-hoje-no-centro-do-rio\/\",\"url\":\"https:\/\/www.encontracentroriodejaneiro.com.br\/noticias\/batalhao-de-choque-e-forca-nacional-usarao-blindados-em-protesto-de-hoje-no-centro-do-rio\/\",\"name\":\"Batalh\u00e3o de Choque e For\u00e7a Nacional usar\u00e3o blindados em protesto de hoje no Centro do Rio - Not\u00edcias do Bairro Centro RJ\",\"isPartOf\":{\"@id\":\"https:\/\/www.encontracentroriodejaneiro.com.br\/noticias\/#website\"},\"datePublished\":\"2013-06-27T09:16:07+00:00\",\"dateModified\":\"2013-06-27T13:17:26+00:00\",\"author\":{\"@id\":\"https:\/\/www.encontracentroriodejaneiro.com.br\/noticias\/#\/schema\/person\/d3a6c0305ffb5ffec8e9c6aefa0cbbce\"},\"breadcrumb\":{\"@id\":\"https:\/\/www.encontracentroriodejaneiro.com.br\/noticias\/batalhao-de-choque-e-forca-nacional-usarao-blindados-em-protesto-de-hoje-no-centro-do-rio\/#breadcrumb\"},\"inLanguage\":\"pt-BR\",\"potentialAction\":[{\"@type\":\"ReadAction\",\"target\":[\"https:\/\/www.encontracentroriodejaneiro.com.br\/noticias\/batalhao-de-choque-e-forca-nacional-usarao-blindados-em-protesto-de-hoje-no-centro-do-rio\/\"]}]},{\"@type\":\"BreadcrumbList\",\"@id\":\"https:\/\/www.encontracentroriodejaneiro.com.br\/noticias\/batalhao-de-choque-e-forca-nacional-usarao-blindados-em-protesto-de-hoje-no-centro-do-rio\/#breadcrumb\",\"itemListElement\":[{\"@type\":\"ListItem\",\"position\":1,\"name\":\"In\u00edcio\",\"item\":\"https:\/\/www.encontracentroriodejaneiro.com.br\/noticias\/\"},{\"@type\":\"ListItem\",\"position\":2,\"name\":\"Batalh\u00e3o de Choque e For\u00e7a Nacional usar\u00e3o blindados em protesto de hoje no Centro do Rio\"}]},{\"@type\":\"WebSite\",\"@id\":\"https:\/\/www.encontracentroriodejaneiro.com.br\/noticias\/#website\",\"url\":\"https:\/\/www.encontracentroriodejaneiro.com.br\/noticias\/\",\"name\":\"Not\u00edcias do Bairro Centro RJ\",\"description\":\"Not\u00edcias, eventos, informa\u00e7\u00f5es e dicas no Bairro Centro RJ e regi\u00e3o\",\"potentialAction\":[{\"@type\":\"SearchAction\",\"target\":{\"@type\":\"EntryPoint\",\"urlTemplate\":\"https:\/\/www.encontracentroriodejaneiro.com.br\/noticias\/?s={search_term_string}\"},\"query-input\":{\"@type\":\"PropertyValueSpecification\",\"valueRequired\":true,\"valueName\":\"search_term_string\"}}],\"inLanguage\":\"pt-BR\"},{\"@type\":\"Person\",\"@id\":\"https:\/\/www.encontracentroriodejaneiro.com.br\/noticias\/#\/schema\/person\/d3a6c0305ffb5ffec8e9c6aefa0cbbce\",\"name\":\"Encontra Centro RJ\",\"image\":{\"@type\":\"ImageObject\",\"inLanguage\":\"pt-BR\",\"@id\":\"https:\/\/www.encontracentroriodejaneiro.com.br\/noticias\/#\/schema\/person\/image\/\",\"url\":\"https:\/\/secure.gravatar.com\/avatar\/507340682b8270222e1f208e23198b6ae7e2c6a1033ae84e99bc6bce4f82a387?s=96&d=mm&r=g\",\"contentUrl\":\"https:\/\/secure.gravatar.com\/avatar\/507340682b8270222e1f208e23198b6ae7e2c6a1033ae84e99bc6bce4f82a387?s=96&d=mm&r=g\",\"caption\":\"Encontra Centro RJ\"},\"sameAs\":[\"http:\/\/www.encontracentroriodejaneiro.com.br\"],\"url\":\"https:\/\/www.encontracentroriodejaneiro.com.br\/noticias\/author\/ecentroriodejaneiro\/\"}]}<\/script>\n<!-- \/ Yoast SEO plugin. -->","yoast_head_json":{"title":"Batalh\u00e3o de Choque e For\u00e7a Nacional usar\u00e3o blindados em protesto de hoje no Centro do Rio - Not\u00edcias do Bairro Centro RJ","robots":{"index":"index","follow":"follow","max-snippet":"max-snippet:-1","max-image-preview":"max-image-preview:large","max-video-preview":"max-video-preview:-1"},"canonical":"https:\/\/www.encontracentroriodejaneiro.com.br\/noticias\/batalhao-de-choque-e-forca-nacional-usarao-blindados-em-protesto-de-hoje-no-centro-do-rio\/","og_locale":"pt_BR","og_type":"article","og_title":"Batalh\u00e3o de Choque e For\u00e7a Nacional usar\u00e3o blindados em protesto de hoje no Centro do Rio - Not\u00edcias do Bairro Centro RJ","og_description":"Para tentar evitar as cenas de vandalismo que marcaram as \u00faltimas passeatas no Centro \u2014 onde lojas e pr\u00e9dios p\u00fablicos foram saqueados e depredados \u2014, a Pol\u00edcia Militar montou esquema de seguran\u00e7a para as manifesta\u00e7\u00f5es previstas para esta quinta-feira e domingo, quando o Brasil disputa a final da Copa das Confedera\u00e7\u00f5es. Ao menos 500 homens [&hellip;]","og_url":"https:\/\/www.encontracentroriodejaneiro.com.br\/noticias\/batalhao-de-choque-e-forca-nacional-usarao-blindados-em-protesto-de-hoje-no-centro-do-rio\/","og_site_name":"Not\u00edcias do Bairro Centro RJ","article_published_time":"2013-06-27T09:16:07+00:00","article_modified_time":"2013-06-27T13:17:26+00:00","author":"Encontra Centro RJ","twitter_card":"summary_large_image","twitter_misc":{"Escrito por":"Encontra Centro RJ","Est. tempo de leitura":"3 minutos"},"schema":{"@context":"https:\/\/schema.org","@graph":[{"@type":"WebPage","@id":"https:\/\/www.encontracentroriodejaneiro.com.br\/noticias\/batalhao-de-choque-e-forca-nacional-usarao-blindados-em-protesto-de-hoje-no-centro-do-rio\/","url":"https:\/\/www.encontracentroriodejaneiro.com.br\/noticias\/batalhao-de-choque-e-forca-nacional-usarao-blindados-em-protesto-de-hoje-no-centro-do-rio\/","name":"Batalh\u00e3o de Choque e For\u00e7a Nacional usar\u00e3o blindados em protesto de hoje no Centro do Rio - Not\u00edcias do Bairro Centro RJ","isPartOf":{"@id":"https:\/\/www.encontracentroriodejaneiro.com.br\/noticias\/#website"},"datePublished":"2013-06-27T09:16:07+00:00","dateModified":"2013-06-27T13:17:26+00:00","author":{"@id":"https:\/\/www.encontracentroriodejaneiro.com.br\/noticias\/#\/schema\/person\/d3a6c0305ffb5ffec8e9c6aefa0cbbce"},"breadcrumb":{"@id":"https:\/\/www.encontracentroriodejaneiro.com.br\/noticias\/batalhao-de-choque-e-forca-nacional-usarao-blindados-em-protesto-de-hoje-no-centro-do-rio\/#breadcrumb"},"inLanguage":"pt-BR","potentialAction":[{"@type":"ReadAction","target":["https:\/\/www.encontracentroriodejaneiro.com.br\/noticias\/batalhao-de-choque-e-forca-nacional-usarao-blindados-em-protesto-de-hoje-no-centro-do-rio\/"]}]},{"@type":"BreadcrumbList","@id":"https:\/\/www.encontracentroriodejaneiro.com.br\/noticias\/batalhao-de-choque-e-forca-nacional-usarao-blindados-em-protesto-de-hoje-no-centro-do-rio\/#breadcrumb","itemListElement":[{"@type":"ListItem","position":1,"name":"In\u00edcio","item":"https:\/\/www.encontracentroriodejaneiro.com.br\/noticias\/"},{"@type":"ListItem","position":2,"name":"Batalh\u00e3o de Choque e For\u00e7a Nacional usar\u00e3o blindados em protesto de hoje no Centro do Rio"}]},{"@type":"WebSite","@id":"https:\/\/www.encontracentroriodejaneiro.com.br\/noticias\/#website","url":"https:\/\/www.encontracentroriodejaneiro.com.br\/noticias\/","name":"Not\u00edcias do Bairro Centro RJ","description":"Not\u00edcias, eventos, informa\u00e7\u00f5es e dicas no Bairro Centro RJ e regi\u00e3o","potentialAction":[{"@type":"SearchAction","target":{"@type":"EntryPoint","urlTemplate":"https:\/\/www.encontracentroriodejaneiro.com.br\/noticias\/?s={search_term_string}"},"query-input":{"@type":"PropertyValueSpecification","valueRequired":true,"valueName":"search_term_string"}}],"inLanguage":"pt-BR"},{"@type":"Person","@id":"https:\/\/www.encontracentroriodejaneiro.com.br\/noticias\/#\/schema\/person\/d3a6c0305ffb5ffec8e9c6aefa0cbbce","name":"Encontra Centro RJ","image":{"@type":"ImageObject","inLanguage":"pt-BR","@id":"https:\/\/www.encontracentroriodejaneiro.com.br\/noticias\/#\/schema\/person\/image\/","url":"https:\/\/secure.gravatar.com\/avatar\/507340682b8270222e1f208e23198b6ae7e2c6a1033ae84e99bc6bce4f82a387?s=96&d=mm&r=g","contentUrl":"https:\/\/secure.gravatar.com\/avatar\/507340682b8270222e1f208e23198b6ae7e2c6a1033ae84e99bc6bce4f82a387?s=96&d=mm&r=g","caption":"Encontra Centro RJ"},"sameAs":["http:\/\/www.encontracentroriodejaneiro.com.br"],"url":"https:\/\/www.encontracentroriodejaneiro.com.br\/noticias\/author\/ecentroriodejaneiro\/"}]}},"_links":{"self":[{"href":"https:\/\/www.encontracentroriodejaneiro.com.br\/noticias\/wp-json\/wp\/v2\/posts\/730","targetHints":{"allow":["GET"]}}],"collection":[{"href":"https:\/\/www.encontracentroriodejaneiro.com.br\/noticias\/wp-json\/wp\/v2\/posts"}],"about":[{"href":"https:\/\/www.encontracentroriodejaneiro.com.br\/noticias\/wp-json\/wp\/v2\/types\/post"}],"author":[{"embeddable":true,"href":"https:\/\/www.encontracentroriodejaneiro.com.br\/noticias\/wp-json\/wp\/v2\/users\/1"}],"replies":[{"embeddable":true,"href":"https:\/\/www.encontracentroriodejaneiro.com.br\/noticias\/wp-json\/wp\/v2\/comments?post=730"}],"version-history":[{"count":1,"href":"https:\/\/www.encontracentroriodejaneiro.com.br\/noticias\/wp-json\/wp\/v2\/posts\/730\/revisions"}],"predecessor-version":[{"id":731,"href":"https:\/\/www.encontracentroriodejaneiro.com.br\/noticias\/wp-json\/wp\/v2\/posts\/730\/revisions\/731"}],"wp:attachment":[{"href":"https:\/\/www.encontracentroriodejaneiro.com.br\/noticias\/wp-json\/wp\/v2\/media?parent=730"}],"wp:term":[{"taxonomy":"category","embeddable":true,"href":"https:\/\/www.encontracentroriodejaneiro.com.br\/noticias\/wp-json\/wp\/v2\/categories?post=730"},{"taxonomy":"post_tag","embeddable":true,"href":"https:\/\/www.encontracentroriodejaneiro.com.br\/noticias\/wp-json\/wp\/v2\/tags?post=730"}],"curies":[{"name":"wp","href":"https:\/\/api.w.org\/{rel}","templated":true}]}}