{"id":78,"date":"2012-01-04T19:32:54","date_gmt":"2012-01-04T21:32:54","guid":{"rendered":"http:\/\/www.encontracentroriodejaneiro.com.br\/noticias\/?p=78"},"modified":"2013-08-15T14:18:29","modified_gmt":"2013-08-15T16:18:29","slug":"tres-bueiros-explodem-em-frente-ao-tribunal-de-justica-%e2%80%8eno-centro-do-rj","status":"publish","type":"post","link":"https:\/\/www.encontracentroriodejaneiro.com.br\/noticias\/tres-bueiros-explodem-em-frente-ao-tribunal-de-justica-%e2%80%8eno-centro-do-rj\/","title":{"rendered":"Tr\u00eas bueiros explodem em frente ao Tribunal de Justi\u00e7a \u200eno Centro do RJ"},"content":{"rendered":"<p>Pelo menos uma pessoa ficou ferida depois que tr\u00eas bueiros da Light explodiram na Rua Erasmo Braga, em frente ao Tribunal de Justi\u00e7a, no bairro Centro do Rio de Janeiro, na tarde desta quarta-feira. De acordo com bombeiros, o forte calor emitido pela explos\u00e3o teria queimado uma mulher, identificada apenas como Daniela, que passava nas proximidades do local do acidente. Ela sofreu leves escoria\u00e7\u00f5es nos bra\u00e7os e teve parte da roupa queimada, e foi atendida pela brigada de incendio do TJ.<\/p>\n<p>O sargento Marcelo Lima, informado pelos funcion\u00e1rios do F\u00f3rum sobre a explos\u00e3o, foi \u00e0 Rua Erasmo Braga e prestou os primeiros socorros \u00e0 v\u00edtima. Um dos bueiros explodiu sob um carro estacionado. O Fiat Uno sofreu avarias. Dois T\u00e9cnicos da Light est\u00e3o no local do incidente e isolaram \u00e1rea. H\u00e1 um forte cheiro de g\u00e1s de queimado.<\/p>\n<p>N\u00e3o \u00e9 de hoje que o Rio convive com uma rotina de explos\u00f5es de bueiros. Ap\u00f3s a s\u00e9rie de explos\u00f5es, foi definido o monitoramento independente dos bueiros do Rio pela empresa Concremat, contratada em car\u00e1ter emergencial e por seis meses. A medida foi tomada a partir de um acordo entre a prefeitura do Rio, o governo estadual, o Minist\u00e9rio P\u00fablico do estado, e o Conselho Regional de Engenharia, Arquitetura e Agronomia (Crea-RJ), e custou cerca de R$ 4,200 milh\u00f5es aos cofres municipais. De acordo com a secretaria de Conserva\u00e7\u00e3o e Servi\u00e7os P\u00fablicos do Rio, at\u00e9 o momento foram encontrados 272 bueiros com alto risco de explos\u00e3o no Rio. S\u00f3 nesta quarta-feira, mais quatro foram identificados no Centro e na Tijuca. Desde o inicio da opera\u00e7\u00e3o, em agosto de 2011, foram realizadas 33.111 vistorias em bueiros na cidade.<\/p>\n<p>Em 2011, foram muitos os casos de explos\u00f5es na cidade. No dia 5 julho de 2011, na esquina da Rua Sete de Setembro com a Pra\u00e7a Tiradentes, um bueiro soltou fuma\u00e7a e depois labaredas. Uma hora depois, quando os bombeiros j\u00e1 estavam no local, uma explos\u00e3o deslocou a tampa do bueiro, mas sem deixar feridos. No dia 4 de julho, explos\u00f5es arremessaram quatro tampas de bueiros da Light na Rua da Assembleia, pr\u00f3ximo ao Largo da Carioca, deixando dois feridos. Na \u00e9poca, a Secretaria municipal de Conserva\u00e7\u00e3o prometeu multar a concession\u00e1ria de energia por danos ao patrim\u00f4nio p\u00fablico e interdi\u00e7\u00e3o de vias.<\/p>\n<p>No dia 2 de julho, labaredas de seis metros de altura assustaram comerciantes e quem passava pela Rua da Constitui\u00e7\u00e3o, no Centro. Por volta das 16h, mais uma bueiro da Light explodiu na cidade. Houve p\u00e2nico e correria, mas ningu\u00e9m ficou ferido. Tamb\u00e9m em julho, um forte cheiro de g\u00e1s que sa\u00eda de um bueiro da Light mobilizou bombeiros do Quartel Central da corpora\u00e7\u00e3o e t\u00e9cnicos da concession\u00e1ria de energia e da CEG. O problema foi detectado durante inspe\u00e7\u00e3o de rotina da Light num bueiro da Rua Sete de Setembro, pr\u00f3ximo \u00e0 esquina com a Gon\u00e7alves Dias.<\/p>\n<p>No dia 3 de maio, pela terceira vez em cerca de tr\u00eas meses, o bueiro da Light localizado na cal\u00e7ada em frente ao pr\u00e9dio de n\u00famero 177 da Rua Marqu\u00eas de Abrantes, no Flamengo, soltou grande quantidade de fuma\u00e7a. No dia 1\u00ba de abril, outro susto. Uma c\u00e2mara transformadora explodiu, na esquina da Avenida Nossa Senhora de Copacabana com a Rua Bol\u00edvar, em Copacabana, deixando a cidade em estado de alerta. O epis\u00f3dio acabou com cinco feridos e uma cratera de seis metros de di\u00e2metro no asfalto.<\/p>\n<p>Tr\u00eas explos\u00f5es num bueiro feriram um pedestre em abril ap\u00f3s um defeito num cabo subterr\u00e2neo de baixa tens\u00e3o da Light. O acidente no bueiro na esquina da Rua do Ouvidor com a Gon\u00e7alves Dias provocou ferimentos no bra\u00e7o de Carlos Alberto da Silva, de 49 anos. No momento das explos\u00f5es, a CEG chegou a ser acionada, juntamente com outras companhias de servi\u00e7os p\u00fablicos, como \u00e9 habitual nestes casos. Mas os t\u00e9cnicos da companhia verificaram que n\u00e3o havia escapamento de g\u00e1s no local. Em maio, um t\u00e1xi foi atingido por uma tampa de bueiro na Rua do Riachuelo, no Bairro de F\u00e1tima, na esquina com a Rua Costa Barros. O ve\u00edculo estava sem passageiros e foi atingido por baixo. Ningu\u00e9m ficou ferido.<\/p>\n<p>Em mar\u00e7o, por dois dias seguidos, explos\u00f5es de bueiros da Light, no Centro, assustaram e feriram pedestres, al\u00e9m de causar problemas no tr\u00e2nsito. No dia 8 de mar\u00e7o, duas mulheres ficaram levemente feridas na explos\u00e3o de dois bueiros na esquina das ruas do Ouvidor e Uruguaiana. O problema, segundo a Light informou na \u00e9poca, foi causado por defeito no cabo de baixa tens\u00e3o. No dia seguinte, outro caso na Avenida Presidente Vargas: um bueiro da Light explodiu e deixou v\u00e1rias ruas e pr\u00e9dios do Centro sem energia.<\/p>\n<p>J\u00e1 em 2010, um casal de turistas americanos foi atingido em cheio quando o bueiro na esquina da Rua Rep\u00fablica do Peru com a Avenida Nossa Senhora de Copacabana explodiu. Sarah Nicole Lowry, de 28 anos, foi arremessada, com a roupa em chamas, a uma dist\u00e2ncia de cerca de oito metros. Ela teve 80% do corpo queimado, enquanto seu marido, David James McLaughlin, de 31 anos, sofreu queimaduras em 35% do corpo.<br \/>\n<em><br \/>\nFonte: Portal Pernambuco<\/em><\/p>\n","protected":false},"excerpt":{"rendered":"<p>Pelo menos uma pessoa ficou ferida depois que tr\u00eas bueiros da Light explodiram na Rua Erasmo Braga, em frente ao Tribunal de Justi\u00e7a, no bairro Centro do Rio de Janeiro, na tarde desta quarta-feira. De acordo com bombeiros, o forte calor emitido pela explos\u00e3o teria queimado uma mulher, identificada apenas como Daniela, que passava nas [&hellip;]<\/p>\n","protected":false},"author":1,"featured_media":0,"comment_status":"open","ping_status":"open","sticky":false,"template":"","format":"standard","meta":{"footnotes":""},"categories":[6],"tags":[],"class_list":["post-78","post","type-post","status-publish","format-standard","hentry","category-noticias"],"yoast_head":"<!-- This site is optimized with the Yoast SEO plugin v25.9 - https:\/\/yoast.com\/wordpress\/plugins\/seo\/ -->\n<title>Tr\u00eas bueiros explodem em frente ao Tribunal de Justi\u00e7a \u200eno Centro do RJ - Not\u00edcias do Bairro Centro RJ<\/title>\n<meta name=\"robots\" content=\"index, follow, max-snippet:-1, max-image-preview:large, max-video-preview:-1\" \/>\n<link rel=\"canonical\" href=\"https:\/\/www.encontracentroriodejaneiro.com.br\/noticias\/tres-bueiros-explodem-em-frente-ao-tribunal-de-justica-\u200eno-centro-do-rj\/\" \/>\n<meta property=\"og:locale\" content=\"pt_BR\" \/>\n<meta property=\"og:type\" content=\"article\" \/>\n<meta property=\"og:title\" content=\"Tr\u00eas bueiros explodem em frente ao Tribunal de Justi\u00e7a \u200eno Centro do RJ - Not\u00edcias do Bairro Centro RJ\" \/>\n<meta property=\"og:description\" content=\"Pelo menos uma pessoa ficou ferida depois que tr\u00eas bueiros da Light explodiram na Rua Erasmo Braga, em frente ao Tribunal de Justi\u00e7a, no bairro Centro do Rio de Janeiro, na tarde desta quarta-feira. De acordo com bombeiros, o forte calor emitido pela explos\u00e3o teria queimado uma mulher, identificada apenas como Daniela, que passava nas [&hellip;]\" \/>\n<meta property=\"og:url\" content=\"https:\/\/www.encontracentroriodejaneiro.com.br\/noticias\/tres-bueiros-explodem-em-frente-ao-tribunal-de-justica-\u200eno-centro-do-rj\/\" \/>\n<meta property=\"og:site_name\" content=\"Not\u00edcias do Bairro Centro RJ\" \/>\n<meta property=\"article:published_time\" content=\"2012-01-04T21:32:54+00:00\" \/>\n<meta property=\"article:modified_time\" content=\"2013-08-15T16:18:29+00:00\" \/>\n<meta name=\"author\" content=\"Encontra Centro RJ\" \/>\n<meta name=\"twitter:card\" content=\"summary_large_image\" \/>\n<meta name=\"twitter:label1\" content=\"Escrito por\" \/>\n\t<meta name=\"twitter:data1\" content=\"Encontra Centro RJ\" \/>\n\t<meta name=\"twitter:label2\" content=\"Est. tempo de leitura\" \/>\n\t<meta name=\"twitter:data2\" content=\"5 minutos\" \/>\n<script type=\"application\/ld+json\" class=\"yoast-schema-graph\">{\"@context\":\"https:\/\/schema.org\",\"@graph\":[{\"@type\":\"WebPage\",\"@id\":\"https:\/\/www.encontracentroriodejaneiro.com.br\/noticias\/tres-bueiros-explodem-em-frente-ao-tribunal-de-justica-%e2%80%8eno-centro-do-rj\/\",\"url\":\"https:\/\/www.encontracentroriodejaneiro.com.br\/noticias\/tres-bueiros-explodem-em-frente-ao-tribunal-de-justica-%e2%80%8eno-centro-do-rj\/\",\"name\":\"Tr\u00eas bueiros explodem em frente ao Tribunal de Justi\u00e7a \u200eno Centro do RJ - Not\u00edcias do Bairro Centro RJ\",\"isPartOf\":{\"@id\":\"https:\/\/www.encontracentroriodejaneiro.com.br\/noticias\/#website\"},\"datePublished\":\"2012-01-04T21:32:54+00:00\",\"dateModified\":\"2013-08-15T16:18:29+00:00\",\"author\":{\"@id\":\"https:\/\/www.encontracentroriodejaneiro.com.br\/noticias\/#\/schema\/person\/d3a6c0305ffb5ffec8e9c6aefa0cbbce\"},\"breadcrumb\":{\"@id\":\"https:\/\/www.encontracentroriodejaneiro.com.br\/noticias\/tres-bueiros-explodem-em-frente-ao-tribunal-de-justica-%e2%80%8eno-centro-do-rj\/#breadcrumb\"},\"inLanguage\":\"pt-BR\",\"potentialAction\":[{\"@type\":\"ReadAction\",\"target\":[\"https:\/\/www.encontracentroriodejaneiro.com.br\/noticias\/tres-bueiros-explodem-em-frente-ao-tribunal-de-justica-%e2%80%8eno-centro-do-rj\/\"]}]},{\"@type\":\"BreadcrumbList\",\"@id\":\"https:\/\/www.encontracentroriodejaneiro.com.br\/noticias\/tres-bueiros-explodem-em-frente-ao-tribunal-de-justica-%e2%80%8eno-centro-do-rj\/#breadcrumb\",\"itemListElement\":[{\"@type\":\"ListItem\",\"position\":1,\"name\":\"In\u00edcio\",\"item\":\"https:\/\/www.encontracentroriodejaneiro.com.br\/noticias\/\"},{\"@type\":\"ListItem\",\"position\":2,\"name\":\"Tr\u00eas bueiros explodem em frente ao Tribunal de Justi\u00e7a \u200eno Centro do RJ\"}]},{\"@type\":\"WebSite\",\"@id\":\"https:\/\/www.encontracentroriodejaneiro.com.br\/noticias\/#website\",\"url\":\"https:\/\/www.encontracentroriodejaneiro.com.br\/noticias\/\",\"name\":\"Not\u00edcias do Bairro Centro RJ\",\"description\":\"Not\u00edcias, eventos, informa\u00e7\u00f5es e dicas no Bairro Centro RJ e regi\u00e3o\",\"potentialAction\":[{\"@type\":\"SearchAction\",\"target\":{\"@type\":\"EntryPoint\",\"urlTemplate\":\"https:\/\/www.encontracentroriodejaneiro.com.br\/noticias\/?s={search_term_string}\"},\"query-input\":{\"@type\":\"PropertyValueSpecification\",\"valueRequired\":true,\"valueName\":\"search_term_string\"}}],\"inLanguage\":\"pt-BR\"},{\"@type\":\"Person\",\"@id\":\"https:\/\/www.encontracentroriodejaneiro.com.br\/noticias\/#\/schema\/person\/d3a6c0305ffb5ffec8e9c6aefa0cbbce\",\"name\":\"Encontra Centro RJ\",\"image\":{\"@type\":\"ImageObject\",\"inLanguage\":\"pt-BR\",\"@id\":\"https:\/\/www.encontracentroriodejaneiro.com.br\/noticias\/#\/schema\/person\/image\/\",\"url\":\"https:\/\/secure.gravatar.com\/avatar\/507340682b8270222e1f208e23198b6ae7e2c6a1033ae84e99bc6bce4f82a387?s=96&d=mm&r=g\",\"contentUrl\":\"https:\/\/secure.gravatar.com\/avatar\/507340682b8270222e1f208e23198b6ae7e2c6a1033ae84e99bc6bce4f82a387?s=96&d=mm&r=g\",\"caption\":\"Encontra Centro RJ\"},\"sameAs\":[\"http:\/\/www.encontracentroriodejaneiro.com.br\"],\"url\":\"https:\/\/www.encontracentroriodejaneiro.com.br\/noticias\/author\/ecentroriodejaneiro\/\"}]}<\/script>\n<!-- \/ Yoast SEO plugin. -->","yoast_head_json":{"title":"Tr\u00eas bueiros explodem em frente ao Tribunal de Justi\u00e7a \u200eno Centro do RJ - Not\u00edcias do Bairro Centro RJ","robots":{"index":"index","follow":"follow","max-snippet":"max-snippet:-1","max-image-preview":"max-image-preview:large","max-video-preview":"max-video-preview:-1"},"canonical":"https:\/\/www.encontracentroriodejaneiro.com.br\/noticias\/tres-bueiros-explodem-em-frente-ao-tribunal-de-justica-\u200eno-centro-do-rj\/","og_locale":"pt_BR","og_type":"article","og_title":"Tr\u00eas bueiros explodem em frente ao Tribunal de Justi\u00e7a \u200eno Centro do RJ - Not\u00edcias do Bairro Centro RJ","og_description":"Pelo menos uma pessoa ficou ferida depois que tr\u00eas bueiros da Light explodiram na Rua Erasmo Braga, em frente ao Tribunal de Justi\u00e7a, no bairro Centro do Rio de Janeiro, na tarde desta quarta-feira. De acordo com bombeiros, o forte calor emitido pela explos\u00e3o teria queimado uma mulher, identificada apenas como Daniela, que passava nas [&hellip;]","og_url":"https:\/\/www.encontracentroriodejaneiro.com.br\/noticias\/tres-bueiros-explodem-em-frente-ao-tribunal-de-justica-\u200eno-centro-do-rj\/","og_site_name":"Not\u00edcias do Bairro Centro RJ","article_published_time":"2012-01-04T21:32:54+00:00","article_modified_time":"2013-08-15T16:18:29+00:00","author":"Encontra Centro RJ","twitter_card":"summary_large_image","twitter_misc":{"Escrito por":"Encontra Centro RJ","Est. tempo de leitura":"5 minutos"},"schema":{"@context":"https:\/\/schema.org","@graph":[{"@type":"WebPage","@id":"https:\/\/www.encontracentroriodejaneiro.com.br\/noticias\/tres-bueiros-explodem-em-frente-ao-tribunal-de-justica-%e2%80%8eno-centro-do-rj\/","url":"https:\/\/www.encontracentroriodejaneiro.com.br\/noticias\/tres-bueiros-explodem-em-frente-ao-tribunal-de-justica-%e2%80%8eno-centro-do-rj\/","name":"Tr\u00eas bueiros explodem em frente ao Tribunal de Justi\u00e7a \u200eno Centro do RJ - Not\u00edcias do Bairro Centro RJ","isPartOf":{"@id":"https:\/\/www.encontracentroriodejaneiro.com.br\/noticias\/#website"},"datePublished":"2012-01-04T21:32:54+00:00","dateModified":"2013-08-15T16:18:29+00:00","author":{"@id":"https:\/\/www.encontracentroriodejaneiro.com.br\/noticias\/#\/schema\/person\/d3a6c0305ffb5ffec8e9c6aefa0cbbce"},"breadcrumb":{"@id":"https:\/\/www.encontracentroriodejaneiro.com.br\/noticias\/tres-bueiros-explodem-em-frente-ao-tribunal-de-justica-%e2%80%8eno-centro-do-rj\/#breadcrumb"},"inLanguage":"pt-BR","potentialAction":[{"@type":"ReadAction","target":["https:\/\/www.encontracentroriodejaneiro.com.br\/noticias\/tres-bueiros-explodem-em-frente-ao-tribunal-de-justica-%e2%80%8eno-centro-do-rj\/"]}]},{"@type":"BreadcrumbList","@id":"https:\/\/www.encontracentroriodejaneiro.com.br\/noticias\/tres-bueiros-explodem-em-frente-ao-tribunal-de-justica-%e2%80%8eno-centro-do-rj\/#breadcrumb","itemListElement":[{"@type":"ListItem","position":1,"name":"In\u00edcio","item":"https:\/\/www.encontracentroriodejaneiro.com.br\/noticias\/"},{"@type":"ListItem","position":2,"name":"Tr\u00eas bueiros explodem em frente ao Tribunal de Justi\u00e7a \u200eno Centro do RJ"}]},{"@type":"WebSite","@id":"https:\/\/www.encontracentroriodejaneiro.com.br\/noticias\/#website","url":"https:\/\/www.encontracentroriodejaneiro.com.br\/noticias\/","name":"Not\u00edcias do Bairro Centro RJ","description":"Not\u00edcias, eventos, informa\u00e7\u00f5es e dicas no Bairro Centro RJ e regi\u00e3o","potentialAction":[{"@type":"SearchAction","target":{"@type":"EntryPoint","urlTemplate":"https:\/\/www.encontracentroriodejaneiro.com.br\/noticias\/?s={search_term_string}"},"query-input":{"@type":"PropertyValueSpecification","valueRequired":true,"valueName":"search_term_string"}}],"inLanguage":"pt-BR"},{"@type":"Person","@id":"https:\/\/www.encontracentroriodejaneiro.com.br\/noticias\/#\/schema\/person\/d3a6c0305ffb5ffec8e9c6aefa0cbbce","name":"Encontra Centro RJ","image":{"@type":"ImageObject","inLanguage":"pt-BR","@id":"https:\/\/www.encontracentroriodejaneiro.com.br\/noticias\/#\/schema\/person\/image\/","url":"https:\/\/secure.gravatar.com\/avatar\/507340682b8270222e1f208e23198b6ae7e2c6a1033ae84e99bc6bce4f82a387?s=96&d=mm&r=g","contentUrl":"https:\/\/secure.gravatar.com\/avatar\/507340682b8270222e1f208e23198b6ae7e2c6a1033ae84e99bc6bce4f82a387?s=96&d=mm&r=g","caption":"Encontra Centro RJ"},"sameAs":["http:\/\/www.encontracentroriodejaneiro.com.br"],"url":"https:\/\/www.encontracentroriodejaneiro.com.br\/noticias\/author\/ecentroriodejaneiro\/"}]}},"_links":{"self":[{"href":"https:\/\/www.encontracentroriodejaneiro.com.br\/noticias\/wp-json\/wp\/v2\/posts\/78","targetHints":{"allow":["GET"]}}],"collection":[{"href":"https:\/\/www.encontracentroriodejaneiro.com.br\/noticias\/wp-json\/wp\/v2\/posts"}],"about":[{"href":"https:\/\/www.encontracentroriodejaneiro.com.br\/noticias\/wp-json\/wp\/v2\/types\/post"}],"author":[{"embeddable":true,"href":"https:\/\/www.encontracentroriodejaneiro.com.br\/noticias\/wp-json\/wp\/v2\/users\/1"}],"replies":[{"embeddable":true,"href":"https:\/\/www.encontracentroriodejaneiro.com.br\/noticias\/wp-json\/wp\/v2\/comments?post=78"}],"version-history":[{"count":4,"href":"https:\/\/www.encontracentroriodejaneiro.com.br\/noticias\/wp-json\/wp\/v2\/posts\/78\/revisions"}],"predecessor-version":[{"id":756,"href":"https:\/\/www.encontracentroriodejaneiro.com.br\/noticias\/wp-json\/wp\/v2\/posts\/78\/revisions\/756"}],"wp:attachment":[{"href":"https:\/\/www.encontracentroriodejaneiro.com.br\/noticias\/wp-json\/wp\/v2\/media?parent=78"}],"wp:term":[{"taxonomy":"category","embeddable":true,"href":"https:\/\/www.encontracentroriodejaneiro.com.br\/noticias\/wp-json\/wp\/v2\/categories?post=78"},{"taxonomy":"post_tag","embeddable":true,"href":"https:\/\/www.encontracentroriodejaneiro.com.br\/noticias\/wp-json\/wp\/v2\/tags?post=78"}],"curies":[{"name":"wp","href":"https:\/\/api.w.org\/{rel}","templated":true}]}}