{"id":81,"date":"2012-01-11T15:49:47","date_gmt":"2012-01-11T17:49:47","guid":{"rendered":"http:\/\/www.encontracentroriodejaneiro.com.br\/noticias\/?p=81"},"modified":"2013-08-15T14:18:31","modified_gmt":"2013-08-15T16:18:31","slug":"aniz-abraao-david-esta-detido-na-sede-da-policia-civil-no-centro-do-rj","status":"publish","type":"post","link":"https:\/\/www.encontracentroriodejaneiro.com.br\/noticias\/aniz-abraao-david-esta-detido-na-sede-da-policia-civil-no-centro-do-rj\/","title":{"rendered":"Aniz Abra\u00e3o David est\u00e1 detido na sede da Pol\u00edcia Civil no Centro do RJ"},"content":{"rendered":"<p>O contraventor Aniz Abra\u00e3o Davi, o An\u00edsio, presidente de honra da escola de samba Beija-Flor, preso nesta quarta-feira (11) por policiais da Corregedoria Interna da Pol\u00edcia Civil (Coinpol), est\u00e1 detido na sede da Pol\u00edcia Civil, no bairro centro do Rio de Janeiro.<\/p>\n<p>An\u00edsio \u00e9 apontado pela pol\u00edcia como o chefe do jogo do bicho no Rio de Janeiro, que coordena outras c\u00e9lulas do jogo no Pa\u00eds. Ele foi capturado na esquina das ruas Nossa Senhora de Copacabana e Hil\u00e1rio de Gouveia, no bairro de Copacabana, na zona Sul da cidade. O bicheiro responde aos processos de forma\u00e7\u00e3o de quadrilha, corrup\u00e7\u00e3o ativa e concurso material.<\/p>\n<p>O advogado do bicheiro, Ubiratan Tib\u00farcio Guedes, j\u00e1 entrou com dois pedidos de habeas corpus no tribunal de Justi\u00e7a. No momento, os pedidos est\u00e3o sendo avaliados na Terceira C\u00e2mara Criminal. A pris\u00e3o do bicheiro foi decretada nessa ter\u00e7a-feira (10), pelo desembargador Paulo Rangel Nascimento.<\/p>\n<p>Apesar de ser procurado pela pol\u00edcia durante a opera\u00e7\u00e3o Dedo de Deus, em dezembro passado, An\u00edsio havia conseguido um habeas corpus que o livrou de uma pris\u00e3o tempor\u00e1ria.<\/p>\n<p>Na tentativa de prend\u00ea-lo, a pol\u00edcia protagonizou cenas de cinema ao descer na cobertura onde o contraventor mora com a fam\u00edlia em Copacabana de rapel a partir de um helic\u00f3ptero.<\/p>\n<p>Na ocasi\u00e3o, o bicheiro n\u00e3o foi encotrado. A necessidade do uso da t\u00e9cnica de rapel para a chegada dos agentes da Cordenadoria de Recursos Especiais (Core) na casa do contraventor, segundo o delegado da Corregedoria Interna da Pol\u00edcia Civil, Felipe Bittencourt, se justificava pois havia a informa\u00e7\u00e3o de que a resid\u00eancia possu\u00eda portas blindadas.<\/p>\n<p><em>Fonte: Portal Ig<\/em><\/p>\n","protected":false},"excerpt":{"rendered":"<p>O contraventor Aniz Abra\u00e3o Davi, o An\u00edsio, presidente de honra da escola de samba Beija-Flor, preso nesta quarta-feira (11) por policiais da Corregedoria Interna da Pol\u00edcia Civil (Coinpol), est\u00e1 detido na sede da Pol\u00edcia Civil, no bairro centro do Rio de Janeiro. An\u00edsio \u00e9 apontado pela pol\u00edcia como o chefe do jogo do bicho no [&hellip;]<\/p>\n","protected":false},"author":1,"featured_media":0,"comment_status":"open","ping_status":"open","sticky":false,"template":"","format":"standard","meta":{"footnotes":""},"categories":[6],"tags":[],"class_list":["post-81","post","type-post","status-publish","format-standard","hentry","category-noticias"],"yoast_head":"<!-- This site is optimized with the Yoast SEO plugin v25.9 - https:\/\/yoast.com\/wordpress\/plugins\/seo\/ -->\n<title>Aniz Abra\u00e3o David est\u00e1 detido na sede da Pol\u00edcia Civil no Centro do RJ - Not\u00edcias do Bairro Centro RJ<\/title>\n<meta name=\"robots\" content=\"index, follow, max-snippet:-1, max-image-preview:large, max-video-preview:-1\" \/>\n<link rel=\"canonical\" href=\"https:\/\/www.encontracentroriodejaneiro.com.br\/noticias\/aniz-abraao-david-esta-detido-na-sede-da-policia-civil-no-centro-do-rj\/\" \/>\n<meta property=\"og:locale\" content=\"pt_BR\" \/>\n<meta property=\"og:type\" content=\"article\" \/>\n<meta property=\"og:title\" content=\"Aniz Abra\u00e3o David est\u00e1 detido na sede da Pol\u00edcia Civil no Centro do RJ - Not\u00edcias do Bairro Centro RJ\" \/>\n<meta property=\"og:description\" content=\"O contraventor Aniz Abra\u00e3o Davi, o An\u00edsio, presidente de honra da escola de samba Beija-Flor, preso nesta quarta-feira (11) por policiais da Corregedoria Interna da Pol\u00edcia Civil (Coinpol), est\u00e1 detido na sede da Pol\u00edcia Civil, no bairro centro do Rio de Janeiro. An\u00edsio \u00e9 apontado pela pol\u00edcia como o chefe do jogo do bicho no [&hellip;]\" \/>\n<meta property=\"og:url\" content=\"https:\/\/www.encontracentroriodejaneiro.com.br\/noticias\/aniz-abraao-david-esta-detido-na-sede-da-policia-civil-no-centro-do-rj\/\" \/>\n<meta property=\"og:site_name\" content=\"Not\u00edcias do Bairro Centro RJ\" \/>\n<meta property=\"article:published_time\" content=\"2012-01-11T17:49:47+00:00\" \/>\n<meta property=\"article:modified_time\" content=\"2013-08-15T16:18:31+00:00\" \/>\n<meta name=\"author\" content=\"Encontra Centro RJ\" \/>\n<meta name=\"twitter:card\" content=\"summary_large_image\" \/>\n<meta name=\"twitter:label1\" content=\"Escrito por\" \/>\n\t<meta name=\"twitter:data1\" content=\"Encontra Centro RJ\" \/>\n\t<meta name=\"twitter:label2\" content=\"Est. tempo de leitura\" \/>\n\t<meta name=\"twitter:data2\" content=\"1 minuto\" \/>\n<script type=\"application\/ld+json\" class=\"yoast-schema-graph\">{\"@context\":\"https:\/\/schema.org\",\"@graph\":[{\"@type\":\"WebPage\",\"@id\":\"https:\/\/www.encontracentroriodejaneiro.com.br\/noticias\/aniz-abraao-david-esta-detido-na-sede-da-policia-civil-no-centro-do-rj\/\",\"url\":\"https:\/\/www.encontracentroriodejaneiro.com.br\/noticias\/aniz-abraao-david-esta-detido-na-sede-da-policia-civil-no-centro-do-rj\/\",\"name\":\"Aniz Abra\u00e3o David est\u00e1 detido na sede da Pol\u00edcia Civil no Centro do RJ - Not\u00edcias do Bairro Centro RJ\",\"isPartOf\":{\"@id\":\"https:\/\/www.encontracentroriodejaneiro.com.br\/noticias\/#website\"},\"datePublished\":\"2012-01-11T17:49:47+00:00\",\"dateModified\":\"2013-08-15T16:18:31+00:00\",\"author\":{\"@id\":\"https:\/\/www.encontracentroriodejaneiro.com.br\/noticias\/#\/schema\/person\/d3a6c0305ffb5ffec8e9c6aefa0cbbce\"},\"breadcrumb\":{\"@id\":\"https:\/\/www.encontracentroriodejaneiro.com.br\/noticias\/aniz-abraao-david-esta-detido-na-sede-da-policia-civil-no-centro-do-rj\/#breadcrumb\"},\"inLanguage\":\"pt-BR\",\"potentialAction\":[{\"@type\":\"ReadAction\",\"target\":[\"https:\/\/www.encontracentroriodejaneiro.com.br\/noticias\/aniz-abraao-david-esta-detido-na-sede-da-policia-civil-no-centro-do-rj\/\"]}]},{\"@type\":\"BreadcrumbList\",\"@id\":\"https:\/\/www.encontracentroriodejaneiro.com.br\/noticias\/aniz-abraao-david-esta-detido-na-sede-da-policia-civil-no-centro-do-rj\/#breadcrumb\",\"itemListElement\":[{\"@type\":\"ListItem\",\"position\":1,\"name\":\"In\u00edcio\",\"item\":\"https:\/\/www.encontracentroriodejaneiro.com.br\/noticias\/\"},{\"@type\":\"ListItem\",\"position\":2,\"name\":\"Aniz Abra\u00e3o David est\u00e1 detido na sede da Pol\u00edcia Civil no Centro do RJ\"}]},{\"@type\":\"WebSite\",\"@id\":\"https:\/\/www.encontracentroriodejaneiro.com.br\/noticias\/#website\",\"url\":\"https:\/\/www.encontracentroriodejaneiro.com.br\/noticias\/\",\"name\":\"Not\u00edcias do Bairro Centro RJ\",\"description\":\"Not\u00edcias, eventos, informa\u00e7\u00f5es e dicas no Bairro Centro RJ e regi\u00e3o\",\"potentialAction\":[{\"@type\":\"SearchAction\",\"target\":{\"@type\":\"EntryPoint\",\"urlTemplate\":\"https:\/\/www.encontracentroriodejaneiro.com.br\/noticias\/?s={search_term_string}\"},\"query-input\":{\"@type\":\"PropertyValueSpecification\",\"valueRequired\":true,\"valueName\":\"search_term_string\"}}],\"inLanguage\":\"pt-BR\"},{\"@type\":\"Person\",\"@id\":\"https:\/\/www.encontracentroriodejaneiro.com.br\/noticias\/#\/schema\/person\/d3a6c0305ffb5ffec8e9c6aefa0cbbce\",\"name\":\"Encontra Centro RJ\",\"image\":{\"@type\":\"ImageObject\",\"inLanguage\":\"pt-BR\",\"@id\":\"https:\/\/www.encontracentroriodejaneiro.com.br\/noticias\/#\/schema\/person\/image\/\",\"url\":\"https:\/\/secure.gravatar.com\/avatar\/507340682b8270222e1f208e23198b6ae7e2c6a1033ae84e99bc6bce4f82a387?s=96&d=mm&r=g\",\"contentUrl\":\"https:\/\/secure.gravatar.com\/avatar\/507340682b8270222e1f208e23198b6ae7e2c6a1033ae84e99bc6bce4f82a387?s=96&d=mm&r=g\",\"caption\":\"Encontra Centro RJ\"},\"sameAs\":[\"http:\/\/www.encontracentroriodejaneiro.com.br\"],\"url\":\"https:\/\/www.encontracentroriodejaneiro.com.br\/noticias\/author\/ecentroriodejaneiro\/\"}]}<\/script>\n<!-- \/ Yoast SEO plugin. -->","yoast_head_json":{"title":"Aniz Abra\u00e3o David est\u00e1 detido na sede da Pol\u00edcia Civil no Centro do RJ - Not\u00edcias do Bairro Centro RJ","robots":{"index":"index","follow":"follow","max-snippet":"max-snippet:-1","max-image-preview":"max-image-preview:large","max-video-preview":"max-video-preview:-1"},"canonical":"https:\/\/www.encontracentroriodejaneiro.com.br\/noticias\/aniz-abraao-david-esta-detido-na-sede-da-policia-civil-no-centro-do-rj\/","og_locale":"pt_BR","og_type":"article","og_title":"Aniz Abra\u00e3o David est\u00e1 detido na sede da Pol\u00edcia Civil no Centro do RJ - Not\u00edcias do Bairro Centro RJ","og_description":"O contraventor Aniz Abra\u00e3o Davi, o An\u00edsio, presidente de honra da escola de samba Beija-Flor, preso nesta quarta-feira (11) por policiais da Corregedoria Interna da Pol\u00edcia Civil (Coinpol), est\u00e1 detido na sede da Pol\u00edcia Civil, no bairro centro do Rio de Janeiro. An\u00edsio \u00e9 apontado pela pol\u00edcia como o chefe do jogo do bicho no [&hellip;]","og_url":"https:\/\/www.encontracentroriodejaneiro.com.br\/noticias\/aniz-abraao-david-esta-detido-na-sede-da-policia-civil-no-centro-do-rj\/","og_site_name":"Not\u00edcias do Bairro Centro RJ","article_published_time":"2012-01-11T17:49:47+00:00","article_modified_time":"2013-08-15T16:18:31+00:00","author":"Encontra Centro RJ","twitter_card":"summary_large_image","twitter_misc":{"Escrito por":"Encontra Centro RJ","Est. tempo de leitura":"1 minuto"},"schema":{"@context":"https:\/\/schema.org","@graph":[{"@type":"WebPage","@id":"https:\/\/www.encontracentroriodejaneiro.com.br\/noticias\/aniz-abraao-david-esta-detido-na-sede-da-policia-civil-no-centro-do-rj\/","url":"https:\/\/www.encontracentroriodejaneiro.com.br\/noticias\/aniz-abraao-david-esta-detido-na-sede-da-policia-civil-no-centro-do-rj\/","name":"Aniz Abra\u00e3o David est\u00e1 detido na sede da Pol\u00edcia Civil no Centro do RJ - Not\u00edcias do Bairro Centro RJ","isPartOf":{"@id":"https:\/\/www.encontracentroriodejaneiro.com.br\/noticias\/#website"},"datePublished":"2012-01-11T17:49:47+00:00","dateModified":"2013-08-15T16:18:31+00:00","author":{"@id":"https:\/\/www.encontracentroriodejaneiro.com.br\/noticias\/#\/schema\/person\/d3a6c0305ffb5ffec8e9c6aefa0cbbce"},"breadcrumb":{"@id":"https:\/\/www.encontracentroriodejaneiro.com.br\/noticias\/aniz-abraao-david-esta-detido-na-sede-da-policia-civil-no-centro-do-rj\/#breadcrumb"},"inLanguage":"pt-BR","potentialAction":[{"@type":"ReadAction","target":["https:\/\/www.encontracentroriodejaneiro.com.br\/noticias\/aniz-abraao-david-esta-detido-na-sede-da-policia-civil-no-centro-do-rj\/"]}]},{"@type":"BreadcrumbList","@id":"https:\/\/www.encontracentroriodejaneiro.com.br\/noticias\/aniz-abraao-david-esta-detido-na-sede-da-policia-civil-no-centro-do-rj\/#breadcrumb","itemListElement":[{"@type":"ListItem","position":1,"name":"In\u00edcio","item":"https:\/\/www.encontracentroriodejaneiro.com.br\/noticias\/"},{"@type":"ListItem","position":2,"name":"Aniz Abra\u00e3o David est\u00e1 detido na sede da Pol\u00edcia Civil no Centro do RJ"}]},{"@type":"WebSite","@id":"https:\/\/www.encontracentroriodejaneiro.com.br\/noticias\/#website","url":"https:\/\/www.encontracentroriodejaneiro.com.br\/noticias\/","name":"Not\u00edcias do Bairro Centro RJ","description":"Not\u00edcias, eventos, informa\u00e7\u00f5es e dicas no Bairro Centro RJ e regi\u00e3o","potentialAction":[{"@type":"SearchAction","target":{"@type":"EntryPoint","urlTemplate":"https:\/\/www.encontracentroriodejaneiro.com.br\/noticias\/?s={search_term_string}"},"query-input":{"@type":"PropertyValueSpecification","valueRequired":true,"valueName":"search_term_string"}}],"inLanguage":"pt-BR"},{"@type":"Person","@id":"https:\/\/www.encontracentroriodejaneiro.com.br\/noticias\/#\/schema\/person\/d3a6c0305ffb5ffec8e9c6aefa0cbbce","name":"Encontra Centro RJ","image":{"@type":"ImageObject","inLanguage":"pt-BR","@id":"https:\/\/www.encontracentroriodejaneiro.com.br\/noticias\/#\/schema\/person\/image\/","url":"https:\/\/secure.gravatar.com\/avatar\/507340682b8270222e1f208e23198b6ae7e2c6a1033ae84e99bc6bce4f82a387?s=96&d=mm&r=g","contentUrl":"https:\/\/secure.gravatar.com\/avatar\/507340682b8270222e1f208e23198b6ae7e2c6a1033ae84e99bc6bce4f82a387?s=96&d=mm&r=g","caption":"Encontra Centro RJ"},"sameAs":["http:\/\/www.encontracentroriodejaneiro.com.br"],"url":"https:\/\/www.encontracentroriodejaneiro.com.br\/noticias\/author\/ecentroriodejaneiro\/"}]}},"_links":{"self":[{"href":"https:\/\/www.encontracentroriodejaneiro.com.br\/noticias\/wp-json\/wp\/v2\/posts\/81","targetHints":{"allow":["GET"]}}],"collection":[{"href":"https:\/\/www.encontracentroriodejaneiro.com.br\/noticias\/wp-json\/wp\/v2\/posts"}],"about":[{"href":"https:\/\/www.encontracentroriodejaneiro.com.br\/noticias\/wp-json\/wp\/v2\/types\/post"}],"author":[{"embeddable":true,"href":"https:\/\/www.encontracentroriodejaneiro.com.br\/noticias\/wp-json\/wp\/v2\/users\/1"}],"replies":[{"embeddable":true,"href":"https:\/\/www.encontracentroriodejaneiro.com.br\/noticias\/wp-json\/wp\/v2\/comments?post=81"}],"version-history":[{"count":4,"href":"https:\/\/www.encontracentroriodejaneiro.com.br\/noticias\/wp-json\/wp\/v2\/posts\/81\/revisions"}],"predecessor-version":[{"id":812,"href":"https:\/\/www.encontracentroriodejaneiro.com.br\/noticias\/wp-json\/wp\/v2\/posts\/81\/revisions\/812"}],"wp:attachment":[{"href":"https:\/\/www.encontracentroriodejaneiro.com.br\/noticias\/wp-json\/wp\/v2\/media?parent=81"}],"wp:term":[{"taxonomy":"category","embeddable":true,"href":"https:\/\/www.encontracentroriodejaneiro.com.br\/noticias\/wp-json\/wp\/v2\/categories?post=81"},{"taxonomy":"post_tag","embeddable":true,"href":"https:\/\/www.encontracentroriodejaneiro.com.br\/noticias\/wp-json\/wp\/v2\/tags?post=81"}],"curies":[{"name":"wp","href":"https:\/\/api.w.org\/{rel}","templated":true}]}}