{"id":83,"date":"2012-01-11T16:04:58","date_gmt":"2012-01-11T18:04:58","guid":{"rendered":"http:\/\/www.encontracentroriodejaneiro.com.br\/noticias\/?p=83"},"modified":"2013-08-15T14:18:31","modified_gmt":"2013-08-15T16:18:31","slug":"secretaria-de-conservacao-e-servicos-publicos-inspecionou-bueiros-do-centro-do-rj","status":"publish","type":"post","link":"https:\/\/www.encontracentroriodejaneiro.com.br\/noticias\/secretaria-de-conservacao-e-servicos-publicos-inspecionou-bueiros-do-centro-do-rj\/","title":{"rendered":"Secretaria de Conserva\u00e7\u00e3o e Servi\u00e7os P\u00fablicos inspecionou bueiros do Centro do RJ"},"content":{"rendered":"<p>A Secretaria de Conserva\u00e7\u00e3o e Servi\u00e7os P\u00fablicos da prefeitura do Rio de Janeiro identificou mais dois bueiros com alto risco de explos\u00e3o na cidade, durante 436 vistorias de tamp\u00f5es do monitoramento independente, na madrugada desta ter\u00e7a-feira. Os bueiros com risco foram identificados na rua dos Inv\u00e1lidos, na altura do n\u00famero 2. A inspe\u00e7\u00e3o da madrugada de hoje ocorreu em vias do Encontra Centro Rj e dos bairros guia Tijuca (zona norte) Botafogo e Encontra Copacabana (zona sul).<\/p>\n<p>At\u00e9 o momento, foram encontrados 277 bueiros com alto risco de explos\u00e3o. Em todos os casos, segundo a prefeitura, o protocolo de emerg\u00eancia foi acionado, com a comunica\u00e7\u00e3o imediata ao Centro de Opera\u00e7\u00f5es Rio e \u00e0s concession\u00e1rias Light e CEG. Os bueiros foram isolados e sinalizados para reparo imediato pelas concession\u00e1rias.<\/p>\n<p>Desde o in\u00edcio da opera\u00e7\u00e3o, no dia 12 de agosto de 2011, foram realizadas 34.867 vistorias em bueiros na cidade. O monitoramento independente de risco em bueiros tem dura\u00e7\u00e3o de seis meses, e se trata de uma iniciativa do acordo de coopera\u00e7\u00e3o entre a prefeitura do Rio, o governo do Estado do Rio, o Minist\u00e9rio P\u00fablico e o Conselho Regional de Engenharia, Arquitetura e Agronomia do Rio de Janeiro (Crea-RJ).<\/p>\n<p><em>Fonte: Portal Terra<\/em><\/p>\n","protected":false},"excerpt":{"rendered":"<p>A Secretaria de Conserva\u00e7\u00e3o e Servi\u00e7os P\u00fablicos da prefeitura do Rio de Janeiro identificou mais dois bueiros com alto risco de explos\u00e3o na cidade, durante 436 vistorias de tamp\u00f5es do monitoramento independente, na madrugada desta ter\u00e7a-feira. Os bueiros com risco foram identificados na rua dos Inv\u00e1lidos, na altura do n\u00famero 2. A inspe\u00e7\u00e3o da madrugada [&hellip;]<\/p>\n","protected":false},"author":1,"featured_media":0,"comment_status":"open","ping_status":"open","sticky":false,"template":"","format":"standard","meta":{"footnotes":""},"categories":[6],"tags":[],"class_list":["post-83","post","type-post","status-publish","format-standard","hentry","category-noticias"],"yoast_head":"<!-- This site is optimized with the Yoast SEO plugin v25.9 - https:\/\/yoast.com\/wordpress\/plugins\/seo\/ -->\n<title>Secretaria de Conserva\u00e7\u00e3o e Servi\u00e7os P\u00fablicos inspecionou bueiros do Centro do RJ - Not\u00edcias do Bairro Centro RJ<\/title>\n<meta name=\"robots\" content=\"index, follow, max-snippet:-1, max-image-preview:large, max-video-preview:-1\" \/>\n<link rel=\"canonical\" href=\"https:\/\/www.encontracentroriodejaneiro.com.br\/noticias\/secretaria-de-conservacao-e-servicos-publicos-inspecionou-bueiros-do-centro-do-rj\/\" \/>\n<meta property=\"og:locale\" content=\"pt_BR\" \/>\n<meta property=\"og:type\" content=\"article\" \/>\n<meta property=\"og:title\" content=\"Secretaria de Conserva\u00e7\u00e3o e Servi\u00e7os P\u00fablicos inspecionou bueiros do Centro do RJ - Not\u00edcias do Bairro Centro RJ\" \/>\n<meta property=\"og:description\" content=\"A Secretaria de Conserva\u00e7\u00e3o e Servi\u00e7os P\u00fablicos da prefeitura do Rio de Janeiro identificou mais dois bueiros com alto risco de explos\u00e3o na cidade, durante 436 vistorias de tamp\u00f5es do monitoramento independente, na madrugada desta ter\u00e7a-feira. Os bueiros com risco foram identificados na rua dos Inv\u00e1lidos, na altura do n\u00famero 2. A inspe\u00e7\u00e3o da madrugada [&hellip;]\" \/>\n<meta property=\"og:url\" content=\"https:\/\/www.encontracentroriodejaneiro.com.br\/noticias\/secretaria-de-conservacao-e-servicos-publicos-inspecionou-bueiros-do-centro-do-rj\/\" \/>\n<meta property=\"og:site_name\" content=\"Not\u00edcias do Bairro Centro RJ\" \/>\n<meta property=\"article:published_time\" content=\"2012-01-11T18:04:58+00:00\" \/>\n<meta property=\"article:modified_time\" content=\"2013-08-15T16:18:31+00:00\" \/>\n<meta name=\"author\" content=\"Encontra Centro RJ\" \/>\n<meta name=\"twitter:card\" content=\"summary_large_image\" \/>\n<meta name=\"twitter:label1\" content=\"Escrito por\" \/>\n\t<meta name=\"twitter:data1\" content=\"Encontra Centro RJ\" \/>\n\t<meta name=\"twitter:label2\" content=\"Est. tempo de leitura\" \/>\n\t<meta name=\"twitter:data2\" content=\"1 minuto\" \/>\n<script type=\"application\/ld+json\" class=\"yoast-schema-graph\">{\"@context\":\"https:\/\/schema.org\",\"@graph\":[{\"@type\":\"WebPage\",\"@id\":\"https:\/\/www.encontracentroriodejaneiro.com.br\/noticias\/secretaria-de-conservacao-e-servicos-publicos-inspecionou-bueiros-do-centro-do-rj\/\",\"url\":\"https:\/\/www.encontracentroriodejaneiro.com.br\/noticias\/secretaria-de-conservacao-e-servicos-publicos-inspecionou-bueiros-do-centro-do-rj\/\",\"name\":\"Secretaria de Conserva\u00e7\u00e3o e Servi\u00e7os P\u00fablicos inspecionou bueiros do Centro do RJ - Not\u00edcias do Bairro Centro RJ\",\"isPartOf\":{\"@id\":\"https:\/\/www.encontracentroriodejaneiro.com.br\/noticias\/#website\"},\"datePublished\":\"2012-01-11T18:04:58+00:00\",\"dateModified\":\"2013-08-15T16:18:31+00:00\",\"author\":{\"@id\":\"https:\/\/www.encontracentroriodejaneiro.com.br\/noticias\/#\/schema\/person\/d3a6c0305ffb5ffec8e9c6aefa0cbbce\"},\"breadcrumb\":{\"@id\":\"https:\/\/www.encontracentroriodejaneiro.com.br\/noticias\/secretaria-de-conservacao-e-servicos-publicos-inspecionou-bueiros-do-centro-do-rj\/#breadcrumb\"},\"inLanguage\":\"pt-BR\",\"potentialAction\":[{\"@type\":\"ReadAction\",\"target\":[\"https:\/\/www.encontracentroriodejaneiro.com.br\/noticias\/secretaria-de-conservacao-e-servicos-publicos-inspecionou-bueiros-do-centro-do-rj\/\"]}]},{\"@type\":\"BreadcrumbList\",\"@id\":\"https:\/\/www.encontracentroriodejaneiro.com.br\/noticias\/secretaria-de-conservacao-e-servicos-publicos-inspecionou-bueiros-do-centro-do-rj\/#breadcrumb\",\"itemListElement\":[{\"@type\":\"ListItem\",\"position\":1,\"name\":\"In\u00edcio\",\"item\":\"https:\/\/www.encontracentroriodejaneiro.com.br\/noticias\/\"},{\"@type\":\"ListItem\",\"position\":2,\"name\":\"Secretaria de Conserva\u00e7\u00e3o e Servi\u00e7os P\u00fablicos inspecionou bueiros do Centro do RJ\"}]},{\"@type\":\"WebSite\",\"@id\":\"https:\/\/www.encontracentroriodejaneiro.com.br\/noticias\/#website\",\"url\":\"https:\/\/www.encontracentroriodejaneiro.com.br\/noticias\/\",\"name\":\"Not\u00edcias do Bairro Centro RJ\",\"description\":\"Not\u00edcias, eventos, informa\u00e7\u00f5es e dicas no Bairro Centro RJ e regi\u00e3o\",\"potentialAction\":[{\"@type\":\"SearchAction\",\"target\":{\"@type\":\"EntryPoint\",\"urlTemplate\":\"https:\/\/www.encontracentroriodejaneiro.com.br\/noticias\/?s={search_term_string}\"},\"query-input\":{\"@type\":\"PropertyValueSpecification\",\"valueRequired\":true,\"valueName\":\"search_term_string\"}}],\"inLanguage\":\"pt-BR\"},{\"@type\":\"Person\",\"@id\":\"https:\/\/www.encontracentroriodejaneiro.com.br\/noticias\/#\/schema\/person\/d3a6c0305ffb5ffec8e9c6aefa0cbbce\",\"name\":\"Encontra Centro RJ\",\"image\":{\"@type\":\"ImageObject\",\"inLanguage\":\"pt-BR\",\"@id\":\"https:\/\/www.encontracentroriodejaneiro.com.br\/noticias\/#\/schema\/person\/image\/\",\"url\":\"https:\/\/secure.gravatar.com\/avatar\/507340682b8270222e1f208e23198b6ae7e2c6a1033ae84e99bc6bce4f82a387?s=96&d=mm&r=g\",\"contentUrl\":\"https:\/\/secure.gravatar.com\/avatar\/507340682b8270222e1f208e23198b6ae7e2c6a1033ae84e99bc6bce4f82a387?s=96&d=mm&r=g\",\"caption\":\"Encontra Centro RJ\"},\"sameAs\":[\"http:\/\/www.encontracentroriodejaneiro.com.br\"],\"url\":\"https:\/\/www.encontracentroriodejaneiro.com.br\/noticias\/author\/ecentroriodejaneiro\/\"}]}<\/script>\n<!-- \/ Yoast SEO plugin. -->","yoast_head_json":{"title":"Secretaria de Conserva\u00e7\u00e3o e Servi\u00e7os P\u00fablicos inspecionou bueiros do Centro do RJ - Not\u00edcias do Bairro Centro RJ","robots":{"index":"index","follow":"follow","max-snippet":"max-snippet:-1","max-image-preview":"max-image-preview:large","max-video-preview":"max-video-preview:-1"},"canonical":"https:\/\/www.encontracentroriodejaneiro.com.br\/noticias\/secretaria-de-conservacao-e-servicos-publicos-inspecionou-bueiros-do-centro-do-rj\/","og_locale":"pt_BR","og_type":"article","og_title":"Secretaria de Conserva\u00e7\u00e3o e Servi\u00e7os P\u00fablicos inspecionou bueiros do Centro do RJ - Not\u00edcias do Bairro Centro RJ","og_description":"A Secretaria de Conserva\u00e7\u00e3o e Servi\u00e7os P\u00fablicos da prefeitura do Rio de Janeiro identificou mais dois bueiros com alto risco de explos\u00e3o na cidade, durante 436 vistorias de tamp\u00f5es do monitoramento independente, na madrugada desta ter\u00e7a-feira. Os bueiros com risco foram identificados na rua dos Inv\u00e1lidos, na altura do n\u00famero 2. A inspe\u00e7\u00e3o da madrugada [&hellip;]","og_url":"https:\/\/www.encontracentroriodejaneiro.com.br\/noticias\/secretaria-de-conservacao-e-servicos-publicos-inspecionou-bueiros-do-centro-do-rj\/","og_site_name":"Not\u00edcias do Bairro Centro RJ","article_published_time":"2012-01-11T18:04:58+00:00","article_modified_time":"2013-08-15T16:18:31+00:00","author":"Encontra Centro RJ","twitter_card":"summary_large_image","twitter_misc":{"Escrito por":"Encontra Centro RJ","Est. tempo de leitura":"1 minuto"},"schema":{"@context":"https:\/\/schema.org","@graph":[{"@type":"WebPage","@id":"https:\/\/www.encontracentroriodejaneiro.com.br\/noticias\/secretaria-de-conservacao-e-servicos-publicos-inspecionou-bueiros-do-centro-do-rj\/","url":"https:\/\/www.encontracentroriodejaneiro.com.br\/noticias\/secretaria-de-conservacao-e-servicos-publicos-inspecionou-bueiros-do-centro-do-rj\/","name":"Secretaria de Conserva\u00e7\u00e3o e Servi\u00e7os P\u00fablicos inspecionou bueiros do Centro do RJ - Not\u00edcias do Bairro Centro RJ","isPartOf":{"@id":"https:\/\/www.encontracentroriodejaneiro.com.br\/noticias\/#website"},"datePublished":"2012-01-11T18:04:58+00:00","dateModified":"2013-08-15T16:18:31+00:00","author":{"@id":"https:\/\/www.encontracentroriodejaneiro.com.br\/noticias\/#\/schema\/person\/d3a6c0305ffb5ffec8e9c6aefa0cbbce"},"breadcrumb":{"@id":"https:\/\/www.encontracentroriodejaneiro.com.br\/noticias\/secretaria-de-conservacao-e-servicos-publicos-inspecionou-bueiros-do-centro-do-rj\/#breadcrumb"},"inLanguage":"pt-BR","potentialAction":[{"@type":"ReadAction","target":["https:\/\/www.encontracentroriodejaneiro.com.br\/noticias\/secretaria-de-conservacao-e-servicos-publicos-inspecionou-bueiros-do-centro-do-rj\/"]}]},{"@type":"BreadcrumbList","@id":"https:\/\/www.encontracentroriodejaneiro.com.br\/noticias\/secretaria-de-conservacao-e-servicos-publicos-inspecionou-bueiros-do-centro-do-rj\/#breadcrumb","itemListElement":[{"@type":"ListItem","position":1,"name":"In\u00edcio","item":"https:\/\/www.encontracentroriodejaneiro.com.br\/noticias\/"},{"@type":"ListItem","position":2,"name":"Secretaria de Conserva\u00e7\u00e3o e Servi\u00e7os P\u00fablicos inspecionou bueiros do Centro do RJ"}]},{"@type":"WebSite","@id":"https:\/\/www.encontracentroriodejaneiro.com.br\/noticias\/#website","url":"https:\/\/www.encontracentroriodejaneiro.com.br\/noticias\/","name":"Not\u00edcias do Bairro Centro RJ","description":"Not\u00edcias, eventos, informa\u00e7\u00f5es e dicas no Bairro Centro RJ e regi\u00e3o","potentialAction":[{"@type":"SearchAction","target":{"@type":"EntryPoint","urlTemplate":"https:\/\/www.encontracentroriodejaneiro.com.br\/noticias\/?s={search_term_string}"},"query-input":{"@type":"PropertyValueSpecification","valueRequired":true,"valueName":"search_term_string"}}],"inLanguage":"pt-BR"},{"@type":"Person","@id":"https:\/\/www.encontracentroriodejaneiro.com.br\/noticias\/#\/schema\/person\/d3a6c0305ffb5ffec8e9c6aefa0cbbce","name":"Encontra Centro RJ","image":{"@type":"ImageObject","inLanguage":"pt-BR","@id":"https:\/\/www.encontracentroriodejaneiro.com.br\/noticias\/#\/schema\/person\/image\/","url":"https:\/\/secure.gravatar.com\/avatar\/507340682b8270222e1f208e23198b6ae7e2c6a1033ae84e99bc6bce4f82a387?s=96&d=mm&r=g","contentUrl":"https:\/\/secure.gravatar.com\/avatar\/507340682b8270222e1f208e23198b6ae7e2c6a1033ae84e99bc6bce4f82a387?s=96&d=mm&r=g","caption":"Encontra Centro RJ"},"sameAs":["http:\/\/www.encontracentroriodejaneiro.com.br"],"url":"https:\/\/www.encontracentroriodejaneiro.com.br\/noticias\/author\/ecentroriodejaneiro\/"}]}},"_links":{"self":[{"href":"https:\/\/www.encontracentroriodejaneiro.com.br\/noticias\/wp-json\/wp\/v2\/posts\/83","targetHints":{"allow":["GET"]}}],"collection":[{"href":"https:\/\/www.encontracentroriodejaneiro.com.br\/noticias\/wp-json\/wp\/v2\/posts"}],"about":[{"href":"https:\/\/www.encontracentroriodejaneiro.com.br\/noticias\/wp-json\/wp\/v2\/types\/post"}],"author":[{"embeddable":true,"href":"https:\/\/www.encontracentroriodejaneiro.com.br\/noticias\/wp-json\/wp\/v2\/users\/1"}],"replies":[{"embeddable":true,"href":"https:\/\/www.encontracentroriodejaneiro.com.br\/noticias\/wp-json\/wp\/v2\/comments?post=83"}],"version-history":[{"count":4,"href":"https:\/\/www.encontracentroriodejaneiro.com.br\/noticias\/wp-json\/wp\/v2\/posts\/83\/revisions"}],"predecessor-version":[{"id":816,"href":"https:\/\/www.encontracentroriodejaneiro.com.br\/noticias\/wp-json\/wp\/v2\/posts\/83\/revisions\/816"}],"wp:attachment":[{"href":"https:\/\/www.encontracentroriodejaneiro.com.br\/noticias\/wp-json\/wp\/v2\/media?parent=83"}],"wp:term":[{"taxonomy":"category","embeddable":true,"href":"https:\/\/www.encontracentroriodejaneiro.com.br\/noticias\/wp-json\/wp\/v2\/categories?post=83"},{"taxonomy":"post_tag","embeddable":true,"href":"https:\/\/www.encontracentroriodejaneiro.com.br\/noticias\/wp-json\/wp\/v2\/tags?post=83"}],"curies":[{"name":"wp","href":"https:\/\/api.w.org\/{rel}","templated":true}]}}